{"id":30023,"date":"2022-08-03T14:42:39","date_gmt":"2022-08-03T14:42:39","guid":{"rendered":"https:\/\/www.africa-press.net\/tchad\/politique\/au-sila-des-menages-abandonnes-dans-les-montagnes-apres-les-inondations"},"modified":"2022-08-03T15:40:16","modified_gmt":"2022-08-03T15:40:16","slug":"au-sila-des-menages-abandonnes-dans-les-montagnes-apres-les-inondations","status":"publish","type":"post","link":"https:\/\/www.africa-press.net\/tchad\/toutes-les-actualites\/au-sila-des-menages-abandonnes-dans-les-montagnes-apres-les-inondations","title":{"rendered":"au Sila, des m\u00e9nages abandonn\u00e9s dans les montagnes apr\u00e8s les inondations"},"content":{"rendered":"<p><span style=\"color: #ff6600\"><strong>Africa-Press &#8211; Tchad. <\/strong><\/span>Le d\u00e9partement de Koukou Angarana a enregistr\u00e9 une forte pluie dans la nuit du 30 juillet.<\/p>\n<p>La plupart des habitants du chef-lieu du d\u00e9partement ne peuvent plus acc\u00e9der \u00e0 leurs habitations.<\/p>\n<p>Ils se sont r\u00e9fugi\u00e9s dans les montages o\u00f9 ils vivent dans des conditions pr\u00e9caires.<\/p>\n<p>Le chef de canton de Bahr Azoum et des personnes de bonne volont\u00e9 ont distribu\u00e9 avant-hier des vivres aux m\u00e9nages.<\/p>\n<p>Le don est compos\u00e9 de sucre et de c\u00e9r\u00e9ales.<\/p>\n<p>La population appelle le gouvernement \u00e0 lui venir en aide.<\/p>\n<p>Mardi, le chef de la transition Mahamat Idriss Deby a affirm\u00e9 que les inondations sont li\u00e9es \u00e0 un ph\u00e9nom\u00e8ne mondial de d\u00e9r\u00e8glement climatique.<\/p>\n<p>Il a annonc\u00e9 avoir instruit le gouvernement de venir en aide aux sinistr\u00e9s et de trouver des solutions durables.<\/p>\n<p>\u00c0 ce jour, le gouvernement n&rsquo;a pas d\u00e9taill\u00e9 un plan concret d&rsquo;assistance aux sinistr\u00e9s.<\/p>\n<p><strong>Pour plus d&rsquo;informations et d&rsquo;analyses sur la <a href=\"https:\/\/www.africa-press.net\/tchad\">Tchad<\/a>, suivez <a href=\"https:\/\/www.africa-press.net\/\">Africa-Press<\/a><\/strong><\/p>\n","protected":false},"excerpt":{"rendered":"<p>Africa-Press &#8211; Tchad. Le d\u00e9partement de Koukou Angarana a enregistr\u00e9 une forte pluie dans la nuit du 30 juillet. La plupart des habitants du chef-lieu du d\u00e9partement ne peuvent plus acc\u00e9der \u00e0 leurs habitations. Ils se sont r\u00e9fugi\u00e9s dans les montages o\u00f9 ils vivent dans des conditions pr\u00e9caires. Le chef de canton de Bahr Azoum [&hellip;]<\/p>\n","protected":false},"author":82,"featured_media":30022,"comment_status":"open","ping_status":"closed","sticky":false,"template":"","format":"standard","meta":{"footnotes":""},"categories":[21,11,10],"tags":[37,292,29],"class_list":["post-30023","post","type-post","status-publish","format-standard","has-post-thumbnail","hentry","category-communaute","category-homepage-french","category-toutes-les-actualites","tag-africa-press","tag-africa-press-tchad","tag-tchad"],"yoast_head":"<!-- This site is optimized with the Yoast SEO Premium plugin v26.1 (Yoast SEO v27.0) - https:\/\/yoast.com\/product\/yoast-seo-premium-wordpress\/ -->\n<title>au Sila, des m\u00e9nages abandonn\u00e9s dans les montagnes apr\u00e8s les inondations - tchad<\/title>\n<meta name=\"description\" content=\"Le d\u00e9partement de Koukou Angarana a enregistr\u00e9 une forte pluie dans la nuit du 30 juillet. La plupart des habitants du ...\" \/>\n<meta name=\"robots\" content=\"index, follow, max-snippet:-1, max-image-preview:large, max-video-preview:-1\" \/>\n<link rel=\"canonical\" href=\"https:\/\/www.africa-press.net\/tchad\/toutes-les-actualites\/au-sila-des-menages-abandonnes-dans-les-montagnes-apres-les-inondations\" \/>\n<meta property=\"og:locale\" content=\"fr_FR\" \/>\n<meta property=\"og:type\" content=\"article\" \/>\n<meta property=\"og:title\" content=\"au Sila, des m\u00e9nages abandonn\u00e9s dans les montagnes apr\u00e8s les inondations\" \/>\n<meta property=\"og:description\" content=\"Le d\u00e9partement de Koukou Angarana a enregistr\u00e9 une forte pluie dans la nuit du 30 juillet. La plupart des habitants du ...\" \/>\n<meta property=\"og:url\" content=\"https:\/\/www.africa-press.net\/tchad\/toutes-les-actualites\/au-sila-des-menages-abandonnes-dans-les-montagnes-apres-les-inondations\" \/>\n<meta property=\"og:site_name\" content=\"tchad\" \/>\n<meta property=\"article:published_time\" content=\"2022-08-03T14:42:39+00:00\" \/>\n<meta property=\"article:modified_time\" content=\"2022-08-03T15:40:16+00:00\" \/>\n<meta property=\"og:image\" content=\"https:\/\/static.africa-press.net\/tchad\/sites\/41\/2022\/08\/postQueueImg_12.jpg\" \/>\n\t<meta property=\"og:image:width\" content=\"870\" \/>\n\t<meta property=\"og:image:height\" content=\"418\" \/>\n\t<meta property=\"og:image:type\" content=\"image\/jpeg\" \/>\n<meta name=\"author\" content=\"cfeditorfr\" \/>\n<meta name=\"twitter:card\" content=\"summary_large_image\" \/>\n<meta name=\"twitter:label1\" content=\"\u00c9crit par\" \/>\n\t<meta name=\"twitter:data1\" content=\"cfeditorfr\" \/>\n\t<meta name=\"twitter:label2\" content=\"Dur\u00e9e de lecture estim\u00e9e\" \/>\n\t<meta name=\"twitter:data2\" content=\"1 minute\" \/>\n<script type=\"application\/ld+json\" class=\"yoast-schema-graph\">{\"@context\":\"https:\/\/schema.org\",\"@graph\":[{\"@type\":\"Article\",\"@id\":\"https:\/\/www.africa-press.net\/tchad\/toutes-les-actualites\/au-sila-des-menages-abandonnes-dans-les-montagnes-apres-les-inondations#article\",\"isPartOf\":{\"@id\":\"https:\/\/www.africa-press.net\/tchad\/toutes-les-actualites\/au-sila-des-menages-abandonnes-dans-les-montagnes-apres-les-inondations\"},\"author\":{\"name\":\"cfeditorfr\",\"@id\":\"https:\/\/www.africa-press.net\/tchad\/#\/schema\/person\/2b1cf3cd81a31e3cd26889ca66d677f1\"},\"headline\":\"au Sila, des m\u00e9nages abandonn\u00e9s dans les montagnes apr\u00e8s les inondations\",\"datePublished\":\"2022-08-03T14:42:39+00:00\",\"dateModified\":\"2022-08-03T15:40:16+00:00\",\"mainEntityOfPage\":{\"@id\":\"https:\/\/www.africa-press.net\/tchad\/toutes-les-actualites\/au-sila-des-menages-abandonnes-dans-les-montagnes-apres-les-inondations\"},\"wordCount\":183,\"commentCount\":0,\"image\":{\"@id\":\"https:\/\/www.africa-press.net\/tchad\/toutes-les-actualites\/au-sila-des-menages-abandonnes-dans-les-montagnes-apres-les-inondations#primaryimage\"},\"thumbnailUrl\":\"https:\/\/static.africa-press.net\/tchad\/sites\/41\/2022\/08\/postQueueImg_12.jpg\",\"keywords\":[\"Africa Press\",\"Africa Press-Tchad\",\"Tchad\"],\"articleSection\":[\"Communaut\u00e9\",\"homepage-french\",\"Toutes les actualit\u00e9s\"],\"inLanguage\":\"fr-FR\",\"potentialAction\":[{\"@type\":\"CommentAction\",\"name\":\"Comment\",\"target\":[\"https:\/\/www.africa-press.net\/tchad\/toutes-les-actualites\/au-sila-des-menages-abandonnes-dans-les-montagnes-apres-les-inondations#respond\"]}]},{\"@type\":\"WebPage\",\"@id\":\"https:\/\/www.africa-press.net\/tchad\/toutes-les-actualites\/au-sila-des-menages-abandonnes-dans-les-montagnes-apres-les-inondations\",\"url\":\"https:\/\/www.africa-press.net\/tchad\/toutes-les-actualites\/au-sila-des-menages-abandonnes-dans-les-montagnes-apres-les-inondations\",\"name\":\"au Sila, des m\u00e9nages abandonn\u00e9s dans les montagnes apr\u00e8s les inondations - tchad\",\"isPartOf\":{\"@id\":\"https:\/\/www.africa-press.net\/tchad\/#website\"},\"primaryImageOfPage\":{\"@id\":\"https:\/\/www.africa-press.net\/tchad\/toutes-les-actualites\/au-sila-des-menages-abandonnes-dans-les-montagnes-apres-les-inondations#primaryimage\"},\"image\":{\"@id\":\"https:\/\/www.africa-press.net\/tchad\/toutes-les-actualites\/au-sila-des-menages-abandonnes-dans-les-montagnes-apres-les-inondations#primaryimage\"},\"thumbnailUrl\":\"https:\/\/static.africa-press.net\/tchad\/sites\/41\/2022\/08\/postQueueImg_12.jpg\",\"datePublished\":\"2022-08-03T14:42:39+00:00\",\"dateModified\":\"2022-08-03T15:40:16+00:00\",\"author\":{\"@id\":\"https:\/\/www.africa-press.net\/tchad\/#\/schema\/person\/2b1cf3cd81a31e3cd26889ca66d677f1\"},\"description\":\"Le d\u00e9partement de Koukou Angarana a enregistr\u00e9 une forte pluie dans la nuit du 30 juillet. La plupart des habitants du ...\",\"breadcrumb\":{\"@id\":\"https:\/\/www.africa-press.net\/tchad\/toutes-les-actualites\/au-sila-des-menages-abandonnes-dans-les-montagnes-apres-les-inondations#breadcrumb\"},\"inLanguage\":\"fr-FR\",\"potentialAction\":[{\"@type\":\"ReadAction\",\"target\":[\"https:\/\/www.africa-press.net\/tchad\/toutes-les-actualites\/au-sila-des-menages-abandonnes-dans-les-montagnes-apres-les-inondations\"]}]},{\"@type\":\"ImageObject\",\"inLanguage\":\"fr-FR\",\"@id\":\"https:\/\/www.africa-press.net\/tchad\/toutes-les-actualites\/au-sila-des-menages-abandonnes-dans-les-montagnes-apres-les-inondations#primaryimage\",\"url\":\"https:\/\/static.africa-press.net\/tchad\/sites\/41\/2022\/08\/postQueueImg_12.jpg\",\"contentUrl\":\"https:\/\/static.africa-press.net\/tchad\/sites\/41\/2022\/08\/postQueueImg_12.jpg\",\"width\":870,\"height\":418,\"caption\":\"au Sila, des m\u00e9nages abandonn\u00e9s dans les montagnes apr\u00e8s les inondations\"},{\"@type\":\"BreadcrumbList\",\"@id\":\"https:\/\/www.africa-press.net\/tchad\/toutes-les-actualites\/au-sila-des-menages-abandonnes-dans-les-montagnes-apres-les-inondations#breadcrumb\",\"itemListElement\":[{\"@type\":\"ListItem\",\"position\":1,\"name\":\"Accueil\",\"item\":\"https:\/\/www.africa-press.net\/tchad\/\"},{\"@type\":\"ListItem\",\"position\":2,\"name\":\"au Sila, des m\u00e9nages abandonn\u00e9s dans les montagnes apr\u00e8s les inondations\"}]},{\"@type\":\"WebSite\",\"@id\":\"https:\/\/www.africa-press.net\/tchad\/#website\",\"url\":\"https:\/\/www.africa-press.net\/tchad\/\",\"name\":\"tchad\",\"description\":\"Just another Africa News Agency Sites site\",\"potentialAction\":[{\"@type\":\"SearchAction\",\"target\":{\"@type\":\"EntryPoint\",\"urlTemplate\":\"https:\/\/www.africa-press.net\/tchad\/?s={search_term_string}\"},\"query-input\":{\"@type\":\"PropertyValueSpecification\",\"valueRequired\":true,\"valueName\":\"search_term_string\"}}],\"inLanguage\":\"fr-FR\"},{\"@type\":\"Person\",\"@id\":\"https:\/\/www.africa-press.net\/tchad\/#\/schema\/person\/2b1cf3cd81a31e3cd26889ca66d677f1\",\"name\":\"cfeditorfr\"}]}<\/script>\n<!-- \/ Yoast SEO Premium plugin. -->","yoast_head_json":{"title":"au Sila, des m\u00e9nages abandonn\u00e9s dans les montagnes apr\u00e8s les inondations - tchad","description":"Le d\u00e9partement de Koukou Angarana a enregistr\u00e9 une forte pluie dans la nuit du 30 juillet. La plupart des habitants du ...","robots":{"index":"index","follow":"follow","max-snippet":"max-snippet:-1","max-image-preview":"max-image-preview:large","max-video-preview":"max-video-preview:-1"},"canonical":"https:\/\/www.africa-press.net\/tchad\/toutes-les-actualites\/au-sila-des-menages-abandonnes-dans-les-montagnes-apres-les-inondations","og_locale":"fr_FR","og_type":"article","og_title":"au Sila, des m\u00e9nages abandonn\u00e9s dans les montagnes apr\u00e8s les inondations","og_description":"Le d\u00e9partement de Koukou Angarana a enregistr\u00e9 une forte pluie dans la nuit du 30 juillet. La plupart des habitants du ...","og_url":"https:\/\/www.africa-press.net\/tchad\/toutes-les-actualites\/au-sila-des-menages-abandonnes-dans-les-montagnes-apres-les-inondations","og_site_name":"tchad","article_published_time":"2022-08-03T14:42:39+00:00","article_modified_time":"2022-08-03T15:40:16+00:00","og_image":[{"width":870,"height":418,"url":"https:\/\/static.africa-press.net\/tchad\/sites\/41\/2022\/08\/postQueueImg_12.jpg","type":"image\/jpeg"}],"author":"cfeditorfr","twitter_card":"summary_large_image","twitter_misc":{"\u00c9crit par":"cfeditorfr","Dur\u00e9e de lecture estim\u00e9e":"1 minute"},"schema":{"@context":"https:\/\/schema.org","@graph":[{"@type":"Article","@id":"https:\/\/www.africa-press.net\/tchad\/toutes-les-actualites\/au-sila-des-menages-abandonnes-dans-les-montagnes-apres-les-inondations#article","isPartOf":{"@id":"https:\/\/www.africa-press.net\/tchad\/toutes-les-actualites\/au-sila-des-menages-abandonnes-dans-les-montagnes-apres-les-inondations"},"author":{"name":"cfeditorfr","@id":"https:\/\/www.africa-press.net\/tchad\/#\/schema\/person\/2b1cf3cd81a31e3cd26889ca66d677f1"},"headline":"au Sila, des m\u00e9nages abandonn\u00e9s dans les montagnes apr\u00e8s les inondations","datePublished":"2022-08-03T14:42:39+00:00","dateModified":"2022-08-03T15:40:16+00:00","mainEntityOfPage":{"@id":"https:\/\/www.africa-press.net\/tchad\/toutes-les-actualites\/au-sila-des-menages-abandonnes-dans-les-montagnes-apres-les-inondations"},"wordCount":183,"commentCount":0,"image":{"@id":"https:\/\/www.africa-press.net\/tchad\/toutes-les-actualites\/au-sila-des-menages-abandonnes-dans-les-montagnes-apres-les-inondations#primaryimage"},"thumbnailUrl":"https:\/\/static.africa-press.net\/tchad\/sites\/41\/2022\/08\/postQueueImg_12.jpg","keywords":["Africa Press","Africa Press-Tchad","Tchad"],"articleSection":["Communaut\u00e9","homepage-french","Toutes les actualit\u00e9s"],"inLanguage":"fr-FR","potentialAction":[{"@type":"CommentAction","name":"Comment","target":["https:\/\/www.africa-press.net\/tchad\/toutes-les-actualites\/au-sila-des-menages-abandonnes-dans-les-montagnes-apres-les-inondations#respond"]}]},{"@type":"WebPage","@id":"https:\/\/www.africa-press.net\/tchad\/toutes-les-actualites\/au-sila-des-menages-abandonnes-dans-les-montagnes-apres-les-inondations","url":"https:\/\/www.africa-press.net\/tchad\/toutes-les-actualites\/au-sila-des-menages-abandonnes-dans-les-montagnes-apres-les-inondations","name":"au Sila, des m\u00e9nages abandonn\u00e9s dans les montagnes apr\u00e8s les inondations - tchad","isPartOf":{"@id":"https:\/\/www.africa-press.net\/tchad\/#website"},"primaryImageOfPage":{"@id":"https:\/\/www.africa-press.net\/tchad\/toutes-les-actualites\/au-sila-des-menages-abandonnes-dans-les-montagnes-apres-les-inondations#primaryimage"},"image":{"@id":"https:\/\/www.africa-press.net\/tchad\/toutes-les-actualites\/au-sila-des-menages-abandonnes-dans-les-montagnes-apres-les-inondations#primaryimage"},"thumbnailUrl":"https:\/\/static.africa-press.net\/tchad\/sites\/41\/2022\/08\/postQueueImg_12.jpg","datePublished":"2022-08-03T14:42:39+00:00","dateModified":"2022-08-03T15:40:16+00:00","author":{"@id":"https:\/\/www.africa-press.net\/tchad\/#\/schema\/person\/2b1cf3cd81a31e3cd26889ca66d677f1"},"description":"Le d\u00e9partement de Koukou Angarana a enregistr\u00e9 une forte pluie dans la nuit du 30 juillet. La plupart des habitants du ...","breadcrumb":{"@id":"https:\/\/www.africa-press.net\/tchad\/toutes-les-actualites\/au-sila-des-menages-abandonnes-dans-les-montagnes-apres-les-inondations#breadcrumb"},"inLanguage":"fr-FR","potentialAction":[{"@type":"ReadAction","target":["https:\/\/www.africa-press.net\/tchad\/toutes-les-actualites\/au-sila-des-menages-abandonnes-dans-les-montagnes-apres-les-inondations"]}]},{"@type":"ImageObject","inLanguage":"fr-FR","@id":"https:\/\/www.africa-press.net\/tchad\/toutes-les-actualites\/au-sila-des-menages-abandonnes-dans-les-montagnes-apres-les-inondations#primaryimage","url":"https:\/\/static.africa-press.net\/tchad\/sites\/41\/2022\/08\/postQueueImg_12.jpg","contentUrl":"https:\/\/static.africa-press.net\/tchad\/sites\/41\/2022\/08\/postQueueImg_12.jpg","width":870,"height":418,"caption":"au Sila, des m\u00e9nages abandonn\u00e9s dans les montagnes apr\u00e8s les inondations"},{"@type":"BreadcrumbList","@id":"https:\/\/www.africa-press.net\/tchad\/toutes-les-actualites\/au-sila-des-menages-abandonnes-dans-les-montagnes-apres-les-inondations#breadcrumb","itemListElement":[{"@type":"ListItem","position":1,"name":"Accueil","item":"https:\/\/www.africa-press.net\/tchad\/"},{"@type":"ListItem","position":2,"name":"au Sila, des m\u00e9nages abandonn\u00e9s dans les montagnes apr\u00e8s les inondations"}]},{"@type":"WebSite","@id":"https:\/\/www.africa-press.net\/tchad\/#website","url":"https:\/\/www.africa-press.net\/tchad\/","name":"tchad","description":"Just another Africa News Agency Sites site","potentialAction":[{"@type":"SearchAction","target":{"@type":"EntryPoint","urlTemplate":"https:\/\/www.africa-press.net\/tchad\/?s={search_term_string}"},"query-input":{"@type":"PropertyValueSpecification","valueRequired":true,"valueName":"search_term_string"}}],"inLanguage":"fr-FR"},{"@type":"Person","@id":"https:\/\/www.africa-press.net\/tchad\/#\/schema\/person\/2b1cf3cd81a31e3cd26889ca66d677f1","name":"cfeditorfr"}]}},"_links":{"self":[{"href":"https:\/\/www.africa-press.net\/tchad\/wp-json\/wp\/v2\/posts\/30023","targetHints":{"allow":["GET"]}}],"collection":[{"href":"https:\/\/www.africa-press.net\/tchad\/wp-json\/wp\/v2\/posts"}],"about":[{"href":"https:\/\/www.africa-press.net\/tchad\/wp-json\/wp\/v2\/types\/post"}],"author":[{"embeddable":true,"href":"https:\/\/www.africa-press.net\/tchad\/wp-json\/wp\/v2\/users\/82"}],"replies":[{"embeddable":true,"href":"https:\/\/www.africa-press.net\/tchad\/wp-json\/wp\/v2\/comments?post=30023"}],"version-history":[{"count":0,"href":"https:\/\/www.africa-press.net\/tchad\/wp-json\/wp\/v2\/posts\/30023\/revisions"}],"wp:featuredmedia":[{"embeddable":true,"href":"https:\/\/www.africa-press.net\/tchad\/wp-json\/wp\/v2\/media\/30022"}],"wp:attachment":[{"href":"https:\/\/www.africa-press.net\/tchad\/wp-json\/wp\/v2\/media?parent=30023"}],"wp:term":[{"taxonomy":"category","embeddable":true,"href":"https:\/\/www.africa-press.net\/tchad\/wp-json\/wp\/v2\/categories?post=30023"},{"taxonomy":"post_tag","embeddable":true,"href":"https:\/\/www.africa-press.net\/tchad\/wp-json\/wp\/v2\/tags?post=30023"}],"curies":[{"name":"wp","href":"https:\/\/api.w.org\/{rel}","templated":true}]}}