{"id":30026,"date":"2022-08-03T14:43:40","date_gmt":"2022-08-03T14:43:40","guid":{"rendered":"https:\/\/www.africa-press.net\/tchad\/politique\/la-station-provinciale-de-lonama-sarh-a-du-mal-a-emettre"},"modified":"2022-08-03T15:41:16","modified_gmt":"2022-08-03T15:41:16","slug":"la-station-provinciale-de-lonama-sarh-a-du-mal-a-emettre","status":"publish","type":"post","link":"https:\/\/www.africa-press.net\/tchad\/toutes-les-actualites\/la-station-provinciale-de-lonama-sarh-a-du-mal-a-emettre","title":{"rendered":"la station provinciale de l\u2019ONAMA\/Sarh a du mal \u00e0 \u00e9mettre"},"content":{"rendered":"<p><span style=\"color: #ff6600\"><strong>Africa-Press &#8211; Tchad. <\/strong><\/span>Depuis un certain temps, la station provinciale de l\u2019ONAMA\/Sarh a de la peine \u00e0 \u00e9mettre normalement, faute de carburant.<\/p>\n<p>C\u2019est ce qui sort du chef int\u00e9rimaire de ladite station, Djoningar Ngarinan, lors d\u2019une d\u00e9claration faite ce matin \u00e0 son bureau, face aux hommes des m\u00e9dias de la place.<\/p>\n<p>Djoningar Ngarinan poursuit dans sa d\u00e9claration en pr\u00e9cisant que les heures de distribution d\u2019\u00e9lectricit\u00e9 de la Soci\u00e9t\u00e9 Nationale d\u2019Electricit\u00e9 SNE dans la ville de Sarh ne les favorisent pas vraiment.<\/p>\n<p>Ce matin encore, beaucoup d\u2019auditeurs et auditrices se plaignent, face \u00e0 cet arr\u00eat brusque de l\u2019ONAMA\/Sarh.<\/p>\n<p>Face \u00e0 cette situation, le chef int\u00e9rimaire de l\u2019ONAMA\/Sarh, Djoningar Ngarinan demande aux autorit\u00e9s, et aux \u00e9lus locaux de la province du Moyen-Chari, de soutenir cette radio qui accompagne le gouvernement dans sa politique de d\u00e9veloppement.<\/p>\n<p><strong>Pour plus d&rsquo;informations et d&rsquo;analyses sur la <a href=\"https:\/\/www.africa-press.net\/tchad\">Tchad<\/a>, suivez <a href=\"https:\/\/www.africa-press.net\/\">Africa-Press<\/a><\/strong><\/p>\n","protected":false},"excerpt":{"rendered":"<p>Africa-Press &#8211; Tchad. Depuis un certain temps, la station provinciale de l\u2019ONAMA\/Sarh a de la peine \u00e0 \u00e9mettre normalement, faute de carburant. C\u2019est ce qui sort du chef int\u00e9rimaire de ladite station, Djoningar Ngarinan, lors d\u2019une d\u00e9claration faite ce matin \u00e0 son bureau, face aux hommes des m\u00e9dias de la place. Djoningar Ngarinan poursuit dans [&hellip;]<\/p>\n","protected":false},"author":82,"featured_media":30025,"comment_status":"open","ping_status":"closed","sticky":false,"template":"","format":"standard","meta":{"footnotes":""},"categories":[21,11,10],"tags":[37,292,29],"class_list":["post-30026","post","type-post","status-publish","format-standard","has-post-thumbnail","hentry","category-communaute","category-homepage-french","category-toutes-les-actualites","tag-africa-press","tag-africa-press-tchad","tag-tchad"],"yoast_head":"<!-- This site is optimized with the Yoast SEO Premium plugin v26.1 (Yoast SEO v27.0) - https:\/\/yoast.com\/product\/yoast-seo-premium-wordpress\/ -->\n<title>la station provinciale de l\u2019ONAMA\/Sarh a du mal \u00e0 \u00e9mettre - tchad<\/title>\n<meta name=\"description\" content=\"Depuis un certain temps, la station provinciale de l\u2019ONAMA\/Sarh a de la peine \u00e0 \u00e9mettre normalement, faute de carburant. ...\" \/>\n<meta name=\"robots\" content=\"index, follow, max-snippet:-1, max-image-preview:large, max-video-preview:-1\" \/>\n<link rel=\"canonical\" href=\"https:\/\/www.africa-press.net\/tchad\/toutes-les-actualites\/la-station-provinciale-de-lonama-sarh-a-du-mal-a-emettre\" \/>\n<meta property=\"og:locale\" content=\"fr_FR\" \/>\n<meta property=\"og:type\" content=\"article\" \/>\n<meta property=\"og:title\" content=\"la station provinciale de l\u2019ONAMA\/Sarh a du mal \u00e0 \u00e9mettre\" \/>\n<meta property=\"og:description\" content=\"Depuis un certain temps, la station provinciale de l\u2019ONAMA\/Sarh a de la peine \u00e0 \u00e9mettre normalement, faute de carburant. ...\" \/>\n<meta property=\"og:url\" content=\"https:\/\/www.africa-press.net\/tchad\/toutes-les-actualites\/la-station-provinciale-de-lonama-sarh-a-du-mal-a-emettre\" \/>\n<meta property=\"og:site_name\" content=\"tchad\" \/>\n<meta property=\"article:published_time\" content=\"2022-08-03T14:43:40+00:00\" \/>\n<meta property=\"article:modified_time\" content=\"2022-08-03T15:41:16+00:00\" \/>\n<meta property=\"og:image\" content=\"https:\/\/static.africa-press.net\/tchad\/sites\/41\/2022\/08\/postQueueImg_14.jpg\" \/>\n\t<meta property=\"og:image:width\" content=\"868\" \/>\n\t<meta property=\"og:image:height\" content=\"391\" \/>\n\t<meta property=\"og:image:type\" content=\"image\/jpeg\" \/>\n<meta name=\"author\" content=\"cfeditorfr\" \/>\n<meta name=\"twitter:card\" content=\"summary_large_image\" \/>\n<meta name=\"twitter:label1\" content=\"\u00c9crit par\" \/>\n\t<meta name=\"twitter:data1\" content=\"cfeditorfr\" \/>\n\t<meta name=\"twitter:label2\" content=\"Dur\u00e9e de lecture estim\u00e9e\" \/>\n\t<meta name=\"twitter:data2\" content=\"1 minute\" \/>\n<script type=\"application\/ld+json\" class=\"yoast-schema-graph\">{\"@context\":\"https:\/\/schema.org\",\"@graph\":[{\"@type\":\"Article\",\"@id\":\"https:\/\/www.africa-press.net\/tchad\/toutes-les-actualites\/la-station-provinciale-de-lonama-sarh-a-du-mal-a-emettre#article\",\"isPartOf\":{\"@id\":\"https:\/\/www.africa-press.net\/tchad\/toutes-les-actualites\/la-station-provinciale-de-lonama-sarh-a-du-mal-a-emettre\"},\"author\":{\"name\":\"cfeditorfr\",\"@id\":\"https:\/\/www.africa-press.net\/tchad\/#\/schema\/person\/2b1cf3cd81a31e3cd26889ca66d677f1\"},\"headline\":\"la station provinciale de l\u2019ONAMA\/Sarh a du mal \u00e0 \u00e9mettre\",\"datePublished\":\"2022-08-03T14:43:40+00:00\",\"dateModified\":\"2022-08-03T15:41:16+00:00\",\"mainEntityOfPage\":{\"@id\":\"https:\/\/www.africa-press.net\/tchad\/toutes-les-actualites\/la-station-provinciale-de-lonama-sarh-a-du-mal-a-emettre\"},\"wordCount\":173,\"commentCount\":0,\"image\":{\"@id\":\"https:\/\/www.africa-press.net\/tchad\/toutes-les-actualites\/la-station-provinciale-de-lonama-sarh-a-du-mal-a-emettre#primaryimage\"},\"thumbnailUrl\":\"https:\/\/static.africa-press.net\/tchad\/sites\/41\/2022\/08\/postQueueImg_14.jpg\",\"keywords\":[\"Africa Press\",\"Africa Press-Tchad\",\"Tchad\"],\"articleSection\":[\"Communaut\u00e9\",\"homepage-french\",\"Toutes les actualit\u00e9s\"],\"inLanguage\":\"fr-FR\",\"potentialAction\":[{\"@type\":\"CommentAction\",\"name\":\"Comment\",\"target\":[\"https:\/\/www.africa-press.net\/tchad\/toutes-les-actualites\/la-station-provinciale-de-lonama-sarh-a-du-mal-a-emettre#respond\"]}]},{\"@type\":\"WebPage\",\"@id\":\"https:\/\/www.africa-press.net\/tchad\/toutes-les-actualites\/la-station-provinciale-de-lonama-sarh-a-du-mal-a-emettre\",\"url\":\"https:\/\/www.africa-press.net\/tchad\/toutes-les-actualites\/la-station-provinciale-de-lonama-sarh-a-du-mal-a-emettre\",\"name\":\"la station provinciale de l\u2019ONAMA\/Sarh a du mal \u00e0 \u00e9mettre - tchad\",\"isPartOf\":{\"@id\":\"https:\/\/www.africa-press.net\/tchad\/#website\"},\"primaryImageOfPage\":{\"@id\":\"https:\/\/www.africa-press.net\/tchad\/toutes-les-actualites\/la-station-provinciale-de-lonama-sarh-a-du-mal-a-emettre#primaryimage\"},\"image\":{\"@id\":\"https:\/\/www.africa-press.net\/tchad\/toutes-les-actualites\/la-station-provinciale-de-lonama-sarh-a-du-mal-a-emettre#primaryimage\"},\"thumbnailUrl\":\"https:\/\/static.africa-press.net\/tchad\/sites\/41\/2022\/08\/postQueueImg_14.jpg\",\"datePublished\":\"2022-08-03T14:43:40+00:00\",\"dateModified\":\"2022-08-03T15:41:16+00:00\",\"author\":{\"@id\":\"https:\/\/www.africa-press.net\/tchad\/#\/schema\/person\/2b1cf3cd81a31e3cd26889ca66d677f1\"},\"description\":\"Depuis un certain temps, la station provinciale de l\u2019ONAMA\/Sarh a de la peine \u00e0 \u00e9mettre normalement, faute de carburant. ...\",\"breadcrumb\":{\"@id\":\"https:\/\/www.africa-press.net\/tchad\/toutes-les-actualites\/la-station-provinciale-de-lonama-sarh-a-du-mal-a-emettre#breadcrumb\"},\"inLanguage\":\"fr-FR\",\"potentialAction\":[{\"@type\":\"ReadAction\",\"target\":[\"https:\/\/www.africa-press.net\/tchad\/toutes-les-actualites\/la-station-provinciale-de-lonama-sarh-a-du-mal-a-emettre\"]}]},{\"@type\":\"ImageObject\",\"inLanguage\":\"fr-FR\",\"@id\":\"https:\/\/www.africa-press.net\/tchad\/toutes-les-actualites\/la-station-provinciale-de-lonama-sarh-a-du-mal-a-emettre#primaryimage\",\"url\":\"https:\/\/static.africa-press.net\/tchad\/sites\/41\/2022\/08\/postQueueImg_14.jpg\",\"contentUrl\":\"https:\/\/static.africa-press.net\/tchad\/sites\/41\/2022\/08\/postQueueImg_14.jpg\",\"width\":868,\"height\":391,\"caption\":\"la station provinciale de l\u2019ONAMA\/Sarh a du mal \u00e0 \u00e9mettre\"},{\"@type\":\"BreadcrumbList\",\"@id\":\"https:\/\/www.africa-press.net\/tchad\/toutes-les-actualites\/la-station-provinciale-de-lonama-sarh-a-du-mal-a-emettre#breadcrumb\",\"itemListElement\":[{\"@type\":\"ListItem\",\"position\":1,\"name\":\"Accueil\",\"item\":\"https:\/\/www.africa-press.net\/tchad\/\"},{\"@type\":\"ListItem\",\"position\":2,\"name\":\"la station provinciale de l\u2019ONAMA\/Sarh a du mal \u00e0 \u00e9mettre\"}]},{\"@type\":\"WebSite\",\"@id\":\"https:\/\/www.africa-press.net\/tchad\/#website\",\"url\":\"https:\/\/www.africa-press.net\/tchad\/\",\"name\":\"tchad\",\"description\":\"Just another Africa News Agency Sites site\",\"potentialAction\":[{\"@type\":\"SearchAction\",\"target\":{\"@type\":\"EntryPoint\",\"urlTemplate\":\"https:\/\/www.africa-press.net\/tchad\/?s={search_term_string}\"},\"query-input\":{\"@type\":\"PropertyValueSpecification\",\"valueRequired\":true,\"valueName\":\"search_term_string\"}}],\"inLanguage\":\"fr-FR\"},{\"@type\":\"Person\",\"@id\":\"https:\/\/www.africa-press.net\/tchad\/#\/schema\/person\/2b1cf3cd81a31e3cd26889ca66d677f1\",\"name\":\"cfeditorfr\"}]}<\/script>\n<!-- \/ Yoast SEO Premium plugin. -->","yoast_head_json":{"title":"la station provinciale de l\u2019ONAMA\/Sarh a du mal \u00e0 \u00e9mettre - tchad","description":"Depuis un certain temps, la station provinciale de l\u2019ONAMA\/Sarh a de la peine \u00e0 \u00e9mettre normalement, faute de carburant. ...","robots":{"index":"index","follow":"follow","max-snippet":"max-snippet:-1","max-image-preview":"max-image-preview:large","max-video-preview":"max-video-preview:-1"},"canonical":"https:\/\/www.africa-press.net\/tchad\/toutes-les-actualites\/la-station-provinciale-de-lonama-sarh-a-du-mal-a-emettre","og_locale":"fr_FR","og_type":"article","og_title":"la station provinciale de l\u2019ONAMA\/Sarh a du mal \u00e0 \u00e9mettre","og_description":"Depuis un certain temps, la station provinciale de l\u2019ONAMA\/Sarh a de la peine \u00e0 \u00e9mettre normalement, faute de carburant. ...","og_url":"https:\/\/www.africa-press.net\/tchad\/toutes-les-actualites\/la-station-provinciale-de-lonama-sarh-a-du-mal-a-emettre","og_site_name":"tchad","article_published_time":"2022-08-03T14:43:40+00:00","article_modified_time":"2022-08-03T15:41:16+00:00","og_image":[{"width":868,"height":391,"url":"https:\/\/static.africa-press.net\/tchad\/sites\/41\/2022\/08\/postQueueImg_14.jpg","type":"image\/jpeg"}],"author":"cfeditorfr","twitter_card":"summary_large_image","twitter_misc":{"\u00c9crit par":"cfeditorfr","Dur\u00e9e de lecture estim\u00e9e":"1 minute"},"schema":{"@context":"https:\/\/schema.org","@graph":[{"@type":"Article","@id":"https:\/\/www.africa-press.net\/tchad\/toutes-les-actualites\/la-station-provinciale-de-lonama-sarh-a-du-mal-a-emettre#article","isPartOf":{"@id":"https:\/\/www.africa-press.net\/tchad\/toutes-les-actualites\/la-station-provinciale-de-lonama-sarh-a-du-mal-a-emettre"},"author":{"name":"cfeditorfr","@id":"https:\/\/www.africa-press.net\/tchad\/#\/schema\/person\/2b1cf3cd81a31e3cd26889ca66d677f1"},"headline":"la station provinciale de l\u2019ONAMA\/Sarh a du mal \u00e0 \u00e9mettre","datePublished":"2022-08-03T14:43:40+00:00","dateModified":"2022-08-03T15:41:16+00:00","mainEntityOfPage":{"@id":"https:\/\/www.africa-press.net\/tchad\/toutes-les-actualites\/la-station-provinciale-de-lonama-sarh-a-du-mal-a-emettre"},"wordCount":173,"commentCount":0,"image":{"@id":"https:\/\/www.africa-press.net\/tchad\/toutes-les-actualites\/la-station-provinciale-de-lonama-sarh-a-du-mal-a-emettre#primaryimage"},"thumbnailUrl":"https:\/\/static.africa-press.net\/tchad\/sites\/41\/2022\/08\/postQueueImg_14.jpg","keywords":["Africa Press","Africa Press-Tchad","Tchad"],"articleSection":["Communaut\u00e9","homepage-french","Toutes les actualit\u00e9s"],"inLanguage":"fr-FR","potentialAction":[{"@type":"CommentAction","name":"Comment","target":["https:\/\/www.africa-press.net\/tchad\/toutes-les-actualites\/la-station-provinciale-de-lonama-sarh-a-du-mal-a-emettre#respond"]}]},{"@type":"WebPage","@id":"https:\/\/www.africa-press.net\/tchad\/toutes-les-actualites\/la-station-provinciale-de-lonama-sarh-a-du-mal-a-emettre","url":"https:\/\/www.africa-press.net\/tchad\/toutes-les-actualites\/la-station-provinciale-de-lonama-sarh-a-du-mal-a-emettre","name":"la station provinciale de l\u2019ONAMA\/Sarh a du mal \u00e0 \u00e9mettre - tchad","isPartOf":{"@id":"https:\/\/www.africa-press.net\/tchad\/#website"},"primaryImageOfPage":{"@id":"https:\/\/www.africa-press.net\/tchad\/toutes-les-actualites\/la-station-provinciale-de-lonama-sarh-a-du-mal-a-emettre#primaryimage"},"image":{"@id":"https:\/\/www.africa-press.net\/tchad\/toutes-les-actualites\/la-station-provinciale-de-lonama-sarh-a-du-mal-a-emettre#primaryimage"},"thumbnailUrl":"https:\/\/static.africa-press.net\/tchad\/sites\/41\/2022\/08\/postQueueImg_14.jpg","datePublished":"2022-08-03T14:43:40+00:00","dateModified":"2022-08-03T15:41:16+00:00","author":{"@id":"https:\/\/www.africa-press.net\/tchad\/#\/schema\/person\/2b1cf3cd81a31e3cd26889ca66d677f1"},"description":"Depuis un certain temps, la station provinciale de l\u2019ONAMA\/Sarh a de la peine \u00e0 \u00e9mettre normalement, faute de carburant. ...","breadcrumb":{"@id":"https:\/\/www.africa-press.net\/tchad\/toutes-les-actualites\/la-station-provinciale-de-lonama-sarh-a-du-mal-a-emettre#breadcrumb"},"inLanguage":"fr-FR","potentialAction":[{"@type":"ReadAction","target":["https:\/\/www.africa-press.net\/tchad\/toutes-les-actualites\/la-station-provinciale-de-lonama-sarh-a-du-mal-a-emettre"]}]},{"@type":"ImageObject","inLanguage":"fr-FR","@id":"https:\/\/www.africa-press.net\/tchad\/toutes-les-actualites\/la-station-provinciale-de-lonama-sarh-a-du-mal-a-emettre#primaryimage","url":"https:\/\/static.africa-press.net\/tchad\/sites\/41\/2022\/08\/postQueueImg_14.jpg","contentUrl":"https:\/\/static.africa-press.net\/tchad\/sites\/41\/2022\/08\/postQueueImg_14.jpg","width":868,"height":391,"caption":"la station provinciale de l\u2019ONAMA\/Sarh a du mal \u00e0 \u00e9mettre"},{"@type":"BreadcrumbList","@id":"https:\/\/www.africa-press.net\/tchad\/toutes-les-actualites\/la-station-provinciale-de-lonama-sarh-a-du-mal-a-emettre#breadcrumb","itemListElement":[{"@type":"ListItem","position":1,"name":"Accueil","item":"https:\/\/www.africa-press.net\/tchad\/"},{"@type":"ListItem","position":2,"name":"la station provinciale de l\u2019ONAMA\/Sarh a du mal \u00e0 \u00e9mettre"}]},{"@type":"WebSite","@id":"https:\/\/www.africa-press.net\/tchad\/#website","url":"https:\/\/www.africa-press.net\/tchad\/","name":"tchad","description":"Just another Africa News Agency Sites site","potentialAction":[{"@type":"SearchAction","target":{"@type":"EntryPoint","urlTemplate":"https:\/\/www.africa-press.net\/tchad\/?s={search_term_string}"},"query-input":{"@type":"PropertyValueSpecification","valueRequired":true,"valueName":"search_term_string"}}],"inLanguage":"fr-FR"},{"@type":"Person","@id":"https:\/\/www.africa-press.net\/tchad\/#\/schema\/person\/2b1cf3cd81a31e3cd26889ca66d677f1","name":"cfeditorfr"}]}},"_links":{"self":[{"href":"https:\/\/www.africa-press.net\/tchad\/wp-json\/wp\/v2\/posts\/30026","targetHints":{"allow":["GET"]}}],"collection":[{"href":"https:\/\/www.africa-press.net\/tchad\/wp-json\/wp\/v2\/posts"}],"about":[{"href":"https:\/\/www.africa-press.net\/tchad\/wp-json\/wp\/v2\/types\/post"}],"author":[{"embeddable":true,"href":"https:\/\/www.africa-press.net\/tchad\/wp-json\/wp\/v2\/users\/82"}],"replies":[{"embeddable":true,"href":"https:\/\/www.africa-press.net\/tchad\/wp-json\/wp\/v2\/comments?post=30026"}],"version-history":[{"count":0,"href":"https:\/\/www.africa-press.net\/tchad\/wp-json\/wp\/v2\/posts\/30026\/revisions"}],"wp:featuredmedia":[{"embeddable":true,"href":"https:\/\/www.africa-press.net\/tchad\/wp-json\/wp\/v2\/media\/30025"}],"wp:attachment":[{"href":"https:\/\/www.africa-press.net\/tchad\/wp-json\/wp\/v2\/media?parent=30026"}],"wp:term":[{"taxonomy":"category","embeddable":true,"href":"https:\/\/www.africa-press.net\/tchad\/wp-json\/wp\/v2\/categories?post=30026"},{"taxonomy":"post_tag","embeddable":true,"href":"https:\/\/www.africa-press.net\/tchad\/wp-json\/wp\/v2\/tags?post=30026"}],"curies":[{"name":"wp","href":"https:\/\/api.w.org\/{rel}","templated":true}]}}