{"id":30032,"date":"2022-08-03T14:45:12","date_gmt":"2022-08-03T14:45:12","guid":{"rendered":"https:\/\/www.africa-press.net\/tchad\/politique\/conflits-de-sandana-lancien-prefet-de-barh-koh-ecope-de-deux-ans-de-prison"},"modified":"2022-08-03T15:42:17","modified_gmt":"2022-08-03T15:42:17","slug":"conflits-de-sandana-lancien-prefet-de-barh-koh-ecope-de-deux-ans-de-prison","status":"publish","type":"post","link":"https:\/\/www.africa-press.net\/tchad\/politique\/conflits-de-sandana-lancien-prefet-de-barh-koh-ecope-de-deux-ans-de-prison","title":{"rendered":"conflits de Sandana, l\u2019ancien pr\u00e9fet de Barh Koh \u00e9cope de deux ans de prison"},"content":{"rendered":"<p><span style=\"color: #ff6600\"><strong>Africa-Press &#8211; Tchad. <\/strong><\/span><b>L\u2019ancien pr\u00e9fet de Barh Koh, dans la province du Mayo Kebbi est condamn\u00e9 \u00e0 deux ans de prison ferme par le Tribunal de grande instance de Sarh.<\/b><\/p>\n<p>Le Tribunal de grande instance de Sarh a tranch\u00e9 le 02 ao\u00fbt 2022, sur l\u2019affaire impliquant l\u2019ex pr\u00e9fet de Barh Koh sur le massacre de Sandana de f\u00e9vrier dernier. Le procureur, a prononc\u00e9 le verdict en s\u2019appuyant sur l\u2019article 138 du code p\u00e9nal pour condamner, Allarak\u00e9t\u00e9 Sanengar. Le magistrat l\u2019accuse de n\u2019avoir pas mis \u00e0 la disposition de la justice les pr\u00e9sum\u00e9s auteurs des tueries. Il serait d\u00e8s lors, complice des exactions.<\/p>\n<p>Le concern\u00e9 est \u00e9galement appel\u00e9 \u00e0 verser un montant de 500.000 Fcfa d\u2019amende. Pour son conseil, des irr\u00e9gularit\u00e9s ont \u00e9t\u00e9 constat\u00e9es dans le d\u00e9roulement de la proc\u00e9dure judiciaire. Suite \u00e0 sa plaidoirie, la d\u00e9lib\u00e9ration a \u00e9t\u00e9 renvoy\u00e9e au 16 ao\u00fbt 2022. Tchad : violence de Sandana, la ville de Sarh pleure ses morts Tchad : violence de Sandana, la ville de Sarh pleure ses morts<\/p>\n<p><strong>Pour plus d&rsquo;informations et d&rsquo;analyses sur la <a href=\"https:\/\/www.africa-press.net\/tchad\">Tchad<\/a>, suivez <a href=\"https:\/\/www.africa-press.net\/\">Africa-Press<\/a><\/strong><\/p>\n","protected":false},"excerpt":{"rendered":"<p>Africa-Press &#8211; Tchad. L\u2019ancien pr\u00e9fet de Barh Koh, dans la province du Mayo Kebbi est condamn\u00e9 \u00e0 deux ans de prison ferme par le Tribunal de grande instance de Sarh. Le Tribunal de grande instance de Sarh a tranch\u00e9 le 02 ao\u00fbt 2022, sur l\u2019affaire impliquant l\u2019ex pr\u00e9fet de Barh Koh sur le massacre de [&hellip;]<\/p>\n","protected":false},"author":82,"featured_media":30031,"comment_status":"open","ping_status":"closed","sticky":false,"template":"","format":"standard","meta":{"footnotes":""},"categories":[11,2,20,10],"tags":[37,292,4022,4021,29],"class_list":["post-30032","post","type-post","status-publish","format-standard","has-post-thumbnail","hentry","category-homepage-french","category-politique","category-top-nouvelles","category-toutes-les-actualites","tag-africa-press","tag-africa-press-tchad","tag-conflits-de-sandana","tag-prefet-de-barh-koh","tag-tchad"],"yoast_head":"<!-- This site is optimized with the Yoast SEO Premium plugin v26.1 (Yoast SEO v27.0) - https:\/\/yoast.com\/product\/yoast-seo-premium-wordpress\/ -->\n<title>conflits de Sandana, l\u2019ancien pr\u00e9fet de Barh Koh \u00e9cope de deux ans de prison - tchad<\/title>\n<meta name=\"description\" content=\"L\u2019ancien pr\u00e9fet de Barh Koh, dans la province du Mayo Kebbi est condamn\u00e9 \u00e0 deux ans de prison ferme par le Tribunal d ...\" \/>\n<meta name=\"robots\" content=\"index, follow, max-snippet:-1, max-image-preview:large, max-video-preview:-1\" \/>\n<link rel=\"canonical\" href=\"https:\/\/www.africa-press.net\/tchad\/politique\/conflits-de-sandana-lancien-prefet-de-barh-koh-ecope-de-deux-ans-de-prison\" \/>\n<meta property=\"og:locale\" content=\"fr_FR\" \/>\n<meta property=\"og:type\" content=\"article\" \/>\n<meta property=\"og:title\" content=\"conflits de Sandana, l\u2019ancien pr\u00e9fet de Barh Koh \u00e9cope de deux ans de prison\" \/>\n<meta property=\"og:description\" content=\"L\u2019ancien pr\u00e9fet de Barh Koh, dans la province du Mayo Kebbi est condamn\u00e9 \u00e0 deux ans de prison ferme par le Tribunal d ...\" \/>\n<meta property=\"og:url\" content=\"https:\/\/www.africa-press.net\/tchad\/politique\/conflits-de-sandana-lancien-prefet-de-barh-koh-ecope-de-deux-ans-de-prison\" \/>\n<meta property=\"og:site_name\" content=\"tchad\" \/>\n<meta property=\"article:published_time\" content=\"2022-08-03T14:45:12+00:00\" \/>\n<meta property=\"article:modified_time\" content=\"2022-08-03T15:42:17+00:00\" \/>\n<meta property=\"og:image\" content=\"https:\/\/static.africa-press.net\/tchad\/sites\/41\/2022\/08\/postQueueImg_16.jpg\" \/>\n\t<meta property=\"og:image:width\" content=\"780\" \/>\n\t<meta property=\"og:image:height\" content=\"440\" \/>\n\t<meta property=\"og:image:type\" content=\"image\/jpeg\" \/>\n<meta name=\"author\" content=\"cfeditorfr\" \/>\n<meta name=\"twitter:card\" content=\"summary_large_image\" \/>\n<meta name=\"twitter:label1\" content=\"\u00c9crit par\" \/>\n\t<meta name=\"twitter:data1\" content=\"cfeditorfr\" \/>\n\t<meta name=\"twitter:label2\" content=\"Dur\u00e9e de lecture estim\u00e9e\" \/>\n\t<meta name=\"twitter:data2\" content=\"1 minute\" \/>\n<script type=\"application\/ld+json\" class=\"yoast-schema-graph\">{\"@context\":\"https:\/\/schema.org\",\"@graph\":[{\"@type\":\"Article\",\"@id\":\"https:\/\/www.africa-press.net\/tchad\/politique\/conflits-de-sandana-lancien-prefet-de-barh-koh-ecope-de-deux-ans-de-prison#article\",\"isPartOf\":{\"@id\":\"https:\/\/www.africa-press.net\/tchad\/politique\/conflits-de-sandana-lancien-prefet-de-barh-koh-ecope-de-deux-ans-de-prison\"},\"author\":{\"name\":\"cfeditorfr\",\"@id\":\"https:\/\/www.africa-press.net\/tchad\/#\/schema\/person\/2b1cf3cd81a31e3cd26889ca66d677f1\"},\"headline\":\"conflits de Sandana, l\u2019ancien pr\u00e9fet de Barh Koh \u00e9cope de deux ans de prison\",\"datePublished\":\"2022-08-03T14:45:12+00:00\",\"dateModified\":\"2022-08-03T15:42:17+00:00\",\"mainEntityOfPage\":{\"@id\":\"https:\/\/www.africa-press.net\/tchad\/politique\/conflits-de-sandana-lancien-prefet-de-barh-koh-ecope-de-deux-ans-de-prison\"},\"wordCount\":209,\"commentCount\":0,\"image\":{\"@id\":\"https:\/\/www.africa-press.net\/tchad\/politique\/conflits-de-sandana-lancien-prefet-de-barh-koh-ecope-de-deux-ans-de-prison#primaryimage\"},\"thumbnailUrl\":\"https:\/\/static.africa-press.net\/tchad\/sites\/41\/2022\/08\/postQueueImg_16.jpg\",\"keywords\":[\"Africa Press\",\"Africa Press-Tchad\",\"conflits de Sandana\",\"pr\u00e9fet de Barh Koh\",\"Tchad\"],\"articleSection\":[\"homepage-french\",\"Politique\",\"Top Nouvelles\",\"Toutes les actualit\u00e9s\"],\"inLanguage\":\"fr-FR\",\"potentialAction\":[{\"@type\":\"CommentAction\",\"name\":\"Comment\",\"target\":[\"https:\/\/www.africa-press.net\/tchad\/politique\/conflits-de-sandana-lancien-prefet-de-barh-koh-ecope-de-deux-ans-de-prison#respond\"]}]},{\"@type\":\"WebPage\",\"@id\":\"https:\/\/www.africa-press.net\/tchad\/politique\/conflits-de-sandana-lancien-prefet-de-barh-koh-ecope-de-deux-ans-de-prison\",\"url\":\"https:\/\/www.africa-press.net\/tchad\/politique\/conflits-de-sandana-lancien-prefet-de-barh-koh-ecope-de-deux-ans-de-prison\",\"name\":\"conflits de Sandana, l\u2019ancien pr\u00e9fet de Barh Koh \u00e9cope de deux ans de prison - tchad\",\"isPartOf\":{\"@id\":\"https:\/\/www.africa-press.net\/tchad\/#website\"},\"primaryImageOfPage\":{\"@id\":\"https:\/\/www.africa-press.net\/tchad\/politique\/conflits-de-sandana-lancien-prefet-de-barh-koh-ecope-de-deux-ans-de-prison#primaryimage\"},\"image\":{\"@id\":\"https:\/\/www.africa-press.net\/tchad\/politique\/conflits-de-sandana-lancien-prefet-de-barh-koh-ecope-de-deux-ans-de-prison#primaryimage\"},\"thumbnailUrl\":\"https:\/\/static.africa-press.net\/tchad\/sites\/41\/2022\/08\/postQueueImg_16.jpg\",\"datePublished\":\"2022-08-03T14:45:12+00:00\",\"dateModified\":\"2022-08-03T15:42:17+00:00\",\"author\":{\"@id\":\"https:\/\/www.africa-press.net\/tchad\/#\/schema\/person\/2b1cf3cd81a31e3cd26889ca66d677f1\"},\"description\":\"L\u2019ancien pr\u00e9fet de Barh Koh, dans la province du Mayo Kebbi est condamn\u00e9 \u00e0 deux ans de prison ferme par le Tribunal d ...\",\"breadcrumb\":{\"@id\":\"https:\/\/www.africa-press.net\/tchad\/politique\/conflits-de-sandana-lancien-prefet-de-barh-koh-ecope-de-deux-ans-de-prison#breadcrumb\"},\"inLanguage\":\"fr-FR\",\"potentialAction\":[{\"@type\":\"ReadAction\",\"target\":[\"https:\/\/www.africa-press.net\/tchad\/politique\/conflits-de-sandana-lancien-prefet-de-barh-koh-ecope-de-deux-ans-de-prison\"]}]},{\"@type\":\"ImageObject\",\"inLanguage\":\"fr-FR\",\"@id\":\"https:\/\/www.africa-press.net\/tchad\/politique\/conflits-de-sandana-lancien-prefet-de-barh-koh-ecope-de-deux-ans-de-prison#primaryimage\",\"url\":\"https:\/\/static.africa-press.net\/tchad\/sites\/41\/2022\/08\/postQueueImg_16.jpg\",\"contentUrl\":\"https:\/\/static.africa-press.net\/tchad\/sites\/41\/2022\/08\/postQueueImg_16.jpg\",\"width\":780,\"height\":440,\"caption\":\"conflits de Sandana, l\u2019ancien pr\u00e9fet de Barh Koh \u00e9cope de deux ans de prison\"},{\"@type\":\"BreadcrumbList\",\"@id\":\"https:\/\/www.africa-press.net\/tchad\/politique\/conflits-de-sandana-lancien-prefet-de-barh-koh-ecope-de-deux-ans-de-prison#breadcrumb\",\"itemListElement\":[{\"@type\":\"ListItem\",\"position\":1,\"name\":\"Accueil\",\"item\":\"https:\/\/www.africa-press.net\/tchad\/\"},{\"@type\":\"ListItem\",\"position\":2,\"name\":\"conflits de Sandana, l\u2019ancien pr\u00e9fet de Barh Koh \u00e9cope de deux ans de prison\"}]},{\"@type\":\"WebSite\",\"@id\":\"https:\/\/www.africa-press.net\/tchad\/#website\",\"url\":\"https:\/\/www.africa-press.net\/tchad\/\",\"name\":\"tchad\",\"description\":\"Just another Africa News Agency Sites site\",\"potentialAction\":[{\"@type\":\"SearchAction\",\"target\":{\"@type\":\"EntryPoint\",\"urlTemplate\":\"https:\/\/www.africa-press.net\/tchad\/?s={search_term_string}\"},\"query-input\":{\"@type\":\"PropertyValueSpecification\",\"valueRequired\":true,\"valueName\":\"search_term_string\"}}],\"inLanguage\":\"fr-FR\"},{\"@type\":\"Person\",\"@id\":\"https:\/\/www.africa-press.net\/tchad\/#\/schema\/person\/2b1cf3cd81a31e3cd26889ca66d677f1\",\"name\":\"cfeditorfr\"}]}<\/script>\n<!-- \/ Yoast SEO Premium plugin. -->","yoast_head_json":{"title":"conflits de Sandana, l\u2019ancien pr\u00e9fet de Barh Koh \u00e9cope de deux ans de prison - tchad","description":"L\u2019ancien pr\u00e9fet de Barh Koh, dans la province du Mayo Kebbi est condamn\u00e9 \u00e0 deux ans de prison ferme par le Tribunal d ...","robots":{"index":"index","follow":"follow","max-snippet":"max-snippet:-1","max-image-preview":"max-image-preview:large","max-video-preview":"max-video-preview:-1"},"canonical":"https:\/\/www.africa-press.net\/tchad\/politique\/conflits-de-sandana-lancien-prefet-de-barh-koh-ecope-de-deux-ans-de-prison","og_locale":"fr_FR","og_type":"article","og_title":"conflits de Sandana, l\u2019ancien pr\u00e9fet de Barh Koh \u00e9cope de deux ans de prison","og_description":"L\u2019ancien pr\u00e9fet de Barh Koh, dans la province du Mayo Kebbi est condamn\u00e9 \u00e0 deux ans de prison ferme par le Tribunal d ...","og_url":"https:\/\/www.africa-press.net\/tchad\/politique\/conflits-de-sandana-lancien-prefet-de-barh-koh-ecope-de-deux-ans-de-prison","og_site_name":"tchad","article_published_time":"2022-08-03T14:45:12+00:00","article_modified_time":"2022-08-03T15:42:17+00:00","og_image":[{"width":780,"height":440,"url":"https:\/\/static.africa-press.net\/tchad\/sites\/41\/2022\/08\/postQueueImg_16.jpg","type":"image\/jpeg"}],"author":"cfeditorfr","twitter_card":"summary_large_image","twitter_misc":{"\u00c9crit par":"cfeditorfr","Dur\u00e9e de lecture estim\u00e9e":"1 minute"},"schema":{"@context":"https:\/\/schema.org","@graph":[{"@type":"Article","@id":"https:\/\/www.africa-press.net\/tchad\/politique\/conflits-de-sandana-lancien-prefet-de-barh-koh-ecope-de-deux-ans-de-prison#article","isPartOf":{"@id":"https:\/\/www.africa-press.net\/tchad\/politique\/conflits-de-sandana-lancien-prefet-de-barh-koh-ecope-de-deux-ans-de-prison"},"author":{"name":"cfeditorfr","@id":"https:\/\/www.africa-press.net\/tchad\/#\/schema\/person\/2b1cf3cd81a31e3cd26889ca66d677f1"},"headline":"conflits de Sandana, l\u2019ancien pr\u00e9fet de Barh Koh \u00e9cope de deux ans de prison","datePublished":"2022-08-03T14:45:12+00:00","dateModified":"2022-08-03T15:42:17+00:00","mainEntityOfPage":{"@id":"https:\/\/www.africa-press.net\/tchad\/politique\/conflits-de-sandana-lancien-prefet-de-barh-koh-ecope-de-deux-ans-de-prison"},"wordCount":209,"commentCount":0,"image":{"@id":"https:\/\/www.africa-press.net\/tchad\/politique\/conflits-de-sandana-lancien-prefet-de-barh-koh-ecope-de-deux-ans-de-prison#primaryimage"},"thumbnailUrl":"https:\/\/static.africa-press.net\/tchad\/sites\/41\/2022\/08\/postQueueImg_16.jpg","keywords":["Africa Press","Africa Press-Tchad","conflits de Sandana","pr\u00e9fet de Barh Koh","Tchad"],"articleSection":["homepage-french","Politique","Top Nouvelles","Toutes les actualit\u00e9s"],"inLanguage":"fr-FR","potentialAction":[{"@type":"CommentAction","name":"Comment","target":["https:\/\/www.africa-press.net\/tchad\/politique\/conflits-de-sandana-lancien-prefet-de-barh-koh-ecope-de-deux-ans-de-prison#respond"]}]},{"@type":"WebPage","@id":"https:\/\/www.africa-press.net\/tchad\/politique\/conflits-de-sandana-lancien-prefet-de-barh-koh-ecope-de-deux-ans-de-prison","url":"https:\/\/www.africa-press.net\/tchad\/politique\/conflits-de-sandana-lancien-prefet-de-barh-koh-ecope-de-deux-ans-de-prison","name":"conflits de Sandana, l\u2019ancien pr\u00e9fet de Barh Koh \u00e9cope de deux ans de prison - tchad","isPartOf":{"@id":"https:\/\/www.africa-press.net\/tchad\/#website"},"primaryImageOfPage":{"@id":"https:\/\/www.africa-press.net\/tchad\/politique\/conflits-de-sandana-lancien-prefet-de-barh-koh-ecope-de-deux-ans-de-prison#primaryimage"},"image":{"@id":"https:\/\/www.africa-press.net\/tchad\/politique\/conflits-de-sandana-lancien-prefet-de-barh-koh-ecope-de-deux-ans-de-prison#primaryimage"},"thumbnailUrl":"https:\/\/static.africa-press.net\/tchad\/sites\/41\/2022\/08\/postQueueImg_16.jpg","datePublished":"2022-08-03T14:45:12+00:00","dateModified":"2022-08-03T15:42:17+00:00","author":{"@id":"https:\/\/www.africa-press.net\/tchad\/#\/schema\/person\/2b1cf3cd81a31e3cd26889ca66d677f1"},"description":"L\u2019ancien pr\u00e9fet de Barh Koh, dans la province du Mayo Kebbi est condamn\u00e9 \u00e0 deux ans de prison ferme par le Tribunal d ...","breadcrumb":{"@id":"https:\/\/www.africa-press.net\/tchad\/politique\/conflits-de-sandana-lancien-prefet-de-barh-koh-ecope-de-deux-ans-de-prison#breadcrumb"},"inLanguage":"fr-FR","potentialAction":[{"@type":"ReadAction","target":["https:\/\/www.africa-press.net\/tchad\/politique\/conflits-de-sandana-lancien-prefet-de-barh-koh-ecope-de-deux-ans-de-prison"]}]},{"@type":"ImageObject","inLanguage":"fr-FR","@id":"https:\/\/www.africa-press.net\/tchad\/politique\/conflits-de-sandana-lancien-prefet-de-barh-koh-ecope-de-deux-ans-de-prison#primaryimage","url":"https:\/\/static.africa-press.net\/tchad\/sites\/41\/2022\/08\/postQueueImg_16.jpg","contentUrl":"https:\/\/static.africa-press.net\/tchad\/sites\/41\/2022\/08\/postQueueImg_16.jpg","width":780,"height":440,"caption":"conflits de Sandana, l\u2019ancien pr\u00e9fet de Barh Koh \u00e9cope de deux ans de prison"},{"@type":"BreadcrumbList","@id":"https:\/\/www.africa-press.net\/tchad\/politique\/conflits-de-sandana-lancien-prefet-de-barh-koh-ecope-de-deux-ans-de-prison#breadcrumb","itemListElement":[{"@type":"ListItem","position":1,"name":"Accueil","item":"https:\/\/www.africa-press.net\/tchad\/"},{"@type":"ListItem","position":2,"name":"conflits de Sandana, l\u2019ancien pr\u00e9fet de Barh Koh \u00e9cope de deux ans de prison"}]},{"@type":"WebSite","@id":"https:\/\/www.africa-press.net\/tchad\/#website","url":"https:\/\/www.africa-press.net\/tchad\/","name":"tchad","description":"Just another Africa News Agency Sites site","potentialAction":[{"@type":"SearchAction","target":{"@type":"EntryPoint","urlTemplate":"https:\/\/www.africa-press.net\/tchad\/?s={search_term_string}"},"query-input":{"@type":"PropertyValueSpecification","valueRequired":true,"valueName":"search_term_string"}}],"inLanguage":"fr-FR"},{"@type":"Person","@id":"https:\/\/www.africa-press.net\/tchad\/#\/schema\/person\/2b1cf3cd81a31e3cd26889ca66d677f1","name":"cfeditorfr"}]}},"_links":{"self":[{"href":"https:\/\/www.africa-press.net\/tchad\/wp-json\/wp\/v2\/posts\/30032","targetHints":{"allow":["GET"]}}],"collection":[{"href":"https:\/\/www.africa-press.net\/tchad\/wp-json\/wp\/v2\/posts"}],"about":[{"href":"https:\/\/www.africa-press.net\/tchad\/wp-json\/wp\/v2\/types\/post"}],"author":[{"embeddable":true,"href":"https:\/\/www.africa-press.net\/tchad\/wp-json\/wp\/v2\/users\/82"}],"replies":[{"embeddable":true,"href":"https:\/\/www.africa-press.net\/tchad\/wp-json\/wp\/v2\/comments?post=30032"}],"version-history":[{"count":0,"href":"https:\/\/www.africa-press.net\/tchad\/wp-json\/wp\/v2\/posts\/30032\/revisions"}],"wp:featuredmedia":[{"embeddable":true,"href":"https:\/\/www.africa-press.net\/tchad\/wp-json\/wp\/v2\/media\/30031"}],"wp:attachment":[{"href":"https:\/\/www.africa-press.net\/tchad\/wp-json\/wp\/v2\/media?parent=30032"}],"wp:term":[{"taxonomy":"category","embeddable":true,"href":"https:\/\/www.africa-press.net\/tchad\/wp-json\/wp\/v2\/categories?post=30032"},{"taxonomy":"post_tag","embeddable":true,"href":"https:\/\/www.africa-press.net\/tchad\/wp-json\/wp\/v2\/tags?post=30032"}],"curies":[{"name":"wp","href":"https:\/\/api.w.org\/{rel}","templated":true}]}}