{"id":30035,"date":"2022-08-03T14:45:33","date_gmt":"2022-08-03T14:45:33","guid":{"rendered":"https:\/\/www.africa-press.net\/tchad\/politique\/bras-de-fer-entre-le-president-de-lumac-et-le-gouverneur-de-la-beac"},"modified":"2022-08-03T15:42:51","modified_gmt":"2022-08-03T15:42:51","slug":"bras-de-fer-entre-le-president-de-lumac-et-le-gouverneur-de-la-beac","status":"publish","type":"post","link":"https:\/\/www.africa-press.net\/tchad\/economie\/bras-de-fer-entre-le-president-de-lumac-et-le-gouverneur-de-la-beac","title":{"rendered":"Bras de fer entre le pr\u00e9sident de l\u2019UMAC et le gouverneur de la BEAC"},"content":{"rendered":"<p><span style=\"color: #ff6600\"><strong>Africa-Press &#8211; Tchad. <\/strong><\/span><b> Le torchon brule entre le pr\u00e9sident du Conseil minist\u00e9riel de l\u2019Union mon\u00e9taire de l\u2019Afrique centrale (UMAC) et le gouverneur de la BEAC. Les deux hommes ne parviennent pas \u00e0 s\u2019entendre au sujet des recrutements au sein de la Banque.<\/b><\/p>\n<p>Le pr\u00e9sident du Conseil minist\u00e9riel de l\u2019UMAC, Herv\u00e9 Ndoba, par ailleurs PCA de la BEAC s\u2019oppose au dernier recrutement des Agents d\u2019Encadrement Sup\u00e9rieur \u00e0 la BEAC. Pour lui, le processus a \u00e9t\u00e9 \u00e9maill\u00e9 d\u2019incidents significatifs de nature \u00e0 en alt\u00e9rer la cr\u00e9dibilit\u00e9. Ainsi, il instruit au gouverneur de la BEAC de : \u00ab surseoir, de mani\u00e8re imm\u00e9diate, \u00e0 ce processus de recrutement. \u00bb Agissant en tant que, patron des deux structures constituant les organes d\u00e9cisionnels de l\u2019institut d\u2019\u00e9mission, Herv\u00e9 Ndoba, regrette que cette fa\u00e7on de proc\u00e9der porte: \u00ab indubitablement et gravement pr\u00e9judice \u00e0 l\u2019image de la Banque. \u00bb<\/p>\n<p><b>Herv\u00e9 Ndoba,<\/b><br \/>\n<b>Agents d\u2019Encadrement Sup\u00e9rieu<\/b><br \/>\n<b> surseoir, de mani\u00e8re imm\u00e9diate, \u00e0 ce processus de recrutement<\/b><br \/>\n<b>indubitablement et gravement pr\u00e9judice \u00e0 l\u2019image de la Banque.<\/b><\/p>\n<p>\u00ab De m\u00eame, je vous rappelle que l\u2019int\u00e9gration des ressources humaines les plus qualifi\u00e9es, aux fins d\u2019assumer les t\u00e2ches d\u00e9volues \u00e0 la Banque Centrale par les Chefs d\u2019\u00c9tats de la CEMAC, doit ob\u00e9ir \u00e0 des imp\u00e9ratifs alliant n\u00e9cessairement m\u00e9rite, \u00e9galit\u00e9 des chances, transparence et exigence permanente de comp\u00e9tence. \u00bb \u00e9crit le PCA de l\u2019UMAC au gouverneur de la BEAC.<\/p>\n<p>\u00ab Une \u00e9valuation approfondie en sera faite par le Conseil d\u2019Administration de la BEAC et le Comit\u00e9 Minist\u00e9riel de l\u2019UMAC \u00bb. Il demande au gouverneur de convoquer des sessions extraordinaires afin que des mesures ad\u00e9quates soient prises ct que des orientations pr\u00e9cises soient communiqu\u00e9es.<\/p>\n<p><b>La r\u00e9action du gouverneur<\/b><\/p>\n<p>En r\u00e9ponse, Abbas Mahamat Tolli, gouverneur de la BEAC rel\u00e8ve que : \u00ab le recrutement en cours est conduit et organis\u00e9 par un cabinet international et choisi par un appel d\u2019offres international \u00bb. \u00ab Je voudrais regretter que vous n\u2019ayez fourni aucune illustration des situations et exemples cens\u00e9s porter pr\u00e9judice \u00e0 l\u2019image de la Banque, situation qui m\u2019aurait permis de vous donner de plus amples explications sur de pr\u00e9tendus incidents qui auraient \u00e9maill\u00e9 le d\u00e9roulement de ce concours, qui au demeurant n\u2019est pas encore arriv\u00e9 \u00e0 son terme \u00bb, poursuit-il.<\/p>\n<p><b>Abbas Mahamat Tolli<\/b><br \/>\n<b>le recrutement en cours est conduit et organis\u00e9 par un cabinet international et choisi par un appel d\u2019offres international<\/b><br \/>\n<b>le recrutement en cours est conduit et organis\u00e9 par un cabinet international et choisi par un appel d\u2019offres international<\/b><br \/>\n<b> Je voudrais regretter que vous n\u2019ayez fourni aucune illustration des situations et exemples cens\u00e9s porter pr\u00e9judice \u00e0 l\u2019image de la Banque, situation qui m\u2019aurait permis de vous donner de plus amples explications sur de pr\u00e9tendus incidents qui auraient \u00e9maill\u00e9 le d\u00e9roulement de ce concours, qui au demeurant n\u2019est pas encore arriv\u00e9 \u00e0 son terme<\/b><\/p>\n<p>Abbas Mahamat Tolli \u00e9voque, les principes de subsidiarit\u00e9 et de bonne gouvernance qui r\u00e9gissent les interrelations entre le Gouvernement de la Banque et ses organes d\u00e9cisionnels. L\u2019article 1.4 du Statut r\u00e9gissant les Agents d\u2019Encadrement Sup\u00e9rieur donne comp\u00e9tence au Gouverneur pour recruter, nommer et r\u00e9voquer le personnel dont la nomination ne rel\u00e8ve pas du Conseil d\u2019Administration. Le gouverneur cite aussi, les articles 32, 33 et 34 des Statuts de la BEAC d\u00e9finissent les missions et les pr\u00e9rogatives du Conseil d\u2019Administration.<\/p>\n<p>Apr\u00e8s pr\u00e9sent\u00e9 les textes de l\u2019institution : le gouverneur indique que : \u00ab aucun organe ne saurait s\u2019immiscer dans les attributions du Gouvernement de la BEAC exerc\u00e9es en toute transparence et dans l\u2019int\u00e9r\u00eat sup\u00e9rieur de l\u2019Institution, sans causer d\u2019entorse aux principes de subsidiarit\u00e9 et de gouvernance sus \u00e9voqu\u00e9s, ainsi qu\u2019au sacro-saint principe de l\u2019ind\u00e9pendance de la Banque Centrale. \u00bb<\/p>\n<p><b>aucun organe ne saurait s\u2019immiscer dans les attributions du Gouvernement de la BEAC exerc\u00e9es en toute transparence et dans l\u2019int\u00e9r\u00eat sup\u00e9rieur de l\u2019Institution, sans causer d\u2019entorse aux principes de subsidiarit\u00e9 et de gouvernance sus \u00e9voqu\u00e9s, ainsi qu\u2019au sacro-saint principe de l\u2019ind\u00e9pendance de la Banque Centrale<\/b><\/p>\n<p>C\u2019est pourquoi : \u00ab Il me parait de toute \u00e9vidence que contraindre le Gouverneur de la Banque Centrale \u00e0 convoquer des sessions extraordinaires du Conseil d\u2019Administration et du Comit\u00e9 Minist\u00e9riel sur une question relevant purement de la gestion op\u00e9rationnelle, est contraire aux Statuts de la Banque Centrale (article 47.5) et constituerait un dangereux pr\u00e9c\u00e9dent.\u00bb<\/p>\n<p><strong>Pour plus d&rsquo;informations et d&rsquo;analyses sur la <a href=\"https:\/\/www.africa-press.net\/tchad\">Tchad<\/a>, suivez <a href=\"https:\/\/www.africa-press.net\/\">Africa-Press<\/a><\/strong><\/p>\n","protected":false},"excerpt":{"rendered":"<p>Africa-Press &#8211; Tchad. Le torchon brule entre le pr\u00e9sident du Conseil minist\u00e9riel de l\u2019Union mon\u00e9taire de l\u2019Afrique centrale (UMAC) et le gouverneur de la BEAC. Les deux hommes ne parviennent pas \u00e0 s\u2019entendre au sujet des recrutements au sein de la Banque. Le pr\u00e9sident du Conseil minist\u00e9riel de l\u2019UMAC, Herv\u00e9 Ndoba, par ailleurs PCA de [&hellip;]<\/p>\n","protected":false},"author":82,"featured_media":30034,"comment_status":"open","ping_status":"closed","sticky":false,"template":"","format":"standard","meta":{"footnotes":""},"categories":[3,11,10],"tags":[37,292,4023,4025,29,4024],"class_list":["post-30035","post","type-post","status-publish","format-standard","has-post-thumbnail","hentry","category-economie","category-homepage-french","category-toutes-les-actualites","tag-africa-press","tag-africa-press-tchad","tag-agents-dencadrement-superieu","tag-gouverneur-de-la-beac","tag-tchad","tag-umac"],"yoast_head":"<!-- This site is optimized with the Yoast SEO Premium plugin v26.1 (Yoast SEO v27.0) - https:\/\/yoast.com\/product\/yoast-seo-premium-wordpress\/ -->\n<title>Bras de fer entre le pr\u00e9sident de l\u2019UMAC et le gouverneur de la BEAC - tchad<\/title>\n<meta name=\"description\" content=\"Le torchon brule entre le pr\u00e9sident du Conseil minist\u00e9riel de l\u2019Union mon\u00e9taire de l\u2019Afrique centrale (UMAC) et le g ...\" \/>\n<meta name=\"robots\" content=\"index, follow, max-snippet:-1, max-image-preview:large, max-video-preview:-1\" \/>\n<link rel=\"canonical\" href=\"https:\/\/www.africa-press.net\/tchad\/economie\/bras-de-fer-entre-le-president-de-lumac-et-le-gouverneur-de-la-beac\" \/>\n<meta property=\"og:locale\" content=\"fr_FR\" \/>\n<meta property=\"og:type\" content=\"article\" \/>\n<meta property=\"og:title\" content=\"Bras de fer entre le pr\u00e9sident de l\u2019UMAC et le gouverneur de la BEAC\" \/>\n<meta property=\"og:description\" content=\"Le torchon brule entre le pr\u00e9sident du Conseil minist\u00e9riel de l\u2019Union mon\u00e9taire de l\u2019Afrique centrale (UMAC) et le g ...\" \/>\n<meta property=\"og:url\" content=\"https:\/\/www.africa-press.net\/tchad\/economie\/bras-de-fer-entre-le-president-de-lumac-et-le-gouverneur-de-la-beac\" \/>\n<meta property=\"og:site_name\" content=\"tchad\" \/>\n<meta property=\"article:published_time\" content=\"2022-08-03T14:45:33+00:00\" \/>\n<meta property=\"article:modified_time\" content=\"2022-08-03T15:42:51+00:00\" \/>\n<meta property=\"og:image\" content=\"https:\/\/static.africa-press.net\/tchad\/sites\/41\/2022\/08\/postQueueImg_17.jpg\" \/>\n\t<meta property=\"og:image:width\" content=\"780\" \/>\n\t<meta property=\"og:image:height\" content=\"440\" \/>\n\t<meta property=\"og:image:type\" content=\"image\/jpeg\" \/>\n<meta name=\"author\" content=\"cfeditorfr\" \/>\n<meta name=\"twitter:card\" content=\"summary_large_image\" \/>\n<meta name=\"twitter:label1\" content=\"\u00c9crit par\" \/>\n\t<meta name=\"twitter:data1\" content=\"cfeditorfr\" \/>\n\t<meta name=\"twitter:label2\" content=\"Dur\u00e9e de lecture estim\u00e9e\" \/>\n\t<meta name=\"twitter:data2\" content=\"4 minutes\" \/>\n<script type=\"application\/ld+json\" class=\"yoast-schema-graph\">{\"@context\":\"https:\/\/schema.org\",\"@graph\":[{\"@type\":\"Article\",\"@id\":\"https:\/\/www.africa-press.net\/tchad\/economie\/bras-de-fer-entre-le-president-de-lumac-et-le-gouverneur-de-la-beac#article\",\"isPartOf\":{\"@id\":\"https:\/\/www.africa-press.net\/tchad\/economie\/bras-de-fer-entre-le-president-de-lumac-et-le-gouverneur-de-la-beac\"},\"author\":{\"name\":\"cfeditorfr\",\"@id\":\"https:\/\/www.africa-press.net\/tchad\/#\/schema\/person\/2b1cf3cd81a31e3cd26889ca66d677f1\"},\"headline\":\"Bras de fer entre le pr\u00e9sident de l\u2019UMAC et le gouverneur de la BEAC\",\"datePublished\":\"2022-08-03T14:45:33+00:00\",\"dateModified\":\"2022-08-03T15:42:51+00:00\",\"mainEntityOfPage\":{\"@id\":\"https:\/\/www.africa-press.net\/tchad\/economie\/bras-de-fer-entre-le-president-de-lumac-et-le-gouverneur-de-la-beac\"},\"wordCount\":799,\"commentCount\":0,\"image\":{\"@id\":\"https:\/\/www.africa-press.net\/tchad\/economie\/bras-de-fer-entre-le-president-de-lumac-et-le-gouverneur-de-la-beac#primaryimage\"},\"thumbnailUrl\":\"https:\/\/static.africa-press.net\/tchad\/sites\/41\/2022\/08\/postQueueImg_17.jpg\",\"keywords\":[\"Africa Press\",\"Africa Press-Tchad\",\"Agents d'Encadrement Sup\u00e9rieu\",\"gouverneur de la BEAC\",\"Tchad\",\"UMAC\"],\"articleSection\":[\"\u00c9conomie\",\"homepage-french\",\"Toutes les actualit\u00e9s\"],\"inLanguage\":\"fr-FR\",\"potentialAction\":[{\"@type\":\"CommentAction\",\"name\":\"Comment\",\"target\":[\"https:\/\/www.africa-press.net\/tchad\/economie\/bras-de-fer-entre-le-president-de-lumac-et-le-gouverneur-de-la-beac#respond\"]}]},{\"@type\":\"WebPage\",\"@id\":\"https:\/\/www.africa-press.net\/tchad\/economie\/bras-de-fer-entre-le-president-de-lumac-et-le-gouverneur-de-la-beac\",\"url\":\"https:\/\/www.africa-press.net\/tchad\/economie\/bras-de-fer-entre-le-president-de-lumac-et-le-gouverneur-de-la-beac\",\"name\":\"Bras de fer entre le pr\u00e9sident de l\u2019UMAC et le gouverneur de la BEAC - tchad\",\"isPartOf\":{\"@id\":\"https:\/\/www.africa-press.net\/tchad\/#website\"},\"primaryImageOfPage\":{\"@id\":\"https:\/\/www.africa-press.net\/tchad\/economie\/bras-de-fer-entre-le-president-de-lumac-et-le-gouverneur-de-la-beac#primaryimage\"},\"image\":{\"@id\":\"https:\/\/www.africa-press.net\/tchad\/economie\/bras-de-fer-entre-le-president-de-lumac-et-le-gouverneur-de-la-beac#primaryimage\"},\"thumbnailUrl\":\"https:\/\/static.africa-press.net\/tchad\/sites\/41\/2022\/08\/postQueueImg_17.jpg\",\"datePublished\":\"2022-08-03T14:45:33+00:00\",\"dateModified\":\"2022-08-03T15:42:51+00:00\",\"author\":{\"@id\":\"https:\/\/www.africa-press.net\/tchad\/#\/schema\/person\/2b1cf3cd81a31e3cd26889ca66d677f1\"},\"description\":\"Le torchon brule entre le pr\u00e9sident du Conseil minist\u00e9riel de l\u2019Union mon\u00e9taire de l\u2019Afrique centrale (UMAC) et le g ...\",\"breadcrumb\":{\"@id\":\"https:\/\/www.africa-press.net\/tchad\/economie\/bras-de-fer-entre-le-president-de-lumac-et-le-gouverneur-de-la-beac#breadcrumb\"},\"inLanguage\":\"fr-FR\",\"potentialAction\":[{\"@type\":\"ReadAction\",\"target\":[\"https:\/\/www.africa-press.net\/tchad\/economie\/bras-de-fer-entre-le-president-de-lumac-et-le-gouverneur-de-la-beac\"]}]},{\"@type\":\"ImageObject\",\"inLanguage\":\"fr-FR\",\"@id\":\"https:\/\/www.africa-press.net\/tchad\/economie\/bras-de-fer-entre-le-president-de-lumac-et-le-gouverneur-de-la-beac#primaryimage\",\"url\":\"https:\/\/static.africa-press.net\/tchad\/sites\/41\/2022\/08\/postQueueImg_17.jpg\",\"contentUrl\":\"https:\/\/static.africa-press.net\/tchad\/sites\/41\/2022\/08\/postQueueImg_17.jpg\",\"width\":780,\"height\":440,\"caption\":\"Bras de fer entre le pr\u00e9sident de l\u2019UMAC et le gouverneur de la BEAC\"},{\"@type\":\"BreadcrumbList\",\"@id\":\"https:\/\/www.africa-press.net\/tchad\/economie\/bras-de-fer-entre-le-president-de-lumac-et-le-gouverneur-de-la-beac#breadcrumb\",\"itemListElement\":[{\"@type\":\"ListItem\",\"position\":1,\"name\":\"Accueil\",\"item\":\"https:\/\/www.africa-press.net\/tchad\/\"},{\"@type\":\"ListItem\",\"position\":2,\"name\":\"Bras de fer entre le pr\u00e9sident de l\u2019UMAC et le gouverneur de la BEAC\"}]},{\"@type\":\"WebSite\",\"@id\":\"https:\/\/www.africa-press.net\/tchad\/#website\",\"url\":\"https:\/\/www.africa-press.net\/tchad\/\",\"name\":\"tchad\",\"description\":\"Just another Africa News Agency Sites site\",\"potentialAction\":[{\"@type\":\"SearchAction\",\"target\":{\"@type\":\"EntryPoint\",\"urlTemplate\":\"https:\/\/www.africa-press.net\/tchad\/?s={search_term_string}\"},\"query-input\":{\"@type\":\"PropertyValueSpecification\",\"valueRequired\":true,\"valueName\":\"search_term_string\"}}],\"inLanguage\":\"fr-FR\"},{\"@type\":\"Person\",\"@id\":\"https:\/\/www.africa-press.net\/tchad\/#\/schema\/person\/2b1cf3cd81a31e3cd26889ca66d677f1\",\"name\":\"cfeditorfr\"}]}<\/script>\n<!-- \/ Yoast SEO Premium plugin. -->","yoast_head_json":{"title":"Bras de fer entre le pr\u00e9sident de l\u2019UMAC et le gouverneur de la BEAC - tchad","description":"Le torchon brule entre le pr\u00e9sident du Conseil minist\u00e9riel de l\u2019Union mon\u00e9taire de l\u2019Afrique centrale (UMAC) et le g ...","robots":{"index":"index","follow":"follow","max-snippet":"max-snippet:-1","max-image-preview":"max-image-preview:large","max-video-preview":"max-video-preview:-1"},"canonical":"https:\/\/www.africa-press.net\/tchad\/economie\/bras-de-fer-entre-le-president-de-lumac-et-le-gouverneur-de-la-beac","og_locale":"fr_FR","og_type":"article","og_title":"Bras de fer entre le pr\u00e9sident de l\u2019UMAC et le gouverneur de la BEAC","og_description":"Le torchon brule entre le pr\u00e9sident du Conseil minist\u00e9riel de l\u2019Union mon\u00e9taire de l\u2019Afrique centrale (UMAC) et le g ...","og_url":"https:\/\/www.africa-press.net\/tchad\/economie\/bras-de-fer-entre-le-president-de-lumac-et-le-gouverneur-de-la-beac","og_site_name":"tchad","article_published_time":"2022-08-03T14:45:33+00:00","article_modified_time":"2022-08-03T15:42:51+00:00","og_image":[{"width":780,"height":440,"url":"https:\/\/static.africa-press.net\/tchad\/sites\/41\/2022\/08\/postQueueImg_17.jpg","type":"image\/jpeg"}],"author":"cfeditorfr","twitter_card":"summary_large_image","twitter_misc":{"\u00c9crit par":"cfeditorfr","Dur\u00e9e de lecture estim\u00e9e":"4 minutes"},"schema":{"@context":"https:\/\/schema.org","@graph":[{"@type":"Article","@id":"https:\/\/www.africa-press.net\/tchad\/economie\/bras-de-fer-entre-le-president-de-lumac-et-le-gouverneur-de-la-beac#article","isPartOf":{"@id":"https:\/\/www.africa-press.net\/tchad\/economie\/bras-de-fer-entre-le-president-de-lumac-et-le-gouverneur-de-la-beac"},"author":{"name":"cfeditorfr","@id":"https:\/\/www.africa-press.net\/tchad\/#\/schema\/person\/2b1cf3cd81a31e3cd26889ca66d677f1"},"headline":"Bras de fer entre le pr\u00e9sident de l\u2019UMAC et le gouverneur de la BEAC","datePublished":"2022-08-03T14:45:33+00:00","dateModified":"2022-08-03T15:42:51+00:00","mainEntityOfPage":{"@id":"https:\/\/www.africa-press.net\/tchad\/economie\/bras-de-fer-entre-le-president-de-lumac-et-le-gouverneur-de-la-beac"},"wordCount":799,"commentCount":0,"image":{"@id":"https:\/\/www.africa-press.net\/tchad\/economie\/bras-de-fer-entre-le-president-de-lumac-et-le-gouverneur-de-la-beac#primaryimage"},"thumbnailUrl":"https:\/\/static.africa-press.net\/tchad\/sites\/41\/2022\/08\/postQueueImg_17.jpg","keywords":["Africa Press","Africa Press-Tchad","Agents d'Encadrement Sup\u00e9rieu","gouverneur de la BEAC","Tchad","UMAC"],"articleSection":["\u00c9conomie","homepage-french","Toutes les actualit\u00e9s"],"inLanguage":"fr-FR","potentialAction":[{"@type":"CommentAction","name":"Comment","target":["https:\/\/www.africa-press.net\/tchad\/economie\/bras-de-fer-entre-le-president-de-lumac-et-le-gouverneur-de-la-beac#respond"]}]},{"@type":"WebPage","@id":"https:\/\/www.africa-press.net\/tchad\/economie\/bras-de-fer-entre-le-president-de-lumac-et-le-gouverneur-de-la-beac","url":"https:\/\/www.africa-press.net\/tchad\/economie\/bras-de-fer-entre-le-president-de-lumac-et-le-gouverneur-de-la-beac","name":"Bras de fer entre le pr\u00e9sident de l\u2019UMAC et le gouverneur de la BEAC - tchad","isPartOf":{"@id":"https:\/\/www.africa-press.net\/tchad\/#website"},"primaryImageOfPage":{"@id":"https:\/\/www.africa-press.net\/tchad\/economie\/bras-de-fer-entre-le-president-de-lumac-et-le-gouverneur-de-la-beac#primaryimage"},"image":{"@id":"https:\/\/www.africa-press.net\/tchad\/economie\/bras-de-fer-entre-le-president-de-lumac-et-le-gouverneur-de-la-beac#primaryimage"},"thumbnailUrl":"https:\/\/static.africa-press.net\/tchad\/sites\/41\/2022\/08\/postQueueImg_17.jpg","datePublished":"2022-08-03T14:45:33+00:00","dateModified":"2022-08-03T15:42:51+00:00","author":{"@id":"https:\/\/www.africa-press.net\/tchad\/#\/schema\/person\/2b1cf3cd81a31e3cd26889ca66d677f1"},"description":"Le torchon brule entre le pr\u00e9sident du Conseil minist\u00e9riel de l\u2019Union mon\u00e9taire de l\u2019Afrique centrale (UMAC) et le g ...","breadcrumb":{"@id":"https:\/\/www.africa-press.net\/tchad\/economie\/bras-de-fer-entre-le-president-de-lumac-et-le-gouverneur-de-la-beac#breadcrumb"},"inLanguage":"fr-FR","potentialAction":[{"@type":"ReadAction","target":["https:\/\/www.africa-press.net\/tchad\/economie\/bras-de-fer-entre-le-president-de-lumac-et-le-gouverneur-de-la-beac"]}]},{"@type":"ImageObject","inLanguage":"fr-FR","@id":"https:\/\/www.africa-press.net\/tchad\/economie\/bras-de-fer-entre-le-president-de-lumac-et-le-gouverneur-de-la-beac#primaryimage","url":"https:\/\/static.africa-press.net\/tchad\/sites\/41\/2022\/08\/postQueueImg_17.jpg","contentUrl":"https:\/\/static.africa-press.net\/tchad\/sites\/41\/2022\/08\/postQueueImg_17.jpg","width":780,"height":440,"caption":"Bras de fer entre le pr\u00e9sident de l\u2019UMAC et le gouverneur de la BEAC"},{"@type":"BreadcrumbList","@id":"https:\/\/www.africa-press.net\/tchad\/economie\/bras-de-fer-entre-le-president-de-lumac-et-le-gouverneur-de-la-beac#breadcrumb","itemListElement":[{"@type":"ListItem","position":1,"name":"Accueil","item":"https:\/\/www.africa-press.net\/tchad\/"},{"@type":"ListItem","position":2,"name":"Bras de fer entre le pr\u00e9sident de l\u2019UMAC et le gouverneur de la BEAC"}]},{"@type":"WebSite","@id":"https:\/\/www.africa-press.net\/tchad\/#website","url":"https:\/\/www.africa-press.net\/tchad\/","name":"tchad","description":"Just another Africa News Agency Sites site","potentialAction":[{"@type":"SearchAction","target":{"@type":"EntryPoint","urlTemplate":"https:\/\/www.africa-press.net\/tchad\/?s={search_term_string}"},"query-input":{"@type":"PropertyValueSpecification","valueRequired":true,"valueName":"search_term_string"}}],"inLanguage":"fr-FR"},{"@type":"Person","@id":"https:\/\/www.africa-press.net\/tchad\/#\/schema\/person\/2b1cf3cd81a31e3cd26889ca66d677f1","name":"cfeditorfr"}]}},"_links":{"self":[{"href":"https:\/\/www.africa-press.net\/tchad\/wp-json\/wp\/v2\/posts\/30035","targetHints":{"allow":["GET"]}}],"collection":[{"href":"https:\/\/www.africa-press.net\/tchad\/wp-json\/wp\/v2\/posts"}],"about":[{"href":"https:\/\/www.africa-press.net\/tchad\/wp-json\/wp\/v2\/types\/post"}],"author":[{"embeddable":true,"href":"https:\/\/www.africa-press.net\/tchad\/wp-json\/wp\/v2\/users\/82"}],"replies":[{"embeddable":true,"href":"https:\/\/www.africa-press.net\/tchad\/wp-json\/wp\/v2\/comments?post=30035"}],"version-history":[{"count":0,"href":"https:\/\/www.africa-press.net\/tchad\/wp-json\/wp\/v2\/posts\/30035\/revisions"}],"wp:featuredmedia":[{"embeddable":true,"href":"https:\/\/www.africa-press.net\/tchad\/wp-json\/wp\/v2\/media\/30034"}],"wp:attachment":[{"href":"https:\/\/www.africa-press.net\/tchad\/wp-json\/wp\/v2\/media?parent=30035"}],"wp:term":[{"taxonomy":"category","embeddable":true,"href":"https:\/\/www.africa-press.net\/tchad\/wp-json\/wp\/v2\/categories?post=30035"},{"taxonomy":"post_tag","embeddable":true,"href":"https:\/\/www.africa-press.net\/tchad\/wp-json\/wp\/v2\/tags?post=30035"}],"curies":[{"name":"wp","href":"https:\/\/api.w.org\/{rel}","templated":true}]}}