{"id":30051,"date":"2022-08-03T14:48:03","date_gmt":"2022-08-03T14:48:03","guid":{"rendered":"https:\/\/www.africa-press.net\/tchad\/politique\/comment-eliminer-la-fievre-jaune-au-tchad"},"modified":"2022-08-03T16:06:09","modified_gmt":"2022-08-03T16:06:09","slug":"comment-eliminer-la-fievre-jaune-au-tchad","status":"publish","type":"post","link":"https:\/\/www.africa-press.net\/tchad\/toutes-les-actualites\/comment-eliminer-la-fievre-jaune-au-tchad","title":{"rendered":"comment \u00e9liminer la fi\u00e8vre jaune au Tchad ?"},"content":{"rendered":"<p><span style=\"color: #ff6600\"><strong>Africa-Press &#8211; Tchad. <\/strong><\/span>Le minist\u00e8re de la sant\u00e9 en collaboration avec l\u2019Organisation mondiale de la sant\u00e9 (OMS) organise un atelier d\u2019\u00e9laboration du plan strat\u00e9gique pour l\u2019\u00e9limination de la fi\u00e8vre jaune au Tchad. A l\u2019instar des autres pays membres de l\u2019OMS, le Tchad s\u2019est joint \u00e0 cette strat\u00e9gie mondiale pour l\u2019\u00e9limination des \u00e9pid\u00e9mies de fi\u00e8vre jaune (EYE) d\u2019ici 2026.<\/p>\n<p>Des experts venus d\u2019Afrique et du Tchad avec les partenaires de la vaccination notamment l\u2019OMS, l\u2019UNICEF, les fondations Bill et M\u00e9linda Gates, Aliko Dangot\u00e9, GAVI, Banque mondiale, sont r\u00e9unis pour discuter sur la question d\u2019\u00e9limination de la fi\u00e8vre jaune au Tchad. Pendant trois jours, ces experts vont sortir un plan strat\u00e9gique multisectoriel d\u2019\u00e9limination de la fi\u00e8vre jaune au Tchad sera \u00e9labor\u00e9 avec une feuille de route pour la mobilisation des ressources.<\/p>\n<p>Le secr\u00e9taire g\u00e9n\u00e9ral adjoint du minist\u00e8re de la Sant\u00e9 publique, Dr Mahamat Hamid Ahmat a soulign\u00e9 que la fi\u00e8vre jaune peut tr\u00e8s facilement \u00eatre transmise d\u2019un pays tropical \u00e0 un autre du fait du caract\u00e8re ubiquitaire des vecteurs et notamment d\u2019Aedes aegypti. \u201cLes \u00e9pid\u00e9mies de fi\u00e8vre jaune surviennent dans ce contexte de mobilit\u00e9 de population permettant de faire le lien entre le cycle sauvage et les \u00e9pid\u00e9mies urbaines\u201c.<\/p>\n<p>Il rel\u00e8ve que le risque de propagation internationale, les modifcations de l\u2019\u00e9pid\u00e9miologie de cette maladie et la r\u00e9surgence des moustiques constituent une menace mondiale nouvelle qui appelle une r\u00e9fexion strat\u00e9gique nouvelle. En 2013, suite \u00e0 une \u00e9pid\u00e9mie de fi\u00e8vre jaune au Soudan, le Tchad a enregistr\u00e9 139 cas suspects dont 9 d\u00e9c\u00e8s. \u201cCompte tenu de la faible couverture vaccinale, nous notons des cas suspects chaque ann\u00e9e. Ainsi, de la premi\u00e8re semaine \u00e9pid\u00e9miologique (S1) 2021 \u00e0 la 29 semaine (2022), 1 606 cas suspects de fi\u00e8vre jaune ont \u00e9t\u00e9 notifi\u00e9 dans 116 districts avec 7 d\u00e9c\u00e8s\u201c.<\/p>\n<p>Malgr\u00e9 les efforts du gouvernement avec l\u2019appui technique et financier de nos partenaires, l\u2019incidence de cette maladie devient inqui\u00e9tante. \u201cC\u2019est pourquoi, je suis convaincu que lors de vos \u00e9changes au cours de cet atelier permettrons d\u2019avoir un plan clair. Nous devons doubler d\u2019efforts pour que notre pays soit un pays sans fi\u00e8vre jaune et pour toujours. Chacun d\u2019entre nous doit veiller \u00e0 ce que tous les voyageurs soient munis de leurs cartes de vaccination contre la fi\u00e8vre jaune aux points d\u2019entr\u00e9e et de sortie\u201c, conclut-il.<\/p>\n<p><strong>Pour plus d&rsquo;informations et d&rsquo;analyses sur la <a href=\"https:\/\/www.africa-press.net\/tchad\">Tchad<\/a>, suivez <a href=\"https:\/\/www.africa-press.net\/\">Africa-Press<\/a><\/strong><\/p>\n","protected":false},"excerpt":{"rendered":"<p>Africa-Press &#8211; Tchad. Le minist\u00e8re de la sant\u00e9 en collaboration avec l\u2019Organisation mondiale de la sant\u00e9 (OMS) organise un atelier d\u2019\u00e9laboration du plan strat\u00e9gique pour l\u2019\u00e9limination de la fi\u00e8vre jaune au Tchad. A l\u2019instar des autres pays membres de l\u2019OMS, le Tchad s\u2019est joint \u00e0 cette strat\u00e9gie mondiale pour l\u2019\u00e9limination des \u00e9pid\u00e9mies de fi\u00e8vre jaune [&hellip;]<\/p>\n","protected":false},"author":82,"featured_media":30050,"comment_status":"open","ping_status":"closed","sticky":false,"template":"","format":"standard","meta":{"footnotes":""},"categories":[21,11,10],"tags":[37,292,29],"class_list":["post-30051","post","type-post","status-publish","format-standard","has-post-thumbnail","hentry","category-communaute","category-homepage-french","category-toutes-les-actualites","tag-africa-press","tag-africa-press-tchad","tag-tchad"],"yoast_head":"<!-- This site is optimized with the Yoast SEO Premium plugin v26.1 (Yoast SEO v27.0) - https:\/\/yoast.com\/product\/yoast-seo-premium-wordpress\/ -->\n<title>comment \u00e9liminer la fi\u00e8vre jaune au Tchad ? - tchad<\/title>\n<meta name=\"description\" content=\"Le minist\u00e8re de la sant\u00e9 en collaboration avec l\u2019Organisation mondiale de la sant\u00e9 (OMS) organise un atelier d\u2019\u00e9laborati ...\" \/>\n<meta name=\"robots\" content=\"index, follow, max-snippet:-1, max-image-preview:large, max-video-preview:-1\" \/>\n<link rel=\"canonical\" href=\"https:\/\/www.africa-press.net\/tchad\/toutes-les-actualites\/comment-eliminer-la-fievre-jaune-au-tchad\" \/>\n<meta property=\"og:locale\" content=\"fr_FR\" \/>\n<meta property=\"og:type\" content=\"article\" \/>\n<meta property=\"og:title\" content=\"comment \u00e9liminer la fi\u00e8vre jaune au Tchad ?\" \/>\n<meta property=\"og:description\" content=\"Le minist\u00e8re de la sant\u00e9 en collaboration avec l\u2019Organisation mondiale de la sant\u00e9 (OMS) organise un atelier d\u2019\u00e9laborati ...\" \/>\n<meta property=\"og:url\" content=\"https:\/\/www.africa-press.net\/tchad\/toutes-les-actualites\/comment-eliminer-la-fievre-jaune-au-tchad\" \/>\n<meta property=\"og:site_name\" content=\"tchad\" \/>\n<meta property=\"article:published_time\" content=\"2022-08-03T14:48:03+00:00\" \/>\n<meta property=\"article:modified_time\" content=\"2022-08-03T16:06:09+00:00\" \/>\n<meta property=\"og:image\" content=\"https:\/\/static.africa-press.net\/tchad\/sites\/41\/2022\/08\/postQueueImg_1-62ea9cbd4184c.jpg\" \/>\n\t<meta property=\"og:image:width\" content=\"696\" \/>\n\t<meta property=\"og:image:height\" content=\"489\" \/>\n\t<meta property=\"og:image:type\" content=\"image\/jpeg\" \/>\n<meta name=\"author\" content=\"cfeditorfr\" \/>\n<meta name=\"twitter:card\" content=\"summary_large_image\" \/>\n<meta name=\"twitter:label1\" content=\"\u00c9crit par\" \/>\n\t<meta name=\"twitter:data1\" content=\"cfeditorfr\" \/>\n\t<meta name=\"twitter:label2\" content=\"Dur\u00e9e de lecture estim\u00e9e\" \/>\n\t<meta name=\"twitter:data2\" content=\"2 minutes\" \/>\n<script type=\"application\/ld+json\" class=\"yoast-schema-graph\">{\"@context\":\"https:\/\/schema.org\",\"@graph\":[{\"@type\":\"Article\",\"@id\":\"https:\/\/www.africa-press.net\/tchad\/toutes-les-actualites\/comment-eliminer-la-fievre-jaune-au-tchad#article\",\"isPartOf\":{\"@id\":\"https:\/\/www.africa-press.net\/tchad\/toutes-les-actualites\/comment-eliminer-la-fievre-jaune-au-tchad\"},\"author\":{\"name\":\"cfeditorfr\",\"@id\":\"https:\/\/www.africa-press.net\/tchad\/#\/schema\/person\/2b1cf3cd81a31e3cd26889ca66d677f1\"},\"headline\":\"comment \u00e9liminer la fi\u00e8vre jaune au Tchad ?\",\"datePublished\":\"2022-08-03T14:48:03+00:00\",\"dateModified\":\"2022-08-03T16:06:09+00:00\",\"mainEntityOfPage\":{\"@id\":\"https:\/\/www.africa-press.net\/tchad\/toutes-les-actualites\/comment-eliminer-la-fievre-jaune-au-tchad\"},\"wordCount\":444,\"commentCount\":0,\"image\":{\"@id\":\"https:\/\/www.africa-press.net\/tchad\/toutes-les-actualites\/comment-eliminer-la-fievre-jaune-au-tchad#primaryimage\"},\"thumbnailUrl\":\"https:\/\/static.africa-press.net\/tchad\/sites\/41\/2022\/08\/postQueueImg_1-62ea9cbd4184c.jpg\",\"keywords\":[\"Africa Press\",\"Africa Press-Tchad\",\"Tchad\"],\"articleSection\":[\"Communaut\u00e9\",\"homepage-french\",\"Toutes les actualit\u00e9s\"],\"inLanguage\":\"fr-FR\",\"potentialAction\":[{\"@type\":\"CommentAction\",\"name\":\"Comment\",\"target\":[\"https:\/\/www.africa-press.net\/tchad\/toutes-les-actualites\/comment-eliminer-la-fievre-jaune-au-tchad#respond\"]}]},{\"@type\":\"WebPage\",\"@id\":\"https:\/\/www.africa-press.net\/tchad\/toutes-les-actualites\/comment-eliminer-la-fievre-jaune-au-tchad\",\"url\":\"https:\/\/www.africa-press.net\/tchad\/toutes-les-actualites\/comment-eliminer-la-fievre-jaune-au-tchad\",\"name\":\"comment \u00e9liminer la fi\u00e8vre jaune au Tchad ? - tchad\",\"isPartOf\":{\"@id\":\"https:\/\/www.africa-press.net\/tchad\/#website\"},\"primaryImageOfPage\":{\"@id\":\"https:\/\/www.africa-press.net\/tchad\/toutes-les-actualites\/comment-eliminer-la-fievre-jaune-au-tchad#primaryimage\"},\"image\":{\"@id\":\"https:\/\/www.africa-press.net\/tchad\/toutes-les-actualites\/comment-eliminer-la-fievre-jaune-au-tchad#primaryimage\"},\"thumbnailUrl\":\"https:\/\/static.africa-press.net\/tchad\/sites\/41\/2022\/08\/postQueueImg_1-62ea9cbd4184c.jpg\",\"datePublished\":\"2022-08-03T14:48:03+00:00\",\"dateModified\":\"2022-08-03T16:06:09+00:00\",\"author\":{\"@id\":\"https:\/\/www.africa-press.net\/tchad\/#\/schema\/person\/2b1cf3cd81a31e3cd26889ca66d677f1\"},\"description\":\"Le minist\u00e8re de la sant\u00e9 en collaboration avec l\u2019Organisation mondiale de la sant\u00e9 (OMS) organise un atelier d\u2019\u00e9laborati ...\",\"breadcrumb\":{\"@id\":\"https:\/\/www.africa-press.net\/tchad\/toutes-les-actualites\/comment-eliminer-la-fievre-jaune-au-tchad#breadcrumb\"},\"inLanguage\":\"fr-FR\",\"potentialAction\":[{\"@type\":\"ReadAction\",\"target\":[\"https:\/\/www.africa-press.net\/tchad\/toutes-les-actualites\/comment-eliminer-la-fievre-jaune-au-tchad\"]}]},{\"@type\":\"ImageObject\",\"inLanguage\":\"fr-FR\",\"@id\":\"https:\/\/www.africa-press.net\/tchad\/toutes-les-actualites\/comment-eliminer-la-fievre-jaune-au-tchad#primaryimage\",\"url\":\"https:\/\/static.africa-press.net\/tchad\/sites\/41\/2022\/08\/postQueueImg_1-62ea9cbd4184c.jpg\",\"contentUrl\":\"https:\/\/static.africa-press.net\/tchad\/sites\/41\/2022\/08\/postQueueImg_1-62ea9cbd4184c.jpg\",\"width\":696,\"height\":489,\"caption\":\"comment \u00e9liminer la fi\u00e8vre jaune au Tchad ?\"},{\"@type\":\"BreadcrumbList\",\"@id\":\"https:\/\/www.africa-press.net\/tchad\/toutes-les-actualites\/comment-eliminer-la-fievre-jaune-au-tchad#breadcrumb\",\"itemListElement\":[{\"@type\":\"ListItem\",\"position\":1,\"name\":\"Accueil\",\"item\":\"https:\/\/www.africa-press.net\/tchad\/\"},{\"@type\":\"ListItem\",\"position\":2,\"name\":\"comment \u00e9liminer la fi\u00e8vre jaune au Tchad ?\"}]},{\"@type\":\"WebSite\",\"@id\":\"https:\/\/www.africa-press.net\/tchad\/#website\",\"url\":\"https:\/\/www.africa-press.net\/tchad\/\",\"name\":\"tchad\",\"description\":\"Just another Africa News Agency Sites site\",\"potentialAction\":[{\"@type\":\"SearchAction\",\"target\":{\"@type\":\"EntryPoint\",\"urlTemplate\":\"https:\/\/www.africa-press.net\/tchad\/?s={search_term_string}\"},\"query-input\":{\"@type\":\"PropertyValueSpecification\",\"valueRequired\":true,\"valueName\":\"search_term_string\"}}],\"inLanguage\":\"fr-FR\"},{\"@type\":\"Person\",\"@id\":\"https:\/\/www.africa-press.net\/tchad\/#\/schema\/person\/2b1cf3cd81a31e3cd26889ca66d677f1\",\"name\":\"cfeditorfr\"}]}<\/script>\n<!-- \/ Yoast SEO Premium plugin. -->","yoast_head_json":{"title":"comment \u00e9liminer la fi\u00e8vre jaune au Tchad ? - tchad","description":"Le minist\u00e8re de la sant\u00e9 en collaboration avec l\u2019Organisation mondiale de la sant\u00e9 (OMS) organise un atelier d\u2019\u00e9laborati ...","robots":{"index":"index","follow":"follow","max-snippet":"max-snippet:-1","max-image-preview":"max-image-preview:large","max-video-preview":"max-video-preview:-1"},"canonical":"https:\/\/www.africa-press.net\/tchad\/toutes-les-actualites\/comment-eliminer-la-fievre-jaune-au-tchad","og_locale":"fr_FR","og_type":"article","og_title":"comment \u00e9liminer la fi\u00e8vre jaune au Tchad ?","og_description":"Le minist\u00e8re de la sant\u00e9 en collaboration avec l\u2019Organisation mondiale de la sant\u00e9 (OMS) organise un atelier d\u2019\u00e9laborati ...","og_url":"https:\/\/www.africa-press.net\/tchad\/toutes-les-actualites\/comment-eliminer-la-fievre-jaune-au-tchad","og_site_name":"tchad","article_published_time":"2022-08-03T14:48:03+00:00","article_modified_time":"2022-08-03T16:06:09+00:00","og_image":[{"width":696,"height":489,"url":"https:\/\/static.africa-press.net\/tchad\/sites\/41\/2022\/08\/postQueueImg_1-62ea9cbd4184c.jpg","type":"image\/jpeg"}],"author":"cfeditorfr","twitter_card":"summary_large_image","twitter_misc":{"\u00c9crit par":"cfeditorfr","Dur\u00e9e de lecture estim\u00e9e":"2 minutes"},"schema":{"@context":"https:\/\/schema.org","@graph":[{"@type":"Article","@id":"https:\/\/www.africa-press.net\/tchad\/toutes-les-actualites\/comment-eliminer-la-fievre-jaune-au-tchad#article","isPartOf":{"@id":"https:\/\/www.africa-press.net\/tchad\/toutes-les-actualites\/comment-eliminer-la-fievre-jaune-au-tchad"},"author":{"name":"cfeditorfr","@id":"https:\/\/www.africa-press.net\/tchad\/#\/schema\/person\/2b1cf3cd81a31e3cd26889ca66d677f1"},"headline":"comment \u00e9liminer la fi\u00e8vre jaune au Tchad ?","datePublished":"2022-08-03T14:48:03+00:00","dateModified":"2022-08-03T16:06:09+00:00","mainEntityOfPage":{"@id":"https:\/\/www.africa-press.net\/tchad\/toutes-les-actualites\/comment-eliminer-la-fievre-jaune-au-tchad"},"wordCount":444,"commentCount":0,"image":{"@id":"https:\/\/www.africa-press.net\/tchad\/toutes-les-actualites\/comment-eliminer-la-fievre-jaune-au-tchad#primaryimage"},"thumbnailUrl":"https:\/\/static.africa-press.net\/tchad\/sites\/41\/2022\/08\/postQueueImg_1-62ea9cbd4184c.jpg","keywords":["Africa Press","Africa Press-Tchad","Tchad"],"articleSection":["Communaut\u00e9","homepage-french","Toutes les actualit\u00e9s"],"inLanguage":"fr-FR","potentialAction":[{"@type":"CommentAction","name":"Comment","target":["https:\/\/www.africa-press.net\/tchad\/toutes-les-actualites\/comment-eliminer-la-fievre-jaune-au-tchad#respond"]}]},{"@type":"WebPage","@id":"https:\/\/www.africa-press.net\/tchad\/toutes-les-actualites\/comment-eliminer-la-fievre-jaune-au-tchad","url":"https:\/\/www.africa-press.net\/tchad\/toutes-les-actualites\/comment-eliminer-la-fievre-jaune-au-tchad","name":"comment \u00e9liminer la fi\u00e8vre jaune au Tchad ? - tchad","isPartOf":{"@id":"https:\/\/www.africa-press.net\/tchad\/#website"},"primaryImageOfPage":{"@id":"https:\/\/www.africa-press.net\/tchad\/toutes-les-actualites\/comment-eliminer-la-fievre-jaune-au-tchad#primaryimage"},"image":{"@id":"https:\/\/www.africa-press.net\/tchad\/toutes-les-actualites\/comment-eliminer-la-fievre-jaune-au-tchad#primaryimage"},"thumbnailUrl":"https:\/\/static.africa-press.net\/tchad\/sites\/41\/2022\/08\/postQueueImg_1-62ea9cbd4184c.jpg","datePublished":"2022-08-03T14:48:03+00:00","dateModified":"2022-08-03T16:06:09+00:00","author":{"@id":"https:\/\/www.africa-press.net\/tchad\/#\/schema\/person\/2b1cf3cd81a31e3cd26889ca66d677f1"},"description":"Le minist\u00e8re de la sant\u00e9 en collaboration avec l\u2019Organisation mondiale de la sant\u00e9 (OMS) organise un atelier d\u2019\u00e9laborati ...","breadcrumb":{"@id":"https:\/\/www.africa-press.net\/tchad\/toutes-les-actualites\/comment-eliminer-la-fievre-jaune-au-tchad#breadcrumb"},"inLanguage":"fr-FR","potentialAction":[{"@type":"ReadAction","target":["https:\/\/www.africa-press.net\/tchad\/toutes-les-actualites\/comment-eliminer-la-fievre-jaune-au-tchad"]}]},{"@type":"ImageObject","inLanguage":"fr-FR","@id":"https:\/\/www.africa-press.net\/tchad\/toutes-les-actualites\/comment-eliminer-la-fievre-jaune-au-tchad#primaryimage","url":"https:\/\/static.africa-press.net\/tchad\/sites\/41\/2022\/08\/postQueueImg_1-62ea9cbd4184c.jpg","contentUrl":"https:\/\/static.africa-press.net\/tchad\/sites\/41\/2022\/08\/postQueueImg_1-62ea9cbd4184c.jpg","width":696,"height":489,"caption":"comment \u00e9liminer la fi\u00e8vre jaune au Tchad ?"},{"@type":"BreadcrumbList","@id":"https:\/\/www.africa-press.net\/tchad\/toutes-les-actualites\/comment-eliminer-la-fievre-jaune-au-tchad#breadcrumb","itemListElement":[{"@type":"ListItem","position":1,"name":"Accueil","item":"https:\/\/www.africa-press.net\/tchad\/"},{"@type":"ListItem","position":2,"name":"comment \u00e9liminer la fi\u00e8vre jaune au Tchad ?"}]},{"@type":"WebSite","@id":"https:\/\/www.africa-press.net\/tchad\/#website","url":"https:\/\/www.africa-press.net\/tchad\/","name":"tchad","description":"Just another Africa News Agency Sites site","potentialAction":[{"@type":"SearchAction","target":{"@type":"EntryPoint","urlTemplate":"https:\/\/www.africa-press.net\/tchad\/?s={search_term_string}"},"query-input":{"@type":"PropertyValueSpecification","valueRequired":true,"valueName":"search_term_string"}}],"inLanguage":"fr-FR"},{"@type":"Person","@id":"https:\/\/www.africa-press.net\/tchad\/#\/schema\/person\/2b1cf3cd81a31e3cd26889ca66d677f1","name":"cfeditorfr"}]}},"_links":{"self":[{"href":"https:\/\/www.africa-press.net\/tchad\/wp-json\/wp\/v2\/posts\/30051","targetHints":{"allow":["GET"]}}],"collection":[{"href":"https:\/\/www.africa-press.net\/tchad\/wp-json\/wp\/v2\/posts"}],"about":[{"href":"https:\/\/www.africa-press.net\/tchad\/wp-json\/wp\/v2\/types\/post"}],"author":[{"embeddable":true,"href":"https:\/\/www.africa-press.net\/tchad\/wp-json\/wp\/v2\/users\/82"}],"replies":[{"embeddable":true,"href":"https:\/\/www.africa-press.net\/tchad\/wp-json\/wp\/v2\/comments?post=30051"}],"version-history":[{"count":0,"href":"https:\/\/www.africa-press.net\/tchad\/wp-json\/wp\/v2\/posts\/30051\/revisions"}],"wp:featuredmedia":[{"embeddable":true,"href":"https:\/\/www.africa-press.net\/tchad\/wp-json\/wp\/v2\/media\/30050"}],"wp:attachment":[{"href":"https:\/\/www.africa-press.net\/tchad\/wp-json\/wp\/v2\/media?parent=30051"}],"wp:term":[{"taxonomy":"category","embeddable":true,"href":"https:\/\/www.africa-press.net\/tchad\/wp-json\/wp\/v2\/categories?post=30051"},{"taxonomy":"post_tag","embeddable":true,"href":"https:\/\/www.africa-press.net\/tchad\/wp-json\/wp\/v2\/tags?post=30051"}],"curies":[{"name":"wp","href":"https:\/\/api.w.org\/{rel}","templated":true}]}}