{"id":30054,"date":"2022-08-03T14:48:48","date_gmt":"2022-08-03T14:48:48","guid":{"rendered":"https:\/\/www.africa-press.net\/tchad\/politique\/des-acteurs-de-la-societe-civile-demandent-un-dialogue-veritablement-inclusif"},"modified":"2022-08-03T16:06:43","modified_gmt":"2022-08-03T16:06:43","slug":"des-acteurs-de-la-societe-civile-demandent-un-dialogue-veritablement-inclusif","status":"publish","type":"post","link":"https:\/\/www.africa-press.net\/tchad\/politique\/des-acteurs-de-la-societe-civile-demandent-un-dialogue-veritablement-inclusif","title":{"rendered":"Des acteurs de la soci\u00e9t\u00e9 civile demandent un dialogue v\u00e9ritablement inclusif"},"content":{"rendered":"<p><span style=\"color: #ff6600\"><strong>Africa-Press &#8211; Tchad. <\/strong><\/span>A moins de trois semaines du d\u00e9but du dialogue national, des acteurs de la soci\u00e9t\u00e9 civile s\u2019estiment \u00e9cart\u00e9s ou confus et appellent \u00e0 ce que cette Assise soit v\u00e9ritablement inclusive. Toutefois, certains se convainquent qu\u2019au sortir de cette rencontre, un Tchad nouveau sera redessin\u00e9.<\/p>\n<p><a name=\"tchad-834293159\"><\/a>Le 20 ao\u00fbt, date du d\u00e9but du dialogue national, s\u2019approche \u00e0 grands pas. Entre-temps, le pr\u00e9sident de transition multiplie les rencontres avec les diff\u00e9rentes sensibilit\u00e9s de la soci\u00e9t\u00e9 pour les convaincre de son bien-fond\u00e9. Mais, le doute demeure. \u00ab Si r\u00e9ellement le pr\u00e9sident de transition veut sauver le Tchad, qu\u2019il pense \u00e0 plus d\u2019inclusion dans ce processus. Il faut laisser les jeunes d\u00e9signer leurs repr\u00e9sentants \u00e0 ce dialogue. Si l\u2019opportunit\u00e9 nous est offerte de participer \u00e0 ce dialogue, nous irons avec des propositions concr\u00e8tes comme comment faire pour pallier le ch\u00f4mage en milieu jeune ; l\u2019\u00e9quit\u00e9 dans les nominations, etc. \u00bb, cite le pr\u00e9sident de l\u2019association \u00ab je respecte ma ville \u00bb, Assia Boum Blagu\u00e9.<\/p>\n<p>De son c\u00f4t\u00e9, le Mouvement citoyen \u00ab Notre Tchad \u00bb (MOCINT) invite tous les Tchadiens \u00e0 participer \u00e0 ce dialogue. Il plaide pour une v\u00e9ritable inclusion et appelle les participants \u00e0 privil\u00e9gier l\u2019int\u00e9r\u00eat supr\u00eame du pays. \u00ab La date du 20 ao\u00fbt est un grand rendez-vous de l\u2019histoire. L\u2019avenir de notre pays sera redessin\u00e9 lors de ces assises. Nous ne voulons pas \u00eatre spectateurs, mais plut\u00f4t nous souhaiterions \u00eatre acteurs. Bien que n\u2019ayant pas \u00e9t\u00e9 associ\u00e9s aux sous-comit\u00e9s th\u00e9matiques du Comit\u00e9 d\u2019organisation du dialogue national inclusif (CODNI), nous r\u00e9it\u00e9rons notre disponibilit\u00e9 \u00e0 participer pleinement \u00e0 ce dialogue. A l\u2019issue de cette rencontre, nous caressons le r\u00eave d\u2019un Tchad \u00e9pris de paix et de justice. Que chaque responsable, \u00e0 quelque niveau que ce soit privil\u00e9gie le Tchad. Nous souhaiterions ardemment que toutes les forces vives puissent fumer le calumet de la paix afin qu\u2019ensemble nous jetons les bases d\u2019un pays r\u00e9concili\u00e9, pacifi\u00e9 et r\u00e9solument tourn\u00e9 vers l\u2019avenir \u00bb, souhaite le pr\u00e9sident du MOCINT, Korom Acyl Dagache.<\/p>\n<p>Pour le coordinateur national du Comit\u00e9 de suivi de l\u2019appel \u00e0 la paix et \u00e0 la r\u00e9conciliation (CSAPR), Abderaman Ali Gossoumian, le dialogue national se pr\u00e9pare dans un climat de confusion, car ne requ\u00e9rant pas l\u2019adh\u00e9sion de tous les acteurs nationaux. Certes, reconna\u00eet-il, le Comit\u00e9 d\u2019organisation a travaill\u00e9 mais il reste des \u00ab non-dits \u00bb. \u00ab Nous sommes \u00e0 17 jours de l\u2019ouverture de ce dialogue, aucun acteur ne sait exactement qui va prendre part \u00e0 ces assises. Nous pensons que le pr\u00e9sidium du dialogue doit \u00eatre compos\u00e9 des personnalit\u00e9s ind\u00e9pendantes pour rassurer tous les Tchadiens. Il faut \u00e9viter les erreurs du pass\u00e9. Que la politique partisane s\u2019arr\u00eate \u00bb. Tout de m\u00eame, \u00ab restons positifs sur ce qui va se passer \u00bb.<\/p>\n<p>Le pr\u00e9sident de \u00ab je respecte ma ville \u00bb pr\u00e9vient que si ce dialogue \u00e9choue, \u00ab le Tchad sera difficile \u00e0 g\u00e9rer \u00bb.<\/p>\n<p><strong>Pour plus d&rsquo;informations et d&rsquo;analyses sur la <a href=\"https:\/\/www.africa-press.net\/tchad\">Tchad<\/a>, suivez <a href=\"https:\/\/www.africa-press.net\/\">Africa-Press<\/a><\/strong><\/p>\n","protected":false},"excerpt":{"rendered":"<p>Africa-Press &#8211; Tchad. A moins de trois semaines du d\u00e9but du dialogue national, des acteurs de la soci\u00e9t\u00e9 civile s\u2019estiment \u00e9cart\u00e9s ou confus et appellent \u00e0 ce que cette Assise soit v\u00e9ritablement inclusive. Toutefois, certains se convainquent qu\u2019au sortir de cette rencontre, un Tchad nouveau sera redessin\u00e9. Le 20 ao\u00fbt, date du d\u00e9but du dialogue [&hellip;]<\/p>\n","protected":false},"author":82,"featured_media":30053,"comment_status":"open","ping_status":"closed","sticky":false,"template":"","format":"standard","meta":{"footnotes":""},"categories":[11,2,10],"tags":[37,292,29],"class_list":["post-30054","post","type-post","status-publish","format-standard","has-post-thumbnail","hentry","category-homepage-french","category-politique","category-toutes-les-actualites","tag-africa-press","tag-africa-press-tchad","tag-tchad"],"yoast_head":"<!-- This site is optimized with the Yoast SEO Premium plugin v26.1 (Yoast SEO v27.0) - https:\/\/yoast.com\/product\/yoast-seo-premium-wordpress\/ -->\n<title>Des acteurs de la soci\u00e9t\u00e9 civile demandent un dialogue v\u00e9ritablement inclusif - tchad<\/title>\n<meta name=\"description\" content=\"A moins de trois semaines du d\u00e9but du dialogue national, des acteurs de la soci\u00e9t\u00e9 civile s\u2019estiment \u00e9cart\u00e9s ou confus e ...\" \/>\n<meta name=\"robots\" content=\"index, follow, max-snippet:-1, max-image-preview:large, max-video-preview:-1\" \/>\n<link rel=\"canonical\" href=\"https:\/\/www.africa-press.net\/tchad\/politique\/des-acteurs-de-la-societe-civile-demandent-un-dialogue-veritablement-inclusif\" \/>\n<meta property=\"og:locale\" content=\"fr_FR\" \/>\n<meta property=\"og:type\" content=\"article\" \/>\n<meta property=\"og:title\" content=\"Des acteurs de la soci\u00e9t\u00e9 civile demandent un dialogue v\u00e9ritablement inclusif\" \/>\n<meta property=\"og:description\" content=\"A moins de trois semaines du d\u00e9but du dialogue national, des acteurs de la soci\u00e9t\u00e9 civile s\u2019estiment \u00e9cart\u00e9s ou confus e ...\" \/>\n<meta property=\"og:url\" content=\"https:\/\/www.africa-press.net\/tchad\/politique\/des-acteurs-de-la-societe-civile-demandent-un-dialogue-veritablement-inclusif\" \/>\n<meta property=\"og:site_name\" content=\"tchad\" \/>\n<meta property=\"article:published_time\" content=\"2022-08-03T14:48:48+00:00\" \/>\n<meta property=\"article:modified_time\" content=\"2022-08-03T16:06:43+00:00\" \/>\n<meta property=\"og:image\" content=\"https:\/\/static.africa-press.net\/tchad\/sites\/41\/2022\/08\/postQueueImg_2-62ea9cf6687be.jpg\" \/>\n\t<meta property=\"og:image:width\" content=\"696\" \/>\n\t<meta property=\"og:image:height\" content=\"391\" \/>\n\t<meta property=\"og:image:type\" content=\"image\/jpeg\" \/>\n<meta name=\"author\" content=\"cfeditorfr\" \/>\n<meta name=\"twitter:card\" content=\"summary_large_image\" \/>\n<meta name=\"twitter:label1\" content=\"\u00c9crit par\" \/>\n\t<meta name=\"twitter:data1\" content=\"cfeditorfr\" \/>\n\t<meta name=\"twitter:label2\" content=\"Dur\u00e9e de lecture estim\u00e9e\" \/>\n\t<meta name=\"twitter:data2\" content=\"3 minutes\" \/>\n<script type=\"application\/ld+json\" class=\"yoast-schema-graph\">{\"@context\":\"https:\/\/schema.org\",\"@graph\":[{\"@type\":\"Article\",\"@id\":\"https:\/\/www.africa-press.net\/tchad\/politique\/des-acteurs-de-la-societe-civile-demandent-un-dialogue-veritablement-inclusif#article\",\"isPartOf\":{\"@id\":\"https:\/\/www.africa-press.net\/tchad\/politique\/des-acteurs-de-la-societe-civile-demandent-un-dialogue-veritablement-inclusif\"},\"author\":{\"name\":\"cfeditorfr\",\"@id\":\"https:\/\/www.africa-press.net\/tchad\/#\/schema\/person\/2b1cf3cd81a31e3cd26889ca66d677f1\"},\"headline\":\"Des acteurs de la soci\u00e9t\u00e9 civile demandent un dialogue v\u00e9ritablement inclusif\",\"datePublished\":\"2022-08-03T14:48:48+00:00\",\"dateModified\":\"2022-08-03T16:06:43+00:00\",\"mainEntityOfPage\":{\"@id\":\"https:\/\/www.africa-press.net\/tchad\/politique\/des-acteurs-de-la-societe-civile-demandent-un-dialogue-veritablement-inclusif\"},\"wordCount\":530,\"commentCount\":0,\"image\":{\"@id\":\"https:\/\/www.africa-press.net\/tchad\/politique\/des-acteurs-de-la-societe-civile-demandent-un-dialogue-veritablement-inclusif#primaryimage\"},\"thumbnailUrl\":\"https:\/\/static.africa-press.net\/tchad\/sites\/41\/2022\/08\/postQueueImg_2-62ea9cf6687be.jpg\",\"keywords\":[\"Africa Press\",\"Africa Press-Tchad\",\"Tchad\"],\"articleSection\":[\"homepage-french\",\"Politique\",\"Toutes les actualit\u00e9s\"],\"inLanguage\":\"fr-FR\",\"potentialAction\":[{\"@type\":\"CommentAction\",\"name\":\"Comment\",\"target\":[\"https:\/\/www.africa-press.net\/tchad\/politique\/des-acteurs-de-la-societe-civile-demandent-un-dialogue-veritablement-inclusif#respond\"]}]},{\"@type\":\"WebPage\",\"@id\":\"https:\/\/www.africa-press.net\/tchad\/politique\/des-acteurs-de-la-societe-civile-demandent-un-dialogue-veritablement-inclusif\",\"url\":\"https:\/\/www.africa-press.net\/tchad\/politique\/des-acteurs-de-la-societe-civile-demandent-un-dialogue-veritablement-inclusif\",\"name\":\"Des acteurs de la soci\u00e9t\u00e9 civile demandent un dialogue v\u00e9ritablement inclusif - tchad\",\"isPartOf\":{\"@id\":\"https:\/\/www.africa-press.net\/tchad\/#website\"},\"primaryImageOfPage\":{\"@id\":\"https:\/\/www.africa-press.net\/tchad\/politique\/des-acteurs-de-la-societe-civile-demandent-un-dialogue-veritablement-inclusif#primaryimage\"},\"image\":{\"@id\":\"https:\/\/www.africa-press.net\/tchad\/politique\/des-acteurs-de-la-societe-civile-demandent-un-dialogue-veritablement-inclusif#primaryimage\"},\"thumbnailUrl\":\"https:\/\/static.africa-press.net\/tchad\/sites\/41\/2022\/08\/postQueueImg_2-62ea9cf6687be.jpg\",\"datePublished\":\"2022-08-03T14:48:48+00:00\",\"dateModified\":\"2022-08-03T16:06:43+00:00\",\"author\":{\"@id\":\"https:\/\/www.africa-press.net\/tchad\/#\/schema\/person\/2b1cf3cd81a31e3cd26889ca66d677f1\"},\"description\":\"A moins de trois semaines du d\u00e9but du dialogue national, des acteurs de la soci\u00e9t\u00e9 civile s\u2019estiment \u00e9cart\u00e9s ou confus e ...\",\"breadcrumb\":{\"@id\":\"https:\/\/www.africa-press.net\/tchad\/politique\/des-acteurs-de-la-societe-civile-demandent-un-dialogue-veritablement-inclusif#breadcrumb\"},\"inLanguage\":\"fr-FR\",\"potentialAction\":[{\"@type\":\"ReadAction\",\"target\":[\"https:\/\/www.africa-press.net\/tchad\/politique\/des-acteurs-de-la-societe-civile-demandent-un-dialogue-veritablement-inclusif\"]}]},{\"@type\":\"ImageObject\",\"inLanguage\":\"fr-FR\",\"@id\":\"https:\/\/www.africa-press.net\/tchad\/politique\/des-acteurs-de-la-societe-civile-demandent-un-dialogue-veritablement-inclusif#primaryimage\",\"url\":\"https:\/\/static.africa-press.net\/tchad\/sites\/41\/2022\/08\/postQueueImg_2-62ea9cf6687be.jpg\",\"contentUrl\":\"https:\/\/static.africa-press.net\/tchad\/sites\/41\/2022\/08\/postQueueImg_2-62ea9cf6687be.jpg\",\"width\":696,\"height\":391,\"caption\":\"Des acteurs de la soci\u00e9t\u00e9 civile demandent un dialogue v\u00e9ritablement inclusif\"},{\"@type\":\"BreadcrumbList\",\"@id\":\"https:\/\/www.africa-press.net\/tchad\/politique\/des-acteurs-de-la-societe-civile-demandent-un-dialogue-veritablement-inclusif#breadcrumb\",\"itemListElement\":[{\"@type\":\"ListItem\",\"position\":1,\"name\":\"Accueil\",\"item\":\"https:\/\/www.africa-press.net\/tchad\/\"},{\"@type\":\"ListItem\",\"position\":2,\"name\":\"Des acteurs de la soci\u00e9t\u00e9 civile demandent un dialogue v\u00e9ritablement inclusif\"}]},{\"@type\":\"WebSite\",\"@id\":\"https:\/\/www.africa-press.net\/tchad\/#website\",\"url\":\"https:\/\/www.africa-press.net\/tchad\/\",\"name\":\"tchad\",\"description\":\"Just another Africa News Agency Sites site\",\"potentialAction\":[{\"@type\":\"SearchAction\",\"target\":{\"@type\":\"EntryPoint\",\"urlTemplate\":\"https:\/\/www.africa-press.net\/tchad\/?s={search_term_string}\"},\"query-input\":{\"@type\":\"PropertyValueSpecification\",\"valueRequired\":true,\"valueName\":\"search_term_string\"}}],\"inLanguage\":\"fr-FR\"},{\"@type\":\"Person\",\"@id\":\"https:\/\/www.africa-press.net\/tchad\/#\/schema\/person\/2b1cf3cd81a31e3cd26889ca66d677f1\",\"name\":\"cfeditorfr\"}]}<\/script>\n<!-- \/ Yoast SEO Premium plugin. -->","yoast_head_json":{"title":"Des acteurs de la soci\u00e9t\u00e9 civile demandent un dialogue v\u00e9ritablement inclusif - tchad","description":"A moins de trois semaines du d\u00e9but du dialogue national, des acteurs de la soci\u00e9t\u00e9 civile s\u2019estiment \u00e9cart\u00e9s ou confus e ...","robots":{"index":"index","follow":"follow","max-snippet":"max-snippet:-1","max-image-preview":"max-image-preview:large","max-video-preview":"max-video-preview:-1"},"canonical":"https:\/\/www.africa-press.net\/tchad\/politique\/des-acteurs-de-la-societe-civile-demandent-un-dialogue-veritablement-inclusif","og_locale":"fr_FR","og_type":"article","og_title":"Des acteurs de la soci\u00e9t\u00e9 civile demandent un dialogue v\u00e9ritablement inclusif","og_description":"A moins de trois semaines du d\u00e9but du dialogue national, des acteurs de la soci\u00e9t\u00e9 civile s\u2019estiment \u00e9cart\u00e9s ou confus e ...","og_url":"https:\/\/www.africa-press.net\/tchad\/politique\/des-acteurs-de-la-societe-civile-demandent-un-dialogue-veritablement-inclusif","og_site_name":"tchad","article_published_time":"2022-08-03T14:48:48+00:00","article_modified_time":"2022-08-03T16:06:43+00:00","og_image":[{"width":696,"height":391,"url":"https:\/\/static.africa-press.net\/tchad\/sites\/41\/2022\/08\/postQueueImg_2-62ea9cf6687be.jpg","type":"image\/jpeg"}],"author":"cfeditorfr","twitter_card":"summary_large_image","twitter_misc":{"\u00c9crit par":"cfeditorfr","Dur\u00e9e de lecture estim\u00e9e":"3 minutes"},"schema":{"@context":"https:\/\/schema.org","@graph":[{"@type":"Article","@id":"https:\/\/www.africa-press.net\/tchad\/politique\/des-acteurs-de-la-societe-civile-demandent-un-dialogue-veritablement-inclusif#article","isPartOf":{"@id":"https:\/\/www.africa-press.net\/tchad\/politique\/des-acteurs-de-la-societe-civile-demandent-un-dialogue-veritablement-inclusif"},"author":{"name":"cfeditorfr","@id":"https:\/\/www.africa-press.net\/tchad\/#\/schema\/person\/2b1cf3cd81a31e3cd26889ca66d677f1"},"headline":"Des acteurs de la soci\u00e9t\u00e9 civile demandent un dialogue v\u00e9ritablement inclusif","datePublished":"2022-08-03T14:48:48+00:00","dateModified":"2022-08-03T16:06:43+00:00","mainEntityOfPage":{"@id":"https:\/\/www.africa-press.net\/tchad\/politique\/des-acteurs-de-la-societe-civile-demandent-un-dialogue-veritablement-inclusif"},"wordCount":530,"commentCount":0,"image":{"@id":"https:\/\/www.africa-press.net\/tchad\/politique\/des-acteurs-de-la-societe-civile-demandent-un-dialogue-veritablement-inclusif#primaryimage"},"thumbnailUrl":"https:\/\/static.africa-press.net\/tchad\/sites\/41\/2022\/08\/postQueueImg_2-62ea9cf6687be.jpg","keywords":["Africa Press","Africa Press-Tchad","Tchad"],"articleSection":["homepage-french","Politique","Toutes les actualit\u00e9s"],"inLanguage":"fr-FR","potentialAction":[{"@type":"CommentAction","name":"Comment","target":["https:\/\/www.africa-press.net\/tchad\/politique\/des-acteurs-de-la-societe-civile-demandent-un-dialogue-veritablement-inclusif#respond"]}]},{"@type":"WebPage","@id":"https:\/\/www.africa-press.net\/tchad\/politique\/des-acteurs-de-la-societe-civile-demandent-un-dialogue-veritablement-inclusif","url":"https:\/\/www.africa-press.net\/tchad\/politique\/des-acteurs-de-la-societe-civile-demandent-un-dialogue-veritablement-inclusif","name":"Des acteurs de la soci\u00e9t\u00e9 civile demandent un dialogue v\u00e9ritablement inclusif - tchad","isPartOf":{"@id":"https:\/\/www.africa-press.net\/tchad\/#website"},"primaryImageOfPage":{"@id":"https:\/\/www.africa-press.net\/tchad\/politique\/des-acteurs-de-la-societe-civile-demandent-un-dialogue-veritablement-inclusif#primaryimage"},"image":{"@id":"https:\/\/www.africa-press.net\/tchad\/politique\/des-acteurs-de-la-societe-civile-demandent-un-dialogue-veritablement-inclusif#primaryimage"},"thumbnailUrl":"https:\/\/static.africa-press.net\/tchad\/sites\/41\/2022\/08\/postQueueImg_2-62ea9cf6687be.jpg","datePublished":"2022-08-03T14:48:48+00:00","dateModified":"2022-08-03T16:06:43+00:00","author":{"@id":"https:\/\/www.africa-press.net\/tchad\/#\/schema\/person\/2b1cf3cd81a31e3cd26889ca66d677f1"},"description":"A moins de trois semaines du d\u00e9but du dialogue national, des acteurs de la soci\u00e9t\u00e9 civile s\u2019estiment \u00e9cart\u00e9s ou confus e ...","breadcrumb":{"@id":"https:\/\/www.africa-press.net\/tchad\/politique\/des-acteurs-de-la-societe-civile-demandent-un-dialogue-veritablement-inclusif#breadcrumb"},"inLanguage":"fr-FR","potentialAction":[{"@type":"ReadAction","target":["https:\/\/www.africa-press.net\/tchad\/politique\/des-acteurs-de-la-societe-civile-demandent-un-dialogue-veritablement-inclusif"]}]},{"@type":"ImageObject","inLanguage":"fr-FR","@id":"https:\/\/www.africa-press.net\/tchad\/politique\/des-acteurs-de-la-societe-civile-demandent-un-dialogue-veritablement-inclusif#primaryimage","url":"https:\/\/static.africa-press.net\/tchad\/sites\/41\/2022\/08\/postQueueImg_2-62ea9cf6687be.jpg","contentUrl":"https:\/\/static.africa-press.net\/tchad\/sites\/41\/2022\/08\/postQueueImg_2-62ea9cf6687be.jpg","width":696,"height":391,"caption":"Des acteurs de la soci\u00e9t\u00e9 civile demandent un dialogue v\u00e9ritablement inclusif"},{"@type":"BreadcrumbList","@id":"https:\/\/www.africa-press.net\/tchad\/politique\/des-acteurs-de-la-societe-civile-demandent-un-dialogue-veritablement-inclusif#breadcrumb","itemListElement":[{"@type":"ListItem","position":1,"name":"Accueil","item":"https:\/\/www.africa-press.net\/tchad\/"},{"@type":"ListItem","position":2,"name":"Des acteurs de la soci\u00e9t\u00e9 civile demandent un dialogue v\u00e9ritablement inclusif"}]},{"@type":"WebSite","@id":"https:\/\/www.africa-press.net\/tchad\/#website","url":"https:\/\/www.africa-press.net\/tchad\/","name":"tchad","description":"Just another Africa News Agency Sites site","potentialAction":[{"@type":"SearchAction","target":{"@type":"EntryPoint","urlTemplate":"https:\/\/www.africa-press.net\/tchad\/?s={search_term_string}"},"query-input":{"@type":"PropertyValueSpecification","valueRequired":true,"valueName":"search_term_string"}}],"inLanguage":"fr-FR"},{"@type":"Person","@id":"https:\/\/www.africa-press.net\/tchad\/#\/schema\/person\/2b1cf3cd81a31e3cd26889ca66d677f1","name":"cfeditorfr"}]}},"_links":{"self":[{"href":"https:\/\/www.africa-press.net\/tchad\/wp-json\/wp\/v2\/posts\/30054","targetHints":{"allow":["GET"]}}],"collection":[{"href":"https:\/\/www.africa-press.net\/tchad\/wp-json\/wp\/v2\/posts"}],"about":[{"href":"https:\/\/www.africa-press.net\/tchad\/wp-json\/wp\/v2\/types\/post"}],"author":[{"embeddable":true,"href":"https:\/\/www.africa-press.net\/tchad\/wp-json\/wp\/v2\/users\/82"}],"replies":[{"embeddable":true,"href":"https:\/\/www.africa-press.net\/tchad\/wp-json\/wp\/v2\/comments?post=30054"}],"version-history":[{"count":0,"href":"https:\/\/www.africa-press.net\/tchad\/wp-json\/wp\/v2\/posts\/30054\/revisions"}],"wp:featuredmedia":[{"embeddable":true,"href":"https:\/\/www.africa-press.net\/tchad\/wp-json\/wp\/v2\/media\/30053"}],"wp:attachment":[{"href":"https:\/\/www.africa-press.net\/tchad\/wp-json\/wp\/v2\/media?parent=30054"}],"wp:term":[{"taxonomy":"category","embeddable":true,"href":"https:\/\/www.africa-press.net\/tchad\/wp-json\/wp\/v2\/categories?post=30054"},{"taxonomy":"post_tag","embeddable":true,"href":"https:\/\/www.africa-press.net\/tchad\/wp-json\/wp\/v2\/tags?post=30054"}],"curies":[{"name":"wp","href":"https:\/\/api.w.org\/{rel}","templated":true}]}}