{"id":30108,"date":"2022-08-05T15:36:54","date_gmt":"2022-08-05T15:36:54","guid":{"rendered":"https:\/\/www.africa-press.net\/tchad\/politique\/cglu-afrique-la-27eme-session-du-comite-executif-sest-tenue-a-nouakchott"},"modified":"2022-08-05T15:56:40","modified_gmt":"2022-08-05T15:56:40","slug":"cglu-afrique-la-27eme-session-du-comite-executif-sest-tenue-a-nouakchott","status":"publish","type":"post","link":"https:\/\/www.africa-press.net\/tchad\/politique\/cglu-afrique-la-27eme-session-du-comite-executif-sest-tenue-a-nouakchott","title":{"rendered":"CGLU Afrique : la 27\u00e8me session du Comit\u00e9 ex\u00e9cutif s\u2019est tenue \u00e0 Nouakchott"},"content":{"rendered":"<p><span style=\"color: #ff6600\"><strong>Africa-Press &#8211; Tchad. <\/strong><\/span>En effet, cette 27\u00e8me session du Comit\u00e9 ex\u00e9cutif de Cit\u00e9s et Gouvernements Locaux Unis d\u2019Afrique (CGLU), qui a eu lieu le 02 ao\u00fbt 2022 \u00e0 Nouakchott (Mauritanie), est la premi\u00e8re de la nouvelle \u00e9quipe dirigeante de CGLU Afrique issue de l&rsquo;Assembl\u00e9e g\u00e9n\u00e9rale du 19 mai 2022 \u00e0 Kisumu (Kenya), au terme du Sommet Africit\u00e9s 9.<\/p>\n<p>Elle \u00e9tait consacr\u00e9e principalement \u00e0 l\u2019approbation des comptes de l\u2019exercice 2021 de l\u2019organisation, \u00e0 l\u2019\u00e9valuation des r\u00e9sultats du Sommet Africit\u00e9s, du 17 au 21 mai 2022, \u00e0 la discussion des orientations strat\u00e9giques de la nouvelle \u00e9quipe dirigeante de CGLU Afrique, et \u00e0 la participation de l\u2019Afrique aux instances et commissions de CGLU Monde.<\/p>\n<p>L\u2019ouverture officielle de la 27\u00e8me session a \u00e9t\u00e9 honor\u00e9e par la pr\u00e9sence des ministres de l&rsquo;Int\u00e9rieur et de la D\u00e9centralisation, des Finances, et de l\u2019Urbanisme, ainsi que du pr\u00e9sident de l&rsquo;Association des maires de Mauritanie, des pr\u00e9sidents des r\u00e9gions mauritaniennes et de plusieurs autres personnalit\u00e9s importantes.<\/p>\n<p>Du c\u00f4t\u00e9 de CGLU Afrique la session s\u2019est tenue sous la pr\u00e9sidence de Mme Fatimetou Abdel Malick, pr\u00e9sidente de la r\u00e9gion de Nouakchott (Mauritanie) et pr\u00e9sidente de CGLU Afrique.<\/p>\n<p>C\u2019\u00e9tait en pr\u00e9sence de : Mme Christine Mba Ndutume, maire de Libreville (Gabon) et vice-pr\u00e9sidente CGLU-Afrique pour la r\u00e9gion de l\u2019Afrique centrale ; Mme Kouame Badou Harlette, \u00e9pouse N\u2019Guessan, maire de de la commune d\u2019Arrash, et secr\u00e9taire g\u00e9n\u00e9rale de l\u2019Union des Villes et Communes de C\u00f4te d\u2019Ivoire, repr\u00e9sentant Claude Paulin Danho, pr\u00e9sident de l\u2019Union des Villes et Communes de C\u00f4te d\u2019Ivoire (UVICOCI) et vice-pr\u00e9sident CGLU Afrique pour la r\u00e9gion de l\u2019Afrique de l\u2019Ouest ; Jeffrey Sibisibi, pr\u00e9sident de l\u2019Association des Autorit\u00e9s Locales du Botswana (BALA) et vice-Pr\u00e9sident CGLU Afrique pour la r\u00e9gion de l\u2019Afrique australe ; Mme Rohey Malick Lowe, maire de Banjul (Gambie), et pr\u00e9sidente du R\u00e9seau des Femmes Elues Locales d\u2019Afrique (REFELA).<\/p>\n<p>Il faut rappeler que le Comit\u00e9 ex\u00e9cutif de CGLU Afrique est l\u2019instance charg\u00e9e de la direction politique de l\u2019organisation.<\/p>\n<p>Il comprend 16 membres, 15 membres \u00e9lus par l\u2019assembl\u00e9e g\u00e9n\u00e9rale de CGLU-Afrique (soit 3 pour chacune des 5 r\u00e9gions d\u2019Afrique), auxquels s\u2019ajoute la pr\u00e9sidente du R\u00e9seau des Femmes \u00c9lues Locales d\u2019Afrique (REFELA) qui est la commission permanente pour l\u2019\u00e9galit\u00e9 de genre de CGLU Afrique.<\/p>\n<p>CGLU Afrique regroupe actuellement les 51 associations nationales de gouvernements locaux op\u00e9rant en Afrique ainsi que 2000 villes et territoires de plus de 100 000 habitants.<\/p>\n<p>A travers ses membres, CGLU Afrique repr\u00e9sente plus de 350 millions de citoyens africains.<\/p>\n<p><strong>Pour plus d&rsquo;informations et d&rsquo;analyses sur la <a href=\"https:\/\/www.africa-press.net\/tchad\">Tchad<\/a>, suivez <a href=\"https:\/\/www.africa-press.net\/\">Africa-Press<\/a><\/strong><\/p>\n","protected":false},"excerpt":{"rendered":"<p>Africa-Press &#8211; Tchad. En effet, cette 27\u00e8me session du Comit\u00e9 ex\u00e9cutif de Cit\u00e9s et Gouvernements Locaux Unis d\u2019Afrique (CGLU), qui a eu lieu le 02 ao\u00fbt 2022 \u00e0 Nouakchott (Mauritanie), est la premi\u00e8re de la nouvelle \u00e9quipe dirigeante de CGLU Afrique issue de l&rsquo;Assembl\u00e9e g\u00e9n\u00e9rale du 19 mai 2022 \u00e0 Kisumu (Kenya), au terme du [&hellip;]<\/p>\n","protected":false},"author":82,"featured_media":30107,"comment_status":"open","ping_status":"closed","sticky":false,"template":"","format":"standard","meta":{"footnotes":""},"categories":[11,2,10],"tags":[37,292,29],"class_list":["post-30108","post","type-post","status-publish","format-standard","has-post-thumbnail","hentry","category-homepage-french","category-politique","category-toutes-les-actualites","tag-africa-press","tag-africa-press-tchad","tag-tchad"],"yoast_head":"<!-- This site is optimized with the Yoast SEO Premium plugin v26.1 (Yoast SEO v27.0) - https:\/\/yoast.com\/product\/yoast-seo-premium-wordpress\/ -->\n<title>CGLU Afrique : la 27\u00e8me session du Comit\u00e9 ex\u00e9cutif s\u2019est tenue \u00e0 Nouakchott - tchad<\/title>\n<meta name=\"description\" content=\"En effet, cette 27\u00e8me session du Comit\u00e9 ex\u00e9cutif de Cit\u00e9s et Gouvernements Locaux Unis d\u2019Afrique (CGLU), qui a eu lieu l ...\" \/>\n<meta name=\"robots\" content=\"index, follow, max-snippet:-1, max-image-preview:large, max-video-preview:-1\" \/>\n<link rel=\"canonical\" href=\"https:\/\/www.africa-press.net\/tchad\/politique\/cglu-afrique-la-27eme-session-du-comite-executif-sest-tenue-a-nouakchott\" \/>\n<meta property=\"og:locale\" content=\"fr_FR\" \/>\n<meta property=\"og:type\" content=\"article\" \/>\n<meta property=\"og:title\" content=\"CGLU Afrique : la 27\u00e8me session du Comit\u00e9 ex\u00e9cutif s\u2019est tenue \u00e0 Nouakchott\" \/>\n<meta property=\"og:description\" content=\"En effet, cette 27\u00e8me session du Comit\u00e9 ex\u00e9cutif de Cit\u00e9s et Gouvernements Locaux Unis d\u2019Afrique (CGLU), qui a eu lieu l ...\" \/>\n<meta property=\"og:url\" content=\"https:\/\/www.africa-press.net\/tchad\/politique\/cglu-afrique-la-27eme-session-du-comite-executif-sest-tenue-a-nouakchott\" \/>\n<meta property=\"og:site_name\" content=\"tchad\" \/>\n<meta property=\"article:published_time\" content=\"2022-08-05T15:36:54+00:00\" \/>\n<meta property=\"article:modified_time\" content=\"2022-08-05T15:56:40+00:00\" \/>\n<meta property=\"og:image\" content=\"https:\/\/static.africa-press.net\/tchad\/sites\/41\/2022\/08\/postQueueImg_4-62ed3d800e6ac.jpg\" \/>\n\t<meta property=\"og:image:width\" content=\"870\" \/>\n\t<meta property=\"og:image:height\" content=\"464\" \/>\n\t<meta property=\"og:image:type\" content=\"image\/jpeg\" \/>\n<meta name=\"author\" content=\"cfeditorfr\" \/>\n<meta name=\"twitter:card\" content=\"summary_large_image\" \/>\n<meta name=\"twitter:label1\" content=\"\u00c9crit par\" \/>\n\t<meta name=\"twitter:data1\" content=\"cfeditorfr\" \/>\n\t<meta name=\"twitter:label2\" content=\"Dur\u00e9e de lecture estim\u00e9e\" \/>\n\t<meta name=\"twitter:data2\" content=\"3 minutes\" \/>\n<script type=\"application\/ld+json\" class=\"yoast-schema-graph\">{\"@context\":\"https:\/\/schema.org\",\"@graph\":[{\"@type\":\"Article\",\"@id\":\"https:\/\/www.africa-press.net\/tchad\/politique\/cglu-afrique-la-27eme-session-du-comite-executif-sest-tenue-a-nouakchott#article\",\"isPartOf\":{\"@id\":\"https:\/\/www.africa-press.net\/tchad\/politique\/cglu-afrique-la-27eme-session-du-comite-executif-sest-tenue-a-nouakchott\"},\"author\":{\"name\":\"cfeditorfr\",\"@id\":\"https:\/\/www.africa-press.net\/tchad\/#\/schema\/person\/2b1cf3cd81a31e3cd26889ca66d677f1\"},\"headline\":\"CGLU Afrique : la 27\u00e8me session du Comit\u00e9 ex\u00e9cutif s\u2019est tenue \u00e0 Nouakchott\",\"datePublished\":\"2022-08-05T15:36:54+00:00\",\"dateModified\":\"2022-08-05T15:56:40+00:00\",\"mainEntityOfPage\":{\"@id\":\"https:\/\/www.africa-press.net\/tchad\/politique\/cglu-afrique-la-27eme-session-du-comite-executif-sest-tenue-a-nouakchott\"},\"wordCount\":485,\"commentCount\":0,\"image\":{\"@id\":\"https:\/\/www.africa-press.net\/tchad\/politique\/cglu-afrique-la-27eme-session-du-comite-executif-sest-tenue-a-nouakchott#primaryimage\"},\"thumbnailUrl\":\"https:\/\/static.africa-press.net\/tchad\/sites\/41\/2022\/08\/postQueueImg_4-62ed3d800e6ac.jpg\",\"keywords\":[\"Africa Press\",\"Africa Press-Tchad\",\"Tchad\"],\"articleSection\":[\"homepage-french\",\"Politique\",\"Toutes les actualit\u00e9s\"],\"inLanguage\":\"fr-FR\",\"potentialAction\":[{\"@type\":\"CommentAction\",\"name\":\"Comment\",\"target\":[\"https:\/\/www.africa-press.net\/tchad\/politique\/cglu-afrique-la-27eme-session-du-comite-executif-sest-tenue-a-nouakchott#respond\"]}]},{\"@type\":\"WebPage\",\"@id\":\"https:\/\/www.africa-press.net\/tchad\/politique\/cglu-afrique-la-27eme-session-du-comite-executif-sest-tenue-a-nouakchott\",\"url\":\"https:\/\/www.africa-press.net\/tchad\/politique\/cglu-afrique-la-27eme-session-du-comite-executif-sest-tenue-a-nouakchott\",\"name\":\"CGLU Afrique : la 27\u00e8me session du Comit\u00e9 ex\u00e9cutif s\u2019est tenue \u00e0 Nouakchott - tchad\",\"isPartOf\":{\"@id\":\"https:\/\/www.africa-press.net\/tchad\/#website\"},\"primaryImageOfPage\":{\"@id\":\"https:\/\/www.africa-press.net\/tchad\/politique\/cglu-afrique-la-27eme-session-du-comite-executif-sest-tenue-a-nouakchott#primaryimage\"},\"image\":{\"@id\":\"https:\/\/www.africa-press.net\/tchad\/politique\/cglu-afrique-la-27eme-session-du-comite-executif-sest-tenue-a-nouakchott#primaryimage\"},\"thumbnailUrl\":\"https:\/\/static.africa-press.net\/tchad\/sites\/41\/2022\/08\/postQueueImg_4-62ed3d800e6ac.jpg\",\"datePublished\":\"2022-08-05T15:36:54+00:00\",\"dateModified\":\"2022-08-05T15:56:40+00:00\",\"author\":{\"@id\":\"https:\/\/www.africa-press.net\/tchad\/#\/schema\/person\/2b1cf3cd81a31e3cd26889ca66d677f1\"},\"description\":\"En effet, cette 27\u00e8me session du Comit\u00e9 ex\u00e9cutif de Cit\u00e9s et Gouvernements Locaux Unis d\u2019Afrique (CGLU), qui a eu lieu l ...\",\"breadcrumb\":{\"@id\":\"https:\/\/www.africa-press.net\/tchad\/politique\/cglu-afrique-la-27eme-session-du-comite-executif-sest-tenue-a-nouakchott#breadcrumb\"},\"inLanguage\":\"fr-FR\",\"potentialAction\":[{\"@type\":\"ReadAction\",\"target\":[\"https:\/\/www.africa-press.net\/tchad\/politique\/cglu-afrique-la-27eme-session-du-comite-executif-sest-tenue-a-nouakchott\"]}]},{\"@type\":\"ImageObject\",\"inLanguage\":\"fr-FR\",\"@id\":\"https:\/\/www.africa-press.net\/tchad\/politique\/cglu-afrique-la-27eme-session-du-comite-executif-sest-tenue-a-nouakchott#primaryimage\",\"url\":\"https:\/\/static.africa-press.net\/tchad\/sites\/41\/2022\/08\/postQueueImg_4-62ed3d800e6ac.jpg\",\"contentUrl\":\"https:\/\/static.africa-press.net\/tchad\/sites\/41\/2022\/08\/postQueueImg_4-62ed3d800e6ac.jpg\",\"width\":870,\"height\":464,\"caption\":\"CGLU Afrique : la 27\u00e8me session du Comit\u00e9 ex\u00e9cutif s\u2019est tenue \u00e0 Nouakchott\"},{\"@type\":\"BreadcrumbList\",\"@id\":\"https:\/\/www.africa-press.net\/tchad\/politique\/cglu-afrique-la-27eme-session-du-comite-executif-sest-tenue-a-nouakchott#breadcrumb\",\"itemListElement\":[{\"@type\":\"ListItem\",\"position\":1,\"name\":\"Accueil\",\"item\":\"https:\/\/www.africa-press.net\/tchad\/\"},{\"@type\":\"ListItem\",\"position\":2,\"name\":\"CGLU Afrique : la 27\u00e8me session du Comit\u00e9 ex\u00e9cutif s\u2019est tenue \u00e0 Nouakchott\"}]},{\"@type\":\"WebSite\",\"@id\":\"https:\/\/www.africa-press.net\/tchad\/#website\",\"url\":\"https:\/\/www.africa-press.net\/tchad\/\",\"name\":\"tchad\",\"description\":\"Just another Africa News Agency Sites site\",\"potentialAction\":[{\"@type\":\"SearchAction\",\"target\":{\"@type\":\"EntryPoint\",\"urlTemplate\":\"https:\/\/www.africa-press.net\/tchad\/?s={search_term_string}\"},\"query-input\":{\"@type\":\"PropertyValueSpecification\",\"valueRequired\":true,\"valueName\":\"search_term_string\"}}],\"inLanguage\":\"fr-FR\"},{\"@type\":\"Person\",\"@id\":\"https:\/\/www.africa-press.net\/tchad\/#\/schema\/person\/2b1cf3cd81a31e3cd26889ca66d677f1\",\"name\":\"cfeditorfr\"}]}<\/script>\n<!-- \/ Yoast SEO Premium plugin. -->","yoast_head_json":{"title":"CGLU Afrique : la 27\u00e8me session du Comit\u00e9 ex\u00e9cutif s\u2019est tenue \u00e0 Nouakchott - tchad","description":"En effet, cette 27\u00e8me session du Comit\u00e9 ex\u00e9cutif de Cit\u00e9s et Gouvernements Locaux Unis d\u2019Afrique (CGLU), qui a eu lieu l ...","robots":{"index":"index","follow":"follow","max-snippet":"max-snippet:-1","max-image-preview":"max-image-preview:large","max-video-preview":"max-video-preview:-1"},"canonical":"https:\/\/www.africa-press.net\/tchad\/politique\/cglu-afrique-la-27eme-session-du-comite-executif-sest-tenue-a-nouakchott","og_locale":"fr_FR","og_type":"article","og_title":"CGLU Afrique : la 27\u00e8me session du Comit\u00e9 ex\u00e9cutif s\u2019est tenue \u00e0 Nouakchott","og_description":"En effet, cette 27\u00e8me session du Comit\u00e9 ex\u00e9cutif de Cit\u00e9s et Gouvernements Locaux Unis d\u2019Afrique (CGLU), qui a eu lieu l ...","og_url":"https:\/\/www.africa-press.net\/tchad\/politique\/cglu-afrique-la-27eme-session-du-comite-executif-sest-tenue-a-nouakchott","og_site_name":"tchad","article_published_time":"2022-08-05T15:36:54+00:00","article_modified_time":"2022-08-05T15:56:40+00:00","og_image":[{"width":870,"height":464,"url":"https:\/\/static.africa-press.net\/tchad\/sites\/41\/2022\/08\/postQueueImg_4-62ed3d800e6ac.jpg","type":"image\/jpeg"}],"author":"cfeditorfr","twitter_card":"summary_large_image","twitter_misc":{"\u00c9crit par":"cfeditorfr","Dur\u00e9e de lecture estim\u00e9e":"3 minutes"},"schema":{"@context":"https:\/\/schema.org","@graph":[{"@type":"Article","@id":"https:\/\/www.africa-press.net\/tchad\/politique\/cglu-afrique-la-27eme-session-du-comite-executif-sest-tenue-a-nouakchott#article","isPartOf":{"@id":"https:\/\/www.africa-press.net\/tchad\/politique\/cglu-afrique-la-27eme-session-du-comite-executif-sest-tenue-a-nouakchott"},"author":{"name":"cfeditorfr","@id":"https:\/\/www.africa-press.net\/tchad\/#\/schema\/person\/2b1cf3cd81a31e3cd26889ca66d677f1"},"headline":"CGLU Afrique : la 27\u00e8me session du Comit\u00e9 ex\u00e9cutif s\u2019est tenue \u00e0 Nouakchott","datePublished":"2022-08-05T15:36:54+00:00","dateModified":"2022-08-05T15:56:40+00:00","mainEntityOfPage":{"@id":"https:\/\/www.africa-press.net\/tchad\/politique\/cglu-afrique-la-27eme-session-du-comite-executif-sest-tenue-a-nouakchott"},"wordCount":485,"commentCount":0,"image":{"@id":"https:\/\/www.africa-press.net\/tchad\/politique\/cglu-afrique-la-27eme-session-du-comite-executif-sest-tenue-a-nouakchott#primaryimage"},"thumbnailUrl":"https:\/\/static.africa-press.net\/tchad\/sites\/41\/2022\/08\/postQueueImg_4-62ed3d800e6ac.jpg","keywords":["Africa Press","Africa Press-Tchad","Tchad"],"articleSection":["homepage-french","Politique","Toutes les actualit\u00e9s"],"inLanguage":"fr-FR","potentialAction":[{"@type":"CommentAction","name":"Comment","target":["https:\/\/www.africa-press.net\/tchad\/politique\/cglu-afrique-la-27eme-session-du-comite-executif-sest-tenue-a-nouakchott#respond"]}]},{"@type":"WebPage","@id":"https:\/\/www.africa-press.net\/tchad\/politique\/cglu-afrique-la-27eme-session-du-comite-executif-sest-tenue-a-nouakchott","url":"https:\/\/www.africa-press.net\/tchad\/politique\/cglu-afrique-la-27eme-session-du-comite-executif-sest-tenue-a-nouakchott","name":"CGLU Afrique : la 27\u00e8me session du Comit\u00e9 ex\u00e9cutif s\u2019est tenue \u00e0 Nouakchott - tchad","isPartOf":{"@id":"https:\/\/www.africa-press.net\/tchad\/#website"},"primaryImageOfPage":{"@id":"https:\/\/www.africa-press.net\/tchad\/politique\/cglu-afrique-la-27eme-session-du-comite-executif-sest-tenue-a-nouakchott#primaryimage"},"image":{"@id":"https:\/\/www.africa-press.net\/tchad\/politique\/cglu-afrique-la-27eme-session-du-comite-executif-sest-tenue-a-nouakchott#primaryimage"},"thumbnailUrl":"https:\/\/static.africa-press.net\/tchad\/sites\/41\/2022\/08\/postQueueImg_4-62ed3d800e6ac.jpg","datePublished":"2022-08-05T15:36:54+00:00","dateModified":"2022-08-05T15:56:40+00:00","author":{"@id":"https:\/\/www.africa-press.net\/tchad\/#\/schema\/person\/2b1cf3cd81a31e3cd26889ca66d677f1"},"description":"En effet, cette 27\u00e8me session du Comit\u00e9 ex\u00e9cutif de Cit\u00e9s et Gouvernements Locaux Unis d\u2019Afrique (CGLU), qui a eu lieu l ...","breadcrumb":{"@id":"https:\/\/www.africa-press.net\/tchad\/politique\/cglu-afrique-la-27eme-session-du-comite-executif-sest-tenue-a-nouakchott#breadcrumb"},"inLanguage":"fr-FR","potentialAction":[{"@type":"ReadAction","target":["https:\/\/www.africa-press.net\/tchad\/politique\/cglu-afrique-la-27eme-session-du-comite-executif-sest-tenue-a-nouakchott"]}]},{"@type":"ImageObject","inLanguage":"fr-FR","@id":"https:\/\/www.africa-press.net\/tchad\/politique\/cglu-afrique-la-27eme-session-du-comite-executif-sest-tenue-a-nouakchott#primaryimage","url":"https:\/\/static.africa-press.net\/tchad\/sites\/41\/2022\/08\/postQueueImg_4-62ed3d800e6ac.jpg","contentUrl":"https:\/\/static.africa-press.net\/tchad\/sites\/41\/2022\/08\/postQueueImg_4-62ed3d800e6ac.jpg","width":870,"height":464,"caption":"CGLU Afrique : la 27\u00e8me session du Comit\u00e9 ex\u00e9cutif s\u2019est tenue \u00e0 Nouakchott"},{"@type":"BreadcrumbList","@id":"https:\/\/www.africa-press.net\/tchad\/politique\/cglu-afrique-la-27eme-session-du-comite-executif-sest-tenue-a-nouakchott#breadcrumb","itemListElement":[{"@type":"ListItem","position":1,"name":"Accueil","item":"https:\/\/www.africa-press.net\/tchad\/"},{"@type":"ListItem","position":2,"name":"CGLU Afrique : la 27\u00e8me session du Comit\u00e9 ex\u00e9cutif s\u2019est tenue \u00e0 Nouakchott"}]},{"@type":"WebSite","@id":"https:\/\/www.africa-press.net\/tchad\/#website","url":"https:\/\/www.africa-press.net\/tchad\/","name":"tchad","description":"Just another Africa News Agency Sites site","potentialAction":[{"@type":"SearchAction","target":{"@type":"EntryPoint","urlTemplate":"https:\/\/www.africa-press.net\/tchad\/?s={search_term_string}"},"query-input":{"@type":"PropertyValueSpecification","valueRequired":true,"valueName":"search_term_string"}}],"inLanguage":"fr-FR"},{"@type":"Person","@id":"https:\/\/www.africa-press.net\/tchad\/#\/schema\/person\/2b1cf3cd81a31e3cd26889ca66d677f1","name":"cfeditorfr"}]}},"_links":{"self":[{"href":"https:\/\/www.africa-press.net\/tchad\/wp-json\/wp\/v2\/posts\/30108","targetHints":{"allow":["GET"]}}],"collection":[{"href":"https:\/\/www.africa-press.net\/tchad\/wp-json\/wp\/v2\/posts"}],"about":[{"href":"https:\/\/www.africa-press.net\/tchad\/wp-json\/wp\/v2\/types\/post"}],"author":[{"embeddable":true,"href":"https:\/\/www.africa-press.net\/tchad\/wp-json\/wp\/v2\/users\/82"}],"replies":[{"embeddable":true,"href":"https:\/\/www.africa-press.net\/tchad\/wp-json\/wp\/v2\/comments?post=30108"}],"version-history":[{"count":0,"href":"https:\/\/www.africa-press.net\/tchad\/wp-json\/wp\/v2\/posts\/30108\/revisions"}],"wp:featuredmedia":[{"embeddable":true,"href":"https:\/\/www.africa-press.net\/tchad\/wp-json\/wp\/v2\/media\/30107"}],"wp:attachment":[{"href":"https:\/\/www.africa-press.net\/tchad\/wp-json\/wp\/v2\/media?parent=30108"}],"wp:term":[{"taxonomy":"category","embeddable":true,"href":"https:\/\/www.africa-press.net\/tchad\/wp-json\/wp\/v2\/categories?post=30108"},{"taxonomy":"post_tag","embeddable":true,"href":"https:\/\/www.africa-press.net\/tchad\/wp-json\/wp\/v2\/tags?post=30108"}],"curies":[{"name":"wp","href":"https:\/\/api.w.org\/{rel}","templated":true}]}}