{"id":30154,"date":"2022-08-06T15:08:56","date_gmt":"2022-08-06T15:08:56","guid":{"rendered":"https:\/\/www.africa-press.net\/tchad\/politique\/tchad-qatar-le-pcmt-a-doha-pour-une-visite-damitie-et-de-travail"},"modified":"2022-08-06T15:08:56","modified_gmt":"2022-08-06T15:08:56","slug":"tchad-qatar-le-pcmt-a-doha-pour-une-visite-damitie-et-de-travail","status":"publish","type":"post","link":"https:\/\/www.africa-press.net\/tchad\/politique\/tchad-qatar-le-pcmt-a-doha-pour-une-visite-damitie-et-de-travail","title":{"rendered":"TCHAD-QATAR : Le PCMT \u00e0 Doha pour une visite d\u2019amiti\u00e9 et de travail"},"content":{"rendered":"<p><span style=\"color: #ff6600\"><strong>Africa-Press &#8211; Tchad. <\/strong><\/span>Le Pr\u00e9sident du Conseil Militaire de Transition, G\u00e9n\u00e9ral MAHAMAT IDRISS DEBY ITNO se trouve depuis hier soir \u00e0 Doha, capitale qatarie.<\/p>\n<p>Le Chef de l\u2019Etat effectue une visite d\u2019amiti\u00e9 et de travail, la 2e visite d\u2019amiti\u00e9 et du travail du Pr\u00e9sident du Conseil Militaire de Transition, G\u00e9n\u00e9ral MAHAMAT IDRISS DEBY ITNO \u00e0 Doha. La premi\u00e8re remonte au mois de septembre de l\u2019ann\u00e9e derni\u00e8re<\/p>\n<p>Il a \u00e9t\u00e9 accueilli \u00e0 l\u2019a\u00e9roport pr\u00e9sidentiel, du c\u00f4t\u00e9 qatari, par quelques officiels de haut rang et du c\u00f4t\u00e9 tchadien par l\u2019Ambassadeur du Tchad au Qatar, M. Ali Sossal entour\u00e9 du Ministre des Affaires Etrang\u00e8res, M. Ch\u00e9rif Mahamat Zene, des membres du Comit\u00e9 Technique Sp\u00e9cial charg\u00e9 des n\u00e9gociations avec les Politico-militaires \u00e0 Doha et du personnel diplomatique en poste \u00e0 Doha.<\/p>\n<p>Apr\u00e8s un bref \u00e9change au salon d\u2019honneur le cort\u00e8ge du Chef de l\u2019Etat a mis le cap sur sa r\u00e9sidence o\u00f9 quelques membres de la d\u00e9l\u00e9gation gouvernementale et ceux de la colonie tchadienne n\u2019ayant pas pu faire le d\u00e9placement de l\u2019a\u00e9roport se sont mobilis\u00e9s pour le saluer.<\/p>\n<p>Bien qu\u2019il s\u2019agit d\u2019une visite d\u2019amiti\u00e9 et de travail, il n\u2019est pas exclu que le Chef de l\u2019Etat, G\u00e9n\u00e9ral MAHAMAT IDRISS DEBY ITNO en profite pour s\u2019enqu\u00e9rir des avanc\u00e9es des pourparlers avec les groupes politico-militaires dont le Qatar est m\u00e9diateur.<\/p>\n<p>Comme \u00e0 N\u2019Djamena avec les diff\u00e9rentes couches de la soci\u00e9t\u00e9 au sujet du Dialogue National Inclusif, annonc\u00e9 pour le 20 ao\u00fbt prochain, il est possible que le Pr\u00e9sident de la R\u00e9publique, rencontre les membres du Comit\u00e9 Technique Sp\u00e9cial en pourparlers avec les politico-militaires ainsi que ces derniers pour leur clarifier sa vision du Dialogue National Inclusif dont le d\u00e9but des travaux est fix\u00e9 au 20 ao\u00fbt 2022.<\/p>\n<p>Le Pr\u00e9sident de la R\u00e9publique est accompagn\u00e9 dans ce d\u00e9placement du Ministre d\u2019Etat, Conseiller Sp\u00e9cial, ADOUM YOUNOUSMI, du Ministre d\u2019Etat en charge de la R\u00e9conciliation Nationale, ACHEIKH IBN OUMAR, du Ministre en charge de la Communication, ABDERAMANE KOULAMALLAH et de quelques uns de ses proches collaborateurs du Cabinet Civil et du Secr\u00e9tariat G\u00e9n\u00e9ral de la Pr\u00e9sidence.<\/p>\n<p><strong>Pour plus d&rsquo;informations et d&rsquo;analyses sur la <a href=\"https:\/\/www.africa-press.net\/tchad\">Tchad<\/a>, suivez <a href=\"https:\/\/www.africa-press.net\/\">Africa-Press<\/a><\/strong><\/p>\n","protected":false},"excerpt":{"rendered":"<p>Africa-Press &#8211; Tchad. Le Pr\u00e9sident du Conseil Militaire de Transition, G\u00e9n\u00e9ral MAHAMAT IDRISS DEBY ITNO se trouve depuis hier soir \u00e0 Doha, capitale qatarie. Le Chef de l\u2019Etat effectue une visite d\u2019amiti\u00e9 et de travail, la 2e visite d\u2019amiti\u00e9 et du travail du Pr\u00e9sident du Conseil Militaire de Transition, G\u00e9n\u00e9ral MAHAMAT IDRISS DEBY ITNO \u00e0 [&hellip;]<\/p>\n","protected":false},"author":82,"featured_media":30153,"comment_status":"open","ping_status":"closed","sticky":false,"template":"","format":"standard","meta":{"footnotes":""},"categories":[11,2,20,10],"tags":[37,292,29],"class_list":["post-30154","post","type-post","status-publish","format-standard","has-post-thumbnail","hentry","category-homepage-french","category-politique","category-top-nouvelles","category-toutes-les-actualites","tag-africa-press","tag-africa-press-tchad","tag-tchad"],"yoast_head":"<!-- This site is optimized with the Yoast SEO Premium plugin v26.1 (Yoast SEO v27.0) - https:\/\/yoast.com\/product\/yoast-seo-premium-wordpress\/ -->\n<title>TCHAD-QATAR : Le PCMT \u00e0 Doha pour une visite d\u2019amiti\u00e9 et de travail - tchad<\/title>\n<meta name=\"robots\" content=\"index, follow, max-snippet:-1, max-image-preview:large, max-video-preview:-1\" \/>\n<link rel=\"canonical\" href=\"https:\/\/www.africa-press.net\/tchad\/politique\/tchad-qatar-le-pcmt-a-doha-pour-une-visite-damitie-et-de-travail\" \/>\n<meta property=\"og:locale\" content=\"fr_FR\" \/>\n<meta property=\"og:type\" content=\"article\" \/>\n<meta property=\"og:title\" content=\"TCHAD-QATAR : Le PCMT \u00e0 Doha pour une visite d\u2019amiti\u00e9 et de travail\" \/>\n<meta property=\"og:description\" content=\"Africa-Press &#8211; Tchad. Le Pr\u00e9sident du Conseil Militaire de Transition, G\u00e9n\u00e9ral MAHAMAT IDRISS DEBY ITNO se trouve depuis hier soir \u00e0 Doha, capitale qatarie. Le Chef de l\u2019Etat effectue une visite d\u2019amiti\u00e9 et de travail, la 2e visite d\u2019amiti\u00e9 et du travail du Pr\u00e9sident du Conseil Militaire de Transition, G\u00e9n\u00e9ral MAHAMAT IDRISS DEBY ITNO \u00e0 [&hellip;]\" \/>\n<meta property=\"og:url\" content=\"https:\/\/www.africa-press.net\/tchad\/politique\/tchad-qatar-le-pcmt-a-doha-pour-une-visite-damitie-et-de-travail\" \/>\n<meta property=\"og:site_name\" content=\"tchad\" \/>\n<meta property=\"article:published_time\" content=\"2022-08-06T15:08:56+00:00\" \/>\n<meta name=\"author\" content=\"cfeditorfr\" \/>\n<meta name=\"twitter:card\" content=\"summary_large_image\" \/>\n<meta name=\"twitter:label1\" content=\"\u00c9crit par\" \/>\n\t<meta name=\"twitter:data1\" content=\"cfeditorfr\" \/>\n\t<meta name=\"twitter:label2\" content=\"Dur\u00e9e de lecture estim\u00e9e\" \/>\n\t<meta name=\"twitter:data2\" content=\"2 minutes\" \/>\n<script type=\"application\/ld+json\" class=\"yoast-schema-graph\">{\"@context\":\"https:\/\/schema.org\",\"@graph\":[{\"@type\":\"Article\",\"@id\":\"https:\/\/www.africa-press.net\/tchad\/politique\/tchad-qatar-le-pcmt-a-doha-pour-une-visite-damitie-et-de-travail#article\",\"isPartOf\":{\"@id\":\"https:\/\/www.africa-press.net\/tchad\/politique\/tchad-qatar-le-pcmt-a-doha-pour-une-visite-damitie-et-de-travail\"},\"author\":{\"name\":\"cfeditorfr\",\"@id\":\"https:\/\/www.africa-press.net\/tchad\/#\/schema\/person\/2b1cf3cd81a31e3cd26889ca66d677f1\"},\"headline\":\"TCHAD-QATAR : Le PCMT \u00e0 Doha pour une visite d\u2019amiti\u00e9 et de travail\",\"datePublished\":\"2022-08-06T15:08:56+00:00\",\"mainEntityOfPage\":{\"@id\":\"https:\/\/www.africa-press.net\/tchad\/politique\/tchad-qatar-le-pcmt-a-doha-pour-une-visite-damitie-et-de-travail\"},\"wordCount\":419,\"commentCount\":0,\"image\":{\"@id\":\"https:\/\/www.africa-press.net\/tchad\/politique\/tchad-qatar-le-pcmt-a-doha-pour-une-visite-damitie-et-de-travail#primaryimage\"},\"thumbnailUrl\":\"https:\/\/static.africa-press.net\/tchad\/sites\/41\/2022\/08\/postQueueImg_1-62ee8df7cb153.jpg\",\"keywords\":[\"Africa Press\",\"Africa Press-Tchad\",\"Tchad\"],\"articleSection\":[\"homepage-french\",\"Politique\",\"Top Nouvelles\",\"Toutes les actualit\u00e9s\"],\"inLanguage\":\"fr-FR\",\"potentialAction\":[{\"@type\":\"CommentAction\",\"name\":\"Comment\",\"target\":[\"https:\/\/www.africa-press.net\/tchad\/politique\/tchad-qatar-le-pcmt-a-doha-pour-une-visite-damitie-et-de-travail#respond\"]}]},{\"@type\":\"WebPage\",\"@id\":\"https:\/\/www.africa-press.net\/tchad\/politique\/tchad-qatar-le-pcmt-a-doha-pour-une-visite-damitie-et-de-travail\",\"url\":\"https:\/\/www.africa-press.net\/tchad\/politique\/tchad-qatar-le-pcmt-a-doha-pour-une-visite-damitie-et-de-travail\",\"name\":\"TCHAD-QATAR : Le PCMT \u00e0 Doha pour une visite d\u2019amiti\u00e9 et de travail - tchad\",\"isPartOf\":{\"@id\":\"https:\/\/www.africa-press.net\/tchad\/#website\"},\"primaryImageOfPage\":{\"@id\":\"https:\/\/www.africa-press.net\/tchad\/politique\/tchad-qatar-le-pcmt-a-doha-pour-une-visite-damitie-et-de-travail#primaryimage\"},\"image\":{\"@id\":\"https:\/\/www.africa-press.net\/tchad\/politique\/tchad-qatar-le-pcmt-a-doha-pour-une-visite-damitie-et-de-travail#primaryimage\"},\"thumbnailUrl\":\"https:\/\/static.africa-press.net\/tchad\/sites\/41\/2022\/08\/postQueueImg_1-62ee8df7cb153.jpg\",\"datePublished\":\"2022-08-06T15:08:56+00:00\",\"author\":{\"@id\":\"https:\/\/www.africa-press.net\/tchad\/#\/schema\/person\/2b1cf3cd81a31e3cd26889ca66d677f1\"},\"breadcrumb\":{\"@id\":\"https:\/\/www.africa-press.net\/tchad\/politique\/tchad-qatar-le-pcmt-a-doha-pour-une-visite-damitie-et-de-travail#breadcrumb\"},\"inLanguage\":\"fr-FR\",\"potentialAction\":[{\"@type\":\"ReadAction\",\"target\":[\"https:\/\/www.africa-press.net\/tchad\/politique\/tchad-qatar-le-pcmt-a-doha-pour-une-visite-damitie-et-de-travail\"]}]},{\"@type\":\"ImageObject\",\"inLanguage\":\"fr-FR\",\"@id\":\"https:\/\/www.africa-press.net\/tchad\/politique\/tchad-qatar-le-pcmt-a-doha-pour-une-visite-damitie-et-de-travail#primaryimage\",\"url\":\"https:\/\/static.africa-press.net\/tchad\/sites\/41\/2022\/08\/postQueueImg_1-62ee8df7cb153.jpg\",\"contentUrl\":\"https:\/\/static.africa-press.net\/tchad\/sites\/41\/2022\/08\/postQueueImg_1-62ee8df7cb153.jpg\",\"width\":1023,\"height\":626,\"caption\":\"TCHAD-QATAR : Le PCMT \u00e0 Doha pour une visite d\u2019amiti\u00e9 et de travail\"},{\"@type\":\"BreadcrumbList\",\"@id\":\"https:\/\/www.africa-press.net\/tchad\/politique\/tchad-qatar-le-pcmt-a-doha-pour-une-visite-damitie-et-de-travail#breadcrumb\",\"itemListElement\":[{\"@type\":\"ListItem\",\"position\":1,\"name\":\"Accueil\",\"item\":\"https:\/\/www.africa-press.net\/tchad\/\"},{\"@type\":\"ListItem\",\"position\":2,\"name\":\"TCHAD-QATAR : Le PCMT \u00e0 Doha pour une visite d\u2019amiti\u00e9 et de travail\"}]},{\"@type\":\"WebSite\",\"@id\":\"https:\/\/www.africa-press.net\/tchad\/#website\",\"url\":\"https:\/\/www.africa-press.net\/tchad\/\",\"name\":\"tchad\",\"description\":\"Just another Africa News Agency Sites site\",\"potentialAction\":[{\"@type\":\"SearchAction\",\"target\":{\"@type\":\"EntryPoint\",\"urlTemplate\":\"https:\/\/www.africa-press.net\/tchad\/?s={search_term_string}\"},\"query-input\":{\"@type\":\"PropertyValueSpecification\",\"valueRequired\":true,\"valueName\":\"search_term_string\"}}],\"inLanguage\":\"fr-FR\"},{\"@type\":\"Person\",\"@id\":\"https:\/\/www.africa-press.net\/tchad\/#\/schema\/person\/2b1cf3cd81a31e3cd26889ca66d677f1\",\"name\":\"cfeditorfr\"}]}<\/script>\n<!-- \/ Yoast SEO Premium plugin. -->","yoast_head_json":{"title":"TCHAD-QATAR : Le PCMT \u00e0 Doha pour une visite d\u2019amiti\u00e9 et de travail - tchad","robots":{"index":"index","follow":"follow","max-snippet":"max-snippet:-1","max-image-preview":"max-image-preview:large","max-video-preview":"max-video-preview:-1"},"canonical":"https:\/\/www.africa-press.net\/tchad\/politique\/tchad-qatar-le-pcmt-a-doha-pour-une-visite-damitie-et-de-travail","og_locale":"fr_FR","og_type":"article","og_title":"TCHAD-QATAR : Le PCMT \u00e0 Doha pour une visite d\u2019amiti\u00e9 et de travail","og_description":"Africa-Press &#8211; Tchad. Le Pr\u00e9sident du Conseil Militaire de Transition, G\u00e9n\u00e9ral MAHAMAT IDRISS DEBY ITNO se trouve depuis hier soir \u00e0 Doha, capitale qatarie. Le Chef de l\u2019Etat effectue une visite d\u2019amiti\u00e9 et de travail, la 2e visite d\u2019amiti\u00e9 et du travail du Pr\u00e9sident du Conseil Militaire de Transition, G\u00e9n\u00e9ral MAHAMAT IDRISS DEBY ITNO \u00e0 [&hellip;]","og_url":"https:\/\/www.africa-press.net\/tchad\/politique\/tchad-qatar-le-pcmt-a-doha-pour-une-visite-damitie-et-de-travail","og_site_name":"tchad","article_published_time":"2022-08-06T15:08:56+00:00","author":"cfeditorfr","twitter_card":"summary_large_image","twitter_misc":{"\u00c9crit par":"cfeditorfr","Dur\u00e9e de lecture estim\u00e9e":"2 minutes"},"schema":{"@context":"https:\/\/schema.org","@graph":[{"@type":"Article","@id":"https:\/\/www.africa-press.net\/tchad\/politique\/tchad-qatar-le-pcmt-a-doha-pour-une-visite-damitie-et-de-travail#article","isPartOf":{"@id":"https:\/\/www.africa-press.net\/tchad\/politique\/tchad-qatar-le-pcmt-a-doha-pour-une-visite-damitie-et-de-travail"},"author":{"name":"cfeditorfr","@id":"https:\/\/www.africa-press.net\/tchad\/#\/schema\/person\/2b1cf3cd81a31e3cd26889ca66d677f1"},"headline":"TCHAD-QATAR : Le PCMT \u00e0 Doha pour une visite d\u2019amiti\u00e9 et de travail","datePublished":"2022-08-06T15:08:56+00:00","mainEntityOfPage":{"@id":"https:\/\/www.africa-press.net\/tchad\/politique\/tchad-qatar-le-pcmt-a-doha-pour-une-visite-damitie-et-de-travail"},"wordCount":419,"commentCount":0,"image":{"@id":"https:\/\/www.africa-press.net\/tchad\/politique\/tchad-qatar-le-pcmt-a-doha-pour-une-visite-damitie-et-de-travail#primaryimage"},"thumbnailUrl":"https:\/\/static.africa-press.net\/tchad\/sites\/41\/2022\/08\/postQueueImg_1-62ee8df7cb153.jpg","keywords":["Africa Press","Africa Press-Tchad","Tchad"],"articleSection":["homepage-french","Politique","Top Nouvelles","Toutes les actualit\u00e9s"],"inLanguage":"fr-FR","potentialAction":[{"@type":"CommentAction","name":"Comment","target":["https:\/\/www.africa-press.net\/tchad\/politique\/tchad-qatar-le-pcmt-a-doha-pour-une-visite-damitie-et-de-travail#respond"]}]},{"@type":"WebPage","@id":"https:\/\/www.africa-press.net\/tchad\/politique\/tchad-qatar-le-pcmt-a-doha-pour-une-visite-damitie-et-de-travail","url":"https:\/\/www.africa-press.net\/tchad\/politique\/tchad-qatar-le-pcmt-a-doha-pour-une-visite-damitie-et-de-travail","name":"TCHAD-QATAR : Le PCMT \u00e0 Doha pour une visite d\u2019amiti\u00e9 et de travail - tchad","isPartOf":{"@id":"https:\/\/www.africa-press.net\/tchad\/#website"},"primaryImageOfPage":{"@id":"https:\/\/www.africa-press.net\/tchad\/politique\/tchad-qatar-le-pcmt-a-doha-pour-une-visite-damitie-et-de-travail#primaryimage"},"image":{"@id":"https:\/\/www.africa-press.net\/tchad\/politique\/tchad-qatar-le-pcmt-a-doha-pour-une-visite-damitie-et-de-travail#primaryimage"},"thumbnailUrl":"https:\/\/static.africa-press.net\/tchad\/sites\/41\/2022\/08\/postQueueImg_1-62ee8df7cb153.jpg","datePublished":"2022-08-06T15:08:56+00:00","author":{"@id":"https:\/\/www.africa-press.net\/tchad\/#\/schema\/person\/2b1cf3cd81a31e3cd26889ca66d677f1"},"breadcrumb":{"@id":"https:\/\/www.africa-press.net\/tchad\/politique\/tchad-qatar-le-pcmt-a-doha-pour-une-visite-damitie-et-de-travail#breadcrumb"},"inLanguage":"fr-FR","potentialAction":[{"@type":"ReadAction","target":["https:\/\/www.africa-press.net\/tchad\/politique\/tchad-qatar-le-pcmt-a-doha-pour-une-visite-damitie-et-de-travail"]}]},{"@type":"ImageObject","inLanguage":"fr-FR","@id":"https:\/\/www.africa-press.net\/tchad\/politique\/tchad-qatar-le-pcmt-a-doha-pour-une-visite-damitie-et-de-travail#primaryimage","url":"https:\/\/static.africa-press.net\/tchad\/sites\/41\/2022\/08\/postQueueImg_1-62ee8df7cb153.jpg","contentUrl":"https:\/\/static.africa-press.net\/tchad\/sites\/41\/2022\/08\/postQueueImg_1-62ee8df7cb153.jpg","width":1023,"height":626,"caption":"TCHAD-QATAR : Le PCMT \u00e0 Doha pour une visite d\u2019amiti\u00e9 et de travail"},{"@type":"BreadcrumbList","@id":"https:\/\/www.africa-press.net\/tchad\/politique\/tchad-qatar-le-pcmt-a-doha-pour-une-visite-damitie-et-de-travail#breadcrumb","itemListElement":[{"@type":"ListItem","position":1,"name":"Accueil","item":"https:\/\/www.africa-press.net\/tchad\/"},{"@type":"ListItem","position":2,"name":"TCHAD-QATAR : Le PCMT \u00e0 Doha pour une visite d\u2019amiti\u00e9 et de travail"}]},{"@type":"WebSite","@id":"https:\/\/www.africa-press.net\/tchad\/#website","url":"https:\/\/www.africa-press.net\/tchad\/","name":"tchad","description":"Just another Africa News Agency Sites site","potentialAction":[{"@type":"SearchAction","target":{"@type":"EntryPoint","urlTemplate":"https:\/\/www.africa-press.net\/tchad\/?s={search_term_string}"},"query-input":{"@type":"PropertyValueSpecification","valueRequired":true,"valueName":"search_term_string"}}],"inLanguage":"fr-FR"},{"@type":"Person","@id":"https:\/\/www.africa-press.net\/tchad\/#\/schema\/person\/2b1cf3cd81a31e3cd26889ca66d677f1","name":"cfeditorfr"}]}},"_links":{"self":[{"href":"https:\/\/www.africa-press.net\/tchad\/wp-json\/wp\/v2\/posts\/30154","targetHints":{"allow":["GET"]}}],"collection":[{"href":"https:\/\/www.africa-press.net\/tchad\/wp-json\/wp\/v2\/posts"}],"about":[{"href":"https:\/\/www.africa-press.net\/tchad\/wp-json\/wp\/v2\/types\/post"}],"author":[{"embeddable":true,"href":"https:\/\/www.africa-press.net\/tchad\/wp-json\/wp\/v2\/users\/82"}],"replies":[{"embeddable":true,"href":"https:\/\/www.africa-press.net\/tchad\/wp-json\/wp\/v2\/comments?post=30154"}],"version-history":[{"count":0,"href":"https:\/\/www.africa-press.net\/tchad\/wp-json\/wp\/v2\/posts\/30154\/revisions"}],"wp:featuredmedia":[{"embeddable":true,"href":"https:\/\/www.africa-press.net\/tchad\/wp-json\/wp\/v2\/media\/30153"}],"wp:attachment":[{"href":"https:\/\/www.africa-press.net\/tchad\/wp-json\/wp\/v2\/media?parent=30154"}],"wp:term":[{"taxonomy":"category","embeddable":true,"href":"https:\/\/www.africa-press.net\/tchad\/wp-json\/wp\/v2\/categories?post=30154"},{"taxonomy":"post_tag","embeddable":true,"href":"https:\/\/www.africa-press.net\/tchad\/wp-json\/wp\/v2\/tags?post=30154"}],"curies":[{"name":"wp","href":"https:\/\/api.w.org\/{rel}","templated":true}]}}