{"id":30175,"date":"2022-08-06T15:15:46","date_gmt":"2022-08-06T15:15:46","guid":{"rendered":"https:\/\/www.africa-press.net\/tchad\/politique\/revendications-les-employes-de-la-raffinerie-de-djarmaya-seront-ils-contraints-a-la-greve"},"modified":"2022-08-06T16:03:58","modified_gmt":"2022-08-06T16:03:58","slug":"revendications-les-employes-de-la-raffinerie-de-djarmaya-seront-ils-contraints-a-la-greve","status":"publish","type":"post","link":"https:\/\/www.africa-press.net\/tchad\/toutes-les-actualites\/revendications-les-employes-de-la-raffinerie-de-djarmaya-seront-ils-contraints-a-la-greve","title":{"rendered":"Revendications : les employ\u00e9s de la raffinerie de Djarmaya seront-ils contraints \u00e0 la gr\u00e8ve ?"},"content":{"rendered":"<p><span style=\"color: #ff6600\"><strong>Africa-Press &#8211; Tchad. <\/strong><\/span>Apr\u00e8s plusieurs ann\u00e9es de revendications pour les meilleures conditions de travail et l\u2019application de la convention d\u2019entreprise entre la soci\u00e9t\u00e9 de raffinage NRC et son personnel puis le probl\u00e8me de rotation depuis l\u2019av\u00e8nement de la Covid-19, le personnel menace d\u2019entrer en gr\u00e8ve.<\/p>\n<p><a name=\"tchad-1408145181\"><\/a><a href=\"https:\/\/www.ecobank.com\/td\/personal-banking\/countries\"><br \/>\n<\/a><br \/>\n\u00ab Au vu de tout ce parcours d\u2019une n\u00e9gociation sur le nucl\u00e9aire, il est important que les employ\u00e9s prennent leur destin en main et d\u00e9cident en toute conscience et responsabilit\u00e9 des actions l\u00e9gales \u00e9ventuelles ou moyens de pression qui pourront contraindre la direction de la NRC \u00e0 respecter cette portion de la loi en signant cette convention et sa mise en application \u00bb, ont \u00e9crit les employ\u00e9s, \u00e0 la direction de NRC, apr\u00e8s une assembl\u00e9e g\u00e9n\u00e9rale.<\/p>\n<p>En effet, c\u2019est depuis 2012 o\u00f9 les d\u00e9marches ont \u00e9t\u00e9 men\u00e9es pour la mise en place d\u2019une cellule syndicale que le probl\u00e8me de la convention d\u2019entreprise a \u00e9t\u00e9 mis sur la table par les responsables de la cellule syndicale. Mais les responsables de la NRC, par des mani\u00e8res dolosives, ne veulent pas que cette convention soit sign\u00e9e, dix ans apr\u00e8s sa n\u00e9gociation, d\u00e9nonce le personnel.<\/p>\n<p>Les employ\u00e9s eux, disent qu\u2019ils n\u2019en peuvent plus d\u2019o\u00f9 cette sortie pour rappeler aux responsables de la NRC leurs engagements pris \u00e0 plusieurs reprises pour la signature de ladite convention.<\/p>\n<p>Aussi, depuis l\u2019av\u00e8nement de la Covid-19 au Tchad le 19 mars 2020, la NRC \u00e0 l\u2019instar des autres soci\u00e9t\u00e9s de la place a modifi\u00e9 son syst\u00e8me de fonctionnement. \u00ab Ce qui a une incidence n\u00e9gative \u00e0 tous les niveaux, notamment la mise sur pied d\u2019un nouveau syst\u00e8me de travail par rotation sur le site. Le syst\u00e8me initial \u00e9tait de deux semaines de quarantaine renouvelables \u00e9ventuellement selon les r\u00e9sultats de tous les \u00e9l\u00e9ments de l\u2019\u00e9quipe de suivi de trois mois de travail sur le site \u00bb, ont-ils relev\u00e9. Malgr\u00e9 la demande de r\u00e9vision, un programme unilat\u00e9ral de rotation a \u00e9t\u00e9 d\u00e9j\u00e0 planifi\u00e9 par la direction des ressources humaines qui pr\u00e9voit la rotation de quatre mois apr\u00e8s deux semaines de quarantaine.<\/p>\n<p>\u00ab Syst\u00e8me en vigueur jusqu\u2019\u00e0 ce jour alors m\u00eame que la coordination nationale des actions de lutte contre la covid-19, en date du 16 juin 2022, a lev\u00e9 toutes les mesures li\u00e9es \u00e0 la Covid-19 \u00bb, constatent-ils malheureusement. En sus de cela, la dotation en gaz \u00e0 tout le personnel comme pr\u00e9vu chaque deux semaines n\u2019est plus op\u00e9rationnel. Il faut parfois plus de trois mois avant de disposer d\u2019une bouteille de gaz butane de 15kg.<\/p>\n<p>De tout ce qui pr\u00e9c\u00e8de, les employ\u00e9s entendent prendre leur destin en main en ce mois d\u2019ao\u00fbt par des actions citoyennes et l\u00e9gales notamment une gr\u00e8ve. Ce qui pourrait avoir des cons\u00e9quences f\u00e2cheuses en ce mois si le gaz butane et le carburant se font rares alors que les m\u00e9nages tchadiens peinent \u00e0 vivre.<\/p>\n<p><strong>Pour plus d&rsquo;informations et d&rsquo;analyses sur la <a href=\"https:\/\/www.africa-press.net\/tchad\">Tchad<\/a>, suivez <a href=\"https:\/\/www.africa-press.net\/\">Africa-Press<\/a><\/strong><\/p>\n","protected":false},"excerpt":{"rendered":"<p>Africa-Press &#8211; Tchad. Apr\u00e8s plusieurs ann\u00e9es de revendications pour les meilleures conditions de travail et l\u2019application de la convention d\u2019entreprise entre la soci\u00e9t\u00e9 de raffinage NRC et son personnel puis le probl\u00e8me de rotation depuis l\u2019av\u00e8nement de la Covid-19, le personnel menace d\u2019entrer en gr\u00e8ve. \u00ab Au vu de tout ce parcours d\u2019une n\u00e9gociation sur [&hellip;]<\/p>\n","protected":false},"author":82,"featured_media":30174,"comment_status":"open","ping_status":"closed","sticky":false,"template":"","format":"standard","meta":{"footnotes":""},"categories":[21,11,10],"tags":[37,292,29],"class_list":["post-30175","post","type-post","status-publish","format-standard","has-post-thumbnail","hentry","category-communaute","category-homepage-french","category-toutes-les-actualites","tag-africa-press","tag-africa-press-tchad","tag-tchad"],"yoast_head":"<!-- This site is optimized with the Yoast SEO Premium plugin v26.1 (Yoast SEO v27.0) - https:\/\/yoast.com\/product\/yoast-seo-premium-wordpress\/ -->\n<title>Revendications : les employ\u00e9s de la raffinerie de Djarmaya seront-ils contraints \u00e0 la gr\u00e8ve ? - tchad<\/title>\n<meta name=\"description\" content=\"Apr\u00e8s plusieurs ann\u00e9es de revendications pour les meilleures conditions de travail et l\u2019application de la convention d\u2019e ...\" \/>\n<meta name=\"robots\" content=\"index, follow, max-snippet:-1, max-image-preview:large, max-video-preview:-1\" \/>\n<link rel=\"canonical\" href=\"https:\/\/www.africa-press.net\/tchad\/toutes-les-actualites\/revendications-les-employes-de-la-raffinerie-de-djarmaya-seront-ils-contraints-a-la-greve\" \/>\n<meta property=\"og:locale\" content=\"fr_FR\" \/>\n<meta property=\"og:type\" content=\"article\" \/>\n<meta property=\"og:title\" content=\"Revendications : les employ\u00e9s de la raffinerie de Djarmaya seront-ils contraints \u00e0 la gr\u00e8ve ?\" \/>\n<meta property=\"og:description\" content=\"Apr\u00e8s plusieurs ann\u00e9es de revendications pour les meilleures conditions de travail et l\u2019application de la convention d\u2019e ...\" \/>\n<meta property=\"og:url\" content=\"https:\/\/www.africa-press.net\/tchad\/toutes-les-actualites\/revendications-les-employes-de-la-raffinerie-de-djarmaya-seront-ils-contraints-a-la-greve\" \/>\n<meta property=\"og:site_name\" content=\"tchad\" \/>\n<meta property=\"article:published_time\" content=\"2022-08-06T15:15:46+00:00\" \/>\n<meta property=\"article:modified_time\" content=\"2022-08-06T16:03:58+00:00\" \/>\n<meta property=\"og:image\" content=\"https:\/\/static.africa-press.net\/tchad\/sites\/41\/2022\/08\/postQueueImg_7-62ee90c50c18d.jpg\" \/>\n\t<meta property=\"og:image:width\" content=\"696\" \/>\n\t<meta property=\"og:image:height\" content=\"522\" \/>\n\t<meta property=\"og:image:type\" content=\"image\/jpeg\" \/>\n<meta name=\"author\" content=\"cfeditorfr\" \/>\n<meta name=\"twitter:card\" content=\"summary_large_image\" \/>\n<meta name=\"twitter:label1\" content=\"\u00c9crit par\" \/>\n\t<meta name=\"twitter:data1\" content=\"cfeditorfr\" \/>\n\t<meta name=\"twitter:label2\" content=\"Dur\u00e9e de lecture estim\u00e9e\" \/>\n\t<meta name=\"twitter:data2\" content=\"3 minutes\" \/>\n<script type=\"application\/ld+json\" class=\"yoast-schema-graph\">{\"@context\":\"https:\/\/schema.org\",\"@graph\":[{\"@type\":\"Article\",\"@id\":\"https:\/\/www.africa-press.net\/tchad\/toutes-les-actualites\/revendications-les-employes-de-la-raffinerie-de-djarmaya-seront-ils-contraints-a-la-greve#article\",\"isPartOf\":{\"@id\":\"https:\/\/www.africa-press.net\/tchad\/toutes-les-actualites\/revendications-les-employes-de-la-raffinerie-de-djarmaya-seront-ils-contraints-a-la-greve\"},\"author\":{\"name\":\"cfeditorfr\",\"@id\":\"https:\/\/www.africa-press.net\/tchad\/#\/schema\/person\/2b1cf3cd81a31e3cd26889ca66d677f1\"},\"headline\":\"Revendications : les employ\u00e9s de la raffinerie de Djarmaya seront-ils contraints \u00e0 la gr\u00e8ve ?\",\"datePublished\":\"2022-08-06T15:15:46+00:00\",\"dateModified\":\"2022-08-06T16:03:58+00:00\",\"mainEntityOfPage\":{\"@id\":\"https:\/\/www.africa-press.net\/tchad\/toutes-les-actualites\/revendications-les-employes-de-la-raffinerie-de-djarmaya-seront-ils-contraints-a-la-greve\"},\"wordCount\":542,\"commentCount\":0,\"image\":{\"@id\":\"https:\/\/www.africa-press.net\/tchad\/toutes-les-actualites\/revendications-les-employes-de-la-raffinerie-de-djarmaya-seront-ils-contraints-a-la-greve#primaryimage\"},\"thumbnailUrl\":\"https:\/\/static.africa-press.net\/tchad\/sites\/41\/2022\/08\/postQueueImg_7-62ee90c50c18d.jpg\",\"keywords\":[\"Africa Press\",\"Africa Press-Tchad\",\"Tchad\"],\"articleSection\":[\"Communaut\u00e9\",\"homepage-french\",\"Toutes les actualit\u00e9s\"],\"inLanguage\":\"fr-FR\",\"potentialAction\":[{\"@type\":\"CommentAction\",\"name\":\"Comment\",\"target\":[\"https:\/\/www.africa-press.net\/tchad\/toutes-les-actualites\/revendications-les-employes-de-la-raffinerie-de-djarmaya-seront-ils-contraints-a-la-greve#respond\"]}]},{\"@type\":\"WebPage\",\"@id\":\"https:\/\/www.africa-press.net\/tchad\/toutes-les-actualites\/revendications-les-employes-de-la-raffinerie-de-djarmaya-seront-ils-contraints-a-la-greve\",\"url\":\"https:\/\/www.africa-press.net\/tchad\/toutes-les-actualites\/revendications-les-employes-de-la-raffinerie-de-djarmaya-seront-ils-contraints-a-la-greve\",\"name\":\"Revendications : les employ\u00e9s de la raffinerie de Djarmaya seront-ils contraints \u00e0 la gr\u00e8ve ? - tchad\",\"isPartOf\":{\"@id\":\"https:\/\/www.africa-press.net\/tchad\/#website\"},\"primaryImageOfPage\":{\"@id\":\"https:\/\/www.africa-press.net\/tchad\/toutes-les-actualites\/revendications-les-employes-de-la-raffinerie-de-djarmaya-seront-ils-contraints-a-la-greve#primaryimage\"},\"image\":{\"@id\":\"https:\/\/www.africa-press.net\/tchad\/toutes-les-actualites\/revendications-les-employes-de-la-raffinerie-de-djarmaya-seront-ils-contraints-a-la-greve#primaryimage\"},\"thumbnailUrl\":\"https:\/\/static.africa-press.net\/tchad\/sites\/41\/2022\/08\/postQueueImg_7-62ee90c50c18d.jpg\",\"datePublished\":\"2022-08-06T15:15:46+00:00\",\"dateModified\":\"2022-08-06T16:03:58+00:00\",\"author\":{\"@id\":\"https:\/\/www.africa-press.net\/tchad\/#\/schema\/person\/2b1cf3cd81a31e3cd26889ca66d677f1\"},\"description\":\"Apr\u00e8s plusieurs ann\u00e9es de revendications pour les meilleures conditions de travail et l\u2019application de la convention d\u2019e ...\",\"breadcrumb\":{\"@id\":\"https:\/\/www.africa-press.net\/tchad\/toutes-les-actualites\/revendications-les-employes-de-la-raffinerie-de-djarmaya-seront-ils-contraints-a-la-greve#breadcrumb\"},\"inLanguage\":\"fr-FR\",\"potentialAction\":[{\"@type\":\"ReadAction\",\"target\":[\"https:\/\/www.africa-press.net\/tchad\/toutes-les-actualites\/revendications-les-employes-de-la-raffinerie-de-djarmaya-seront-ils-contraints-a-la-greve\"]}]},{\"@type\":\"ImageObject\",\"inLanguage\":\"fr-FR\",\"@id\":\"https:\/\/www.africa-press.net\/tchad\/toutes-les-actualites\/revendications-les-employes-de-la-raffinerie-de-djarmaya-seront-ils-contraints-a-la-greve#primaryimage\",\"url\":\"https:\/\/static.africa-press.net\/tchad\/sites\/41\/2022\/08\/postQueueImg_7-62ee90c50c18d.jpg\",\"contentUrl\":\"https:\/\/static.africa-press.net\/tchad\/sites\/41\/2022\/08\/postQueueImg_7-62ee90c50c18d.jpg\",\"width\":696,\"height\":522,\"caption\":\"Revendications : les employ\u00e9s de la raffinerie de Djarmaya seront-ils contraints \u00e0 la gr\u00e8ve ?\"},{\"@type\":\"BreadcrumbList\",\"@id\":\"https:\/\/www.africa-press.net\/tchad\/toutes-les-actualites\/revendications-les-employes-de-la-raffinerie-de-djarmaya-seront-ils-contraints-a-la-greve#breadcrumb\",\"itemListElement\":[{\"@type\":\"ListItem\",\"position\":1,\"name\":\"Accueil\",\"item\":\"https:\/\/www.africa-press.net\/tchad\/\"},{\"@type\":\"ListItem\",\"position\":2,\"name\":\"Revendications : les employ\u00e9s de la raffinerie de Djarmaya seront-ils contraints \u00e0 la gr\u00e8ve ?\"}]},{\"@type\":\"WebSite\",\"@id\":\"https:\/\/www.africa-press.net\/tchad\/#website\",\"url\":\"https:\/\/www.africa-press.net\/tchad\/\",\"name\":\"tchad\",\"description\":\"Just another Africa News Agency Sites site\",\"potentialAction\":[{\"@type\":\"SearchAction\",\"target\":{\"@type\":\"EntryPoint\",\"urlTemplate\":\"https:\/\/www.africa-press.net\/tchad\/?s={search_term_string}\"},\"query-input\":{\"@type\":\"PropertyValueSpecification\",\"valueRequired\":true,\"valueName\":\"search_term_string\"}}],\"inLanguage\":\"fr-FR\"},{\"@type\":\"Person\",\"@id\":\"https:\/\/www.africa-press.net\/tchad\/#\/schema\/person\/2b1cf3cd81a31e3cd26889ca66d677f1\",\"name\":\"cfeditorfr\"}]}<\/script>\n<!-- \/ Yoast SEO Premium plugin. -->","yoast_head_json":{"title":"Revendications : les employ\u00e9s de la raffinerie de Djarmaya seront-ils contraints \u00e0 la gr\u00e8ve ? - tchad","description":"Apr\u00e8s plusieurs ann\u00e9es de revendications pour les meilleures conditions de travail et l\u2019application de la convention d\u2019e ...","robots":{"index":"index","follow":"follow","max-snippet":"max-snippet:-1","max-image-preview":"max-image-preview:large","max-video-preview":"max-video-preview:-1"},"canonical":"https:\/\/www.africa-press.net\/tchad\/toutes-les-actualites\/revendications-les-employes-de-la-raffinerie-de-djarmaya-seront-ils-contraints-a-la-greve","og_locale":"fr_FR","og_type":"article","og_title":"Revendications : les employ\u00e9s de la raffinerie de Djarmaya seront-ils contraints \u00e0 la gr\u00e8ve ?","og_description":"Apr\u00e8s plusieurs ann\u00e9es de revendications pour les meilleures conditions de travail et l\u2019application de la convention d\u2019e ...","og_url":"https:\/\/www.africa-press.net\/tchad\/toutes-les-actualites\/revendications-les-employes-de-la-raffinerie-de-djarmaya-seront-ils-contraints-a-la-greve","og_site_name":"tchad","article_published_time":"2022-08-06T15:15:46+00:00","article_modified_time":"2022-08-06T16:03:58+00:00","og_image":[{"width":696,"height":522,"url":"https:\/\/static.africa-press.net\/tchad\/sites\/41\/2022\/08\/postQueueImg_7-62ee90c50c18d.jpg","type":"image\/jpeg"}],"author":"cfeditorfr","twitter_card":"summary_large_image","twitter_misc":{"\u00c9crit par":"cfeditorfr","Dur\u00e9e de lecture estim\u00e9e":"3 minutes"},"schema":{"@context":"https:\/\/schema.org","@graph":[{"@type":"Article","@id":"https:\/\/www.africa-press.net\/tchad\/toutes-les-actualites\/revendications-les-employes-de-la-raffinerie-de-djarmaya-seront-ils-contraints-a-la-greve#article","isPartOf":{"@id":"https:\/\/www.africa-press.net\/tchad\/toutes-les-actualites\/revendications-les-employes-de-la-raffinerie-de-djarmaya-seront-ils-contraints-a-la-greve"},"author":{"name":"cfeditorfr","@id":"https:\/\/www.africa-press.net\/tchad\/#\/schema\/person\/2b1cf3cd81a31e3cd26889ca66d677f1"},"headline":"Revendications : les employ\u00e9s de la raffinerie de Djarmaya seront-ils contraints \u00e0 la gr\u00e8ve ?","datePublished":"2022-08-06T15:15:46+00:00","dateModified":"2022-08-06T16:03:58+00:00","mainEntityOfPage":{"@id":"https:\/\/www.africa-press.net\/tchad\/toutes-les-actualites\/revendications-les-employes-de-la-raffinerie-de-djarmaya-seront-ils-contraints-a-la-greve"},"wordCount":542,"commentCount":0,"image":{"@id":"https:\/\/www.africa-press.net\/tchad\/toutes-les-actualites\/revendications-les-employes-de-la-raffinerie-de-djarmaya-seront-ils-contraints-a-la-greve#primaryimage"},"thumbnailUrl":"https:\/\/static.africa-press.net\/tchad\/sites\/41\/2022\/08\/postQueueImg_7-62ee90c50c18d.jpg","keywords":["Africa Press","Africa Press-Tchad","Tchad"],"articleSection":["Communaut\u00e9","homepage-french","Toutes les actualit\u00e9s"],"inLanguage":"fr-FR","potentialAction":[{"@type":"CommentAction","name":"Comment","target":["https:\/\/www.africa-press.net\/tchad\/toutes-les-actualites\/revendications-les-employes-de-la-raffinerie-de-djarmaya-seront-ils-contraints-a-la-greve#respond"]}]},{"@type":"WebPage","@id":"https:\/\/www.africa-press.net\/tchad\/toutes-les-actualites\/revendications-les-employes-de-la-raffinerie-de-djarmaya-seront-ils-contraints-a-la-greve","url":"https:\/\/www.africa-press.net\/tchad\/toutes-les-actualites\/revendications-les-employes-de-la-raffinerie-de-djarmaya-seront-ils-contraints-a-la-greve","name":"Revendications : les employ\u00e9s de la raffinerie de Djarmaya seront-ils contraints \u00e0 la gr\u00e8ve ? - tchad","isPartOf":{"@id":"https:\/\/www.africa-press.net\/tchad\/#website"},"primaryImageOfPage":{"@id":"https:\/\/www.africa-press.net\/tchad\/toutes-les-actualites\/revendications-les-employes-de-la-raffinerie-de-djarmaya-seront-ils-contraints-a-la-greve#primaryimage"},"image":{"@id":"https:\/\/www.africa-press.net\/tchad\/toutes-les-actualites\/revendications-les-employes-de-la-raffinerie-de-djarmaya-seront-ils-contraints-a-la-greve#primaryimage"},"thumbnailUrl":"https:\/\/static.africa-press.net\/tchad\/sites\/41\/2022\/08\/postQueueImg_7-62ee90c50c18d.jpg","datePublished":"2022-08-06T15:15:46+00:00","dateModified":"2022-08-06T16:03:58+00:00","author":{"@id":"https:\/\/www.africa-press.net\/tchad\/#\/schema\/person\/2b1cf3cd81a31e3cd26889ca66d677f1"},"description":"Apr\u00e8s plusieurs ann\u00e9es de revendications pour les meilleures conditions de travail et l\u2019application de la convention d\u2019e ...","breadcrumb":{"@id":"https:\/\/www.africa-press.net\/tchad\/toutes-les-actualites\/revendications-les-employes-de-la-raffinerie-de-djarmaya-seront-ils-contraints-a-la-greve#breadcrumb"},"inLanguage":"fr-FR","potentialAction":[{"@type":"ReadAction","target":["https:\/\/www.africa-press.net\/tchad\/toutes-les-actualites\/revendications-les-employes-de-la-raffinerie-de-djarmaya-seront-ils-contraints-a-la-greve"]}]},{"@type":"ImageObject","inLanguage":"fr-FR","@id":"https:\/\/www.africa-press.net\/tchad\/toutes-les-actualites\/revendications-les-employes-de-la-raffinerie-de-djarmaya-seront-ils-contraints-a-la-greve#primaryimage","url":"https:\/\/static.africa-press.net\/tchad\/sites\/41\/2022\/08\/postQueueImg_7-62ee90c50c18d.jpg","contentUrl":"https:\/\/static.africa-press.net\/tchad\/sites\/41\/2022\/08\/postQueueImg_7-62ee90c50c18d.jpg","width":696,"height":522,"caption":"Revendications : les employ\u00e9s de la raffinerie de Djarmaya seront-ils contraints \u00e0 la gr\u00e8ve ?"},{"@type":"BreadcrumbList","@id":"https:\/\/www.africa-press.net\/tchad\/toutes-les-actualites\/revendications-les-employes-de-la-raffinerie-de-djarmaya-seront-ils-contraints-a-la-greve#breadcrumb","itemListElement":[{"@type":"ListItem","position":1,"name":"Accueil","item":"https:\/\/www.africa-press.net\/tchad\/"},{"@type":"ListItem","position":2,"name":"Revendications : les employ\u00e9s de la raffinerie de Djarmaya seront-ils contraints \u00e0 la gr\u00e8ve ?"}]},{"@type":"WebSite","@id":"https:\/\/www.africa-press.net\/tchad\/#website","url":"https:\/\/www.africa-press.net\/tchad\/","name":"tchad","description":"Just another Africa News Agency Sites site","potentialAction":[{"@type":"SearchAction","target":{"@type":"EntryPoint","urlTemplate":"https:\/\/www.africa-press.net\/tchad\/?s={search_term_string}"},"query-input":{"@type":"PropertyValueSpecification","valueRequired":true,"valueName":"search_term_string"}}],"inLanguage":"fr-FR"},{"@type":"Person","@id":"https:\/\/www.africa-press.net\/tchad\/#\/schema\/person\/2b1cf3cd81a31e3cd26889ca66d677f1","name":"cfeditorfr"}]}},"_links":{"self":[{"href":"https:\/\/www.africa-press.net\/tchad\/wp-json\/wp\/v2\/posts\/30175","targetHints":{"allow":["GET"]}}],"collection":[{"href":"https:\/\/www.africa-press.net\/tchad\/wp-json\/wp\/v2\/posts"}],"about":[{"href":"https:\/\/www.africa-press.net\/tchad\/wp-json\/wp\/v2\/types\/post"}],"author":[{"embeddable":true,"href":"https:\/\/www.africa-press.net\/tchad\/wp-json\/wp\/v2\/users\/82"}],"replies":[{"embeddable":true,"href":"https:\/\/www.africa-press.net\/tchad\/wp-json\/wp\/v2\/comments?post=30175"}],"version-history":[{"count":0,"href":"https:\/\/www.africa-press.net\/tchad\/wp-json\/wp\/v2\/posts\/30175\/revisions"}],"wp:featuredmedia":[{"embeddable":true,"href":"https:\/\/www.africa-press.net\/tchad\/wp-json\/wp\/v2\/media\/30174"}],"wp:attachment":[{"href":"https:\/\/www.africa-press.net\/tchad\/wp-json\/wp\/v2\/media?parent=30175"}],"wp:term":[{"taxonomy":"category","embeddable":true,"href":"https:\/\/www.africa-press.net\/tchad\/wp-json\/wp\/v2\/categories?post=30175"},{"taxonomy":"post_tag","embeddable":true,"href":"https:\/\/www.africa-press.net\/tchad\/wp-json\/wp\/v2\/tags?post=30175"}],"curies":[{"name":"wp","href":"https:\/\/api.w.org\/{rel}","templated":true}]}}