{"id":30178,"date":"2022-08-06T15:16:13","date_gmt":"2022-08-06T15:16:13","guid":{"rendered":"https:\/\/www.africa-press.net\/tchad\/politique\/soudan-tchad-hemetti-brandit-la-dissolution-de-la-force-mixte-apres-une-incursion-armee"},"modified":"2022-08-06T16:04:44","modified_gmt":"2022-08-06T16:04:44","slug":"soudan-tchad-hemetti-brandit-la-dissolution-de-la-force-mixte-apres-une-incursion-armee","status":"publish","type":"post","link":"https:\/\/www.africa-press.net\/tchad\/politique\/soudan-tchad-hemetti-brandit-la-dissolution-de-la-force-mixte-apres-une-incursion-armee","title":{"rendered":"Soudan-Tchad : \u00ab\u00a0Hemetti\u00a0\u00bb brandit la dissolution de la force mixte apr\u00e8s une incursion arm\u00e9e"},"content":{"rendered":"<p><span style=\"color: #ff6600\"><strong>Africa-Press &#8211; Tchad. <\/strong><\/span><a name=\"para_1\"><\/a>Ce drame suscite une vive col\u00e8re au Soudan.<\/p>\n<p>Mardi, le gouverneur de la province du Darfour, Arkou Minni Minnawi, a \u00e9t\u00e9 d\u00e9p\u00each\u00e9 au Tchad pour rencontrer le chef de la transition Mahamat Idriss Deby.<\/p>\n<p>Deux jours plus tard, le vice-pr\u00e9sident du Conseil souverain de transition du Soudan, le g\u00e9n\u00e9ral Mahamat Hamdane Dagalo, accompagn\u00e9 des principaux chefs des services de renseignement soudanais, est arriv\u00e9 \u00e0 N&rsquo;Djamena pour s&rsquo;entretenir \u00e0 huis-clos, pendant deux heures, avec Mahamat Idriss Deby.<\/p>\n<p>En parall\u00e8le, la 8\u00e8me conf\u00e9rence d&rsquo;\u00e9valuation annuelle des activit\u00e9s de la force mixte Tchad-Soudan se tient \u00e0 Khartoum. Le ministre tchadien en charge de la d\u00e9fense, le gouverneur de la province du Ouadda\u00ef et le chef d&rsquo;\u00e9tat-major g\u00e9n\u00e9ral des arm\u00e9es y ont pris part.<\/p>\n<p>Le Soudan se dit pr\u00e9occup\u00e9 par le \u00ab d\u00e9veloppement de la crise et son glissement vers un conflit social \u00bb. Dans un discours prononc\u00e9 hier au cours de la journ\u00e9e, le n\u00b02 de la transition soudanaise \u00ab\u00a0Hemetti\u00a0\u00bb a appel\u00e9 ses fr\u00e8res de la communaut\u00e9 arabe \u00e0 la patience et \u00e0 consid\u00e9rer ces crimes comme \u00e9tant une agression contre le Soudan et non contre une tribu.<\/p>\n<p>Il leur a demand\u00e9 \u00ab\u00a0de ne pas tribaliser cela m\u00eame s&rsquo;il est clair que ce sont des arabes qui ont \u00e9t\u00e9 tu\u00e9s et que leur b\u00e9tail a \u00e9t\u00e9 vol\u00e9\u00a0\u00bb. Le g\u00e9n\u00e9ral Mahamat Hamdane Dagalo a indiqu\u00e9 que la suite d\u00e9pendra des forces de d\u00e9fense et de s\u00e9curit\u00e9 soudanaises.<\/p>\n<p>Il a promis d&rsquo;\u00e9valuer le r\u00f4le des forces mixtes Tchad-Soudan, ajoutant que s&rsquo;il n&rsquo;y a pas d&rsquo;int\u00e9r\u00eat de la maintenir, le Soudan demandera sa dissolution.<\/p>\n<p>\u00ab\u00a0Le Tchad est un pays fr\u00e8re et ami mais le Soudan regrette que ce ne soit pas la premi\u00e8re fois que le territoire soudanais soit victime d&rsquo;incursions des hommes arm\u00e9s en provenance du Tchad qui tuent et pillent les biens des soudanais avant de se replier au Tchad\u00a0\u00bb, a d\u00e9plor\u00e9 le g\u00e9n\u00e9ral Mahamat Hamdane Dagalo.<\/p>\n<p>Une r\u00e9union d&rsquo;urgence du conseil de s\u00e9curit\u00e9 et de d\u00e9fense a eu lieu au cours de la soir\u00e9e, autour du pr\u00e9sident de la transition, le g\u00e9n\u00e9ral Abdel-Fattah Al-Burhan.<\/p>\n<p>Le Soudan exige l&rsquo;arrestation des auteurs de ces massacres et la restitution des biens vol\u00e9s. <a name=\"sep_para_2\"><\/a>Le Tchad remplace le gouverneur du Wadi-Fira<\/p>\n<p>Le pr\u00e9sident du Conseil militaire de transition Mahamat Idriss Deby a remplac\u00e9 vendredi le gouverneur de la province du Wadi-Fira, frontali\u00e8re au Soudan.<\/p>\n<p>L&rsquo;officier Adoum Abdallah Tounissi c\u00e8de sa place au g\u00e9n\u00e9ral Ayoub Abdelkerim Abdoulaye. Le g\u00e9n\u00e9ral Ayoub Abdelkerim Abdoulaye a \u00e9t\u00e9 r\u00e9habilit\u00e9 par d\u00e9cret du 29 juillet 2022 dans l&rsquo;arm\u00e9e, au grade de g\u00e9n\u00e9ral de brigade.<\/p>\n<p>Membre fondateur de l&rsquo;ex-mouvement rebelle Front uni pour le changement (FUC), il a regagn\u00e9 r\u00e9cemment le pays apr\u00e8s 14 ans d&rsquo;exil et a \u00e9t\u00e9 re\u00e7u au Palais pr\u00e9sidentiel le 21 juillet avec trois de ses compagnons.<\/p>\n<p><strong>Pour plus d&rsquo;informations et d&rsquo;analyses sur la <a href=\"https:\/\/www.africa-press.net\/tchad\">Tchad<\/a>, suivez <a href=\"https:\/\/www.africa-press.net\/\">Africa-Press<\/a><\/strong><\/p>\n","protected":false},"excerpt":{"rendered":"<p>Africa-Press &#8211; Tchad. Ce drame suscite une vive col\u00e8re au Soudan. Mardi, le gouverneur de la province du Darfour, Arkou Minni Minnawi, a \u00e9t\u00e9 d\u00e9p\u00each\u00e9 au Tchad pour rencontrer le chef de la transition Mahamat Idriss Deby. Deux jours plus tard, le vice-pr\u00e9sident du Conseil souverain de transition du Soudan, le g\u00e9n\u00e9ral Mahamat Hamdane Dagalo, [&hellip;]<\/p>\n","protected":false},"author":82,"featured_media":30177,"comment_status":"open","ping_status":"closed","sticky":false,"template":"","format":"standard","meta":{"footnotes":""},"categories":[11,2,20,10],"tags":[37,292,29],"class_list":["post-30178","post","type-post","status-publish","format-standard","has-post-thumbnail","hentry","category-homepage-french","category-politique","category-top-nouvelles","category-toutes-les-actualites","tag-africa-press","tag-africa-press-tchad","tag-tchad"],"yoast_head":"<!-- This site is optimized with the Yoast SEO Premium plugin v26.1 (Yoast SEO v27.0) - https:\/\/yoast.com\/product\/yoast-seo-premium-wordpress\/ -->\n<title>Soudan-Tchad : &quot;Hemetti&quot; brandit la dissolution de la force mixte apr\u00e8s une incursion arm\u00e9e - tchad<\/title>\n<meta name=\"description\" content=\"Ce drame suscite une vive col\u00e8re au Soudan. Mardi, le gouverneur de la province du Darfour, Arkou ...\" \/>\n<meta name=\"robots\" content=\"index, follow, max-snippet:-1, max-image-preview:large, max-video-preview:-1\" \/>\n<link rel=\"canonical\" href=\"https:\/\/www.africa-press.net\/tchad\/politique\/soudan-tchad-hemetti-brandit-la-dissolution-de-la-force-mixte-apres-une-incursion-armee\" \/>\n<meta property=\"og:locale\" content=\"fr_FR\" \/>\n<meta property=\"og:type\" content=\"article\" \/>\n<meta property=\"og:title\" content=\"Soudan-Tchad : &quot;Hemetti&quot; brandit la dissolution de la force mixte apr\u00e8s une incursion arm\u00e9e\" \/>\n<meta property=\"og:description\" content=\"Ce drame suscite une vive col\u00e8re au Soudan. Mardi, le gouverneur de la province du Darfour, Arkou ...\" \/>\n<meta property=\"og:url\" content=\"https:\/\/www.africa-press.net\/tchad\/politique\/soudan-tchad-hemetti-brandit-la-dissolution-de-la-force-mixte-apres-une-incursion-armee\" \/>\n<meta property=\"og:site_name\" content=\"tchad\" \/>\n<meta property=\"article:published_time\" content=\"2022-08-06T15:16:13+00:00\" \/>\n<meta property=\"article:modified_time\" content=\"2022-08-06T16:04:44+00:00\" \/>\n<meta property=\"og:image\" content=\"https:\/\/static.africa-press.net\/tchad\/sites\/41\/2022\/08\/postQueueImg_8-62ee90f40cae1.jpg\" \/>\n\t<meta property=\"og:image:width\" content=\"1280\" \/>\n\t<meta property=\"og:image:height\" content=\"720\" \/>\n\t<meta property=\"og:image:type\" content=\"image\/jpeg\" \/>\n<meta name=\"author\" content=\"cfeditorfr\" \/>\n<meta name=\"twitter:card\" content=\"summary_large_image\" \/>\n<meta name=\"twitter:label1\" content=\"\u00c9crit par\" \/>\n\t<meta name=\"twitter:data1\" content=\"cfeditorfr\" \/>\n\t<meta name=\"twitter:label2\" content=\"Dur\u00e9e de lecture estim\u00e9e\" \/>\n\t<meta name=\"twitter:data2\" content=\"3 minutes\" \/>\n<script type=\"application\/ld+json\" class=\"yoast-schema-graph\">{\"@context\":\"https:\/\/schema.org\",\"@graph\":[{\"@type\":\"Article\",\"@id\":\"https:\/\/www.africa-press.net\/tchad\/politique\/soudan-tchad-hemetti-brandit-la-dissolution-de-la-force-mixte-apres-une-incursion-armee#article\",\"isPartOf\":{\"@id\":\"https:\/\/www.africa-press.net\/tchad\/politique\/soudan-tchad-hemetti-brandit-la-dissolution-de-la-force-mixte-apres-une-incursion-armee\"},\"author\":{\"name\":\"cfeditorfr\",\"@id\":\"https:\/\/www.africa-press.net\/tchad\/#\/schema\/person\/2b1cf3cd81a31e3cd26889ca66d677f1\"},\"headline\":\"Soudan-Tchad : \u00ab\u00a0Hemetti\u00a0\u00bb brandit la dissolution de la force mixte apr\u00e8s une incursion arm\u00e9e\",\"datePublished\":\"2022-08-06T15:16:13+00:00\",\"dateModified\":\"2022-08-06T16:04:44+00:00\",\"mainEntityOfPage\":{\"@id\":\"https:\/\/www.africa-press.net\/tchad\/politique\/soudan-tchad-hemetti-brandit-la-dissolution-de-la-force-mixte-apres-une-incursion-armee\"},\"wordCount\":550,\"commentCount\":0,\"image\":{\"@id\":\"https:\/\/www.africa-press.net\/tchad\/politique\/soudan-tchad-hemetti-brandit-la-dissolution-de-la-force-mixte-apres-une-incursion-armee#primaryimage\"},\"thumbnailUrl\":\"https:\/\/static.africa-press.net\/tchad\/sites\/41\/2022\/08\/postQueueImg_8-62ee90f40cae1.jpg\",\"keywords\":[\"Africa Press\",\"Africa Press-Tchad\",\"Tchad\"],\"articleSection\":[\"homepage-french\",\"Politique\",\"Top Nouvelles\",\"Toutes les actualit\u00e9s\"],\"inLanguage\":\"fr-FR\",\"potentialAction\":[{\"@type\":\"CommentAction\",\"name\":\"Comment\",\"target\":[\"https:\/\/www.africa-press.net\/tchad\/politique\/soudan-tchad-hemetti-brandit-la-dissolution-de-la-force-mixte-apres-une-incursion-armee#respond\"]}]},{\"@type\":\"WebPage\",\"@id\":\"https:\/\/www.africa-press.net\/tchad\/politique\/soudan-tchad-hemetti-brandit-la-dissolution-de-la-force-mixte-apres-une-incursion-armee\",\"url\":\"https:\/\/www.africa-press.net\/tchad\/politique\/soudan-tchad-hemetti-brandit-la-dissolution-de-la-force-mixte-apres-une-incursion-armee\",\"name\":\"Soudan-Tchad : \\\"Hemetti\\\" brandit la dissolution de la force mixte apr\u00e8s une incursion arm\u00e9e - tchad\",\"isPartOf\":{\"@id\":\"https:\/\/www.africa-press.net\/tchad\/#website\"},\"primaryImageOfPage\":{\"@id\":\"https:\/\/www.africa-press.net\/tchad\/politique\/soudan-tchad-hemetti-brandit-la-dissolution-de-la-force-mixte-apres-une-incursion-armee#primaryimage\"},\"image\":{\"@id\":\"https:\/\/www.africa-press.net\/tchad\/politique\/soudan-tchad-hemetti-brandit-la-dissolution-de-la-force-mixte-apres-une-incursion-armee#primaryimage\"},\"thumbnailUrl\":\"https:\/\/static.africa-press.net\/tchad\/sites\/41\/2022\/08\/postQueueImg_8-62ee90f40cae1.jpg\",\"datePublished\":\"2022-08-06T15:16:13+00:00\",\"dateModified\":\"2022-08-06T16:04:44+00:00\",\"author\":{\"@id\":\"https:\/\/www.africa-press.net\/tchad\/#\/schema\/person\/2b1cf3cd81a31e3cd26889ca66d677f1\"},\"description\":\"Ce drame suscite une vive col\u00e8re au Soudan. Mardi, le gouverneur de la province du Darfour, Arkou ...\",\"breadcrumb\":{\"@id\":\"https:\/\/www.africa-press.net\/tchad\/politique\/soudan-tchad-hemetti-brandit-la-dissolution-de-la-force-mixte-apres-une-incursion-armee#breadcrumb\"},\"inLanguage\":\"fr-FR\",\"potentialAction\":[{\"@type\":\"ReadAction\",\"target\":[\"https:\/\/www.africa-press.net\/tchad\/politique\/soudan-tchad-hemetti-brandit-la-dissolution-de-la-force-mixte-apres-une-incursion-armee\"]}]},{\"@type\":\"ImageObject\",\"inLanguage\":\"fr-FR\",\"@id\":\"https:\/\/www.africa-press.net\/tchad\/politique\/soudan-tchad-hemetti-brandit-la-dissolution-de-la-force-mixte-apres-une-incursion-armee#primaryimage\",\"url\":\"https:\/\/static.africa-press.net\/tchad\/sites\/41\/2022\/08\/postQueueImg_8-62ee90f40cae1.jpg\",\"contentUrl\":\"https:\/\/static.africa-press.net\/tchad\/sites\/41\/2022\/08\/postQueueImg_8-62ee90f40cae1.jpg\",\"width\":1280,\"height\":720,\"caption\":\"Soudan-Tchad : \\\"Hemetti\\\" brandit la dissolution de la force mixte apr\u00e8s une incursion arm\u00e9e\"},{\"@type\":\"BreadcrumbList\",\"@id\":\"https:\/\/www.africa-press.net\/tchad\/politique\/soudan-tchad-hemetti-brandit-la-dissolution-de-la-force-mixte-apres-une-incursion-armee#breadcrumb\",\"itemListElement\":[{\"@type\":\"ListItem\",\"position\":1,\"name\":\"Accueil\",\"item\":\"https:\/\/www.africa-press.net\/tchad\/\"},{\"@type\":\"ListItem\",\"position\":2,\"name\":\"Soudan-Tchad : &#8220;Hemetti&#8221; brandit la dissolution de la force mixte apr\u00e8s une incursion arm\u00e9e\"}]},{\"@type\":\"WebSite\",\"@id\":\"https:\/\/www.africa-press.net\/tchad\/#website\",\"url\":\"https:\/\/www.africa-press.net\/tchad\/\",\"name\":\"tchad\",\"description\":\"Just another Africa News Agency Sites site\",\"potentialAction\":[{\"@type\":\"SearchAction\",\"target\":{\"@type\":\"EntryPoint\",\"urlTemplate\":\"https:\/\/www.africa-press.net\/tchad\/?s={search_term_string}\"},\"query-input\":{\"@type\":\"PropertyValueSpecification\",\"valueRequired\":true,\"valueName\":\"search_term_string\"}}],\"inLanguage\":\"fr-FR\"},{\"@type\":\"Person\",\"@id\":\"https:\/\/www.africa-press.net\/tchad\/#\/schema\/person\/2b1cf3cd81a31e3cd26889ca66d677f1\",\"name\":\"cfeditorfr\"}]}<\/script>\n<!-- \/ Yoast SEO Premium plugin. -->","yoast_head_json":{"title":"Soudan-Tchad : \"Hemetti\" brandit la dissolution de la force mixte apr\u00e8s une incursion arm\u00e9e - tchad","description":"Ce drame suscite une vive col\u00e8re au Soudan. Mardi, le gouverneur de la province du Darfour, Arkou ...","robots":{"index":"index","follow":"follow","max-snippet":"max-snippet:-1","max-image-preview":"max-image-preview:large","max-video-preview":"max-video-preview:-1"},"canonical":"https:\/\/www.africa-press.net\/tchad\/politique\/soudan-tchad-hemetti-brandit-la-dissolution-de-la-force-mixte-apres-une-incursion-armee","og_locale":"fr_FR","og_type":"article","og_title":"Soudan-Tchad : \"Hemetti\" brandit la dissolution de la force mixte apr\u00e8s une incursion arm\u00e9e","og_description":"Ce drame suscite une vive col\u00e8re au Soudan. Mardi, le gouverneur de la province du Darfour, Arkou ...","og_url":"https:\/\/www.africa-press.net\/tchad\/politique\/soudan-tchad-hemetti-brandit-la-dissolution-de-la-force-mixte-apres-une-incursion-armee","og_site_name":"tchad","article_published_time":"2022-08-06T15:16:13+00:00","article_modified_time":"2022-08-06T16:04:44+00:00","og_image":[{"width":1280,"height":720,"url":"https:\/\/static.africa-press.net\/tchad\/sites\/41\/2022\/08\/postQueueImg_8-62ee90f40cae1.jpg","type":"image\/jpeg"}],"author":"cfeditorfr","twitter_card":"summary_large_image","twitter_misc":{"\u00c9crit par":"cfeditorfr","Dur\u00e9e de lecture estim\u00e9e":"3 minutes"},"schema":{"@context":"https:\/\/schema.org","@graph":[{"@type":"Article","@id":"https:\/\/www.africa-press.net\/tchad\/politique\/soudan-tchad-hemetti-brandit-la-dissolution-de-la-force-mixte-apres-une-incursion-armee#article","isPartOf":{"@id":"https:\/\/www.africa-press.net\/tchad\/politique\/soudan-tchad-hemetti-brandit-la-dissolution-de-la-force-mixte-apres-une-incursion-armee"},"author":{"name":"cfeditorfr","@id":"https:\/\/www.africa-press.net\/tchad\/#\/schema\/person\/2b1cf3cd81a31e3cd26889ca66d677f1"},"headline":"Soudan-Tchad : \u00ab\u00a0Hemetti\u00a0\u00bb brandit la dissolution de la force mixte apr\u00e8s une incursion arm\u00e9e","datePublished":"2022-08-06T15:16:13+00:00","dateModified":"2022-08-06T16:04:44+00:00","mainEntityOfPage":{"@id":"https:\/\/www.africa-press.net\/tchad\/politique\/soudan-tchad-hemetti-brandit-la-dissolution-de-la-force-mixte-apres-une-incursion-armee"},"wordCount":550,"commentCount":0,"image":{"@id":"https:\/\/www.africa-press.net\/tchad\/politique\/soudan-tchad-hemetti-brandit-la-dissolution-de-la-force-mixte-apres-une-incursion-armee#primaryimage"},"thumbnailUrl":"https:\/\/static.africa-press.net\/tchad\/sites\/41\/2022\/08\/postQueueImg_8-62ee90f40cae1.jpg","keywords":["Africa Press","Africa Press-Tchad","Tchad"],"articleSection":["homepage-french","Politique","Top Nouvelles","Toutes les actualit\u00e9s"],"inLanguage":"fr-FR","potentialAction":[{"@type":"CommentAction","name":"Comment","target":["https:\/\/www.africa-press.net\/tchad\/politique\/soudan-tchad-hemetti-brandit-la-dissolution-de-la-force-mixte-apres-une-incursion-armee#respond"]}]},{"@type":"WebPage","@id":"https:\/\/www.africa-press.net\/tchad\/politique\/soudan-tchad-hemetti-brandit-la-dissolution-de-la-force-mixte-apres-une-incursion-armee","url":"https:\/\/www.africa-press.net\/tchad\/politique\/soudan-tchad-hemetti-brandit-la-dissolution-de-la-force-mixte-apres-une-incursion-armee","name":"Soudan-Tchad : \"Hemetti\" brandit la dissolution de la force mixte apr\u00e8s une incursion arm\u00e9e - tchad","isPartOf":{"@id":"https:\/\/www.africa-press.net\/tchad\/#website"},"primaryImageOfPage":{"@id":"https:\/\/www.africa-press.net\/tchad\/politique\/soudan-tchad-hemetti-brandit-la-dissolution-de-la-force-mixte-apres-une-incursion-armee#primaryimage"},"image":{"@id":"https:\/\/www.africa-press.net\/tchad\/politique\/soudan-tchad-hemetti-brandit-la-dissolution-de-la-force-mixte-apres-une-incursion-armee#primaryimage"},"thumbnailUrl":"https:\/\/static.africa-press.net\/tchad\/sites\/41\/2022\/08\/postQueueImg_8-62ee90f40cae1.jpg","datePublished":"2022-08-06T15:16:13+00:00","dateModified":"2022-08-06T16:04:44+00:00","author":{"@id":"https:\/\/www.africa-press.net\/tchad\/#\/schema\/person\/2b1cf3cd81a31e3cd26889ca66d677f1"},"description":"Ce drame suscite une vive col\u00e8re au Soudan. Mardi, le gouverneur de la province du Darfour, Arkou ...","breadcrumb":{"@id":"https:\/\/www.africa-press.net\/tchad\/politique\/soudan-tchad-hemetti-brandit-la-dissolution-de-la-force-mixte-apres-une-incursion-armee#breadcrumb"},"inLanguage":"fr-FR","potentialAction":[{"@type":"ReadAction","target":["https:\/\/www.africa-press.net\/tchad\/politique\/soudan-tchad-hemetti-brandit-la-dissolution-de-la-force-mixte-apres-une-incursion-armee"]}]},{"@type":"ImageObject","inLanguage":"fr-FR","@id":"https:\/\/www.africa-press.net\/tchad\/politique\/soudan-tchad-hemetti-brandit-la-dissolution-de-la-force-mixte-apres-une-incursion-armee#primaryimage","url":"https:\/\/static.africa-press.net\/tchad\/sites\/41\/2022\/08\/postQueueImg_8-62ee90f40cae1.jpg","contentUrl":"https:\/\/static.africa-press.net\/tchad\/sites\/41\/2022\/08\/postQueueImg_8-62ee90f40cae1.jpg","width":1280,"height":720,"caption":"Soudan-Tchad : \"Hemetti\" brandit la dissolution de la force mixte apr\u00e8s une incursion arm\u00e9e"},{"@type":"BreadcrumbList","@id":"https:\/\/www.africa-press.net\/tchad\/politique\/soudan-tchad-hemetti-brandit-la-dissolution-de-la-force-mixte-apres-une-incursion-armee#breadcrumb","itemListElement":[{"@type":"ListItem","position":1,"name":"Accueil","item":"https:\/\/www.africa-press.net\/tchad\/"},{"@type":"ListItem","position":2,"name":"Soudan-Tchad : &#8220;Hemetti&#8221; brandit la dissolution de la force mixte apr\u00e8s une incursion arm\u00e9e"}]},{"@type":"WebSite","@id":"https:\/\/www.africa-press.net\/tchad\/#website","url":"https:\/\/www.africa-press.net\/tchad\/","name":"tchad","description":"Just another Africa News Agency Sites site","potentialAction":[{"@type":"SearchAction","target":{"@type":"EntryPoint","urlTemplate":"https:\/\/www.africa-press.net\/tchad\/?s={search_term_string}"},"query-input":{"@type":"PropertyValueSpecification","valueRequired":true,"valueName":"search_term_string"}}],"inLanguage":"fr-FR"},{"@type":"Person","@id":"https:\/\/www.africa-press.net\/tchad\/#\/schema\/person\/2b1cf3cd81a31e3cd26889ca66d677f1","name":"cfeditorfr"}]}},"_links":{"self":[{"href":"https:\/\/www.africa-press.net\/tchad\/wp-json\/wp\/v2\/posts\/30178","targetHints":{"allow":["GET"]}}],"collection":[{"href":"https:\/\/www.africa-press.net\/tchad\/wp-json\/wp\/v2\/posts"}],"about":[{"href":"https:\/\/www.africa-press.net\/tchad\/wp-json\/wp\/v2\/types\/post"}],"author":[{"embeddable":true,"href":"https:\/\/www.africa-press.net\/tchad\/wp-json\/wp\/v2\/users\/82"}],"replies":[{"embeddable":true,"href":"https:\/\/www.africa-press.net\/tchad\/wp-json\/wp\/v2\/comments?post=30178"}],"version-history":[{"count":0,"href":"https:\/\/www.africa-press.net\/tchad\/wp-json\/wp\/v2\/posts\/30178\/revisions"}],"wp:featuredmedia":[{"embeddable":true,"href":"https:\/\/www.africa-press.net\/tchad\/wp-json\/wp\/v2\/media\/30177"}],"wp:attachment":[{"href":"https:\/\/www.africa-press.net\/tchad\/wp-json\/wp\/v2\/media?parent=30178"}],"wp:term":[{"taxonomy":"category","embeddable":true,"href":"https:\/\/www.africa-press.net\/tchad\/wp-json\/wp\/v2\/categories?post=30178"},{"taxonomy":"post_tag","embeddable":true,"href":"https:\/\/www.africa-press.net\/tchad\/wp-json\/wp\/v2\/tags?post=30178"}],"curies":[{"name":"wp","href":"https:\/\/api.w.org\/{rel}","templated":true}]}}