{"id":30181,"date":"2022-08-06T15:17:30","date_gmt":"2022-08-06T15:17:30","guid":{"rendered":"https:\/\/www.africa-press.net\/tchad\/politique\/la-ministre-de-la-culture-echange-avec-ses-representants-provinciaux"},"modified":"2022-08-06T16:05:21","modified_gmt":"2022-08-06T16:05:21","slug":"la-ministre-de-la-culture-echange-avec-ses-representants-provinciaux","status":"publish","type":"post","link":"https:\/\/www.africa-press.net\/tchad\/culture-et-art\/la-ministre-de-la-culture-echange-avec-ses-representants-provinciaux","title":{"rendered":"La ministre de la culture \u00e9change avec ses repr\u00e9sentants provinciaux"},"content":{"rendered":"<p><span style=\"color: #ff6600\"><strong>Africa-Press &#8211; Tchad. <\/strong><\/span>La ministre de la culture et de la promotion de la diversit\u00e9, Dougouna Mbakasse Riradjim a \u00e9chang\u00e9 le vendredi 05 ao\u00fbt 2022 \u00e0 la biblioth\u00e8que nationale avec les d\u00e9l\u00e9gu\u00e9s provinciaux de la culture sur la place qu\u2019occupe la culture dans la feuille de route du gouvernement de transition<\/p>\n<p>C\u2019est une dizaine de d\u00e9l\u00e9gu\u00e9s provinciaux de la culture qui se sont r\u00e9unis autour de la ministre de la culture et de la promotion de la diversit\u00e9, Dougouna Mbakasse Riradjim pour \u00e9changer sur les questions de la place de la culture sur la feuille de route du gouvernement de transition et les d\u00e9fis \u00e0 relever pour la bonne marche de ce minist\u00e8re. \u00ab Pendant longtemps, la culture \u00e0 \u00e9t\u00e9 ballott\u00e9e entre l\u2019\u00e9ducation, la jeunesse, le sport et la communication. Cela fait qu\u2019elle n\u2019a pas \u00e9t\u00e9 consid\u00e9r\u00e9e comme il se doit, alors qu\u2019on sait que la culture est \u00e0 la base de tout \u00bb, fait savoir la ministre de la culture.<\/p>\n<p>Dans les trois axes de la feuille de route du gouvernement de transition que sont, le renforcement de la s\u00e9curit\u00e9 et de d\u00e9fense, l\u2019organisation du dialogue, la consolidation de la paix et de l\u2019entit\u00e9 national et le renforcement de la bonne gouvernance et de l\u2019\u00e9tat de droit, souligne Dougouna Mbakasse Riradjim, la culture et la diversit\u00e9 y occupent une place importante. Pour elle, les artistes doivent \u00ab aider \u00e0 consoler les c\u0153urs pour le vivre ensemble \u00e0 travers les chants, les th\u00e9\u00e2tres et beaucoup d\u2019autres actions \u00bb, informe la ministre.<\/p>\n<p>Celle-ci, appelle les d\u00e9l\u00e9gu\u00e9s provinciaux \u00e0 faire rayonner ce secteur au niveau de leur circonscription administrative. \u00ab Je vous exhorte \u00e0 une bonne collaboration, condition sine qua none d\u2019un r\u00e9sultat de qualit\u00e9 car, le r\u00e9sultat d\u00e9pendra de la collaboration entre les hommes et femmes que vous \u00eates \u00bb, encourage-t-elle.<\/p>\n<p>la ministre de la culture a par ailleurs, \u00e9chang\u00e9 avec 7 candidats sur les 12 au poste de repr\u00e9sentant des artistes \u00e0 la haute autorit\u00e9 des m\u00e9dias et de l\u2019audiovisuel (Hama) qui se tient ce 06 ao\u00fbt \u00e0 la biblioth\u00e8que nationale. \u00ab Apr\u00e8s la validation de la politique culturelle du Tchad hier, l\u2019\u00e9lection du repr\u00e9sentant des artistes est un processus pour la mise en place et l\u2019adoption du statut des artistes. Le minist\u00e8re se basera sur tout cela pour commencer \u00e0 d\u00e9livrer les cartes aux artistes \u00bb, rassure-t-elle.<\/p>\n<p><strong>Pour plus d&rsquo;informations et d&rsquo;analyses sur la <a href=\"https:\/\/www.africa-press.net\/tchad\">Tchad<\/a>, suivez <a href=\"https:\/\/www.africa-press.net\/\">Africa-Press<\/a><\/strong><\/p>\n","protected":false},"excerpt":{"rendered":"<p>Africa-Press &#8211; Tchad. La ministre de la culture et de la promotion de la diversit\u00e9, Dougouna Mbakasse Riradjim a \u00e9chang\u00e9 le vendredi 05 ao\u00fbt 2022 \u00e0 la biblioth\u00e8que nationale avec les d\u00e9l\u00e9gu\u00e9s provinciaux de la culture sur la place qu\u2019occupe la culture dans la feuille de route du gouvernement de transition C\u2019est une dizaine de [&hellip;]<\/p>\n","protected":false},"author":82,"featured_media":30180,"comment_status":"open","ping_status":"closed","sticky":false,"template":"","format":"standard","meta":{"footnotes":""},"categories":[5,11,10],"tags":[37,292,29],"class_list":["post-30181","post","type-post","status-publish","format-standard","has-post-thumbnail","hentry","category-culture-et-art","category-homepage-french","category-toutes-les-actualites","tag-africa-press","tag-africa-press-tchad","tag-tchad"],"yoast_head":"<!-- This site is optimized with the Yoast SEO Premium plugin v26.1 (Yoast SEO v27.0) - https:\/\/yoast.com\/product\/yoast-seo-premium-wordpress\/ -->\n<title>La ministre de la culture \u00e9change avec ses repr\u00e9sentants provinciaux - tchad<\/title>\n<meta name=\"description\" content=\"La ministre de la culture et de la promotion de la diversit\u00e9, Dougouna Mbakasse Riradjim a \u00e9chang\u00e9 le vendredi 05 ao\u00fbt 2 ...\" \/>\n<meta name=\"robots\" content=\"index, follow, max-snippet:-1, max-image-preview:large, max-video-preview:-1\" \/>\n<link rel=\"canonical\" href=\"https:\/\/www.africa-press.net\/tchad\/culture-et-art\/la-ministre-de-la-culture-echange-avec-ses-representants-provinciaux\" \/>\n<meta property=\"og:locale\" content=\"fr_FR\" \/>\n<meta property=\"og:type\" content=\"article\" \/>\n<meta property=\"og:title\" content=\"La ministre de la culture \u00e9change avec ses repr\u00e9sentants provinciaux\" \/>\n<meta property=\"og:description\" content=\"La ministre de la culture et de la promotion de la diversit\u00e9, Dougouna Mbakasse Riradjim a \u00e9chang\u00e9 le vendredi 05 ao\u00fbt 2 ...\" \/>\n<meta property=\"og:url\" content=\"https:\/\/www.africa-press.net\/tchad\/culture-et-art\/la-ministre-de-la-culture-echange-avec-ses-representants-provinciaux\" \/>\n<meta property=\"og:site_name\" content=\"tchad\" \/>\n<meta property=\"article:published_time\" content=\"2022-08-06T15:17:30+00:00\" \/>\n<meta property=\"article:modified_time\" content=\"2022-08-06T16:05:21+00:00\" \/>\n<meta property=\"og:image\" content=\"https:\/\/static.africa-press.net\/tchad\/sites\/41\/2022\/08\/postQueueImg_9-62ee91216f7f4.jpg\" \/>\n\t<meta property=\"og:image:width\" content=\"1024\" \/>\n\t<meta property=\"og:image:height\" content=\"768\" \/>\n\t<meta property=\"og:image:type\" content=\"image\/jpeg\" \/>\n<meta name=\"author\" content=\"cfeditorfr\" \/>\n<meta name=\"twitter:card\" content=\"summary_large_image\" \/>\n<meta name=\"twitter:label1\" content=\"\u00c9crit par\" \/>\n\t<meta name=\"twitter:data1\" content=\"cfeditorfr\" \/>\n\t<meta name=\"twitter:label2\" content=\"Dur\u00e9e de lecture estim\u00e9e\" \/>\n\t<meta name=\"twitter:data2\" content=\"2 minutes\" \/>\n<script type=\"application\/ld+json\" class=\"yoast-schema-graph\">{\"@context\":\"https:\/\/schema.org\",\"@graph\":[{\"@type\":\"Article\",\"@id\":\"https:\/\/www.africa-press.net\/tchad\/culture-et-art\/la-ministre-de-la-culture-echange-avec-ses-representants-provinciaux#article\",\"isPartOf\":{\"@id\":\"https:\/\/www.africa-press.net\/tchad\/culture-et-art\/la-ministre-de-la-culture-echange-avec-ses-representants-provinciaux\"},\"author\":{\"name\":\"cfeditorfr\",\"@id\":\"https:\/\/www.africa-press.net\/tchad\/#\/schema\/person\/2b1cf3cd81a31e3cd26889ca66d677f1\"},\"headline\":\"La ministre de la culture \u00e9change avec ses repr\u00e9sentants provinciaux\",\"datePublished\":\"2022-08-06T15:17:30+00:00\",\"dateModified\":\"2022-08-06T16:05:21+00:00\",\"mainEntityOfPage\":{\"@id\":\"https:\/\/www.africa-press.net\/tchad\/culture-et-art\/la-ministre-de-la-culture-echange-avec-ses-representants-provinciaux\"},\"wordCount\":433,\"commentCount\":0,\"image\":{\"@id\":\"https:\/\/www.africa-press.net\/tchad\/culture-et-art\/la-ministre-de-la-culture-echange-avec-ses-representants-provinciaux#primaryimage\"},\"thumbnailUrl\":\"https:\/\/static.africa-press.net\/tchad\/sites\/41\/2022\/08\/postQueueImg_9-62ee91216f7f4.jpg\",\"keywords\":[\"Africa Press\",\"Africa Press-Tchad\",\"Tchad\"],\"articleSection\":[\"Culture et Art\",\"homepage-french\",\"Toutes les actualit\u00e9s\"],\"inLanguage\":\"fr-FR\",\"potentialAction\":[{\"@type\":\"CommentAction\",\"name\":\"Comment\",\"target\":[\"https:\/\/www.africa-press.net\/tchad\/culture-et-art\/la-ministre-de-la-culture-echange-avec-ses-representants-provinciaux#respond\"]}]},{\"@type\":\"WebPage\",\"@id\":\"https:\/\/www.africa-press.net\/tchad\/culture-et-art\/la-ministre-de-la-culture-echange-avec-ses-representants-provinciaux\",\"url\":\"https:\/\/www.africa-press.net\/tchad\/culture-et-art\/la-ministre-de-la-culture-echange-avec-ses-representants-provinciaux\",\"name\":\"La ministre de la culture \u00e9change avec ses repr\u00e9sentants provinciaux - tchad\",\"isPartOf\":{\"@id\":\"https:\/\/www.africa-press.net\/tchad\/#website\"},\"primaryImageOfPage\":{\"@id\":\"https:\/\/www.africa-press.net\/tchad\/culture-et-art\/la-ministre-de-la-culture-echange-avec-ses-representants-provinciaux#primaryimage\"},\"image\":{\"@id\":\"https:\/\/www.africa-press.net\/tchad\/culture-et-art\/la-ministre-de-la-culture-echange-avec-ses-representants-provinciaux#primaryimage\"},\"thumbnailUrl\":\"https:\/\/static.africa-press.net\/tchad\/sites\/41\/2022\/08\/postQueueImg_9-62ee91216f7f4.jpg\",\"datePublished\":\"2022-08-06T15:17:30+00:00\",\"dateModified\":\"2022-08-06T16:05:21+00:00\",\"author\":{\"@id\":\"https:\/\/www.africa-press.net\/tchad\/#\/schema\/person\/2b1cf3cd81a31e3cd26889ca66d677f1\"},\"description\":\"La ministre de la culture et de la promotion de la diversit\u00e9, Dougouna Mbakasse Riradjim a \u00e9chang\u00e9 le vendredi 05 ao\u00fbt 2 ...\",\"breadcrumb\":{\"@id\":\"https:\/\/www.africa-press.net\/tchad\/culture-et-art\/la-ministre-de-la-culture-echange-avec-ses-representants-provinciaux#breadcrumb\"},\"inLanguage\":\"fr-FR\",\"potentialAction\":[{\"@type\":\"ReadAction\",\"target\":[\"https:\/\/www.africa-press.net\/tchad\/culture-et-art\/la-ministre-de-la-culture-echange-avec-ses-representants-provinciaux\"]}]},{\"@type\":\"ImageObject\",\"inLanguage\":\"fr-FR\",\"@id\":\"https:\/\/www.africa-press.net\/tchad\/culture-et-art\/la-ministre-de-la-culture-echange-avec-ses-representants-provinciaux#primaryimage\",\"url\":\"https:\/\/static.africa-press.net\/tchad\/sites\/41\/2022\/08\/postQueueImg_9-62ee91216f7f4.jpg\",\"contentUrl\":\"https:\/\/static.africa-press.net\/tchad\/sites\/41\/2022\/08\/postQueueImg_9-62ee91216f7f4.jpg\",\"width\":1024,\"height\":768,\"caption\":\"La ministre de la culture \u00e9change avec ses repr\u00e9sentants provinciaux\"},{\"@type\":\"BreadcrumbList\",\"@id\":\"https:\/\/www.africa-press.net\/tchad\/culture-et-art\/la-ministre-de-la-culture-echange-avec-ses-representants-provinciaux#breadcrumb\",\"itemListElement\":[{\"@type\":\"ListItem\",\"position\":1,\"name\":\"Accueil\",\"item\":\"https:\/\/www.africa-press.net\/tchad\/\"},{\"@type\":\"ListItem\",\"position\":2,\"name\":\"La ministre de la culture \u00e9change avec ses repr\u00e9sentants provinciaux\"}]},{\"@type\":\"WebSite\",\"@id\":\"https:\/\/www.africa-press.net\/tchad\/#website\",\"url\":\"https:\/\/www.africa-press.net\/tchad\/\",\"name\":\"tchad\",\"description\":\"Just another Africa News Agency Sites site\",\"potentialAction\":[{\"@type\":\"SearchAction\",\"target\":{\"@type\":\"EntryPoint\",\"urlTemplate\":\"https:\/\/www.africa-press.net\/tchad\/?s={search_term_string}\"},\"query-input\":{\"@type\":\"PropertyValueSpecification\",\"valueRequired\":true,\"valueName\":\"search_term_string\"}}],\"inLanguage\":\"fr-FR\"},{\"@type\":\"Person\",\"@id\":\"https:\/\/www.africa-press.net\/tchad\/#\/schema\/person\/2b1cf3cd81a31e3cd26889ca66d677f1\",\"name\":\"cfeditorfr\"}]}<\/script>\n<!-- \/ Yoast SEO Premium plugin. -->","yoast_head_json":{"title":"La ministre de la culture \u00e9change avec ses repr\u00e9sentants provinciaux - tchad","description":"La ministre de la culture et de la promotion de la diversit\u00e9, Dougouna Mbakasse Riradjim a \u00e9chang\u00e9 le vendredi 05 ao\u00fbt 2 ...","robots":{"index":"index","follow":"follow","max-snippet":"max-snippet:-1","max-image-preview":"max-image-preview:large","max-video-preview":"max-video-preview:-1"},"canonical":"https:\/\/www.africa-press.net\/tchad\/culture-et-art\/la-ministre-de-la-culture-echange-avec-ses-representants-provinciaux","og_locale":"fr_FR","og_type":"article","og_title":"La ministre de la culture \u00e9change avec ses repr\u00e9sentants provinciaux","og_description":"La ministre de la culture et de la promotion de la diversit\u00e9, Dougouna Mbakasse Riradjim a \u00e9chang\u00e9 le vendredi 05 ao\u00fbt 2 ...","og_url":"https:\/\/www.africa-press.net\/tchad\/culture-et-art\/la-ministre-de-la-culture-echange-avec-ses-representants-provinciaux","og_site_name":"tchad","article_published_time":"2022-08-06T15:17:30+00:00","article_modified_time":"2022-08-06T16:05:21+00:00","og_image":[{"width":1024,"height":768,"url":"https:\/\/static.africa-press.net\/tchad\/sites\/41\/2022\/08\/postQueueImg_9-62ee91216f7f4.jpg","type":"image\/jpeg"}],"author":"cfeditorfr","twitter_card":"summary_large_image","twitter_misc":{"\u00c9crit par":"cfeditorfr","Dur\u00e9e de lecture estim\u00e9e":"2 minutes"},"schema":{"@context":"https:\/\/schema.org","@graph":[{"@type":"Article","@id":"https:\/\/www.africa-press.net\/tchad\/culture-et-art\/la-ministre-de-la-culture-echange-avec-ses-representants-provinciaux#article","isPartOf":{"@id":"https:\/\/www.africa-press.net\/tchad\/culture-et-art\/la-ministre-de-la-culture-echange-avec-ses-representants-provinciaux"},"author":{"name":"cfeditorfr","@id":"https:\/\/www.africa-press.net\/tchad\/#\/schema\/person\/2b1cf3cd81a31e3cd26889ca66d677f1"},"headline":"La ministre de la culture \u00e9change avec ses repr\u00e9sentants provinciaux","datePublished":"2022-08-06T15:17:30+00:00","dateModified":"2022-08-06T16:05:21+00:00","mainEntityOfPage":{"@id":"https:\/\/www.africa-press.net\/tchad\/culture-et-art\/la-ministre-de-la-culture-echange-avec-ses-representants-provinciaux"},"wordCount":433,"commentCount":0,"image":{"@id":"https:\/\/www.africa-press.net\/tchad\/culture-et-art\/la-ministre-de-la-culture-echange-avec-ses-representants-provinciaux#primaryimage"},"thumbnailUrl":"https:\/\/static.africa-press.net\/tchad\/sites\/41\/2022\/08\/postQueueImg_9-62ee91216f7f4.jpg","keywords":["Africa Press","Africa Press-Tchad","Tchad"],"articleSection":["Culture et Art","homepage-french","Toutes les actualit\u00e9s"],"inLanguage":"fr-FR","potentialAction":[{"@type":"CommentAction","name":"Comment","target":["https:\/\/www.africa-press.net\/tchad\/culture-et-art\/la-ministre-de-la-culture-echange-avec-ses-representants-provinciaux#respond"]}]},{"@type":"WebPage","@id":"https:\/\/www.africa-press.net\/tchad\/culture-et-art\/la-ministre-de-la-culture-echange-avec-ses-representants-provinciaux","url":"https:\/\/www.africa-press.net\/tchad\/culture-et-art\/la-ministre-de-la-culture-echange-avec-ses-representants-provinciaux","name":"La ministre de la culture \u00e9change avec ses repr\u00e9sentants provinciaux - tchad","isPartOf":{"@id":"https:\/\/www.africa-press.net\/tchad\/#website"},"primaryImageOfPage":{"@id":"https:\/\/www.africa-press.net\/tchad\/culture-et-art\/la-ministre-de-la-culture-echange-avec-ses-representants-provinciaux#primaryimage"},"image":{"@id":"https:\/\/www.africa-press.net\/tchad\/culture-et-art\/la-ministre-de-la-culture-echange-avec-ses-representants-provinciaux#primaryimage"},"thumbnailUrl":"https:\/\/static.africa-press.net\/tchad\/sites\/41\/2022\/08\/postQueueImg_9-62ee91216f7f4.jpg","datePublished":"2022-08-06T15:17:30+00:00","dateModified":"2022-08-06T16:05:21+00:00","author":{"@id":"https:\/\/www.africa-press.net\/tchad\/#\/schema\/person\/2b1cf3cd81a31e3cd26889ca66d677f1"},"description":"La ministre de la culture et de la promotion de la diversit\u00e9, Dougouna Mbakasse Riradjim a \u00e9chang\u00e9 le vendredi 05 ao\u00fbt 2 ...","breadcrumb":{"@id":"https:\/\/www.africa-press.net\/tchad\/culture-et-art\/la-ministre-de-la-culture-echange-avec-ses-representants-provinciaux#breadcrumb"},"inLanguage":"fr-FR","potentialAction":[{"@type":"ReadAction","target":["https:\/\/www.africa-press.net\/tchad\/culture-et-art\/la-ministre-de-la-culture-echange-avec-ses-representants-provinciaux"]}]},{"@type":"ImageObject","inLanguage":"fr-FR","@id":"https:\/\/www.africa-press.net\/tchad\/culture-et-art\/la-ministre-de-la-culture-echange-avec-ses-representants-provinciaux#primaryimage","url":"https:\/\/static.africa-press.net\/tchad\/sites\/41\/2022\/08\/postQueueImg_9-62ee91216f7f4.jpg","contentUrl":"https:\/\/static.africa-press.net\/tchad\/sites\/41\/2022\/08\/postQueueImg_9-62ee91216f7f4.jpg","width":1024,"height":768,"caption":"La ministre de la culture \u00e9change avec ses repr\u00e9sentants provinciaux"},{"@type":"BreadcrumbList","@id":"https:\/\/www.africa-press.net\/tchad\/culture-et-art\/la-ministre-de-la-culture-echange-avec-ses-representants-provinciaux#breadcrumb","itemListElement":[{"@type":"ListItem","position":1,"name":"Accueil","item":"https:\/\/www.africa-press.net\/tchad\/"},{"@type":"ListItem","position":2,"name":"La ministre de la culture \u00e9change avec ses repr\u00e9sentants provinciaux"}]},{"@type":"WebSite","@id":"https:\/\/www.africa-press.net\/tchad\/#website","url":"https:\/\/www.africa-press.net\/tchad\/","name":"tchad","description":"Just another Africa News Agency Sites site","potentialAction":[{"@type":"SearchAction","target":{"@type":"EntryPoint","urlTemplate":"https:\/\/www.africa-press.net\/tchad\/?s={search_term_string}"},"query-input":{"@type":"PropertyValueSpecification","valueRequired":true,"valueName":"search_term_string"}}],"inLanguage":"fr-FR"},{"@type":"Person","@id":"https:\/\/www.africa-press.net\/tchad\/#\/schema\/person\/2b1cf3cd81a31e3cd26889ca66d677f1","name":"cfeditorfr"}]}},"_links":{"self":[{"href":"https:\/\/www.africa-press.net\/tchad\/wp-json\/wp\/v2\/posts\/30181","targetHints":{"allow":["GET"]}}],"collection":[{"href":"https:\/\/www.africa-press.net\/tchad\/wp-json\/wp\/v2\/posts"}],"about":[{"href":"https:\/\/www.africa-press.net\/tchad\/wp-json\/wp\/v2\/types\/post"}],"author":[{"embeddable":true,"href":"https:\/\/www.africa-press.net\/tchad\/wp-json\/wp\/v2\/users\/82"}],"replies":[{"embeddable":true,"href":"https:\/\/www.africa-press.net\/tchad\/wp-json\/wp\/v2\/comments?post=30181"}],"version-history":[{"count":0,"href":"https:\/\/www.africa-press.net\/tchad\/wp-json\/wp\/v2\/posts\/30181\/revisions"}],"wp:featuredmedia":[{"embeddable":true,"href":"https:\/\/www.africa-press.net\/tchad\/wp-json\/wp\/v2\/media\/30180"}],"wp:attachment":[{"href":"https:\/\/www.africa-press.net\/tchad\/wp-json\/wp\/v2\/media?parent=30181"}],"wp:term":[{"taxonomy":"category","embeddable":true,"href":"https:\/\/www.africa-press.net\/tchad\/wp-json\/wp\/v2\/categories?post=30181"},{"taxonomy":"post_tag","embeddable":true,"href":"https:\/\/www.africa-press.net\/tchad\/wp-json\/wp\/v2\/tags?post=30181"}],"curies":[{"name":"wp","href":"https:\/\/api.w.org\/{rel}","templated":true}]}}