{"id":30184,"date":"2022-08-06T15:17:51","date_gmt":"2022-08-06T15:17:51","guid":{"rendered":"https:\/\/www.africa-press.net\/tchad\/politique\/des-ressortissants-du-ouaddai-exigent-la-rehabilitation-du-sultan-cherif-abdelhadi"},"modified":"2022-08-06T16:05:52","modified_gmt":"2022-08-06T16:05:52","slug":"des-ressortissants-du-ouaddai-exigent-la-rehabilitation-du-sultan-cherif-abdelhadi","status":"publish","type":"post","link":"https:\/\/www.africa-press.net\/tchad\/politique\/des-ressortissants-du-ouaddai-exigent-la-rehabilitation-du-sultan-cherif-abdelhadi","title":{"rendered":"des ressortissants du Ouadda\u00ef exigent la r\u00e9habilitation du sultan Cherif Abdelhadi"},"content":{"rendered":"<p><span style=\"color: #ff6600\"><strong>Africa-Press &#8211; Tchad. <\/strong><\/span>Le porte-parole Mahamat Mahmoud Hamidi explique que les ressortissants du Ouadda\u00ef g\u00e9ographique exigent la r\u00e9habilitation du sultan du Dar Ouadda\u00ef, Sa Majest\u00e9 Cherif Abdelhadi Mahdi, dans ses fonctions.<\/p>\n<p>Il appelle \u00e0 mettre dans l&rsquo;agenda du dialogue national inclusif la question des crimes commis dans le Ouadda\u00ef et traduire en justice les auteurs des crimes commis dans cette r\u00e9gion.<\/p>\n<p>Si les revendications ne sont pas prises en compte, particuli\u00e8rement la r\u00e9habilitation du sultan, des actions d&rsquo;envergure seront entam\u00e9es sur l&rsquo;ensemble du territoire national, informe le porte-parole.<\/p>\n<p>Il estime que toutes ces revendications sont l\u00e9gitimes.<\/p>\n<p>Au cours de ce point de presse, plusieurs questions ont \u00e9t\u00e9 soulev\u00e9es : \u00ab\u00a0pourquoi l&rsquo;ex-gouverneur Ahmat Dari Bazine n&rsquo;est pas encore traduit en justice ? Qui a ordonn\u00e9 le massacre des manifestants sans d\u00e9fense ? Qui a utilis\u00e9 une force excessive contre des citoyens pacifiques ? \u00c0 quand la r\u00e9paration des victimes, bless\u00e9s et le d\u00e9dommagement des biens vol\u00e9s ? Pourquoi le Ouadda\u00ef a \u00e9t\u00e9 \u00e9cart\u00e9 de la rencontre des autorit\u00e9s traditionnelles avec le PCMT ?\u00a0\u00bb Pour le porte-parole, les \u00e9v\u00e8nements des 24 et 25 janvier 2022 \u00e0 Ab\u00e9ch\u00e9 font partie d&rsquo;un \u00ab\u00a0complot malveillant men\u00e9 par quelques individus, avec la complicit\u00e9 de l&rsquo;ex-gouverneur Ahmat Dari, dans le but de nuire \u00e0 l&rsquo;unit\u00e9 retrouv\u00e9e avec le nouveau sultan, provoquer la discorde entre les citoyens et entra\u00eener la suspension du sultan du Dar Ouadda\u00ef\u00a0\u00bb.<\/p>\n<p><strong>Pour plus d&rsquo;informations et d&rsquo;analyses sur la <a href=\"https:\/\/www.africa-press.net\/tchad\">Tchad<\/a>, suivez <a href=\"https:\/\/www.africa-press.net\/\">Africa-Press<\/a><\/strong><\/p>\n","protected":false},"excerpt":{"rendered":"<p>Africa-Press &#8211; Tchad. Le porte-parole Mahamat Mahmoud Hamidi explique que les ressortissants du Ouadda\u00ef g\u00e9ographique exigent la r\u00e9habilitation du sultan du Dar Ouadda\u00ef, Sa Majest\u00e9 Cherif Abdelhadi Mahdi, dans ses fonctions. Il appelle \u00e0 mettre dans l&rsquo;agenda du dialogue national inclusif la question des crimes commis dans le Ouadda\u00ef et traduire en justice les auteurs [&hellip;]<\/p>\n","protected":false},"author":82,"featured_media":30183,"comment_status":"open","ping_status":"closed","sticky":false,"template":"","format":"standard","meta":{"footnotes":""},"categories":[11,2,10],"tags":[37,292,29],"class_list":["post-30184","post","type-post","status-publish","format-standard","has-post-thumbnail","hentry","category-homepage-french","category-politique","category-toutes-les-actualites","tag-africa-press","tag-africa-press-tchad","tag-tchad"],"yoast_head":"<!-- This site is optimized with the Yoast SEO Premium plugin v26.1 (Yoast SEO v27.0) - https:\/\/yoast.com\/product\/yoast-seo-premium-wordpress\/ -->\n<title>des ressortissants du Ouadda\u00ef exigent la r\u00e9habilitation du sultan Cherif Abdelhadi - tchad<\/title>\n<meta name=\"description\" content=\"Le porte-parole Mahamat Mahmoud Hamidi explique que les ressortissants du Ouadda\u00ef g\u00e9ographique exigent la r\u00e9habilitation ...\" \/>\n<meta name=\"robots\" content=\"index, follow, max-snippet:-1, max-image-preview:large, max-video-preview:-1\" \/>\n<link rel=\"canonical\" href=\"https:\/\/www.africa-press.net\/tchad\/politique\/des-ressortissants-du-ouaddai-exigent-la-rehabilitation-du-sultan-cherif-abdelhadi\" \/>\n<meta property=\"og:locale\" content=\"fr_FR\" \/>\n<meta property=\"og:type\" content=\"article\" \/>\n<meta property=\"og:title\" content=\"des ressortissants du Ouadda\u00ef exigent la r\u00e9habilitation du sultan Cherif Abdelhadi\" \/>\n<meta property=\"og:description\" content=\"Le porte-parole Mahamat Mahmoud Hamidi explique que les ressortissants du Ouadda\u00ef g\u00e9ographique exigent la r\u00e9habilitation ...\" \/>\n<meta property=\"og:url\" content=\"https:\/\/www.africa-press.net\/tchad\/politique\/des-ressortissants-du-ouaddai-exigent-la-rehabilitation-du-sultan-cherif-abdelhadi\" \/>\n<meta property=\"og:site_name\" content=\"tchad\" \/>\n<meta property=\"article:published_time\" content=\"2022-08-06T15:17:51+00:00\" \/>\n<meta property=\"article:modified_time\" content=\"2022-08-06T16:05:52+00:00\" \/>\n<meta property=\"og:image\" content=\"https:\/\/static.africa-press.net\/tchad\/sites\/41\/2022\/08\/postQueueImg_10-62ee91476c7a5.jpg\" \/>\n\t<meta property=\"og:image:width\" content=\"869\" \/>\n\t<meta property=\"og:image:height\" content=\"641\" \/>\n\t<meta property=\"og:image:type\" content=\"image\/jpeg\" \/>\n<meta name=\"author\" content=\"cfeditorfr\" \/>\n<meta name=\"twitter:card\" content=\"summary_large_image\" \/>\n<meta name=\"twitter:label1\" content=\"\u00c9crit par\" \/>\n\t<meta name=\"twitter:data1\" content=\"cfeditorfr\" \/>\n\t<meta name=\"twitter:label2\" content=\"Dur\u00e9e de lecture estim\u00e9e\" \/>\n\t<meta name=\"twitter:data2\" content=\"2 minutes\" \/>\n<script type=\"application\/ld+json\" class=\"yoast-schema-graph\">{\"@context\":\"https:\/\/schema.org\",\"@graph\":[{\"@type\":\"Article\",\"@id\":\"https:\/\/www.africa-press.net\/tchad\/politique\/des-ressortissants-du-ouaddai-exigent-la-rehabilitation-du-sultan-cherif-abdelhadi#article\",\"isPartOf\":{\"@id\":\"https:\/\/www.africa-press.net\/tchad\/politique\/des-ressortissants-du-ouaddai-exigent-la-rehabilitation-du-sultan-cherif-abdelhadi\"},\"author\":{\"name\":\"cfeditorfr\",\"@id\":\"https:\/\/www.africa-press.net\/tchad\/#\/schema\/person\/2b1cf3cd81a31e3cd26889ca66d677f1\"},\"headline\":\"des ressortissants du Ouadda\u00ef exigent la r\u00e9habilitation du sultan Cherif Abdelhadi\",\"datePublished\":\"2022-08-06T15:17:51+00:00\",\"dateModified\":\"2022-08-06T16:05:52+00:00\",\"mainEntityOfPage\":{\"@id\":\"https:\/\/www.africa-press.net\/tchad\/politique\/des-ressortissants-du-ouaddai-exigent-la-rehabilitation-du-sultan-cherif-abdelhadi\"},\"wordCount\":265,\"commentCount\":0,\"image\":{\"@id\":\"https:\/\/www.africa-press.net\/tchad\/politique\/des-ressortissants-du-ouaddai-exigent-la-rehabilitation-du-sultan-cherif-abdelhadi#primaryimage\"},\"thumbnailUrl\":\"https:\/\/static.africa-press.net\/tchad\/sites\/41\/2022\/08\/postQueueImg_10-62ee91476c7a5.jpg\",\"keywords\":[\"Africa Press\",\"Africa Press-Tchad\",\"Tchad\"],\"articleSection\":[\"homepage-french\",\"Politique\",\"Toutes les actualit\u00e9s\"],\"inLanguage\":\"fr-FR\",\"potentialAction\":[{\"@type\":\"CommentAction\",\"name\":\"Comment\",\"target\":[\"https:\/\/www.africa-press.net\/tchad\/politique\/des-ressortissants-du-ouaddai-exigent-la-rehabilitation-du-sultan-cherif-abdelhadi#respond\"]}]},{\"@type\":\"WebPage\",\"@id\":\"https:\/\/www.africa-press.net\/tchad\/politique\/des-ressortissants-du-ouaddai-exigent-la-rehabilitation-du-sultan-cherif-abdelhadi\",\"url\":\"https:\/\/www.africa-press.net\/tchad\/politique\/des-ressortissants-du-ouaddai-exigent-la-rehabilitation-du-sultan-cherif-abdelhadi\",\"name\":\"des ressortissants du Ouadda\u00ef exigent la r\u00e9habilitation du sultan Cherif Abdelhadi - tchad\",\"isPartOf\":{\"@id\":\"https:\/\/www.africa-press.net\/tchad\/#website\"},\"primaryImageOfPage\":{\"@id\":\"https:\/\/www.africa-press.net\/tchad\/politique\/des-ressortissants-du-ouaddai-exigent-la-rehabilitation-du-sultan-cherif-abdelhadi#primaryimage\"},\"image\":{\"@id\":\"https:\/\/www.africa-press.net\/tchad\/politique\/des-ressortissants-du-ouaddai-exigent-la-rehabilitation-du-sultan-cherif-abdelhadi#primaryimage\"},\"thumbnailUrl\":\"https:\/\/static.africa-press.net\/tchad\/sites\/41\/2022\/08\/postQueueImg_10-62ee91476c7a5.jpg\",\"datePublished\":\"2022-08-06T15:17:51+00:00\",\"dateModified\":\"2022-08-06T16:05:52+00:00\",\"author\":{\"@id\":\"https:\/\/www.africa-press.net\/tchad\/#\/schema\/person\/2b1cf3cd81a31e3cd26889ca66d677f1\"},\"description\":\"Le porte-parole Mahamat Mahmoud Hamidi explique que les ressortissants du Ouadda\u00ef g\u00e9ographique exigent la r\u00e9habilitation ...\",\"breadcrumb\":{\"@id\":\"https:\/\/www.africa-press.net\/tchad\/politique\/des-ressortissants-du-ouaddai-exigent-la-rehabilitation-du-sultan-cherif-abdelhadi#breadcrumb\"},\"inLanguage\":\"fr-FR\",\"potentialAction\":[{\"@type\":\"ReadAction\",\"target\":[\"https:\/\/www.africa-press.net\/tchad\/politique\/des-ressortissants-du-ouaddai-exigent-la-rehabilitation-du-sultan-cherif-abdelhadi\"]}]},{\"@type\":\"ImageObject\",\"inLanguage\":\"fr-FR\",\"@id\":\"https:\/\/www.africa-press.net\/tchad\/politique\/des-ressortissants-du-ouaddai-exigent-la-rehabilitation-du-sultan-cherif-abdelhadi#primaryimage\",\"url\":\"https:\/\/static.africa-press.net\/tchad\/sites\/41\/2022\/08\/postQueueImg_10-62ee91476c7a5.jpg\",\"contentUrl\":\"https:\/\/static.africa-press.net\/tchad\/sites\/41\/2022\/08\/postQueueImg_10-62ee91476c7a5.jpg\",\"width\":869,\"height\":641,\"caption\":\"des ressortissants du Ouadda\u00ef exigent la r\u00e9habilitation du sultan Cherif Abdelhadi\"},{\"@type\":\"BreadcrumbList\",\"@id\":\"https:\/\/www.africa-press.net\/tchad\/politique\/des-ressortissants-du-ouaddai-exigent-la-rehabilitation-du-sultan-cherif-abdelhadi#breadcrumb\",\"itemListElement\":[{\"@type\":\"ListItem\",\"position\":1,\"name\":\"Accueil\",\"item\":\"https:\/\/www.africa-press.net\/tchad\/\"},{\"@type\":\"ListItem\",\"position\":2,\"name\":\"des ressortissants du Ouadda\u00ef exigent la r\u00e9habilitation du sultan Cherif Abdelhadi\"}]},{\"@type\":\"WebSite\",\"@id\":\"https:\/\/www.africa-press.net\/tchad\/#website\",\"url\":\"https:\/\/www.africa-press.net\/tchad\/\",\"name\":\"tchad\",\"description\":\"Just another Africa News Agency Sites site\",\"potentialAction\":[{\"@type\":\"SearchAction\",\"target\":{\"@type\":\"EntryPoint\",\"urlTemplate\":\"https:\/\/www.africa-press.net\/tchad\/?s={search_term_string}\"},\"query-input\":{\"@type\":\"PropertyValueSpecification\",\"valueRequired\":true,\"valueName\":\"search_term_string\"}}],\"inLanguage\":\"fr-FR\"},{\"@type\":\"Person\",\"@id\":\"https:\/\/www.africa-press.net\/tchad\/#\/schema\/person\/2b1cf3cd81a31e3cd26889ca66d677f1\",\"name\":\"cfeditorfr\"}]}<\/script>\n<!-- \/ Yoast SEO Premium plugin. -->","yoast_head_json":{"title":"des ressortissants du Ouadda\u00ef exigent la r\u00e9habilitation du sultan Cherif Abdelhadi - tchad","description":"Le porte-parole Mahamat Mahmoud Hamidi explique que les ressortissants du Ouadda\u00ef g\u00e9ographique exigent la r\u00e9habilitation ...","robots":{"index":"index","follow":"follow","max-snippet":"max-snippet:-1","max-image-preview":"max-image-preview:large","max-video-preview":"max-video-preview:-1"},"canonical":"https:\/\/www.africa-press.net\/tchad\/politique\/des-ressortissants-du-ouaddai-exigent-la-rehabilitation-du-sultan-cherif-abdelhadi","og_locale":"fr_FR","og_type":"article","og_title":"des ressortissants du Ouadda\u00ef exigent la r\u00e9habilitation du sultan Cherif Abdelhadi","og_description":"Le porte-parole Mahamat Mahmoud Hamidi explique que les ressortissants du Ouadda\u00ef g\u00e9ographique exigent la r\u00e9habilitation ...","og_url":"https:\/\/www.africa-press.net\/tchad\/politique\/des-ressortissants-du-ouaddai-exigent-la-rehabilitation-du-sultan-cherif-abdelhadi","og_site_name":"tchad","article_published_time":"2022-08-06T15:17:51+00:00","article_modified_time":"2022-08-06T16:05:52+00:00","og_image":[{"width":869,"height":641,"url":"https:\/\/static.africa-press.net\/tchad\/sites\/41\/2022\/08\/postQueueImg_10-62ee91476c7a5.jpg","type":"image\/jpeg"}],"author":"cfeditorfr","twitter_card":"summary_large_image","twitter_misc":{"\u00c9crit par":"cfeditorfr","Dur\u00e9e de lecture estim\u00e9e":"2 minutes"},"schema":{"@context":"https:\/\/schema.org","@graph":[{"@type":"Article","@id":"https:\/\/www.africa-press.net\/tchad\/politique\/des-ressortissants-du-ouaddai-exigent-la-rehabilitation-du-sultan-cherif-abdelhadi#article","isPartOf":{"@id":"https:\/\/www.africa-press.net\/tchad\/politique\/des-ressortissants-du-ouaddai-exigent-la-rehabilitation-du-sultan-cherif-abdelhadi"},"author":{"name":"cfeditorfr","@id":"https:\/\/www.africa-press.net\/tchad\/#\/schema\/person\/2b1cf3cd81a31e3cd26889ca66d677f1"},"headline":"des ressortissants du Ouadda\u00ef exigent la r\u00e9habilitation du sultan Cherif Abdelhadi","datePublished":"2022-08-06T15:17:51+00:00","dateModified":"2022-08-06T16:05:52+00:00","mainEntityOfPage":{"@id":"https:\/\/www.africa-press.net\/tchad\/politique\/des-ressortissants-du-ouaddai-exigent-la-rehabilitation-du-sultan-cherif-abdelhadi"},"wordCount":265,"commentCount":0,"image":{"@id":"https:\/\/www.africa-press.net\/tchad\/politique\/des-ressortissants-du-ouaddai-exigent-la-rehabilitation-du-sultan-cherif-abdelhadi#primaryimage"},"thumbnailUrl":"https:\/\/static.africa-press.net\/tchad\/sites\/41\/2022\/08\/postQueueImg_10-62ee91476c7a5.jpg","keywords":["Africa Press","Africa Press-Tchad","Tchad"],"articleSection":["homepage-french","Politique","Toutes les actualit\u00e9s"],"inLanguage":"fr-FR","potentialAction":[{"@type":"CommentAction","name":"Comment","target":["https:\/\/www.africa-press.net\/tchad\/politique\/des-ressortissants-du-ouaddai-exigent-la-rehabilitation-du-sultan-cherif-abdelhadi#respond"]}]},{"@type":"WebPage","@id":"https:\/\/www.africa-press.net\/tchad\/politique\/des-ressortissants-du-ouaddai-exigent-la-rehabilitation-du-sultan-cherif-abdelhadi","url":"https:\/\/www.africa-press.net\/tchad\/politique\/des-ressortissants-du-ouaddai-exigent-la-rehabilitation-du-sultan-cherif-abdelhadi","name":"des ressortissants du Ouadda\u00ef exigent la r\u00e9habilitation du sultan Cherif Abdelhadi - tchad","isPartOf":{"@id":"https:\/\/www.africa-press.net\/tchad\/#website"},"primaryImageOfPage":{"@id":"https:\/\/www.africa-press.net\/tchad\/politique\/des-ressortissants-du-ouaddai-exigent-la-rehabilitation-du-sultan-cherif-abdelhadi#primaryimage"},"image":{"@id":"https:\/\/www.africa-press.net\/tchad\/politique\/des-ressortissants-du-ouaddai-exigent-la-rehabilitation-du-sultan-cherif-abdelhadi#primaryimage"},"thumbnailUrl":"https:\/\/static.africa-press.net\/tchad\/sites\/41\/2022\/08\/postQueueImg_10-62ee91476c7a5.jpg","datePublished":"2022-08-06T15:17:51+00:00","dateModified":"2022-08-06T16:05:52+00:00","author":{"@id":"https:\/\/www.africa-press.net\/tchad\/#\/schema\/person\/2b1cf3cd81a31e3cd26889ca66d677f1"},"description":"Le porte-parole Mahamat Mahmoud Hamidi explique que les ressortissants du Ouadda\u00ef g\u00e9ographique exigent la r\u00e9habilitation ...","breadcrumb":{"@id":"https:\/\/www.africa-press.net\/tchad\/politique\/des-ressortissants-du-ouaddai-exigent-la-rehabilitation-du-sultan-cherif-abdelhadi#breadcrumb"},"inLanguage":"fr-FR","potentialAction":[{"@type":"ReadAction","target":["https:\/\/www.africa-press.net\/tchad\/politique\/des-ressortissants-du-ouaddai-exigent-la-rehabilitation-du-sultan-cherif-abdelhadi"]}]},{"@type":"ImageObject","inLanguage":"fr-FR","@id":"https:\/\/www.africa-press.net\/tchad\/politique\/des-ressortissants-du-ouaddai-exigent-la-rehabilitation-du-sultan-cherif-abdelhadi#primaryimage","url":"https:\/\/static.africa-press.net\/tchad\/sites\/41\/2022\/08\/postQueueImg_10-62ee91476c7a5.jpg","contentUrl":"https:\/\/static.africa-press.net\/tchad\/sites\/41\/2022\/08\/postQueueImg_10-62ee91476c7a5.jpg","width":869,"height":641,"caption":"des ressortissants du Ouadda\u00ef exigent la r\u00e9habilitation du sultan Cherif Abdelhadi"},{"@type":"BreadcrumbList","@id":"https:\/\/www.africa-press.net\/tchad\/politique\/des-ressortissants-du-ouaddai-exigent-la-rehabilitation-du-sultan-cherif-abdelhadi#breadcrumb","itemListElement":[{"@type":"ListItem","position":1,"name":"Accueil","item":"https:\/\/www.africa-press.net\/tchad\/"},{"@type":"ListItem","position":2,"name":"des ressortissants du Ouadda\u00ef exigent la r\u00e9habilitation du sultan Cherif Abdelhadi"}]},{"@type":"WebSite","@id":"https:\/\/www.africa-press.net\/tchad\/#website","url":"https:\/\/www.africa-press.net\/tchad\/","name":"tchad","description":"Just another Africa News Agency Sites site","potentialAction":[{"@type":"SearchAction","target":{"@type":"EntryPoint","urlTemplate":"https:\/\/www.africa-press.net\/tchad\/?s={search_term_string}"},"query-input":{"@type":"PropertyValueSpecification","valueRequired":true,"valueName":"search_term_string"}}],"inLanguage":"fr-FR"},{"@type":"Person","@id":"https:\/\/www.africa-press.net\/tchad\/#\/schema\/person\/2b1cf3cd81a31e3cd26889ca66d677f1","name":"cfeditorfr"}]}},"_links":{"self":[{"href":"https:\/\/www.africa-press.net\/tchad\/wp-json\/wp\/v2\/posts\/30184","targetHints":{"allow":["GET"]}}],"collection":[{"href":"https:\/\/www.africa-press.net\/tchad\/wp-json\/wp\/v2\/posts"}],"about":[{"href":"https:\/\/www.africa-press.net\/tchad\/wp-json\/wp\/v2\/types\/post"}],"author":[{"embeddable":true,"href":"https:\/\/www.africa-press.net\/tchad\/wp-json\/wp\/v2\/users\/82"}],"replies":[{"embeddable":true,"href":"https:\/\/www.africa-press.net\/tchad\/wp-json\/wp\/v2\/comments?post=30184"}],"version-history":[{"count":0,"href":"https:\/\/www.africa-press.net\/tchad\/wp-json\/wp\/v2\/posts\/30184\/revisions"}],"wp:featuredmedia":[{"embeddable":true,"href":"https:\/\/www.africa-press.net\/tchad\/wp-json\/wp\/v2\/media\/30183"}],"wp:attachment":[{"href":"https:\/\/www.africa-press.net\/tchad\/wp-json\/wp\/v2\/media?parent=30184"}],"wp:term":[{"taxonomy":"category","embeddable":true,"href":"https:\/\/www.africa-press.net\/tchad\/wp-json\/wp\/v2\/categories?post=30184"},{"taxonomy":"post_tag","embeddable":true,"href":"https:\/\/www.africa-press.net\/tchad\/wp-json\/wp\/v2\/tags?post=30184"}],"curies":[{"name":"wp","href":"https:\/\/api.w.org\/{rel}","templated":true}]}}