{"id":30187,"date":"2022-08-06T15:19:12","date_gmt":"2022-08-06T15:19:12","guid":{"rendered":"https:\/\/www.africa-press.net\/tchad\/politique\/doha-tete-a-tete-entre-mahamat-idriss-deby-et-lemir-du-qatar"},"modified":"2022-08-06T16:06:22","modified_gmt":"2022-08-06T16:06:22","slug":"doha-tete-a-tete-entre-mahamat-idriss-deby-et-lemir-du-qatar","status":"publish","type":"post","link":"https:\/\/www.africa-press.net\/tchad\/politique\/doha-tete-a-tete-entre-mahamat-idriss-deby-et-lemir-du-qatar","title":{"rendered":"Doha : t\u00eate-\u00e0-t\u00eate entre Mahamat Idriss Deby et l&rsquo;\u00c9mir du Qatar"},"content":{"rendered":"<p><span style=\"color: #ff6600\"><strong>Africa-Press &#8211; Tchad. <\/strong><\/span>Le pr\u00e9sident de la transition du Tchad, Mahamat Idriss Deby, a eu ce 6 ao\u00fbt \u00e0 Doha, un t\u00eate-\u00e0-t\u00eate avec l\u2019Emir du Qatar, Son Altesse Cheikh Tamim Ben Hamad Al Thani.<\/p>\n<p>Ils ont \u00e9chang\u00e9 sur l&rsquo;\u00e9tat d&rsquo;avancement des pourparlers inter tchadiens qui se d\u00e9roulent \u00e0 Doha, sous la m\u00e9diation qatarie et sur un certain nombre des questions d\u2019int\u00e9r\u00eat mutuel pour les deux pays aux niveaux bilat\u00e9ral r\u00e9gional et international.<\/p>\n<p>Mahamat Idriss Deby est arriv\u00e9 la veille \u00e0 Doha o\u00f9 doit avoir lieu lundi prochain la signature de l\u2019accord de paix avec les mouvements politico-militaires tchadiens.<\/p>\n<p><strong>Pour plus d&rsquo;informations et d&rsquo;analyses sur la <a href=\"https:\/\/www.africa-press.net\/tchad\">Tchad<\/a>, suivez <a href=\"https:\/\/www.africa-press.net\/\">Africa-Press<\/a><\/strong><\/p>\n","protected":false},"excerpt":{"rendered":"<p>Africa-Press &#8211; Tchad. Le pr\u00e9sident de la transition du Tchad, Mahamat Idriss Deby, a eu ce 6 ao\u00fbt \u00e0 Doha, un t\u00eate-\u00e0-t\u00eate avec l\u2019Emir du Qatar, Son Altesse Cheikh Tamim Ben Hamad Al Thani. Ils ont \u00e9chang\u00e9 sur l&rsquo;\u00e9tat d&rsquo;avancement des pourparlers inter tchadiens qui se d\u00e9roulent \u00e0 Doha, sous la m\u00e9diation qatarie et sur [&hellip;]<\/p>\n","protected":false},"author":82,"featured_media":30186,"comment_status":"open","ping_status":"closed","sticky":false,"template":"","format":"standard","meta":{"footnotes":""},"categories":[11,2,20,10],"tags":[37,292,29],"class_list":["post-30187","post","type-post","status-publish","format-standard","has-post-thumbnail","hentry","category-homepage-french","category-politique","category-top-nouvelles","category-toutes-les-actualites","tag-africa-press","tag-africa-press-tchad","tag-tchad"],"yoast_head":"<!-- This site is optimized with the Yoast SEO Premium plugin v26.1 (Yoast SEO v27.0) - https:\/\/yoast.com\/product\/yoast-seo-premium-wordpress\/ -->\n<title>Doha : t\u00eate-\u00e0-t\u00eate entre Mahamat Idriss Deby et l&#039;\u00c9mir du Qatar - tchad<\/title>\n<meta name=\"description\" content=\"Le pr\u00e9sident de la transition du Tchad, Mahamat Idriss Deby, a eu ce 6 ao\u00fbt \u00e0 Doha, un t\u00eate-\u00e0-t\u00eate avec l\u2019Emir du Qatar, ...\" \/>\n<meta name=\"robots\" content=\"index, follow, max-snippet:-1, max-image-preview:large, max-video-preview:-1\" \/>\n<link rel=\"canonical\" href=\"https:\/\/www.africa-press.net\/tchad\/politique\/doha-tete-a-tete-entre-mahamat-idriss-deby-et-lemir-du-qatar\" \/>\n<meta property=\"og:locale\" content=\"fr_FR\" \/>\n<meta property=\"og:type\" content=\"article\" \/>\n<meta property=\"og:title\" content=\"Doha : t\u00eate-\u00e0-t\u00eate entre Mahamat Idriss Deby et l&#039;\u00c9mir du Qatar\" \/>\n<meta property=\"og:description\" content=\"Le pr\u00e9sident de la transition du Tchad, Mahamat Idriss Deby, a eu ce 6 ao\u00fbt \u00e0 Doha, un t\u00eate-\u00e0-t\u00eate avec l\u2019Emir du Qatar, ...\" \/>\n<meta property=\"og:url\" content=\"https:\/\/www.africa-press.net\/tchad\/politique\/doha-tete-a-tete-entre-mahamat-idriss-deby-et-lemir-du-qatar\" \/>\n<meta property=\"og:site_name\" content=\"tchad\" \/>\n<meta property=\"article:published_time\" content=\"2022-08-06T15:19:12+00:00\" \/>\n<meta property=\"article:modified_time\" content=\"2022-08-06T16:06:22+00:00\" \/>\n<meta property=\"og:image\" content=\"https:\/\/static.africa-press.net\/tchad\/sites\/41\/2022\/08\/postQueueImg_11-62ee916715c80.jpg\" \/>\n\t<meta property=\"og:image:width\" content=\"870\" \/>\n\t<meta property=\"og:image:height\" content=\"580\" \/>\n\t<meta property=\"og:image:type\" content=\"image\/jpeg\" \/>\n<meta name=\"author\" content=\"cfeditorfr\" \/>\n<meta name=\"twitter:card\" content=\"summary_large_image\" \/>\n<meta name=\"twitter:label1\" content=\"\u00c9crit par\" \/>\n\t<meta name=\"twitter:data1\" content=\"cfeditorfr\" \/>\n\t<meta name=\"twitter:label2\" content=\"Dur\u00e9e de lecture estim\u00e9e\" \/>\n\t<meta name=\"twitter:data2\" content=\"1 minute\" \/>\n<script type=\"application\/ld+json\" class=\"yoast-schema-graph\">{\"@context\":\"https:\/\/schema.org\",\"@graph\":[{\"@type\":\"Article\",\"@id\":\"https:\/\/www.africa-press.net\/tchad\/politique\/doha-tete-a-tete-entre-mahamat-idriss-deby-et-lemir-du-qatar#article\",\"isPartOf\":{\"@id\":\"https:\/\/www.africa-press.net\/tchad\/politique\/doha-tete-a-tete-entre-mahamat-idriss-deby-et-lemir-du-qatar\"},\"author\":{\"name\":\"cfeditorfr\",\"@id\":\"https:\/\/www.africa-press.net\/tchad\/#\/schema\/person\/2b1cf3cd81a31e3cd26889ca66d677f1\"},\"headline\":\"Doha : t\u00eate-\u00e0-t\u00eate entre Mahamat Idriss Deby et l&rsquo;\u00c9mir du Qatar\",\"datePublished\":\"2022-08-06T15:19:12+00:00\",\"dateModified\":\"2022-08-06T16:06:22+00:00\",\"mainEntityOfPage\":{\"@id\":\"https:\/\/www.africa-press.net\/tchad\/politique\/doha-tete-a-tete-entre-mahamat-idriss-deby-et-lemir-du-qatar\"},\"wordCount\":136,\"commentCount\":0,\"image\":{\"@id\":\"https:\/\/www.africa-press.net\/tchad\/politique\/doha-tete-a-tete-entre-mahamat-idriss-deby-et-lemir-du-qatar#primaryimage\"},\"thumbnailUrl\":\"https:\/\/static.africa-press.net\/tchad\/sites\/41\/2022\/08\/postQueueImg_11-62ee916715c80.jpg\",\"keywords\":[\"Africa Press\",\"Africa Press-Tchad\",\"Tchad\"],\"articleSection\":[\"homepage-french\",\"Politique\",\"Top Nouvelles\",\"Toutes les actualit\u00e9s\"],\"inLanguage\":\"fr-FR\",\"potentialAction\":[{\"@type\":\"CommentAction\",\"name\":\"Comment\",\"target\":[\"https:\/\/www.africa-press.net\/tchad\/politique\/doha-tete-a-tete-entre-mahamat-idriss-deby-et-lemir-du-qatar#respond\"]}]},{\"@type\":\"WebPage\",\"@id\":\"https:\/\/www.africa-press.net\/tchad\/politique\/doha-tete-a-tete-entre-mahamat-idriss-deby-et-lemir-du-qatar\",\"url\":\"https:\/\/www.africa-press.net\/tchad\/politique\/doha-tete-a-tete-entre-mahamat-idriss-deby-et-lemir-du-qatar\",\"name\":\"Doha : t\u00eate-\u00e0-t\u00eate entre Mahamat Idriss Deby et l'\u00c9mir du Qatar - tchad\",\"isPartOf\":{\"@id\":\"https:\/\/www.africa-press.net\/tchad\/#website\"},\"primaryImageOfPage\":{\"@id\":\"https:\/\/www.africa-press.net\/tchad\/politique\/doha-tete-a-tete-entre-mahamat-idriss-deby-et-lemir-du-qatar#primaryimage\"},\"image\":{\"@id\":\"https:\/\/www.africa-press.net\/tchad\/politique\/doha-tete-a-tete-entre-mahamat-idriss-deby-et-lemir-du-qatar#primaryimage\"},\"thumbnailUrl\":\"https:\/\/static.africa-press.net\/tchad\/sites\/41\/2022\/08\/postQueueImg_11-62ee916715c80.jpg\",\"datePublished\":\"2022-08-06T15:19:12+00:00\",\"dateModified\":\"2022-08-06T16:06:22+00:00\",\"author\":{\"@id\":\"https:\/\/www.africa-press.net\/tchad\/#\/schema\/person\/2b1cf3cd81a31e3cd26889ca66d677f1\"},\"description\":\"Le pr\u00e9sident de la transition du Tchad, Mahamat Idriss Deby, a eu ce 6 ao\u00fbt \u00e0 Doha, un t\u00eate-\u00e0-t\u00eate avec l\u2019Emir du Qatar, ...\",\"breadcrumb\":{\"@id\":\"https:\/\/www.africa-press.net\/tchad\/politique\/doha-tete-a-tete-entre-mahamat-idriss-deby-et-lemir-du-qatar#breadcrumb\"},\"inLanguage\":\"fr-FR\",\"potentialAction\":[{\"@type\":\"ReadAction\",\"target\":[\"https:\/\/www.africa-press.net\/tchad\/politique\/doha-tete-a-tete-entre-mahamat-idriss-deby-et-lemir-du-qatar\"]}]},{\"@type\":\"ImageObject\",\"inLanguage\":\"fr-FR\",\"@id\":\"https:\/\/www.africa-press.net\/tchad\/politique\/doha-tete-a-tete-entre-mahamat-idriss-deby-et-lemir-du-qatar#primaryimage\",\"url\":\"https:\/\/static.africa-press.net\/tchad\/sites\/41\/2022\/08\/postQueueImg_11-62ee916715c80.jpg\",\"contentUrl\":\"https:\/\/static.africa-press.net\/tchad\/sites\/41\/2022\/08\/postQueueImg_11-62ee916715c80.jpg\",\"width\":870,\"height\":580,\"caption\":\"Doha : t\u00eate-\u00e0-t\u00eate entre Mahamat Idriss Deby et l'\u00c9mir du Qatar\"},{\"@type\":\"BreadcrumbList\",\"@id\":\"https:\/\/www.africa-press.net\/tchad\/politique\/doha-tete-a-tete-entre-mahamat-idriss-deby-et-lemir-du-qatar#breadcrumb\",\"itemListElement\":[{\"@type\":\"ListItem\",\"position\":1,\"name\":\"Accueil\",\"item\":\"https:\/\/www.africa-press.net\/tchad\/\"},{\"@type\":\"ListItem\",\"position\":2,\"name\":\"Doha : t\u00eate-\u00e0-t\u00eate entre Mahamat Idriss Deby et l&#8217;\u00c9mir du Qatar\"}]},{\"@type\":\"WebSite\",\"@id\":\"https:\/\/www.africa-press.net\/tchad\/#website\",\"url\":\"https:\/\/www.africa-press.net\/tchad\/\",\"name\":\"tchad\",\"description\":\"Just another Africa News Agency Sites site\",\"potentialAction\":[{\"@type\":\"SearchAction\",\"target\":{\"@type\":\"EntryPoint\",\"urlTemplate\":\"https:\/\/www.africa-press.net\/tchad\/?s={search_term_string}\"},\"query-input\":{\"@type\":\"PropertyValueSpecification\",\"valueRequired\":true,\"valueName\":\"search_term_string\"}}],\"inLanguage\":\"fr-FR\"},{\"@type\":\"Person\",\"@id\":\"https:\/\/www.africa-press.net\/tchad\/#\/schema\/person\/2b1cf3cd81a31e3cd26889ca66d677f1\",\"name\":\"cfeditorfr\"}]}<\/script>\n<!-- \/ Yoast SEO Premium plugin. -->","yoast_head_json":{"title":"Doha : t\u00eate-\u00e0-t\u00eate entre Mahamat Idriss Deby et l'\u00c9mir du Qatar - tchad","description":"Le pr\u00e9sident de la transition du Tchad, Mahamat Idriss Deby, a eu ce 6 ao\u00fbt \u00e0 Doha, un t\u00eate-\u00e0-t\u00eate avec l\u2019Emir du Qatar, ...","robots":{"index":"index","follow":"follow","max-snippet":"max-snippet:-1","max-image-preview":"max-image-preview:large","max-video-preview":"max-video-preview:-1"},"canonical":"https:\/\/www.africa-press.net\/tchad\/politique\/doha-tete-a-tete-entre-mahamat-idriss-deby-et-lemir-du-qatar","og_locale":"fr_FR","og_type":"article","og_title":"Doha : t\u00eate-\u00e0-t\u00eate entre Mahamat Idriss Deby et l'\u00c9mir du Qatar","og_description":"Le pr\u00e9sident de la transition du Tchad, Mahamat Idriss Deby, a eu ce 6 ao\u00fbt \u00e0 Doha, un t\u00eate-\u00e0-t\u00eate avec l\u2019Emir du Qatar, ...","og_url":"https:\/\/www.africa-press.net\/tchad\/politique\/doha-tete-a-tete-entre-mahamat-idriss-deby-et-lemir-du-qatar","og_site_name":"tchad","article_published_time":"2022-08-06T15:19:12+00:00","article_modified_time":"2022-08-06T16:06:22+00:00","og_image":[{"width":870,"height":580,"url":"https:\/\/static.africa-press.net\/tchad\/sites\/41\/2022\/08\/postQueueImg_11-62ee916715c80.jpg","type":"image\/jpeg"}],"author":"cfeditorfr","twitter_card":"summary_large_image","twitter_misc":{"\u00c9crit par":"cfeditorfr","Dur\u00e9e de lecture estim\u00e9e":"1 minute"},"schema":{"@context":"https:\/\/schema.org","@graph":[{"@type":"Article","@id":"https:\/\/www.africa-press.net\/tchad\/politique\/doha-tete-a-tete-entre-mahamat-idriss-deby-et-lemir-du-qatar#article","isPartOf":{"@id":"https:\/\/www.africa-press.net\/tchad\/politique\/doha-tete-a-tete-entre-mahamat-idriss-deby-et-lemir-du-qatar"},"author":{"name":"cfeditorfr","@id":"https:\/\/www.africa-press.net\/tchad\/#\/schema\/person\/2b1cf3cd81a31e3cd26889ca66d677f1"},"headline":"Doha : t\u00eate-\u00e0-t\u00eate entre Mahamat Idriss Deby et l&rsquo;\u00c9mir du Qatar","datePublished":"2022-08-06T15:19:12+00:00","dateModified":"2022-08-06T16:06:22+00:00","mainEntityOfPage":{"@id":"https:\/\/www.africa-press.net\/tchad\/politique\/doha-tete-a-tete-entre-mahamat-idriss-deby-et-lemir-du-qatar"},"wordCount":136,"commentCount":0,"image":{"@id":"https:\/\/www.africa-press.net\/tchad\/politique\/doha-tete-a-tete-entre-mahamat-idriss-deby-et-lemir-du-qatar#primaryimage"},"thumbnailUrl":"https:\/\/static.africa-press.net\/tchad\/sites\/41\/2022\/08\/postQueueImg_11-62ee916715c80.jpg","keywords":["Africa Press","Africa Press-Tchad","Tchad"],"articleSection":["homepage-french","Politique","Top Nouvelles","Toutes les actualit\u00e9s"],"inLanguage":"fr-FR","potentialAction":[{"@type":"CommentAction","name":"Comment","target":["https:\/\/www.africa-press.net\/tchad\/politique\/doha-tete-a-tete-entre-mahamat-idriss-deby-et-lemir-du-qatar#respond"]}]},{"@type":"WebPage","@id":"https:\/\/www.africa-press.net\/tchad\/politique\/doha-tete-a-tete-entre-mahamat-idriss-deby-et-lemir-du-qatar","url":"https:\/\/www.africa-press.net\/tchad\/politique\/doha-tete-a-tete-entre-mahamat-idriss-deby-et-lemir-du-qatar","name":"Doha : t\u00eate-\u00e0-t\u00eate entre Mahamat Idriss Deby et l'\u00c9mir du Qatar - tchad","isPartOf":{"@id":"https:\/\/www.africa-press.net\/tchad\/#website"},"primaryImageOfPage":{"@id":"https:\/\/www.africa-press.net\/tchad\/politique\/doha-tete-a-tete-entre-mahamat-idriss-deby-et-lemir-du-qatar#primaryimage"},"image":{"@id":"https:\/\/www.africa-press.net\/tchad\/politique\/doha-tete-a-tete-entre-mahamat-idriss-deby-et-lemir-du-qatar#primaryimage"},"thumbnailUrl":"https:\/\/static.africa-press.net\/tchad\/sites\/41\/2022\/08\/postQueueImg_11-62ee916715c80.jpg","datePublished":"2022-08-06T15:19:12+00:00","dateModified":"2022-08-06T16:06:22+00:00","author":{"@id":"https:\/\/www.africa-press.net\/tchad\/#\/schema\/person\/2b1cf3cd81a31e3cd26889ca66d677f1"},"description":"Le pr\u00e9sident de la transition du Tchad, Mahamat Idriss Deby, a eu ce 6 ao\u00fbt \u00e0 Doha, un t\u00eate-\u00e0-t\u00eate avec l\u2019Emir du Qatar, ...","breadcrumb":{"@id":"https:\/\/www.africa-press.net\/tchad\/politique\/doha-tete-a-tete-entre-mahamat-idriss-deby-et-lemir-du-qatar#breadcrumb"},"inLanguage":"fr-FR","potentialAction":[{"@type":"ReadAction","target":["https:\/\/www.africa-press.net\/tchad\/politique\/doha-tete-a-tete-entre-mahamat-idriss-deby-et-lemir-du-qatar"]}]},{"@type":"ImageObject","inLanguage":"fr-FR","@id":"https:\/\/www.africa-press.net\/tchad\/politique\/doha-tete-a-tete-entre-mahamat-idriss-deby-et-lemir-du-qatar#primaryimage","url":"https:\/\/static.africa-press.net\/tchad\/sites\/41\/2022\/08\/postQueueImg_11-62ee916715c80.jpg","contentUrl":"https:\/\/static.africa-press.net\/tchad\/sites\/41\/2022\/08\/postQueueImg_11-62ee916715c80.jpg","width":870,"height":580,"caption":"Doha : t\u00eate-\u00e0-t\u00eate entre Mahamat Idriss Deby et l'\u00c9mir du Qatar"},{"@type":"BreadcrumbList","@id":"https:\/\/www.africa-press.net\/tchad\/politique\/doha-tete-a-tete-entre-mahamat-idriss-deby-et-lemir-du-qatar#breadcrumb","itemListElement":[{"@type":"ListItem","position":1,"name":"Accueil","item":"https:\/\/www.africa-press.net\/tchad\/"},{"@type":"ListItem","position":2,"name":"Doha : t\u00eate-\u00e0-t\u00eate entre Mahamat Idriss Deby et l&#8217;\u00c9mir du Qatar"}]},{"@type":"WebSite","@id":"https:\/\/www.africa-press.net\/tchad\/#website","url":"https:\/\/www.africa-press.net\/tchad\/","name":"tchad","description":"Just another Africa News Agency Sites site","potentialAction":[{"@type":"SearchAction","target":{"@type":"EntryPoint","urlTemplate":"https:\/\/www.africa-press.net\/tchad\/?s={search_term_string}"},"query-input":{"@type":"PropertyValueSpecification","valueRequired":true,"valueName":"search_term_string"}}],"inLanguage":"fr-FR"},{"@type":"Person","@id":"https:\/\/www.africa-press.net\/tchad\/#\/schema\/person\/2b1cf3cd81a31e3cd26889ca66d677f1","name":"cfeditorfr"}]}},"_links":{"self":[{"href":"https:\/\/www.africa-press.net\/tchad\/wp-json\/wp\/v2\/posts\/30187","targetHints":{"allow":["GET"]}}],"collection":[{"href":"https:\/\/www.africa-press.net\/tchad\/wp-json\/wp\/v2\/posts"}],"about":[{"href":"https:\/\/www.africa-press.net\/tchad\/wp-json\/wp\/v2\/types\/post"}],"author":[{"embeddable":true,"href":"https:\/\/www.africa-press.net\/tchad\/wp-json\/wp\/v2\/users\/82"}],"replies":[{"embeddable":true,"href":"https:\/\/www.africa-press.net\/tchad\/wp-json\/wp\/v2\/comments?post=30187"}],"version-history":[{"count":0,"href":"https:\/\/www.africa-press.net\/tchad\/wp-json\/wp\/v2\/posts\/30187\/revisions"}],"wp:featuredmedia":[{"embeddable":true,"href":"https:\/\/www.africa-press.net\/tchad\/wp-json\/wp\/v2\/media\/30186"}],"wp:attachment":[{"href":"https:\/\/www.africa-press.net\/tchad\/wp-json\/wp\/v2\/media?parent=30187"}],"wp:term":[{"taxonomy":"category","embeddable":true,"href":"https:\/\/www.africa-press.net\/tchad\/wp-json\/wp\/v2\/categories?post=30187"},{"taxonomy":"post_tag","embeddable":true,"href":"https:\/\/www.africa-press.net\/tchad\/wp-json\/wp\/v2\/tags?post=30187"}],"curies":[{"name":"wp","href":"https:\/\/api.w.org\/{rel}","templated":true}]}}