{"id":30227,"date":"2022-08-07T17:16:40","date_gmt":"2022-08-07T17:16:40","guid":{"rendered":"https:\/\/www.africa-press.net\/tchad\/politique\/tchad-soudan-la-frontiere-commune-nest-pas-fermee"},"modified":"2022-08-07T17:45:54","modified_gmt":"2022-08-07T17:45:54","slug":"tchad-soudan-la-frontiere-commune-nest-pas-fermee","status":"publish","type":"post","link":"https:\/\/www.africa-press.net\/tchad\/politique\/tchad-soudan-la-frontiere-commune-nest-pas-fermee","title":{"rendered":"Tchad-Soudan : la fronti\u00e8re commune n\u2019est pas ferm\u00e9e"},"content":{"rendered":"<p><span style=\"color: #ff6600\"><strong>Africa-Press &#8211; Tchad. <\/strong><\/span>La fronti\u00e8re Tchad-Soudan n\u2019est pas ferm\u00e9e \u00ab contrairement \u00e0 des informations v\u00e9hicul\u00e9es sur les r\u00e9seaux sociaux \u00bb ce 6 ao\u00fbt, informe une source au sein du minist\u00e8re de la D\u00e9fense.<\/p>\n<p>De m\u00eame, le Soudan n\u2019a pas \u00e9galement \u00e9voqu\u00e9 une telle mesure. En revanche, un renforcement de la s\u00e9curit\u00e9 transfrontali\u00e8re de part et d\u2019autre est \u00e0 l\u2019ordre du jour.<\/p>\n<p>Pour sa part, l\u2019\u00e9tat-major tchadien de la force mixte Tchad-Soudan exige des preuves des auteurs qui v\u00e9hiculent sur les r\u00e9seaux sociaux des publications mensong\u00e8res tendant \u00e0 l&rsquo;impliquer dans les \u00ab incidents \u00bb transfrontaliers marqu\u00e9s par des affrontements qui ont fait 28 morts.<\/p>\n<p><strong>Pour plus d&rsquo;informations et d&rsquo;analyses sur la <a href=\"https:\/\/www.africa-press.net\/tchad\">Tchad<\/a>, suivez <a href=\"https:\/\/www.africa-press.net\/\">Africa-Press<\/a><\/strong><\/p>\n","protected":false},"excerpt":{"rendered":"<p>Africa-Press &#8211; Tchad. La fronti\u00e8re Tchad-Soudan n\u2019est pas ferm\u00e9e \u00ab contrairement \u00e0 des informations v\u00e9hicul\u00e9es sur les r\u00e9seaux sociaux \u00bb ce 6 ao\u00fbt, informe une source au sein du minist\u00e8re de la D\u00e9fense. De m\u00eame, le Soudan n\u2019a pas \u00e9galement \u00e9voqu\u00e9 une telle mesure. En revanche, un renforcement de la s\u00e9curit\u00e9 transfrontali\u00e8re de part et [&hellip;]<\/p>\n","protected":false},"author":82,"featured_media":30226,"comment_status":"open","ping_status":"closed","sticky":false,"template":"","format":"standard","meta":{"footnotes":""},"categories":[11,2,20,10],"tags":[37,292,29],"class_list":["post-30227","post","type-post","status-publish","format-standard","has-post-thumbnail","hentry","category-homepage-french","category-politique","category-top-nouvelles","category-toutes-les-actualites","tag-africa-press","tag-africa-press-tchad","tag-tchad"],"yoast_head":"<!-- This site is optimized with the Yoast SEO Premium plugin v26.1 (Yoast SEO v27.0) - https:\/\/yoast.com\/product\/yoast-seo-premium-wordpress\/ -->\n<title>Tchad-Soudan : la fronti\u00e8re commune n\u2019est pas ferm\u00e9e - tchad<\/title>\n<meta name=\"description\" content=\"La fronti\u00e8re Tchad-Soudan n\u2019est pas ferm\u00e9e \u00ab contrairement \u00e0 des informations v\u00e9hicul\u00e9es sur les r\u00e9seaux sociaux \u00bb ce 6 ...\" \/>\n<meta name=\"robots\" content=\"index, follow, max-snippet:-1, max-image-preview:large, max-video-preview:-1\" \/>\n<link rel=\"canonical\" href=\"https:\/\/www.africa-press.net\/tchad\/politique\/tchad-soudan-la-frontiere-commune-nest-pas-fermee\" \/>\n<meta property=\"og:locale\" content=\"fr_FR\" \/>\n<meta property=\"og:type\" content=\"article\" \/>\n<meta property=\"og:title\" content=\"Tchad-Soudan : la fronti\u00e8re commune n\u2019est pas ferm\u00e9e\" \/>\n<meta property=\"og:description\" content=\"La fronti\u00e8re Tchad-Soudan n\u2019est pas ferm\u00e9e \u00ab contrairement \u00e0 des informations v\u00e9hicul\u00e9es sur les r\u00e9seaux sociaux \u00bb ce 6 ...\" \/>\n<meta property=\"og:url\" content=\"https:\/\/www.africa-press.net\/tchad\/politique\/tchad-soudan-la-frontiere-commune-nest-pas-fermee\" \/>\n<meta property=\"og:site_name\" content=\"tchad\" \/>\n<meta property=\"article:published_time\" content=\"2022-08-07T17:16:40+00:00\" \/>\n<meta property=\"article:modified_time\" content=\"2022-08-07T17:45:54+00:00\" \/>\n<meta property=\"og:image\" content=\"https:\/\/static.africa-press.net\/tchad\/sites\/41\/2022\/08\/postQueueImg_8-62effa32474fd.jpg\" \/>\n\t<meta property=\"og:image:width\" content=\"720\" \/>\n\t<meta property=\"og:image:height\" content=\"405\" \/>\n\t<meta property=\"og:image:type\" content=\"image\/jpeg\" \/>\n<meta name=\"author\" content=\"cfeditorfr\" \/>\n<meta name=\"twitter:card\" content=\"summary_large_image\" \/>\n<meta name=\"twitter:label1\" content=\"\u00c9crit par\" \/>\n\t<meta name=\"twitter:data1\" content=\"cfeditorfr\" \/>\n\t<meta name=\"twitter:label2\" content=\"Dur\u00e9e de lecture estim\u00e9e\" \/>\n\t<meta name=\"twitter:data2\" content=\"1 minute\" \/>\n<script type=\"application\/ld+json\" class=\"yoast-schema-graph\">{\"@context\":\"https:\/\/schema.org\",\"@graph\":[{\"@type\":\"Article\",\"@id\":\"https:\/\/www.africa-press.net\/tchad\/politique\/tchad-soudan-la-frontiere-commune-nest-pas-fermee#article\",\"isPartOf\":{\"@id\":\"https:\/\/www.africa-press.net\/tchad\/politique\/tchad-soudan-la-frontiere-commune-nest-pas-fermee\"},\"author\":{\"name\":\"cfeditorfr\",\"@id\":\"https:\/\/www.africa-press.net\/tchad\/#\/schema\/person\/2b1cf3cd81a31e3cd26889ca66d677f1\"},\"headline\":\"Tchad-Soudan : la fronti\u00e8re commune n\u2019est pas ferm\u00e9e\",\"datePublished\":\"2022-08-07T17:16:40+00:00\",\"dateModified\":\"2022-08-07T17:45:54+00:00\",\"mainEntityOfPage\":{\"@id\":\"https:\/\/www.africa-press.net\/tchad\/politique\/tchad-soudan-la-frontiere-commune-nest-pas-fermee\"},\"wordCount\":137,\"commentCount\":0,\"image\":{\"@id\":\"https:\/\/www.africa-press.net\/tchad\/politique\/tchad-soudan-la-frontiere-commune-nest-pas-fermee#primaryimage\"},\"thumbnailUrl\":\"https:\/\/static.africa-press.net\/tchad\/sites\/41\/2022\/08\/postQueueImg_8-62effa32474fd.jpg\",\"keywords\":[\"Africa Press\",\"Africa Press-Tchad\",\"Tchad\"],\"articleSection\":[\"homepage-french\",\"Politique\",\"Top Nouvelles\",\"Toutes les actualit\u00e9s\"],\"inLanguage\":\"fr-FR\",\"potentialAction\":[{\"@type\":\"CommentAction\",\"name\":\"Comment\",\"target\":[\"https:\/\/www.africa-press.net\/tchad\/politique\/tchad-soudan-la-frontiere-commune-nest-pas-fermee#respond\"]}]},{\"@type\":\"WebPage\",\"@id\":\"https:\/\/www.africa-press.net\/tchad\/politique\/tchad-soudan-la-frontiere-commune-nest-pas-fermee\",\"url\":\"https:\/\/www.africa-press.net\/tchad\/politique\/tchad-soudan-la-frontiere-commune-nest-pas-fermee\",\"name\":\"Tchad-Soudan : la fronti\u00e8re commune n\u2019est pas ferm\u00e9e - tchad\",\"isPartOf\":{\"@id\":\"https:\/\/www.africa-press.net\/tchad\/#website\"},\"primaryImageOfPage\":{\"@id\":\"https:\/\/www.africa-press.net\/tchad\/politique\/tchad-soudan-la-frontiere-commune-nest-pas-fermee#primaryimage\"},\"image\":{\"@id\":\"https:\/\/www.africa-press.net\/tchad\/politique\/tchad-soudan-la-frontiere-commune-nest-pas-fermee#primaryimage\"},\"thumbnailUrl\":\"https:\/\/static.africa-press.net\/tchad\/sites\/41\/2022\/08\/postQueueImg_8-62effa32474fd.jpg\",\"datePublished\":\"2022-08-07T17:16:40+00:00\",\"dateModified\":\"2022-08-07T17:45:54+00:00\",\"author\":{\"@id\":\"https:\/\/www.africa-press.net\/tchad\/#\/schema\/person\/2b1cf3cd81a31e3cd26889ca66d677f1\"},\"description\":\"La fronti\u00e8re Tchad-Soudan n\u2019est pas ferm\u00e9e \u00ab contrairement \u00e0 des informations v\u00e9hicul\u00e9es sur les r\u00e9seaux sociaux \u00bb ce 6 ...\",\"breadcrumb\":{\"@id\":\"https:\/\/www.africa-press.net\/tchad\/politique\/tchad-soudan-la-frontiere-commune-nest-pas-fermee#breadcrumb\"},\"inLanguage\":\"fr-FR\",\"potentialAction\":[{\"@type\":\"ReadAction\",\"target\":[\"https:\/\/www.africa-press.net\/tchad\/politique\/tchad-soudan-la-frontiere-commune-nest-pas-fermee\"]}]},{\"@type\":\"ImageObject\",\"inLanguage\":\"fr-FR\",\"@id\":\"https:\/\/www.africa-press.net\/tchad\/politique\/tchad-soudan-la-frontiere-commune-nest-pas-fermee#primaryimage\",\"url\":\"https:\/\/static.africa-press.net\/tchad\/sites\/41\/2022\/08\/postQueueImg_8-62effa32474fd.jpg\",\"contentUrl\":\"https:\/\/static.africa-press.net\/tchad\/sites\/41\/2022\/08\/postQueueImg_8-62effa32474fd.jpg\",\"width\":720,\"height\":405,\"caption\":\"Tchad-Soudan : la fronti\u00e8re commune n\u2019est pas ferm\u00e9e\"},{\"@type\":\"BreadcrumbList\",\"@id\":\"https:\/\/www.africa-press.net\/tchad\/politique\/tchad-soudan-la-frontiere-commune-nest-pas-fermee#breadcrumb\",\"itemListElement\":[{\"@type\":\"ListItem\",\"position\":1,\"name\":\"Accueil\",\"item\":\"https:\/\/www.africa-press.net\/tchad\/\"},{\"@type\":\"ListItem\",\"position\":2,\"name\":\"Tchad-Soudan : la fronti\u00e8re commune n\u2019est pas ferm\u00e9e\"}]},{\"@type\":\"WebSite\",\"@id\":\"https:\/\/www.africa-press.net\/tchad\/#website\",\"url\":\"https:\/\/www.africa-press.net\/tchad\/\",\"name\":\"tchad\",\"description\":\"Just another Africa News Agency Sites site\",\"potentialAction\":[{\"@type\":\"SearchAction\",\"target\":{\"@type\":\"EntryPoint\",\"urlTemplate\":\"https:\/\/www.africa-press.net\/tchad\/?s={search_term_string}\"},\"query-input\":{\"@type\":\"PropertyValueSpecification\",\"valueRequired\":true,\"valueName\":\"search_term_string\"}}],\"inLanguage\":\"fr-FR\"},{\"@type\":\"Person\",\"@id\":\"https:\/\/www.africa-press.net\/tchad\/#\/schema\/person\/2b1cf3cd81a31e3cd26889ca66d677f1\",\"name\":\"cfeditorfr\"}]}<\/script>\n<!-- \/ Yoast SEO Premium plugin. -->","yoast_head_json":{"title":"Tchad-Soudan : la fronti\u00e8re commune n\u2019est pas ferm\u00e9e - tchad","description":"La fronti\u00e8re Tchad-Soudan n\u2019est pas ferm\u00e9e \u00ab contrairement \u00e0 des informations v\u00e9hicul\u00e9es sur les r\u00e9seaux sociaux \u00bb ce 6 ...","robots":{"index":"index","follow":"follow","max-snippet":"max-snippet:-1","max-image-preview":"max-image-preview:large","max-video-preview":"max-video-preview:-1"},"canonical":"https:\/\/www.africa-press.net\/tchad\/politique\/tchad-soudan-la-frontiere-commune-nest-pas-fermee","og_locale":"fr_FR","og_type":"article","og_title":"Tchad-Soudan : la fronti\u00e8re commune n\u2019est pas ferm\u00e9e","og_description":"La fronti\u00e8re Tchad-Soudan n\u2019est pas ferm\u00e9e \u00ab contrairement \u00e0 des informations v\u00e9hicul\u00e9es sur les r\u00e9seaux sociaux \u00bb ce 6 ...","og_url":"https:\/\/www.africa-press.net\/tchad\/politique\/tchad-soudan-la-frontiere-commune-nest-pas-fermee","og_site_name":"tchad","article_published_time":"2022-08-07T17:16:40+00:00","article_modified_time":"2022-08-07T17:45:54+00:00","og_image":[{"width":720,"height":405,"url":"https:\/\/static.africa-press.net\/tchad\/sites\/41\/2022\/08\/postQueueImg_8-62effa32474fd.jpg","type":"image\/jpeg"}],"author":"cfeditorfr","twitter_card":"summary_large_image","twitter_misc":{"\u00c9crit par":"cfeditorfr","Dur\u00e9e de lecture estim\u00e9e":"1 minute"},"schema":{"@context":"https:\/\/schema.org","@graph":[{"@type":"Article","@id":"https:\/\/www.africa-press.net\/tchad\/politique\/tchad-soudan-la-frontiere-commune-nest-pas-fermee#article","isPartOf":{"@id":"https:\/\/www.africa-press.net\/tchad\/politique\/tchad-soudan-la-frontiere-commune-nest-pas-fermee"},"author":{"name":"cfeditorfr","@id":"https:\/\/www.africa-press.net\/tchad\/#\/schema\/person\/2b1cf3cd81a31e3cd26889ca66d677f1"},"headline":"Tchad-Soudan : la fronti\u00e8re commune n\u2019est pas ferm\u00e9e","datePublished":"2022-08-07T17:16:40+00:00","dateModified":"2022-08-07T17:45:54+00:00","mainEntityOfPage":{"@id":"https:\/\/www.africa-press.net\/tchad\/politique\/tchad-soudan-la-frontiere-commune-nest-pas-fermee"},"wordCount":137,"commentCount":0,"image":{"@id":"https:\/\/www.africa-press.net\/tchad\/politique\/tchad-soudan-la-frontiere-commune-nest-pas-fermee#primaryimage"},"thumbnailUrl":"https:\/\/static.africa-press.net\/tchad\/sites\/41\/2022\/08\/postQueueImg_8-62effa32474fd.jpg","keywords":["Africa Press","Africa Press-Tchad","Tchad"],"articleSection":["homepage-french","Politique","Top Nouvelles","Toutes les actualit\u00e9s"],"inLanguage":"fr-FR","potentialAction":[{"@type":"CommentAction","name":"Comment","target":["https:\/\/www.africa-press.net\/tchad\/politique\/tchad-soudan-la-frontiere-commune-nest-pas-fermee#respond"]}]},{"@type":"WebPage","@id":"https:\/\/www.africa-press.net\/tchad\/politique\/tchad-soudan-la-frontiere-commune-nest-pas-fermee","url":"https:\/\/www.africa-press.net\/tchad\/politique\/tchad-soudan-la-frontiere-commune-nest-pas-fermee","name":"Tchad-Soudan : la fronti\u00e8re commune n\u2019est pas ferm\u00e9e - tchad","isPartOf":{"@id":"https:\/\/www.africa-press.net\/tchad\/#website"},"primaryImageOfPage":{"@id":"https:\/\/www.africa-press.net\/tchad\/politique\/tchad-soudan-la-frontiere-commune-nest-pas-fermee#primaryimage"},"image":{"@id":"https:\/\/www.africa-press.net\/tchad\/politique\/tchad-soudan-la-frontiere-commune-nest-pas-fermee#primaryimage"},"thumbnailUrl":"https:\/\/static.africa-press.net\/tchad\/sites\/41\/2022\/08\/postQueueImg_8-62effa32474fd.jpg","datePublished":"2022-08-07T17:16:40+00:00","dateModified":"2022-08-07T17:45:54+00:00","author":{"@id":"https:\/\/www.africa-press.net\/tchad\/#\/schema\/person\/2b1cf3cd81a31e3cd26889ca66d677f1"},"description":"La fronti\u00e8re Tchad-Soudan n\u2019est pas ferm\u00e9e \u00ab contrairement \u00e0 des informations v\u00e9hicul\u00e9es sur les r\u00e9seaux sociaux \u00bb ce 6 ...","breadcrumb":{"@id":"https:\/\/www.africa-press.net\/tchad\/politique\/tchad-soudan-la-frontiere-commune-nest-pas-fermee#breadcrumb"},"inLanguage":"fr-FR","potentialAction":[{"@type":"ReadAction","target":["https:\/\/www.africa-press.net\/tchad\/politique\/tchad-soudan-la-frontiere-commune-nest-pas-fermee"]}]},{"@type":"ImageObject","inLanguage":"fr-FR","@id":"https:\/\/www.africa-press.net\/tchad\/politique\/tchad-soudan-la-frontiere-commune-nest-pas-fermee#primaryimage","url":"https:\/\/static.africa-press.net\/tchad\/sites\/41\/2022\/08\/postQueueImg_8-62effa32474fd.jpg","contentUrl":"https:\/\/static.africa-press.net\/tchad\/sites\/41\/2022\/08\/postQueueImg_8-62effa32474fd.jpg","width":720,"height":405,"caption":"Tchad-Soudan : la fronti\u00e8re commune n\u2019est pas ferm\u00e9e"},{"@type":"BreadcrumbList","@id":"https:\/\/www.africa-press.net\/tchad\/politique\/tchad-soudan-la-frontiere-commune-nest-pas-fermee#breadcrumb","itemListElement":[{"@type":"ListItem","position":1,"name":"Accueil","item":"https:\/\/www.africa-press.net\/tchad\/"},{"@type":"ListItem","position":2,"name":"Tchad-Soudan : la fronti\u00e8re commune n\u2019est pas ferm\u00e9e"}]},{"@type":"WebSite","@id":"https:\/\/www.africa-press.net\/tchad\/#website","url":"https:\/\/www.africa-press.net\/tchad\/","name":"tchad","description":"Just another Africa News Agency Sites site","potentialAction":[{"@type":"SearchAction","target":{"@type":"EntryPoint","urlTemplate":"https:\/\/www.africa-press.net\/tchad\/?s={search_term_string}"},"query-input":{"@type":"PropertyValueSpecification","valueRequired":true,"valueName":"search_term_string"}}],"inLanguage":"fr-FR"},{"@type":"Person","@id":"https:\/\/www.africa-press.net\/tchad\/#\/schema\/person\/2b1cf3cd81a31e3cd26889ca66d677f1","name":"cfeditorfr"}]}},"_links":{"self":[{"href":"https:\/\/www.africa-press.net\/tchad\/wp-json\/wp\/v2\/posts\/30227","targetHints":{"allow":["GET"]}}],"collection":[{"href":"https:\/\/www.africa-press.net\/tchad\/wp-json\/wp\/v2\/posts"}],"about":[{"href":"https:\/\/www.africa-press.net\/tchad\/wp-json\/wp\/v2\/types\/post"}],"author":[{"embeddable":true,"href":"https:\/\/www.africa-press.net\/tchad\/wp-json\/wp\/v2\/users\/82"}],"replies":[{"embeddable":true,"href":"https:\/\/www.africa-press.net\/tchad\/wp-json\/wp\/v2\/comments?post=30227"}],"version-history":[{"count":0,"href":"https:\/\/www.africa-press.net\/tchad\/wp-json\/wp\/v2\/posts\/30227\/revisions"}],"wp:featuredmedia":[{"embeddable":true,"href":"https:\/\/www.africa-press.net\/tchad\/wp-json\/wp\/v2\/media\/30226"}],"wp:attachment":[{"href":"https:\/\/www.africa-press.net\/tchad\/wp-json\/wp\/v2\/media?parent=30227"}],"wp:term":[{"taxonomy":"category","embeddable":true,"href":"https:\/\/www.africa-press.net\/tchad\/wp-json\/wp\/v2\/categories?post=30227"},{"taxonomy":"post_tag","embeddable":true,"href":"https:\/\/www.africa-press.net\/tchad\/wp-json\/wp\/v2\/tags?post=30227"}],"curies":[{"name":"wp","href":"https:\/\/api.w.org\/{rel}","templated":true}]}}