{"id":30233,"date":"2022-08-07T17:17:34","date_gmt":"2022-08-07T17:17:34","guid":{"rendered":"https:\/\/www.africa-press.net\/tchad\/politique\/un-jour-de-plus-ne-sera-accorde-pour-la-prorogation-de-la-transition-natoi-allah-ringar"},"modified":"2022-08-07T17:47:12","modified_gmt":"2022-08-07T17:47:12","slug":"un-jour-de-plus-ne-sera-accorde-pour-la-prorogation-de-la-transition-natoi-allah-ringar","status":"publish","type":"post","link":"https:\/\/www.africa-press.net\/tchad\/politique\/un-jour-de-plus-ne-sera-accorde-pour-la-prorogation-de-la-transition-natoi-allah-ringar","title":{"rendered":"\u00ab\u00a0un jour de plus ne sera accord\u00e9 pour la prorogation de la transition\u00a0\u00bb, Nato\u00ef-Allah Ringar"},"content":{"rendered":"<p><span style=\"color: #ff6600\"><strong>Africa-Press &#8211; Tchad. <\/strong><\/span>S&rsquo;exprimant au cours d&rsquo;un point de presse \u00e0 la radio Oxyg\u00e8ne, Nato\u00ef-Allah Ringar a adress\u00e9 une mise en garde : \u00ab\u00a0la transition militaire de Mahamat Kaka et de son gendre Emmanuel Macron prendra fin le 20 octobre prochain. Qu&rsquo;ils disent haut et fort \u00e0 Mahamat Kaka et Macron qu&rsquo;un jour de plus ne sera accord\u00e9 pour la prorogation de la transition de mis\u00e8re et de souffrance du peuple tchadien\u00a0\u00bb.<\/p>\n<p>\u00ab\u00a0Si un pr\u00e9sident de la R\u00e9publique fait usage de versets religieux pour moraliser les religieux et le peuple, cela doit \u00eatre appliqu\u00e9 par lui \u00e0 travers ses engagements et un serment devant Dieu et le peuple. Le contraire entra\u00eene la mal\u00e9diction voire la mort miraculeuse, surprenante ou aussi myst\u00e9rieuse\u00a0\u00bb, selon Nato\u00ef-Allah Ringar.<\/p>\n<p>Le PISTE se dit pr\u00eat \u00e0 mener des actions de grande envergure \u00ab\u00a0pour emp\u00eacher et briser ces man\u0153uvres dilatoires en pr\u00e9paration\u00a0\u00bb.<\/p>\n<p><strong>Pour plus d&rsquo;informations et d&rsquo;analyses sur la <a href=\"https:\/\/www.africa-press.net\/tchad\">Tchad<\/a>, suivez <a href=\"https:\/\/www.africa-press.net\/\">Africa-Press<\/a><\/strong><\/p>\n","protected":false},"excerpt":{"rendered":"<p>Africa-Press &#8211; Tchad. S&rsquo;exprimant au cours d&rsquo;un point de presse \u00e0 la radio Oxyg\u00e8ne, Nato\u00ef-Allah Ringar a adress\u00e9 une mise en garde : \u00ab\u00a0la transition militaire de Mahamat Kaka et de son gendre Emmanuel Macron prendra fin le 20 octobre prochain. Qu&rsquo;ils disent haut et fort \u00e0 Mahamat Kaka et Macron qu&rsquo;un jour de plus [&hellip;]<\/p>\n","protected":false},"author":82,"featured_media":30232,"comment_status":"open","ping_status":"closed","sticky":false,"template":"","format":"standard","meta":{"footnotes":""},"categories":[11,2,10],"tags":[37,292,29],"class_list":["post-30233","post","type-post","status-publish","format-standard","has-post-thumbnail","hentry","category-homepage-french","category-politique","category-toutes-les-actualites","tag-africa-press","tag-africa-press-tchad","tag-tchad"],"yoast_head":"<!-- This site is optimized with the Yoast SEO Premium plugin v26.1 (Yoast SEO v27.0) - https:\/\/yoast.com\/product\/yoast-seo-premium-wordpress\/ -->\n<title>&quot;un jour de plus ne sera accord\u00e9 pour la prorogation de la transition&quot;, Nato\u00ef-Allah Ringar - tchad<\/title>\n<meta name=\"description\" content=\"S&#039;exprimant au cours d&#039;un point de presse \u00e0 la radio Oxyg\u00e8ne, Nato\u00ef-Allah Ringar a adress\u00e9 une mise en garde : &quot;la trans ...\" \/>\n<meta name=\"robots\" content=\"index, follow, max-snippet:-1, max-image-preview:large, max-video-preview:-1\" \/>\n<link rel=\"canonical\" href=\"https:\/\/www.africa-press.net\/tchad\/politique\/un-jour-de-plus-ne-sera-accorde-pour-la-prorogation-de-la-transition-natoi-allah-ringar\" \/>\n<meta property=\"og:locale\" content=\"fr_FR\" \/>\n<meta property=\"og:type\" content=\"article\" \/>\n<meta property=\"og:title\" content=\"&quot;un jour de plus ne sera accord\u00e9 pour la prorogation de la transition&quot;, Nato\u00ef-Allah Ringar\" \/>\n<meta property=\"og:description\" content=\"S&#039;exprimant au cours d&#039;un point de presse \u00e0 la radio Oxyg\u00e8ne, Nato\u00ef-Allah Ringar a adress\u00e9 une mise en garde : &quot;la trans ...\" \/>\n<meta property=\"og:url\" content=\"https:\/\/www.africa-press.net\/tchad\/politique\/un-jour-de-plus-ne-sera-accorde-pour-la-prorogation-de-la-transition-natoi-allah-ringar\" \/>\n<meta property=\"og:site_name\" content=\"tchad\" \/>\n<meta property=\"article:published_time\" content=\"2022-08-07T17:17:34+00:00\" \/>\n<meta property=\"article:modified_time\" content=\"2022-08-07T17:47:12+00:00\" \/>\n<meta property=\"og:image\" content=\"https:\/\/static.africa-press.net\/tchad\/sites\/41\/2022\/08\/postQueueImg_10-62effa8309578.jpg\" \/>\n\t<meta property=\"og:image:width\" content=\"1000\" \/>\n\t<meta property=\"og:image:height\" content=\"750\" \/>\n\t<meta property=\"og:image:type\" content=\"image\/jpeg\" \/>\n<meta name=\"author\" content=\"cfeditorfr\" \/>\n<meta name=\"twitter:card\" content=\"summary_large_image\" \/>\n<meta name=\"twitter:label1\" content=\"\u00c9crit par\" \/>\n\t<meta name=\"twitter:data1\" content=\"cfeditorfr\" \/>\n\t<meta name=\"twitter:label2\" content=\"Dur\u00e9e de lecture estim\u00e9e\" \/>\n\t<meta name=\"twitter:data2\" content=\"1 minute\" \/>\n<script type=\"application\/ld+json\" class=\"yoast-schema-graph\">{\"@context\":\"https:\/\/schema.org\",\"@graph\":[{\"@type\":\"Article\",\"@id\":\"https:\/\/www.africa-press.net\/tchad\/politique\/un-jour-de-plus-ne-sera-accorde-pour-la-prorogation-de-la-transition-natoi-allah-ringar#article\",\"isPartOf\":{\"@id\":\"https:\/\/www.africa-press.net\/tchad\/politique\/un-jour-de-plus-ne-sera-accorde-pour-la-prorogation-de-la-transition-natoi-allah-ringar\"},\"author\":{\"name\":\"cfeditorfr\",\"@id\":\"https:\/\/www.africa-press.net\/tchad\/#\/schema\/person\/2b1cf3cd81a31e3cd26889ca66d677f1\"},\"headline\":\"\u00ab\u00a0un jour de plus ne sera accord\u00e9 pour la prorogation de la transition\u00a0\u00bb, Nato\u00ef-Allah Ringar\",\"datePublished\":\"2022-08-07T17:17:34+00:00\",\"dateModified\":\"2022-08-07T17:47:12+00:00\",\"mainEntityOfPage\":{\"@id\":\"https:\/\/www.africa-press.net\/tchad\/politique\/un-jour-de-plus-ne-sera-accorde-pour-la-prorogation-de-la-transition-natoi-allah-ringar\"},\"wordCount\":184,\"commentCount\":0,\"image\":{\"@id\":\"https:\/\/www.africa-press.net\/tchad\/politique\/un-jour-de-plus-ne-sera-accorde-pour-la-prorogation-de-la-transition-natoi-allah-ringar#primaryimage\"},\"thumbnailUrl\":\"https:\/\/static.africa-press.net\/tchad\/sites\/41\/2022\/08\/postQueueImg_10-62effa8309578.jpg\",\"keywords\":[\"Africa Press\",\"Africa Press-Tchad\",\"Tchad\"],\"articleSection\":[\"homepage-french\",\"Politique\",\"Toutes les actualit\u00e9s\"],\"inLanguage\":\"fr-FR\",\"potentialAction\":[{\"@type\":\"CommentAction\",\"name\":\"Comment\",\"target\":[\"https:\/\/www.africa-press.net\/tchad\/politique\/un-jour-de-plus-ne-sera-accorde-pour-la-prorogation-de-la-transition-natoi-allah-ringar#respond\"]}]},{\"@type\":\"WebPage\",\"@id\":\"https:\/\/www.africa-press.net\/tchad\/politique\/un-jour-de-plus-ne-sera-accorde-pour-la-prorogation-de-la-transition-natoi-allah-ringar\",\"url\":\"https:\/\/www.africa-press.net\/tchad\/politique\/un-jour-de-plus-ne-sera-accorde-pour-la-prorogation-de-la-transition-natoi-allah-ringar\",\"name\":\"\\\"un jour de plus ne sera accord\u00e9 pour la prorogation de la transition\\\", Nato\u00ef-Allah Ringar - tchad\",\"isPartOf\":{\"@id\":\"https:\/\/www.africa-press.net\/tchad\/#website\"},\"primaryImageOfPage\":{\"@id\":\"https:\/\/www.africa-press.net\/tchad\/politique\/un-jour-de-plus-ne-sera-accorde-pour-la-prorogation-de-la-transition-natoi-allah-ringar#primaryimage\"},\"image\":{\"@id\":\"https:\/\/www.africa-press.net\/tchad\/politique\/un-jour-de-plus-ne-sera-accorde-pour-la-prorogation-de-la-transition-natoi-allah-ringar#primaryimage\"},\"thumbnailUrl\":\"https:\/\/static.africa-press.net\/tchad\/sites\/41\/2022\/08\/postQueueImg_10-62effa8309578.jpg\",\"datePublished\":\"2022-08-07T17:17:34+00:00\",\"dateModified\":\"2022-08-07T17:47:12+00:00\",\"author\":{\"@id\":\"https:\/\/www.africa-press.net\/tchad\/#\/schema\/person\/2b1cf3cd81a31e3cd26889ca66d677f1\"},\"description\":\"S'exprimant au cours d'un point de presse \u00e0 la radio Oxyg\u00e8ne, Nato\u00ef-Allah Ringar a adress\u00e9 une mise en garde : \\\"la trans ...\",\"breadcrumb\":{\"@id\":\"https:\/\/www.africa-press.net\/tchad\/politique\/un-jour-de-plus-ne-sera-accorde-pour-la-prorogation-de-la-transition-natoi-allah-ringar#breadcrumb\"},\"inLanguage\":\"fr-FR\",\"potentialAction\":[{\"@type\":\"ReadAction\",\"target\":[\"https:\/\/www.africa-press.net\/tchad\/politique\/un-jour-de-plus-ne-sera-accorde-pour-la-prorogation-de-la-transition-natoi-allah-ringar\"]}]},{\"@type\":\"ImageObject\",\"inLanguage\":\"fr-FR\",\"@id\":\"https:\/\/www.africa-press.net\/tchad\/politique\/un-jour-de-plus-ne-sera-accorde-pour-la-prorogation-de-la-transition-natoi-allah-ringar#primaryimage\",\"url\":\"https:\/\/static.africa-press.net\/tchad\/sites\/41\/2022\/08\/postQueueImg_10-62effa8309578.jpg\",\"contentUrl\":\"https:\/\/static.africa-press.net\/tchad\/sites\/41\/2022\/08\/postQueueImg_10-62effa8309578.jpg\",\"width\":1000,\"height\":750,\"caption\":\"\\\"un jour de plus ne sera accord\u00e9 pour la prorogation de la transition\\\", Nato\u00ef-Allah Ringar\"},{\"@type\":\"BreadcrumbList\",\"@id\":\"https:\/\/www.africa-press.net\/tchad\/politique\/un-jour-de-plus-ne-sera-accorde-pour-la-prorogation-de-la-transition-natoi-allah-ringar#breadcrumb\",\"itemListElement\":[{\"@type\":\"ListItem\",\"position\":1,\"name\":\"Accueil\",\"item\":\"https:\/\/www.africa-press.net\/tchad\/\"},{\"@type\":\"ListItem\",\"position\":2,\"name\":\"&#8220;un jour de plus ne sera accord\u00e9 pour la prorogation de la transition&#8221;, Nato\u00ef-Allah Ringar\"}]},{\"@type\":\"WebSite\",\"@id\":\"https:\/\/www.africa-press.net\/tchad\/#website\",\"url\":\"https:\/\/www.africa-press.net\/tchad\/\",\"name\":\"tchad\",\"description\":\"Just another Africa News Agency Sites site\",\"potentialAction\":[{\"@type\":\"SearchAction\",\"target\":{\"@type\":\"EntryPoint\",\"urlTemplate\":\"https:\/\/www.africa-press.net\/tchad\/?s={search_term_string}\"},\"query-input\":{\"@type\":\"PropertyValueSpecification\",\"valueRequired\":true,\"valueName\":\"search_term_string\"}}],\"inLanguage\":\"fr-FR\"},{\"@type\":\"Person\",\"@id\":\"https:\/\/www.africa-press.net\/tchad\/#\/schema\/person\/2b1cf3cd81a31e3cd26889ca66d677f1\",\"name\":\"cfeditorfr\"}]}<\/script>\n<!-- \/ Yoast SEO Premium plugin. -->","yoast_head_json":{"title":"\"un jour de plus ne sera accord\u00e9 pour la prorogation de la transition\", Nato\u00ef-Allah Ringar - tchad","description":"S'exprimant au cours d'un point de presse \u00e0 la radio Oxyg\u00e8ne, Nato\u00ef-Allah Ringar a adress\u00e9 une mise en garde : \"la trans ...","robots":{"index":"index","follow":"follow","max-snippet":"max-snippet:-1","max-image-preview":"max-image-preview:large","max-video-preview":"max-video-preview:-1"},"canonical":"https:\/\/www.africa-press.net\/tchad\/politique\/un-jour-de-plus-ne-sera-accorde-pour-la-prorogation-de-la-transition-natoi-allah-ringar","og_locale":"fr_FR","og_type":"article","og_title":"\"un jour de plus ne sera accord\u00e9 pour la prorogation de la transition\", Nato\u00ef-Allah Ringar","og_description":"S'exprimant au cours d'un point de presse \u00e0 la radio Oxyg\u00e8ne, Nato\u00ef-Allah Ringar a adress\u00e9 une mise en garde : \"la trans ...","og_url":"https:\/\/www.africa-press.net\/tchad\/politique\/un-jour-de-plus-ne-sera-accorde-pour-la-prorogation-de-la-transition-natoi-allah-ringar","og_site_name":"tchad","article_published_time":"2022-08-07T17:17:34+00:00","article_modified_time":"2022-08-07T17:47:12+00:00","og_image":[{"width":1000,"height":750,"url":"https:\/\/static.africa-press.net\/tchad\/sites\/41\/2022\/08\/postQueueImg_10-62effa8309578.jpg","type":"image\/jpeg"}],"author":"cfeditorfr","twitter_card":"summary_large_image","twitter_misc":{"\u00c9crit par":"cfeditorfr","Dur\u00e9e de lecture estim\u00e9e":"1 minute"},"schema":{"@context":"https:\/\/schema.org","@graph":[{"@type":"Article","@id":"https:\/\/www.africa-press.net\/tchad\/politique\/un-jour-de-plus-ne-sera-accorde-pour-la-prorogation-de-la-transition-natoi-allah-ringar#article","isPartOf":{"@id":"https:\/\/www.africa-press.net\/tchad\/politique\/un-jour-de-plus-ne-sera-accorde-pour-la-prorogation-de-la-transition-natoi-allah-ringar"},"author":{"name":"cfeditorfr","@id":"https:\/\/www.africa-press.net\/tchad\/#\/schema\/person\/2b1cf3cd81a31e3cd26889ca66d677f1"},"headline":"\u00ab\u00a0un jour de plus ne sera accord\u00e9 pour la prorogation de la transition\u00a0\u00bb, Nato\u00ef-Allah Ringar","datePublished":"2022-08-07T17:17:34+00:00","dateModified":"2022-08-07T17:47:12+00:00","mainEntityOfPage":{"@id":"https:\/\/www.africa-press.net\/tchad\/politique\/un-jour-de-plus-ne-sera-accorde-pour-la-prorogation-de-la-transition-natoi-allah-ringar"},"wordCount":184,"commentCount":0,"image":{"@id":"https:\/\/www.africa-press.net\/tchad\/politique\/un-jour-de-plus-ne-sera-accorde-pour-la-prorogation-de-la-transition-natoi-allah-ringar#primaryimage"},"thumbnailUrl":"https:\/\/static.africa-press.net\/tchad\/sites\/41\/2022\/08\/postQueueImg_10-62effa8309578.jpg","keywords":["Africa Press","Africa Press-Tchad","Tchad"],"articleSection":["homepage-french","Politique","Toutes les actualit\u00e9s"],"inLanguage":"fr-FR","potentialAction":[{"@type":"CommentAction","name":"Comment","target":["https:\/\/www.africa-press.net\/tchad\/politique\/un-jour-de-plus-ne-sera-accorde-pour-la-prorogation-de-la-transition-natoi-allah-ringar#respond"]}]},{"@type":"WebPage","@id":"https:\/\/www.africa-press.net\/tchad\/politique\/un-jour-de-plus-ne-sera-accorde-pour-la-prorogation-de-la-transition-natoi-allah-ringar","url":"https:\/\/www.africa-press.net\/tchad\/politique\/un-jour-de-plus-ne-sera-accorde-pour-la-prorogation-de-la-transition-natoi-allah-ringar","name":"\"un jour de plus ne sera accord\u00e9 pour la prorogation de la transition\", Nato\u00ef-Allah Ringar - tchad","isPartOf":{"@id":"https:\/\/www.africa-press.net\/tchad\/#website"},"primaryImageOfPage":{"@id":"https:\/\/www.africa-press.net\/tchad\/politique\/un-jour-de-plus-ne-sera-accorde-pour-la-prorogation-de-la-transition-natoi-allah-ringar#primaryimage"},"image":{"@id":"https:\/\/www.africa-press.net\/tchad\/politique\/un-jour-de-plus-ne-sera-accorde-pour-la-prorogation-de-la-transition-natoi-allah-ringar#primaryimage"},"thumbnailUrl":"https:\/\/static.africa-press.net\/tchad\/sites\/41\/2022\/08\/postQueueImg_10-62effa8309578.jpg","datePublished":"2022-08-07T17:17:34+00:00","dateModified":"2022-08-07T17:47:12+00:00","author":{"@id":"https:\/\/www.africa-press.net\/tchad\/#\/schema\/person\/2b1cf3cd81a31e3cd26889ca66d677f1"},"description":"S'exprimant au cours d'un point de presse \u00e0 la radio Oxyg\u00e8ne, Nato\u00ef-Allah Ringar a adress\u00e9 une mise en garde : \"la trans ...","breadcrumb":{"@id":"https:\/\/www.africa-press.net\/tchad\/politique\/un-jour-de-plus-ne-sera-accorde-pour-la-prorogation-de-la-transition-natoi-allah-ringar#breadcrumb"},"inLanguage":"fr-FR","potentialAction":[{"@type":"ReadAction","target":["https:\/\/www.africa-press.net\/tchad\/politique\/un-jour-de-plus-ne-sera-accorde-pour-la-prorogation-de-la-transition-natoi-allah-ringar"]}]},{"@type":"ImageObject","inLanguage":"fr-FR","@id":"https:\/\/www.africa-press.net\/tchad\/politique\/un-jour-de-plus-ne-sera-accorde-pour-la-prorogation-de-la-transition-natoi-allah-ringar#primaryimage","url":"https:\/\/static.africa-press.net\/tchad\/sites\/41\/2022\/08\/postQueueImg_10-62effa8309578.jpg","contentUrl":"https:\/\/static.africa-press.net\/tchad\/sites\/41\/2022\/08\/postQueueImg_10-62effa8309578.jpg","width":1000,"height":750,"caption":"\"un jour de plus ne sera accord\u00e9 pour la prorogation de la transition\", Nato\u00ef-Allah Ringar"},{"@type":"BreadcrumbList","@id":"https:\/\/www.africa-press.net\/tchad\/politique\/un-jour-de-plus-ne-sera-accorde-pour-la-prorogation-de-la-transition-natoi-allah-ringar#breadcrumb","itemListElement":[{"@type":"ListItem","position":1,"name":"Accueil","item":"https:\/\/www.africa-press.net\/tchad\/"},{"@type":"ListItem","position":2,"name":"&#8220;un jour de plus ne sera accord\u00e9 pour la prorogation de la transition&#8221;, Nato\u00ef-Allah Ringar"}]},{"@type":"WebSite","@id":"https:\/\/www.africa-press.net\/tchad\/#website","url":"https:\/\/www.africa-press.net\/tchad\/","name":"tchad","description":"Just another Africa News Agency Sites site","potentialAction":[{"@type":"SearchAction","target":{"@type":"EntryPoint","urlTemplate":"https:\/\/www.africa-press.net\/tchad\/?s={search_term_string}"},"query-input":{"@type":"PropertyValueSpecification","valueRequired":true,"valueName":"search_term_string"}}],"inLanguage":"fr-FR"},{"@type":"Person","@id":"https:\/\/www.africa-press.net\/tchad\/#\/schema\/person\/2b1cf3cd81a31e3cd26889ca66d677f1","name":"cfeditorfr"}]}},"_links":{"self":[{"href":"https:\/\/www.africa-press.net\/tchad\/wp-json\/wp\/v2\/posts\/30233","targetHints":{"allow":["GET"]}}],"collection":[{"href":"https:\/\/www.africa-press.net\/tchad\/wp-json\/wp\/v2\/posts"}],"about":[{"href":"https:\/\/www.africa-press.net\/tchad\/wp-json\/wp\/v2\/types\/post"}],"author":[{"embeddable":true,"href":"https:\/\/www.africa-press.net\/tchad\/wp-json\/wp\/v2\/users\/82"}],"replies":[{"embeddable":true,"href":"https:\/\/www.africa-press.net\/tchad\/wp-json\/wp\/v2\/comments?post=30233"}],"version-history":[{"count":0,"href":"https:\/\/www.africa-press.net\/tchad\/wp-json\/wp\/v2\/posts\/30233\/revisions"}],"wp:featuredmedia":[{"embeddable":true,"href":"https:\/\/www.africa-press.net\/tchad\/wp-json\/wp\/v2\/media\/30232"}],"wp:attachment":[{"href":"https:\/\/www.africa-press.net\/tchad\/wp-json\/wp\/v2\/media?parent=30233"}],"wp:term":[{"taxonomy":"category","embeddable":true,"href":"https:\/\/www.africa-press.net\/tchad\/wp-json\/wp\/v2\/categories?post=30233"},{"taxonomy":"post_tag","embeddable":true,"href":"https:\/\/www.africa-press.net\/tchad\/wp-json\/wp\/v2\/tags?post=30233"}],"curies":[{"name":"wp","href":"https:\/\/api.w.org\/{rel}","templated":true}]}}