{"id":30236,"date":"2022-08-07T17:18:31","date_gmt":"2022-08-07T17:18:31","guid":{"rendered":"https:\/\/www.africa-press.net\/tchad\/politique\/doha-mahamat-idriss-deby-recoit-les-politico-militaires-en-vue-de-laccord"},"modified":"2022-08-07T17:48:40","modified_gmt":"2022-08-07T17:48:40","slug":"doha-mahamat-idriss-deby-recoit-les-politico-militaires-en-vue-de-laccord","status":"publish","type":"post","link":"https:\/\/www.africa-press.net\/tchad\/politique\/doha-mahamat-idriss-deby-recoit-les-politico-militaires-en-vue-de-laccord","title":{"rendered":"Doha : Mahamat Idriss Deby re\u00e7oit les politico-militaires en vue de l\u2019accord"},"content":{"rendered":"<p><span style=\"color: #ff6600\"><strong>Africa-Press &#8211; Tchad. <\/strong><\/span>En visite de travail au Qatar, le pr\u00e9sident du Conseil militaire de transition (CMT) Mahamat Idriss Deby a re\u00e7u depuis hier nuit plusieurs Chefs et Repr\u00e9sentants des mouvements politico-militaires en n\u00e9gociations avec le gouvernement \u00e0 Doha.<\/p>\n<p>L\u2019objectif est de \u00ab les \u00e9couter, rassurer et encourager \u00e0 la signature d&rsquo;un accord qui assure leur participation effective et active au Dialogue National Inclusif \u00bb.<\/p>\n<p>Un accord global de paix sera probablement sign\u00e9 demain \u00e0 Doha avec au moins une trentaine de mouvements politico-militaires.<\/p>\n<p><strong>Pour plus d&rsquo;informations et d&rsquo;analyses sur la <a href=\"https:\/\/www.africa-press.net\/tchad\">Tchad<\/a>, suivez <a href=\"https:\/\/www.africa-press.net\/\">Africa-Press<\/a><\/strong><\/p>\n","protected":false},"excerpt":{"rendered":"<p>Africa-Press &#8211; Tchad. En visite de travail au Qatar, le pr\u00e9sident du Conseil militaire de transition (CMT) Mahamat Idriss Deby a re\u00e7u depuis hier nuit plusieurs Chefs et Repr\u00e9sentants des mouvements politico-militaires en n\u00e9gociations avec le gouvernement \u00e0 Doha. L\u2019objectif est de \u00ab les \u00e9couter, rassurer et encourager \u00e0 la signature d&rsquo;un accord qui assure [&hellip;]<\/p>\n","protected":false},"author":82,"featured_media":30235,"comment_status":"open","ping_status":"closed","sticky":false,"template":"","format":"standard","meta":{"footnotes":""},"categories":[11,2,20,10],"tags":[37,292,29],"class_list":["post-30236","post","type-post","status-publish","format-standard","has-post-thumbnail","hentry","category-homepage-french","category-politique","category-top-nouvelles","category-toutes-les-actualites","tag-africa-press","tag-africa-press-tchad","tag-tchad"],"yoast_head":"<!-- This site is optimized with the Yoast SEO Premium plugin v26.1 (Yoast SEO v27.0) - https:\/\/yoast.com\/product\/yoast-seo-premium-wordpress\/ -->\n<title>Doha : Mahamat Idriss Deby re\u00e7oit les politico-militaires en vue de l\u2019accord - tchad<\/title>\n<meta name=\"description\" content=\"En visite de travail au Qatar, le pr\u00e9sident du Conseil militaire de transition (CMT) Mahamat Idriss Deby a re\u00e7u depuis h ...\" \/>\n<meta name=\"robots\" content=\"index, follow, max-snippet:-1, max-image-preview:large, max-video-preview:-1\" \/>\n<link rel=\"canonical\" href=\"https:\/\/www.africa-press.net\/tchad\/politique\/doha-mahamat-idriss-deby-recoit-les-politico-militaires-en-vue-de-laccord\" \/>\n<meta property=\"og:locale\" content=\"fr_FR\" \/>\n<meta property=\"og:type\" content=\"article\" \/>\n<meta property=\"og:title\" content=\"Doha : Mahamat Idriss Deby re\u00e7oit les politico-militaires en vue de l\u2019accord\" \/>\n<meta property=\"og:description\" content=\"En visite de travail au Qatar, le pr\u00e9sident du Conseil militaire de transition (CMT) Mahamat Idriss Deby a re\u00e7u depuis h ...\" \/>\n<meta property=\"og:url\" content=\"https:\/\/www.africa-press.net\/tchad\/politique\/doha-mahamat-idriss-deby-recoit-les-politico-militaires-en-vue-de-laccord\" \/>\n<meta property=\"og:site_name\" content=\"tchad\" \/>\n<meta property=\"article:published_time\" content=\"2022-08-07T17:18:31+00:00\" \/>\n<meta property=\"article:modified_time\" content=\"2022-08-07T17:48:40+00:00\" \/>\n<meta property=\"og:image\" content=\"https:\/\/static.africa-press.net\/tchad\/sites\/41\/2022\/08\/postQueueImg_12-62effadbe88ce.jpg\" \/>\n\t<meta property=\"og:image:width\" content=\"960\" \/>\n\t<meta property=\"og:image:height\" content=\"664\" \/>\n\t<meta property=\"og:image:type\" content=\"image\/jpeg\" \/>\n<meta name=\"author\" content=\"cfeditorfr\" \/>\n<meta name=\"twitter:card\" content=\"summary_large_image\" \/>\n<meta name=\"twitter:label1\" content=\"\u00c9crit par\" \/>\n\t<meta name=\"twitter:data1\" content=\"cfeditorfr\" \/>\n\t<meta name=\"twitter:label2\" content=\"Dur\u00e9e de lecture estim\u00e9e\" \/>\n\t<meta name=\"twitter:data2\" content=\"1 minute\" \/>\n<script type=\"application\/ld+json\" class=\"yoast-schema-graph\">{\"@context\":\"https:\/\/schema.org\",\"@graph\":[{\"@type\":\"Article\",\"@id\":\"https:\/\/www.africa-press.net\/tchad\/politique\/doha-mahamat-idriss-deby-recoit-les-politico-militaires-en-vue-de-laccord#article\",\"isPartOf\":{\"@id\":\"https:\/\/www.africa-press.net\/tchad\/politique\/doha-mahamat-idriss-deby-recoit-les-politico-militaires-en-vue-de-laccord\"},\"author\":{\"name\":\"cfeditorfr\",\"@id\":\"https:\/\/www.africa-press.net\/tchad\/#\/schema\/person\/2b1cf3cd81a31e3cd26889ca66d677f1\"},\"headline\":\"Doha : Mahamat Idriss Deby re\u00e7oit les politico-militaires en vue de l\u2019accord\",\"datePublished\":\"2022-08-07T17:18:31+00:00\",\"dateModified\":\"2022-08-07T17:48:40+00:00\",\"mainEntityOfPage\":{\"@id\":\"https:\/\/www.africa-press.net\/tchad\/politique\/doha-mahamat-idriss-deby-recoit-les-politico-militaires-en-vue-de-laccord\"},\"wordCount\":110,\"commentCount\":0,\"image\":{\"@id\":\"https:\/\/www.africa-press.net\/tchad\/politique\/doha-mahamat-idriss-deby-recoit-les-politico-militaires-en-vue-de-laccord#primaryimage\"},\"thumbnailUrl\":\"https:\/\/static.africa-press.net\/tchad\/sites\/41\/2022\/08\/postQueueImg_12-62effadbe88ce.jpg\",\"keywords\":[\"Africa Press\",\"Africa Press-Tchad\",\"Tchad\"],\"articleSection\":[\"homepage-french\",\"Politique\",\"Top Nouvelles\",\"Toutes les actualit\u00e9s\"],\"inLanguage\":\"fr-FR\",\"potentialAction\":[{\"@type\":\"CommentAction\",\"name\":\"Comment\",\"target\":[\"https:\/\/www.africa-press.net\/tchad\/politique\/doha-mahamat-idriss-deby-recoit-les-politico-militaires-en-vue-de-laccord#respond\"]}]},{\"@type\":\"WebPage\",\"@id\":\"https:\/\/www.africa-press.net\/tchad\/politique\/doha-mahamat-idriss-deby-recoit-les-politico-militaires-en-vue-de-laccord\",\"url\":\"https:\/\/www.africa-press.net\/tchad\/politique\/doha-mahamat-idriss-deby-recoit-les-politico-militaires-en-vue-de-laccord\",\"name\":\"Doha : Mahamat Idriss Deby re\u00e7oit les politico-militaires en vue de l\u2019accord - tchad\",\"isPartOf\":{\"@id\":\"https:\/\/www.africa-press.net\/tchad\/#website\"},\"primaryImageOfPage\":{\"@id\":\"https:\/\/www.africa-press.net\/tchad\/politique\/doha-mahamat-idriss-deby-recoit-les-politico-militaires-en-vue-de-laccord#primaryimage\"},\"image\":{\"@id\":\"https:\/\/www.africa-press.net\/tchad\/politique\/doha-mahamat-idriss-deby-recoit-les-politico-militaires-en-vue-de-laccord#primaryimage\"},\"thumbnailUrl\":\"https:\/\/static.africa-press.net\/tchad\/sites\/41\/2022\/08\/postQueueImg_12-62effadbe88ce.jpg\",\"datePublished\":\"2022-08-07T17:18:31+00:00\",\"dateModified\":\"2022-08-07T17:48:40+00:00\",\"author\":{\"@id\":\"https:\/\/www.africa-press.net\/tchad\/#\/schema\/person\/2b1cf3cd81a31e3cd26889ca66d677f1\"},\"description\":\"En visite de travail au Qatar, le pr\u00e9sident du Conseil militaire de transition (CMT) Mahamat Idriss Deby a re\u00e7u depuis h ...\",\"breadcrumb\":{\"@id\":\"https:\/\/www.africa-press.net\/tchad\/politique\/doha-mahamat-idriss-deby-recoit-les-politico-militaires-en-vue-de-laccord#breadcrumb\"},\"inLanguage\":\"fr-FR\",\"potentialAction\":[{\"@type\":\"ReadAction\",\"target\":[\"https:\/\/www.africa-press.net\/tchad\/politique\/doha-mahamat-idriss-deby-recoit-les-politico-militaires-en-vue-de-laccord\"]}]},{\"@type\":\"ImageObject\",\"inLanguage\":\"fr-FR\",\"@id\":\"https:\/\/www.africa-press.net\/tchad\/politique\/doha-mahamat-idriss-deby-recoit-les-politico-militaires-en-vue-de-laccord#primaryimage\",\"url\":\"https:\/\/static.africa-press.net\/tchad\/sites\/41\/2022\/08\/postQueueImg_12-62effadbe88ce.jpg\",\"contentUrl\":\"https:\/\/static.africa-press.net\/tchad\/sites\/41\/2022\/08\/postQueueImg_12-62effadbe88ce.jpg\",\"width\":960,\"height\":664,\"caption\":\"Doha : Mahamat Idriss Deby re\u00e7oit les politico-militaires en vue de l\u2019accord\"},{\"@type\":\"BreadcrumbList\",\"@id\":\"https:\/\/www.africa-press.net\/tchad\/politique\/doha-mahamat-idriss-deby-recoit-les-politico-militaires-en-vue-de-laccord#breadcrumb\",\"itemListElement\":[{\"@type\":\"ListItem\",\"position\":1,\"name\":\"Accueil\",\"item\":\"https:\/\/www.africa-press.net\/tchad\/\"},{\"@type\":\"ListItem\",\"position\":2,\"name\":\"Doha : Mahamat Idriss Deby re\u00e7oit les politico-militaires en vue de l\u2019accord\"}]},{\"@type\":\"WebSite\",\"@id\":\"https:\/\/www.africa-press.net\/tchad\/#website\",\"url\":\"https:\/\/www.africa-press.net\/tchad\/\",\"name\":\"tchad\",\"description\":\"Just another Africa News Agency Sites site\",\"potentialAction\":[{\"@type\":\"SearchAction\",\"target\":{\"@type\":\"EntryPoint\",\"urlTemplate\":\"https:\/\/www.africa-press.net\/tchad\/?s={search_term_string}\"},\"query-input\":{\"@type\":\"PropertyValueSpecification\",\"valueRequired\":true,\"valueName\":\"search_term_string\"}}],\"inLanguage\":\"fr-FR\"},{\"@type\":\"Person\",\"@id\":\"https:\/\/www.africa-press.net\/tchad\/#\/schema\/person\/2b1cf3cd81a31e3cd26889ca66d677f1\",\"name\":\"cfeditorfr\"}]}<\/script>\n<!-- \/ Yoast SEO Premium plugin. -->","yoast_head_json":{"title":"Doha : Mahamat Idriss Deby re\u00e7oit les politico-militaires en vue de l\u2019accord - tchad","description":"En visite de travail au Qatar, le pr\u00e9sident du Conseil militaire de transition (CMT) Mahamat Idriss Deby a re\u00e7u depuis h ...","robots":{"index":"index","follow":"follow","max-snippet":"max-snippet:-1","max-image-preview":"max-image-preview:large","max-video-preview":"max-video-preview:-1"},"canonical":"https:\/\/www.africa-press.net\/tchad\/politique\/doha-mahamat-idriss-deby-recoit-les-politico-militaires-en-vue-de-laccord","og_locale":"fr_FR","og_type":"article","og_title":"Doha : Mahamat Idriss Deby re\u00e7oit les politico-militaires en vue de l\u2019accord","og_description":"En visite de travail au Qatar, le pr\u00e9sident du Conseil militaire de transition (CMT) Mahamat Idriss Deby a re\u00e7u depuis h ...","og_url":"https:\/\/www.africa-press.net\/tchad\/politique\/doha-mahamat-idriss-deby-recoit-les-politico-militaires-en-vue-de-laccord","og_site_name":"tchad","article_published_time":"2022-08-07T17:18:31+00:00","article_modified_time":"2022-08-07T17:48:40+00:00","og_image":[{"width":960,"height":664,"url":"https:\/\/static.africa-press.net\/tchad\/sites\/41\/2022\/08\/postQueueImg_12-62effadbe88ce.jpg","type":"image\/jpeg"}],"author":"cfeditorfr","twitter_card":"summary_large_image","twitter_misc":{"\u00c9crit par":"cfeditorfr","Dur\u00e9e de lecture estim\u00e9e":"1 minute"},"schema":{"@context":"https:\/\/schema.org","@graph":[{"@type":"Article","@id":"https:\/\/www.africa-press.net\/tchad\/politique\/doha-mahamat-idriss-deby-recoit-les-politico-militaires-en-vue-de-laccord#article","isPartOf":{"@id":"https:\/\/www.africa-press.net\/tchad\/politique\/doha-mahamat-idriss-deby-recoit-les-politico-militaires-en-vue-de-laccord"},"author":{"name":"cfeditorfr","@id":"https:\/\/www.africa-press.net\/tchad\/#\/schema\/person\/2b1cf3cd81a31e3cd26889ca66d677f1"},"headline":"Doha : Mahamat Idriss Deby re\u00e7oit les politico-militaires en vue de l\u2019accord","datePublished":"2022-08-07T17:18:31+00:00","dateModified":"2022-08-07T17:48:40+00:00","mainEntityOfPage":{"@id":"https:\/\/www.africa-press.net\/tchad\/politique\/doha-mahamat-idriss-deby-recoit-les-politico-militaires-en-vue-de-laccord"},"wordCount":110,"commentCount":0,"image":{"@id":"https:\/\/www.africa-press.net\/tchad\/politique\/doha-mahamat-idriss-deby-recoit-les-politico-militaires-en-vue-de-laccord#primaryimage"},"thumbnailUrl":"https:\/\/static.africa-press.net\/tchad\/sites\/41\/2022\/08\/postQueueImg_12-62effadbe88ce.jpg","keywords":["Africa Press","Africa Press-Tchad","Tchad"],"articleSection":["homepage-french","Politique","Top Nouvelles","Toutes les actualit\u00e9s"],"inLanguage":"fr-FR","potentialAction":[{"@type":"CommentAction","name":"Comment","target":["https:\/\/www.africa-press.net\/tchad\/politique\/doha-mahamat-idriss-deby-recoit-les-politico-militaires-en-vue-de-laccord#respond"]}]},{"@type":"WebPage","@id":"https:\/\/www.africa-press.net\/tchad\/politique\/doha-mahamat-idriss-deby-recoit-les-politico-militaires-en-vue-de-laccord","url":"https:\/\/www.africa-press.net\/tchad\/politique\/doha-mahamat-idriss-deby-recoit-les-politico-militaires-en-vue-de-laccord","name":"Doha : Mahamat Idriss Deby re\u00e7oit les politico-militaires en vue de l\u2019accord - tchad","isPartOf":{"@id":"https:\/\/www.africa-press.net\/tchad\/#website"},"primaryImageOfPage":{"@id":"https:\/\/www.africa-press.net\/tchad\/politique\/doha-mahamat-idriss-deby-recoit-les-politico-militaires-en-vue-de-laccord#primaryimage"},"image":{"@id":"https:\/\/www.africa-press.net\/tchad\/politique\/doha-mahamat-idriss-deby-recoit-les-politico-militaires-en-vue-de-laccord#primaryimage"},"thumbnailUrl":"https:\/\/static.africa-press.net\/tchad\/sites\/41\/2022\/08\/postQueueImg_12-62effadbe88ce.jpg","datePublished":"2022-08-07T17:18:31+00:00","dateModified":"2022-08-07T17:48:40+00:00","author":{"@id":"https:\/\/www.africa-press.net\/tchad\/#\/schema\/person\/2b1cf3cd81a31e3cd26889ca66d677f1"},"description":"En visite de travail au Qatar, le pr\u00e9sident du Conseil militaire de transition (CMT) Mahamat Idriss Deby a re\u00e7u depuis h ...","breadcrumb":{"@id":"https:\/\/www.africa-press.net\/tchad\/politique\/doha-mahamat-idriss-deby-recoit-les-politico-militaires-en-vue-de-laccord#breadcrumb"},"inLanguage":"fr-FR","potentialAction":[{"@type":"ReadAction","target":["https:\/\/www.africa-press.net\/tchad\/politique\/doha-mahamat-idriss-deby-recoit-les-politico-militaires-en-vue-de-laccord"]}]},{"@type":"ImageObject","inLanguage":"fr-FR","@id":"https:\/\/www.africa-press.net\/tchad\/politique\/doha-mahamat-idriss-deby-recoit-les-politico-militaires-en-vue-de-laccord#primaryimage","url":"https:\/\/static.africa-press.net\/tchad\/sites\/41\/2022\/08\/postQueueImg_12-62effadbe88ce.jpg","contentUrl":"https:\/\/static.africa-press.net\/tchad\/sites\/41\/2022\/08\/postQueueImg_12-62effadbe88ce.jpg","width":960,"height":664,"caption":"Doha : Mahamat Idriss Deby re\u00e7oit les politico-militaires en vue de l\u2019accord"},{"@type":"BreadcrumbList","@id":"https:\/\/www.africa-press.net\/tchad\/politique\/doha-mahamat-idriss-deby-recoit-les-politico-militaires-en-vue-de-laccord#breadcrumb","itemListElement":[{"@type":"ListItem","position":1,"name":"Accueil","item":"https:\/\/www.africa-press.net\/tchad\/"},{"@type":"ListItem","position":2,"name":"Doha : Mahamat Idriss Deby re\u00e7oit les politico-militaires en vue de l\u2019accord"}]},{"@type":"WebSite","@id":"https:\/\/www.africa-press.net\/tchad\/#website","url":"https:\/\/www.africa-press.net\/tchad\/","name":"tchad","description":"Just another Africa News Agency Sites site","potentialAction":[{"@type":"SearchAction","target":{"@type":"EntryPoint","urlTemplate":"https:\/\/www.africa-press.net\/tchad\/?s={search_term_string}"},"query-input":{"@type":"PropertyValueSpecification","valueRequired":true,"valueName":"search_term_string"}}],"inLanguage":"fr-FR"},{"@type":"Person","@id":"https:\/\/www.africa-press.net\/tchad\/#\/schema\/person\/2b1cf3cd81a31e3cd26889ca66d677f1","name":"cfeditorfr"}]}},"_links":{"self":[{"href":"https:\/\/www.africa-press.net\/tchad\/wp-json\/wp\/v2\/posts\/30236","targetHints":{"allow":["GET"]}}],"collection":[{"href":"https:\/\/www.africa-press.net\/tchad\/wp-json\/wp\/v2\/posts"}],"about":[{"href":"https:\/\/www.africa-press.net\/tchad\/wp-json\/wp\/v2\/types\/post"}],"author":[{"embeddable":true,"href":"https:\/\/www.africa-press.net\/tchad\/wp-json\/wp\/v2\/users\/82"}],"replies":[{"embeddable":true,"href":"https:\/\/www.africa-press.net\/tchad\/wp-json\/wp\/v2\/comments?post=30236"}],"version-history":[{"count":0,"href":"https:\/\/www.africa-press.net\/tchad\/wp-json\/wp\/v2\/posts\/30236\/revisions"}],"wp:featuredmedia":[{"embeddable":true,"href":"https:\/\/www.africa-press.net\/tchad\/wp-json\/wp\/v2\/media\/30235"}],"wp:attachment":[{"href":"https:\/\/www.africa-press.net\/tchad\/wp-json\/wp\/v2\/media?parent=30236"}],"wp:term":[{"taxonomy":"category","embeddable":true,"href":"https:\/\/www.africa-press.net\/tchad\/wp-json\/wp\/v2\/categories?post=30236"},{"taxonomy":"post_tag","embeddable":true,"href":"https:\/\/www.africa-press.net\/tchad\/wp-json\/wp\/v2\/tags?post=30236"}],"curies":[{"name":"wp","href":"https:\/\/api.w.org\/{rel}","templated":true}]}}