{"id":30242,"date":"2022-08-07T17:20:22","date_gmt":"2022-08-07T17:20:22","guid":{"rendered":"https:\/\/www.africa-press.net\/tchad\/politique\/tchad-cest-une-sorte-dapartheid-que-nous-ressentons-au-sud"},"modified":"2022-08-07T17:49:37","modified_gmt":"2022-08-07T17:49:37","slug":"tchad-cest-une-sorte-dapartheid-que-nous-ressentons-au-sud","status":"publish","type":"post","link":"https:\/\/www.africa-press.net\/tchad\/politique\/tchad-cest-une-sorte-dapartheid-que-nous-ressentons-au-sud","title":{"rendered":"Tchad : \u00ab\u00a0c&rsquo;est une sorte d&rsquo;Apartheid que nous ressentons au Sud\u00a0\u00bb"},"content":{"rendered":"<p><span style=\"color: #ff6600\"><strong>Africa-Press &#8211; Tchad. <\/strong><\/span>Le conseiller ex\u00e9cutif du Front pour la lib\u00e9ration du Sud du Tchad (FPLS), Kab\u00e9 Bamngar, fait partie de la trentaine de mouvements politico-militaires qui a rencontr\u00e9 le pr\u00e9sident du Conseil militaire de transition \u00e0 Doha.<\/p>\n<p>\u00ab\u00a0Les n\u00e9gociations se sont d\u00e9roul\u00e9es non pas sans difficult\u00e9s mais on a pu quand m\u00eame aboutir \u00e0 un accord global\u00a0\u00bb, a affirm\u00e9 Kab\u00e9 Bamngar, dans des propos recueillis par la Pr\u00e9sidence.<\/p>\n<p>\u00ab\u00a0Au pr\u00e9sident, je lui ai dit les pr\u00e9occupations qui nous animent au Sud du Tchad : les probl\u00e8mes des \u00e9leveurs arm\u00e9s qui d\u00e9vastent les champs, la marginalisation du peuple du Sud, c&rsquo;est une sorte d&rsquo;Apartheid que nous ressentons au Sud, c&rsquo;est pour \u00e7a que nous avons pris les armes. C&rsquo;est un combat pour la dignit\u00e9, la libert\u00e9 et pour ne pas que nous soyons des citoyens de seconde zone\u00a0\u00bb, a expliqu\u00e9 le conseiller ex\u00e9cutif du FPL.<\/p>\n<p><strong>Pour plus d&rsquo;informations et d&rsquo;analyses sur la <a href=\"https:\/\/www.africa-press.net\/tchad\">Tchad<\/a>, suivez <a href=\"https:\/\/www.africa-press.net\/\">Africa-Press<\/a><\/strong><\/p>\n","protected":false},"excerpt":{"rendered":"<p>Africa-Press &#8211; Tchad. Le conseiller ex\u00e9cutif du Front pour la lib\u00e9ration du Sud du Tchad (FPLS), Kab\u00e9 Bamngar, fait partie de la trentaine de mouvements politico-militaires qui a rencontr\u00e9 le pr\u00e9sident du Conseil militaire de transition \u00e0 Doha. \u00ab\u00a0Les n\u00e9gociations se sont d\u00e9roul\u00e9es non pas sans difficult\u00e9s mais on a pu quand m\u00eame aboutir \u00e0 [&hellip;]<\/p>\n","protected":false},"author":82,"featured_media":30241,"comment_status":"open","ping_status":"closed","sticky":false,"template":"","format":"standard","meta":{"footnotes":""},"categories":[11,2,10],"tags":[37,292,29],"class_list":["post-30242","post","type-post","status-publish","format-standard","has-post-thumbnail","hentry","category-homepage-french","category-politique","category-toutes-les-actualites","tag-africa-press","tag-africa-press-tchad","tag-tchad"],"yoast_head":"<!-- This site is optimized with the Yoast SEO Premium plugin v26.1 (Yoast SEO v27.0) - https:\/\/yoast.com\/product\/yoast-seo-premium-wordpress\/ -->\n<title>Tchad : &quot;c&#039;est une sorte d&#039;Apartheid que nous ressentons au Sud&quot; - tchad<\/title>\n<meta name=\"description\" content=\"Le conseiller ex\u00e9cutif du Front pour la lib\u00e9ration du Sud du Tchad (FPLS), Kab\u00e9 Bamngar, fait partie de la trentaine de ...\" \/>\n<meta name=\"robots\" content=\"index, follow, max-snippet:-1, max-image-preview:large, max-video-preview:-1\" \/>\n<link rel=\"canonical\" href=\"https:\/\/www.africa-press.net\/tchad\/politique\/tchad-cest-une-sorte-dapartheid-que-nous-ressentons-au-sud\" \/>\n<meta property=\"og:locale\" content=\"fr_FR\" \/>\n<meta property=\"og:type\" content=\"article\" \/>\n<meta property=\"og:title\" content=\"Tchad : &quot;c&#039;est une sorte d&#039;Apartheid que nous ressentons au Sud&quot;\" \/>\n<meta property=\"og:description\" content=\"Le conseiller ex\u00e9cutif du Front pour la lib\u00e9ration du Sud du Tchad (FPLS), Kab\u00e9 Bamngar, fait partie de la trentaine de ...\" \/>\n<meta property=\"og:url\" content=\"https:\/\/www.africa-press.net\/tchad\/politique\/tchad-cest-une-sorte-dapartheid-que-nous-ressentons-au-sud\" \/>\n<meta property=\"og:site_name\" content=\"tchad\" \/>\n<meta property=\"article:published_time\" content=\"2022-08-07T17:20:22+00:00\" \/>\n<meta property=\"article:modified_time\" content=\"2022-08-07T17:49:37+00:00\" \/>\n<meta property=\"og:image\" content=\"https:\/\/static.africa-press.net\/tchad\/sites\/41\/2022\/08\/postQueueImg_14-62effb1a7556d.jpg\" \/>\n\t<meta property=\"og:image:width\" content=\"960\" \/>\n\t<meta property=\"og:image:height\" content=\"564\" \/>\n\t<meta property=\"og:image:type\" content=\"image\/jpeg\" \/>\n<meta name=\"author\" content=\"cfeditorfr\" \/>\n<meta name=\"twitter:card\" content=\"summary_large_image\" \/>\n<meta name=\"twitter:label1\" content=\"\u00c9crit par\" \/>\n\t<meta name=\"twitter:data1\" content=\"cfeditorfr\" \/>\n\t<meta name=\"twitter:label2\" content=\"Dur\u00e9e de lecture estim\u00e9e\" \/>\n\t<meta name=\"twitter:data2\" content=\"1 minute\" \/>\n<script type=\"application\/ld+json\" class=\"yoast-schema-graph\">{\"@context\":\"https:\/\/schema.org\",\"@graph\":[{\"@type\":\"Article\",\"@id\":\"https:\/\/www.africa-press.net\/tchad\/politique\/tchad-cest-une-sorte-dapartheid-que-nous-ressentons-au-sud#article\",\"isPartOf\":{\"@id\":\"https:\/\/www.africa-press.net\/tchad\/politique\/tchad-cest-une-sorte-dapartheid-que-nous-ressentons-au-sud\"},\"author\":{\"name\":\"cfeditorfr\",\"@id\":\"https:\/\/www.africa-press.net\/tchad\/#\/schema\/person\/2b1cf3cd81a31e3cd26889ca66d677f1\"},\"headline\":\"Tchad : \u00ab\u00a0c&rsquo;est une sorte d&rsquo;Apartheid que nous ressentons au Sud\u00a0\u00bb\",\"datePublished\":\"2022-08-07T17:20:22+00:00\",\"dateModified\":\"2022-08-07T17:49:37+00:00\",\"mainEntityOfPage\":{\"@id\":\"https:\/\/www.africa-press.net\/tchad\/politique\/tchad-cest-une-sorte-dapartheid-que-nous-ressentons-au-sud\"},\"wordCount\":185,\"commentCount\":0,\"image\":{\"@id\":\"https:\/\/www.africa-press.net\/tchad\/politique\/tchad-cest-une-sorte-dapartheid-que-nous-ressentons-au-sud#primaryimage\"},\"thumbnailUrl\":\"https:\/\/static.africa-press.net\/tchad\/sites\/41\/2022\/08\/postQueueImg_14-62effb1a7556d.jpg\",\"keywords\":[\"Africa Press\",\"Africa Press-Tchad\",\"Tchad\"],\"articleSection\":[\"homepage-french\",\"Politique\",\"Toutes les actualit\u00e9s\"],\"inLanguage\":\"fr-FR\",\"potentialAction\":[{\"@type\":\"CommentAction\",\"name\":\"Comment\",\"target\":[\"https:\/\/www.africa-press.net\/tchad\/politique\/tchad-cest-une-sorte-dapartheid-que-nous-ressentons-au-sud#respond\"]}]},{\"@type\":\"WebPage\",\"@id\":\"https:\/\/www.africa-press.net\/tchad\/politique\/tchad-cest-une-sorte-dapartheid-que-nous-ressentons-au-sud\",\"url\":\"https:\/\/www.africa-press.net\/tchad\/politique\/tchad-cest-une-sorte-dapartheid-que-nous-ressentons-au-sud\",\"name\":\"Tchad : \\\"c'est une sorte d'Apartheid que nous ressentons au Sud\\\" - tchad\",\"isPartOf\":{\"@id\":\"https:\/\/www.africa-press.net\/tchad\/#website\"},\"primaryImageOfPage\":{\"@id\":\"https:\/\/www.africa-press.net\/tchad\/politique\/tchad-cest-une-sorte-dapartheid-que-nous-ressentons-au-sud#primaryimage\"},\"image\":{\"@id\":\"https:\/\/www.africa-press.net\/tchad\/politique\/tchad-cest-une-sorte-dapartheid-que-nous-ressentons-au-sud#primaryimage\"},\"thumbnailUrl\":\"https:\/\/static.africa-press.net\/tchad\/sites\/41\/2022\/08\/postQueueImg_14-62effb1a7556d.jpg\",\"datePublished\":\"2022-08-07T17:20:22+00:00\",\"dateModified\":\"2022-08-07T17:49:37+00:00\",\"author\":{\"@id\":\"https:\/\/www.africa-press.net\/tchad\/#\/schema\/person\/2b1cf3cd81a31e3cd26889ca66d677f1\"},\"description\":\"Le conseiller ex\u00e9cutif du Front pour la lib\u00e9ration du Sud du Tchad (FPLS), Kab\u00e9 Bamngar, fait partie de la trentaine de ...\",\"breadcrumb\":{\"@id\":\"https:\/\/www.africa-press.net\/tchad\/politique\/tchad-cest-une-sorte-dapartheid-que-nous-ressentons-au-sud#breadcrumb\"},\"inLanguage\":\"fr-FR\",\"potentialAction\":[{\"@type\":\"ReadAction\",\"target\":[\"https:\/\/www.africa-press.net\/tchad\/politique\/tchad-cest-une-sorte-dapartheid-que-nous-ressentons-au-sud\"]}]},{\"@type\":\"ImageObject\",\"inLanguage\":\"fr-FR\",\"@id\":\"https:\/\/www.africa-press.net\/tchad\/politique\/tchad-cest-une-sorte-dapartheid-que-nous-ressentons-au-sud#primaryimage\",\"url\":\"https:\/\/static.africa-press.net\/tchad\/sites\/41\/2022\/08\/postQueueImg_14-62effb1a7556d.jpg\",\"contentUrl\":\"https:\/\/static.africa-press.net\/tchad\/sites\/41\/2022\/08\/postQueueImg_14-62effb1a7556d.jpg\",\"width\":960,\"height\":564,\"caption\":\"Tchad : \\\"c'est une sorte d'Apartheid que nous ressentons au Sud\\\"\"},{\"@type\":\"BreadcrumbList\",\"@id\":\"https:\/\/www.africa-press.net\/tchad\/politique\/tchad-cest-une-sorte-dapartheid-que-nous-ressentons-au-sud#breadcrumb\",\"itemListElement\":[{\"@type\":\"ListItem\",\"position\":1,\"name\":\"Accueil\",\"item\":\"https:\/\/www.africa-press.net\/tchad\/\"},{\"@type\":\"ListItem\",\"position\":2,\"name\":\"Tchad : &#8220;c&#8217;est une sorte d&#8217;Apartheid que nous ressentons au Sud&#8221;\"}]},{\"@type\":\"WebSite\",\"@id\":\"https:\/\/www.africa-press.net\/tchad\/#website\",\"url\":\"https:\/\/www.africa-press.net\/tchad\/\",\"name\":\"tchad\",\"description\":\"Just another Africa News Agency Sites site\",\"potentialAction\":[{\"@type\":\"SearchAction\",\"target\":{\"@type\":\"EntryPoint\",\"urlTemplate\":\"https:\/\/www.africa-press.net\/tchad\/?s={search_term_string}\"},\"query-input\":{\"@type\":\"PropertyValueSpecification\",\"valueRequired\":true,\"valueName\":\"search_term_string\"}}],\"inLanguage\":\"fr-FR\"},{\"@type\":\"Person\",\"@id\":\"https:\/\/www.africa-press.net\/tchad\/#\/schema\/person\/2b1cf3cd81a31e3cd26889ca66d677f1\",\"name\":\"cfeditorfr\"}]}<\/script>\n<!-- \/ Yoast SEO Premium plugin. -->","yoast_head_json":{"title":"Tchad : \"c'est une sorte d'Apartheid que nous ressentons au Sud\" - tchad","description":"Le conseiller ex\u00e9cutif du Front pour la lib\u00e9ration du Sud du Tchad (FPLS), Kab\u00e9 Bamngar, fait partie de la trentaine de ...","robots":{"index":"index","follow":"follow","max-snippet":"max-snippet:-1","max-image-preview":"max-image-preview:large","max-video-preview":"max-video-preview:-1"},"canonical":"https:\/\/www.africa-press.net\/tchad\/politique\/tchad-cest-une-sorte-dapartheid-que-nous-ressentons-au-sud","og_locale":"fr_FR","og_type":"article","og_title":"Tchad : \"c'est une sorte d'Apartheid que nous ressentons au Sud\"","og_description":"Le conseiller ex\u00e9cutif du Front pour la lib\u00e9ration du Sud du Tchad (FPLS), Kab\u00e9 Bamngar, fait partie de la trentaine de ...","og_url":"https:\/\/www.africa-press.net\/tchad\/politique\/tchad-cest-une-sorte-dapartheid-que-nous-ressentons-au-sud","og_site_name":"tchad","article_published_time":"2022-08-07T17:20:22+00:00","article_modified_time":"2022-08-07T17:49:37+00:00","og_image":[{"width":960,"height":564,"url":"https:\/\/static.africa-press.net\/tchad\/sites\/41\/2022\/08\/postQueueImg_14-62effb1a7556d.jpg","type":"image\/jpeg"}],"author":"cfeditorfr","twitter_card":"summary_large_image","twitter_misc":{"\u00c9crit par":"cfeditorfr","Dur\u00e9e de lecture estim\u00e9e":"1 minute"},"schema":{"@context":"https:\/\/schema.org","@graph":[{"@type":"Article","@id":"https:\/\/www.africa-press.net\/tchad\/politique\/tchad-cest-une-sorte-dapartheid-que-nous-ressentons-au-sud#article","isPartOf":{"@id":"https:\/\/www.africa-press.net\/tchad\/politique\/tchad-cest-une-sorte-dapartheid-que-nous-ressentons-au-sud"},"author":{"name":"cfeditorfr","@id":"https:\/\/www.africa-press.net\/tchad\/#\/schema\/person\/2b1cf3cd81a31e3cd26889ca66d677f1"},"headline":"Tchad : \u00ab\u00a0c&rsquo;est une sorte d&rsquo;Apartheid que nous ressentons au Sud\u00a0\u00bb","datePublished":"2022-08-07T17:20:22+00:00","dateModified":"2022-08-07T17:49:37+00:00","mainEntityOfPage":{"@id":"https:\/\/www.africa-press.net\/tchad\/politique\/tchad-cest-une-sorte-dapartheid-que-nous-ressentons-au-sud"},"wordCount":185,"commentCount":0,"image":{"@id":"https:\/\/www.africa-press.net\/tchad\/politique\/tchad-cest-une-sorte-dapartheid-que-nous-ressentons-au-sud#primaryimage"},"thumbnailUrl":"https:\/\/static.africa-press.net\/tchad\/sites\/41\/2022\/08\/postQueueImg_14-62effb1a7556d.jpg","keywords":["Africa Press","Africa Press-Tchad","Tchad"],"articleSection":["homepage-french","Politique","Toutes les actualit\u00e9s"],"inLanguage":"fr-FR","potentialAction":[{"@type":"CommentAction","name":"Comment","target":["https:\/\/www.africa-press.net\/tchad\/politique\/tchad-cest-une-sorte-dapartheid-que-nous-ressentons-au-sud#respond"]}]},{"@type":"WebPage","@id":"https:\/\/www.africa-press.net\/tchad\/politique\/tchad-cest-une-sorte-dapartheid-que-nous-ressentons-au-sud","url":"https:\/\/www.africa-press.net\/tchad\/politique\/tchad-cest-une-sorte-dapartheid-que-nous-ressentons-au-sud","name":"Tchad : \"c'est une sorte d'Apartheid que nous ressentons au Sud\" - tchad","isPartOf":{"@id":"https:\/\/www.africa-press.net\/tchad\/#website"},"primaryImageOfPage":{"@id":"https:\/\/www.africa-press.net\/tchad\/politique\/tchad-cest-une-sorte-dapartheid-que-nous-ressentons-au-sud#primaryimage"},"image":{"@id":"https:\/\/www.africa-press.net\/tchad\/politique\/tchad-cest-une-sorte-dapartheid-que-nous-ressentons-au-sud#primaryimage"},"thumbnailUrl":"https:\/\/static.africa-press.net\/tchad\/sites\/41\/2022\/08\/postQueueImg_14-62effb1a7556d.jpg","datePublished":"2022-08-07T17:20:22+00:00","dateModified":"2022-08-07T17:49:37+00:00","author":{"@id":"https:\/\/www.africa-press.net\/tchad\/#\/schema\/person\/2b1cf3cd81a31e3cd26889ca66d677f1"},"description":"Le conseiller ex\u00e9cutif du Front pour la lib\u00e9ration du Sud du Tchad (FPLS), Kab\u00e9 Bamngar, fait partie de la trentaine de ...","breadcrumb":{"@id":"https:\/\/www.africa-press.net\/tchad\/politique\/tchad-cest-une-sorte-dapartheid-que-nous-ressentons-au-sud#breadcrumb"},"inLanguage":"fr-FR","potentialAction":[{"@type":"ReadAction","target":["https:\/\/www.africa-press.net\/tchad\/politique\/tchad-cest-une-sorte-dapartheid-que-nous-ressentons-au-sud"]}]},{"@type":"ImageObject","inLanguage":"fr-FR","@id":"https:\/\/www.africa-press.net\/tchad\/politique\/tchad-cest-une-sorte-dapartheid-que-nous-ressentons-au-sud#primaryimage","url":"https:\/\/static.africa-press.net\/tchad\/sites\/41\/2022\/08\/postQueueImg_14-62effb1a7556d.jpg","contentUrl":"https:\/\/static.africa-press.net\/tchad\/sites\/41\/2022\/08\/postQueueImg_14-62effb1a7556d.jpg","width":960,"height":564,"caption":"Tchad : \"c'est une sorte d'Apartheid que nous ressentons au Sud\""},{"@type":"BreadcrumbList","@id":"https:\/\/www.africa-press.net\/tchad\/politique\/tchad-cest-une-sorte-dapartheid-que-nous-ressentons-au-sud#breadcrumb","itemListElement":[{"@type":"ListItem","position":1,"name":"Accueil","item":"https:\/\/www.africa-press.net\/tchad\/"},{"@type":"ListItem","position":2,"name":"Tchad : &#8220;c&#8217;est une sorte d&#8217;Apartheid que nous ressentons au Sud&#8221;"}]},{"@type":"WebSite","@id":"https:\/\/www.africa-press.net\/tchad\/#website","url":"https:\/\/www.africa-press.net\/tchad\/","name":"tchad","description":"Just another Africa News Agency Sites site","potentialAction":[{"@type":"SearchAction","target":{"@type":"EntryPoint","urlTemplate":"https:\/\/www.africa-press.net\/tchad\/?s={search_term_string}"},"query-input":{"@type":"PropertyValueSpecification","valueRequired":true,"valueName":"search_term_string"}}],"inLanguage":"fr-FR"},{"@type":"Person","@id":"https:\/\/www.africa-press.net\/tchad\/#\/schema\/person\/2b1cf3cd81a31e3cd26889ca66d677f1","name":"cfeditorfr"}]}},"_links":{"self":[{"href":"https:\/\/www.africa-press.net\/tchad\/wp-json\/wp\/v2\/posts\/30242","targetHints":{"allow":["GET"]}}],"collection":[{"href":"https:\/\/www.africa-press.net\/tchad\/wp-json\/wp\/v2\/posts"}],"about":[{"href":"https:\/\/www.africa-press.net\/tchad\/wp-json\/wp\/v2\/types\/post"}],"author":[{"embeddable":true,"href":"https:\/\/www.africa-press.net\/tchad\/wp-json\/wp\/v2\/users\/82"}],"replies":[{"embeddable":true,"href":"https:\/\/www.africa-press.net\/tchad\/wp-json\/wp\/v2\/comments?post=30242"}],"version-history":[{"count":0,"href":"https:\/\/www.africa-press.net\/tchad\/wp-json\/wp\/v2\/posts\/30242\/revisions"}],"wp:featuredmedia":[{"embeddable":true,"href":"https:\/\/www.africa-press.net\/tchad\/wp-json\/wp\/v2\/media\/30241"}],"wp:attachment":[{"href":"https:\/\/www.africa-press.net\/tchad\/wp-json\/wp\/v2\/media?parent=30242"}],"wp:term":[{"taxonomy":"category","embeddable":true,"href":"https:\/\/www.africa-press.net\/tchad\/wp-json\/wp\/v2\/categories?post=30242"},{"taxonomy":"post_tag","embeddable":true,"href":"https:\/\/www.africa-press.net\/tchad\/wp-json\/wp\/v2\/tags?post=30242"}],"curies":[{"name":"wp","href":"https:\/\/api.w.org\/{rel}","templated":true}]}}