{"id":30270,"date":"2022-08-08T09:27:41","date_gmt":"2022-08-08T09:27:41","guid":{"rendered":"https:\/\/www.africa-press.net\/tchad\/politique\/le-fact-pose-ses-revendications-et-reste-ouvert-au-dialogue"},"modified":"2022-08-08T09:33:19","modified_gmt":"2022-08-08T09:33:19","slug":"le-fact-pose-ses-revendications-et-reste-ouvert-au-dialogue","status":"publish","type":"post","link":"https:\/\/www.africa-press.net\/tchad\/politique\/le-fact-pose-ses-revendications-et-reste-ouvert-au-dialogue","title":{"rendered":"le FACT pose ses revendications et reste ouvert au dialogue"},"content":{"rendered":"<p><span style=\"color: #ff6600\"><strong>Africa-Press &#8211; Tchad. <\/strong><\/span>Ce rejet est concomitant \u00e0 la non prise en compte de nos revendications qui sont entre autres la parit\u00e9 des d\u00e9l\u00e9gu\u00e9s au dialogue national inclusif et souverain, la mise en place d\u2019un nouveau Comit\u00e9 d\u2019organisation du dialogue national inclusif (CODNI), la lib\u00e9ration des prisonniers \u00e0 compter de la signature de l\u2019accord, la modification de la charte \u00bb, indique le porte-parole du mouvement, Issa Ahmat.<\/p>\n<p>Le FACT affirme toutefois qu\u2019il reste \u00ab disponible au dialogue partout et toujours \u00bb.<\/p>\n<p>Pour de nombreux observateurs, un accord sans le FACT perd de son essence sachant que le mouvement dispose du plus grand nombre de combattants sur le terrain. D\u2019autant plus que le programme de d\u00e9mobilisation et de r\u00e9insertion des combattants figure parmi les points cl\u00e9s de l\u2019accord. \u201cEn r\u00e9alit\u00e9, la plupart des mouvements signataires n\u2019ont pas ou n\u2019ont qu\u2019une poign\u00e9e d\u2019hommes sur le terrain\u201d, admet en \u201coff\u201d un responsable tchadien pr\u00e9sent \u00e0 Doha.<\/p>\n<p>Certaines des revendications du FACT sont similaires \u00e0 celles d\u2019une coalition de la soci\u00e9t\u00e9 civile ainsi que du parti Les Transformateurs. La semaine derni\u00e8re, le leader du parti Les Transformateurs, Dr. Succes Masra, a lanc\u00e9 un ultimatum aux autorit\u00e9s pour r\u00e9viser la charte de transition avant l\u2019ouverture du dialogue national pr\u00e9vu le 20 ao\u00fbt prochain. Le cas \u00e9ch\u00e9ant, il a appel\u00e9 les tchadiens \u00e0 \u201cse pr\u00e9parer au pire\u201d et a demand\u00e9 aux forces de d\u00e9fense et de s\u00e9curit\u00e9 de \u201cchoisir leur camp\u201d.<\/p>\n<p>Une dizaine de mouvements rebelles ne sont pas signataires de l\u2019accord de Doha. C\u2019est notamment le cas du Conseil national pour le redressement (CNR) qui, dans un communiqu\u00e9 transmis cette nuit \u00e0 Alwihda Info, exige notamment la parit\u00e9 au sein du CODNI.<\/p>\n<p><strong>Pour plus d&rsquo;informations et d&rsquo;analyses sur la <a href=\"https:\/\/www.africa-press.net\/tchad\">Tchad<\/a>, suivez <a href=\"https:\/\/www.africa-press.net\/\">Africa-Press<\/a><\/strong><\/p>\n","protected":false},"excerpt":{"rendered":"<p>Africa-Press &#8211; Tchad. Ce rejet est concomitant \u00e0 la non prise en compte de nos revendications qui sont entre autres la parit\u00e9 des d\u00e9l\u00e9gu\u00e9s au dialogue national inclusif et souverain, la mise en place d\u2019un nouveau Comit\u00e9 d\u2019organisation du dialogue national inclusif (CODNI), la lib\u00e9ration des prisonniers \u00e0 compter de la signature de l\u2019accord, la [&hellip;]<\/p>\n","protected":false},"author":82,"featured_media":30269,"comment_status":"open","ping_status":"closed","sticky":false,"template":"","format":"standard","meta":{"footnotes":""},"categories":[11,2,10],"tags":[37,292,29],"class_list":["post-30270","post","type-post","status-publish","format-standard","has-post-thumbnail","hentry","category-homepage-french","category-politique","category-toutes-les-actualites","tag-africa-press","tag-africa-press-tchad","tag-tchad"],"yoast_head":"<!-- This site is optimized with the Yoast SEO Premium plugin v26.1 (Yoast SEO v27.0) - https:\/\/yoast.com\/product\/yoast-seo-premium-wordpress\/ -->\n<title>le FACT pose ses revendications et reste ouvert au dialogue - tchad<\/title>\n<meta name=\"description\" content=\"Ce rejet est concomitant \u00e0 la non prise en compte de nos revendications qui sont entre autres la parit\u00e9 des d\u00e9l\u00e9gu\u00e9s au ...\" \/>\n<meta name=\"robots\" content=\"index, follow, max-snippet:-1, max-image-preview:large, max-video-preview:-1\" \/>\n<link rel=\"canonical\" href=\"https:\/\/www.africa-press.net\/tchad\/politique\/le-fact-pose-ses-revendications-et-reste-ouvert-au-dialogue\" \/>\n<meta property=\"og:locale\" content=\"fr_FR\" \/>\n<meta property=\"og:type\" content=\"article\" \/>\n<meta property=\"og:title\" content=\"le FACT pose ses revendications et reste ouvert au dialogue\" \/>\n<meta property=\"og:description\" content=\"Ce rejet est concomitant \u00e0 la non prise en compte de nos revendications qui sont entre autres la parit\u00e9 des d\u00e9l\u00e9gu\u00e9s au ...\" \/>\n<meta property=\"og:url\" content=\"https:\/\/www.africa-press.net\/tchad\/politique\/le-fact-pose-ses-revendications-et-reste-ouvert-au-dialogue\" \/>\n<meta property=\"og:site_name\" content=\"tchad\" \/>\n<meta property=\"article:published_time\" content=\"2022-08-08T09:27:41+00:00\" \/>\n<meta property=\"article:modified_time\" content=\"2022-08-08T09:33:19+00:00\" \/>\n<meta property=\"og:image\" content=\"https:\/\/static.africa-press.net\/tchad\/sites\/41\/2022\/08\/postQueueImg_2-62f0d845e8c02.jpg\" \/>\n\t<meta property=\"og:image:width\" content=\"959\" \/>\n\t<meta property=\"og:image:height\" content=\"540\" \/>\n\t<meta property=\"og:image:type\" content=\"image\/jpeg\" \/>\n<meta name=\"author\" content=\"cfeditorfr\" \/>\n<meta name=\"twitter:card\" content=\"summary_large_image\" \/>\n<meta name=\"twitter:label1\" content=\"\u00c9crit par\" \/>\n\t<meta name=\"twitter:data1\" content=\"cfeditorfr\" \/>\n\t<meta name=\"twitter:label2\" content=\"Dur\u00e9e de lecture estim\u00e9e\" \/>\n\t<meta name=\"twitter:data2\" content=\"2 minutes\" \/>\n<script type=\"application\/ld+json\" class=\"yoast-schema-graph\">{\"@context\":\"https:\/\/schema.org\",\"@graph\":[{\"@type\":\"Article\",\"@id\":\"https:\/\/www.africa-press.net\/tchad\/politique\/le-fact-pose-ses-revendications-et-reste-ouvert-au-dialogue#article\",\"isPartOf\":{\"@id\":\"https:\/\/www.africa-press.net\/tchad\/politique\/le-fact-pose-ses-revendications-et-reste-ouvert-au-dialogue\"},\"author\":{\"name\":\"cfeditorfr\",\"@id\":\"https:\/\/www.africa-press.net\/tchad\/#\/schema\/person\/2b1cf3cd81a31e3cd26889ca66d677f1\"},\"headline\":\"le FACT pose ses revendications et reste ouvert au dialogue\",\"datePublished\":\"2022-08-08T09:27:41+00:00\",\"dateModified\":\"2022-08-08T09:33:19+00:00\",\"mainEntityOfPage\":{\"@id\":\"https:\/\/www.africa-press.net\/tchad\/politique\/le-fact-pose-ses-revendications-et-reste-ouvert-au-dialogue\"},\"wordCount\":323,\"commentCount\":0,\"image\":{\"@id\":\"https:\/\/www.africa-press.net\/tchad\/politique\/le-fact-pose-ses-revendications-et-reste-ouvert-au-dialogue#primaryimage\"},\"thumbnailUrl\":\"https:\/\/static.africa-press.net\/tchad\/sites\/41\/2022\/08\/postQueueImg_2-62f0d845e8c02.jpg\",\"keywords\":[\"Africa Press\",\"Africa Press-Tchad\",\"Tchad\"],\"articleSection\":[\"homepage-french\",\"Politique\",\"Toutes les actualit\u00e9s\"],\"inLanguage\":\"fr-FR\",\"potentialAction\":[{\"@type\":\"CommentAction\",\"name\":\"Comment\",\"target\":[\"https:\/\/www.africa-press.net\/tchad\/politique\/le-fact-pose-ses-revendications-et-reste-ouvert-au-dialogue#respond\"]}]},{\"@type\":\"WebPage\",\"@id\":\"https:\/\/www.africa-press.net\/tchad\/politique\/le-fact-pose-ses-revendications-et-reste-ouvert-au-dialogue\",\"url\":\"https:\/\/www.africa-press.net\/tchad\/politique\/le-fact-pose-ses-revendications-et-reste-ouvert-au-dialogue\",\"name\":\"le FACT pose ses revendications et reste ouvert au dialogue - tchad\",\"isPartOf\":{\"@id\":\"https:\/\/www.africa-press.net\/tchad\/#website\"},\"primaryImageOfPage\":{\"@id\":\"https:\/\/www.africa-press.net\/tchad\/politique\/le-fact-pose-ses-revendications-et-reste-ouvert-au-dialogue#primaryimage\"},\"image\":{\"@id\":\"https:\/\/www.africa-press.net\/tchad\/politique\/le-fact-pose-ses-revendications-et-reste-ouvert-au-dialogue#primaryimage\"},\"thumbnailUrl\":\"https:\/\/static.africa-press.net\/tchad\/sites\/41\/2022\/08\/postQueueImg_2-62f0d845e8c02.jpg\",\"datePublished\":\"2022-08-08T09:27:41+00:00\",\"dateModified\":\"2022-08-08T09:33:19+00:00\",\"author\":{\"@id\":\"https:\/\/www.africa-press.net\/tchad\/#\/schema\/person\/2b1cf3cd81a31e3cd26889ca66d677f1\"},\"description\":\"Ce rejet est concomitant \u00e0 la non prise en compte de nos revendications qui sont entre autres la parit\u00e9 des d\u00e9l\u00e9gu\u00e9s au ...\",\"breadcrumb\":{\"@id\":\"https:\/\/www.africa-press.net\/tchad\/politique\/le-fact-pose-ses-revendications-et-reste-ouvert-au-dialogue#breadcrumb\"},\"inLanguage\":\"fr-FR\",\"potentialAction\":[{\"@type\":\"ReadAction\",\"target\":[\"https:\/\/www.africa-press.net\/tchad\/politique\/le-fact-pose-ses-revendications-et-reste-ouvert-au-dialogue\"]}]},{\"@type\":\"ImageObject\",\"inLanguage\":\"fr-FR\",\"@id\":\"https:\/\/www.africa-press.net\/tchad\/politique\/le-fact-pose-ses-revendications-et-reste-ouvert-au-dialogue#primaryimage\",\"url\":\"https:\/\/static.africa-press.net\/tchad\/sites\/41\/2022\/08\/postQueueImg_2-62f0d845e8c02.jpg\",\"contentUrl\":\"https:\/\/static.africa-press.net\/tchad\/sites\/41\/2022\/08\/postQueueImg_2-62f0d845e8c02.jpg\",\"width\":959,\"height\":540,\"caption\":\"le FACT pose ses revendications et reste ouvert au dialogue\"},{\"@type\":\"BreadcrumbList\",\"@id\":\"https:\/\/www.africa-press.net\/tchad\/politique\/le-fact-pose-ses-revendications-et-reste-ouvert-au-dialogue#breadcrumb\",\"itemListElement\":[{\"@type\":\"ListItem\",\"position\":1,\"name\":\"Accueil\",\"item\":\"https:\/\/www.africa-press.net\/tchad\/\"},{\"@type\":\"ListItem\",\"position\":2,\"name\":\"le FACT pose ses revendications et reste ouvert au dialogue\"}]},{\"@type\":\"WebSite\",\"@id\":\"https:\/\/www.africa-press.net\/tchad\/#website\",\"url\":\"https:\/\/www.africa-press.net\/tchad\/\",\"name\":\"tchad\",\"description\":\"Just another Africa News Agency Sites site\",\"potentialAction\":[{\"@type\":\"SearchAction\",\"target\":{\"@type\":\"EntryPoint\",\"urlTemplate\":\"https:\/\/www.africa-press.net\/tchad\/?s={search_term_string}\"},\"query-input\":{\"@type\":\"PropertyValueSpecification\",\"valueRequired\":true,\"valueName\":\"search_term_string\"}}],\"inLanguage\":\"fr-FR\"},{\"@type\":\"Person\",\"@id\":\"https:\/\/www.africa-press.net\/tchad\/#\/schema\/person\/2b1cf3cd81a31e3cd26889ca66d677f1\",\"name\":\"cfeditorfr\"}]}<\/script>\n<!-- \/ Yoast SEO Premium plugin. -->","yoast_head_json":{"title":"le FACT pose ses revendications et reste ouvert au dialogue - tchad","description":"Ce rejet est concomitant \u00e0 la non prise en compte de nos revendications qui sont entre autres la parit\u00e9 des d\u00e9l\u00e9gu\u00e9s au ...","robots":{"index":"index","follow":"follow","max-snippet":"max-snippet:-1","max-image-preview":"max-image-preview:large","max-video-preview":"max-video-preview:-1"},"canonical":"https:\/\/www.africa-press.net\/tchad\/politique\/le-fact-pose-ses-revendications-et-reste-ouvert-au-dialogue","og_locale":"fr_FR","og_type":"article","og_title":"le FACT pose ses revendications et reste ouvert au dialogue","og_description":"Ce rejet est concomitant \u00e0 la non prise en compte de nos revendications qui sont entre autres la parit\u00e9 des d\u00e9l\u00e9gu\u00e9s au ...","og_url":"https:\/\/www.africa-press.net\/tchad\/politique\/le-fact-pose-ses-revendications-et-reste-ouvert-au-dialogue","og_site_name":"tchad","article_published_time":"2022-08-08T09:27:41+00:00","article_modified_time":"2022-08-08T09:33:19+00:00","og_image":[{"width":959,"height":540,"url":"https:\/\/static.africa-press.net\/tchad\/sites\/41\/2022\/08\/postQueueImg_2-62f0d845e8c02.jpg","type":"image\/jpeg"}],"author":"cfeditorfr","twitter_card":"summary_large_image","twitter_misc":{"\u00c9crit par":"cfeditorfr","Dur\u00e9e de lecture estim\u00e9e":"2 minutes"},"schema":{"@context":"https:\/\/schema.org","@graph":[{"@type":"Article","@id":"https:\/\/www.africa-press.net\/tchad\/politique\/le-fact-pose-ses-revendications-et-reste-ouvert-au-dialogue#article","isPartOf":{"@id":"https:\/\/www.africa-press.net\/tchad\/politique\/le-fact-pose-ses-revendications-et-reste-ouvert-au-dialogue"},"author":{"name":"cfeditorfr","@id":"https:\/\/www.africa-press.net\/tchad\/#\/schema\/person\/2b1cf3cd81a31e3cd26889ca66d677f1"},"headline":"le FACT pose ses revendications et reste ouvert au dialogue","datePublished":"2022-08-08T09:27:41+00:00","dateModified":"2022-08-08T09:33:19+00:00","mainEntityOfPage":{"@id":"https:\/\/www.africa-press.net\/tchad\/politique\/le-fact-pose-ses-revendications-et-reste-ouvert-au-dialogue"},"wordCount":323,"commentCount":0,"image":{"@id":"https:\/\/www.africa-press.net\/tchad\/politique\/le-fact-pose-ses-revendications-et-reste-ouvert-au-dialogue#primaryimage"},"thumbnailUrl":"https:\/\/static.africa-press.net\/tchad\/sites\/41\/2022\/08\/postQueueImg_2-62f0d845e8c02.jpg","keywords":["Africa Press","Africa Press-Tchad","Tchad"],"articleSection":["homepage-french","Politique","Toutes les actualit\u00e9s"],"inLanguage":"fr-FR","potentialAction":[{"@type":"CommentAction","name":"Comment","target":["https:\/\/www.africa-press.net\/tchad\/politique\/le-fact-pose-ses-revendications-et-reste-ouvert-au-dialogue#respond"]}]},{"@type":"WebPage","@id":"https:\/\/www.africa-press.net\/tchad\/politique\/le-fact-pose-ses-revendications-et-reste-ouvert-au-dialogue","url":"https:\/\/www.africa-press.net\/tchad\/politique\/le-fact-pose-ses-revendications-et-reste-ouvert-au-dialogue","name":"le FACT pose ses revendications et reste ouvert au dialogue - tchad","isPartOf":{"@id":"https:\/\/www.africa-press.net\/tchad\/#website"},"primaryImageOfPage":{"@id":"https:\/\/www.africa-press.net\/tchad\/politique\/le-fact-pose-ses-revendications-et-reste-ouvert-au-dialogue#primaryimage"},"image":{"@id":"https:\/\/www.africa-press.net\/tchad\/politique\/le-fact-pose-ses-revendications-et-reste-ouvert-au-dialogue#primaryimage"},"thumbnailUrl":"https:\/\/static.africa-press.net\/tchad\/sites\/41\/2022\/08\/postQueueImg_2-62f0d845e8c02.jpg","datePublished":"2022-08-08T09:27:41+00:00","dateModified":"2022-08-08T09:33:19+00:00","author":{"@id":"https:\/\/www.africa-press.net\/tchad\/#\/schema\/person\/2b1cf3cd81a31e3cd26889ca66d677f1"},"description":"Ce rejet est concomitant \u00e0 la non prise en compte de nos revendications qui sont entre autres la parit\u00e9 des d\u00e9l\u00e9gu\u00e9s au ...","breadcrumb":{"@id":"https:\/\/www.africa-press.net\/tchad\/politique\/le-fact-pose-ses-revendications-et-reste-ouvert-au-dialogue#breadcrumb"},"inLanguage":"fr-FR","potentialAction":[{"@type":"ReadAction","target":["https:\/\/www.africa-press.net\/tchad\/politique\/le-fact-pose-ses-revendications-et-reste-ouvert-au-dialogue"]}]},{"@type":"ImageObject","inLanguage":"fr-FR","@id":"https:\/\/www.africa-press.net\/tchad\/politique\/le-fact-pose-ses-revendications-et-reste-ouvert-au-dialogue#primaryimage","url":"https:\/\/static.africa-press.net\/tchad\/sites\/41\/2022\/08\/postQueueImg_2-62f0d845e8c02.jpg","contentUrl":"https:\/\/static.africa-press.net\/tchad\/sites\/41\/2022\/08\/postQueueImg_2-62f0d845e8c02.jpg","width":959,"height":540,"caption":"le FACT pose ses revendications et reste ouvert au dialogue"},{"@type":"BreadcrumbList","@id":"https:\/\/www.africa-press.net\/tchad\/politique\/le-fact-pose-ses-revendications-et-reste-ouvert-au-dialogue#breadcrumb","itemListElement":[{"@type":"ListItem","position":1,"name":"Accueil","item":"https:\/\/www.africa-press.net\/tchad\/"},{"@type":"ListItem","position":2,"name":"le FACT pose ses revendications et reste ouvert au dialogue"}]},{"@type":"WebSite","@id":"https:\/\/www.africa-press.net\/tchad\/#website","url":"https:\/\/www.africa-press.net\/tchad\/","name":"tchad","description":"Just another Africa News Agency Sites site","potentialAction":[{"@type":"SearchAction","target":{"@type":"EntryPoint","urlTemplate":"https:\/\/www.africa-press.net\/tchad\/?s={search_term_string}"},"query-input":{"@type":"PropertyValueSpecification","valueRequired":true,"valueName":"search_term_string"}}],"inLanguage":"fr-FR"},{"@type":"Person","@id":"https:\/\/www.africa-press.net\/tchad\/#\/schema\/person\/2b1cf3cd81a31e3cd26889ca66d677f1","name":"cfeditorfr"}]}},"_links":{"self":[{"href":"https:\/\/www.africa-press.net\/tchad\/wp-json\/wp\/v2\/posts\/30270","targetHints":{"allow":["GET"]}}],"collection":[{"href":"https:\/\/www.africa-press.net\/tchad\/wp-json\/wp\/v2\/posts"}],"about":[{"href":"https:\/\/www.africa-press.net\/tchad\/wp-json\/wp\/v2\/types\/post"}],"author":[{"embeddable":true,"href":"https:\/\/www.africa-press.net\/tchad\/wp-json\/wp\/v2\/users\/82"}],"replies":[{"embeddable":true,"href":"https:\/\/www.africa-press.net\/tchad\/wp-json\/wp\/v2\/comments?post=30270"}],"version-history":[{"count":0,"href":"https:\/\/www.africa-press.net\/tchad\/wp-json\/wp\/v2\/posts\/30270\/revisions"}],"wp:featuredmedia":[{"embeddable":true,"href":"https:\/\/www.africa-press.net\/tchad\/wp-json\/wp\/v2\/media\/30269"}],"wp:attachment":[{"href":"https:\/\/www.africa-press.net\/tchad\/wp-json\/wp\/v2\/media?parent=30270"}],"wp:term":[{"taxonomy":"category","embeddable":true,"href":"https:\/\/www.africa-press.net\/tchad\/wp-json\/wp\/v2\/categories?post=30270"},{"taxonomy":"post_tag","embeddable":true,"href":"https:\/\/www.africa-press.net\/tchad\/wp-json\/wp\/v2\/tags?post=30270"}],"curies":[{"name":"wp","href":"https:\/\/api.w.org\/{rel}","templated":true}]}}