{"id":30279,"date":"2022-08-08T09:29:50","date_gmt":"2022-08-08T09:29:50","guid":{"rendered":"https:\/\/www.africa-press.net\/tchad\/politique\/le-fact-annonce-quil-rejette-laccord-de-doha"},"modified":"2022-08-08T09:37:16","modified_gmt":"2022-08-08T09:37:16","slug":"le-fact-annonce-quil-rejette-laccord-de-doha","status":"publish","type":"post","link":"https:\/\/www.africa-press.net\/tchad\/politique\/le-fact-annonce-quil-rejette-laccord-de-doha","title":{"rendered":"le FACT annonce qu&rsquo;il \u00ab\u00a0rejette l&rsquo;accord de Doha\u00a0\u00bb"},"content":{"rendered":"<p><span style=\"color: #ff6600\"><strong>Africa-Press &#8211; Tchad. <\/strong><\/span>Le FACT a inform\u00e9 ce 7 ao\u00fbt qu\u2019il rejette l\u2019accord de Doha qui sera soumis aux signataires le 8 ao\u00fbt 2022.<\/p>\n<p>\u00ab Ce rejet est concomitant \u00e0 la non prise en compte de nos revendications qui sont entre autres la parit\u00e9 des d\u00e9l\u00e9gu\u00e9s au DNIS, la mise en place d\u2019un nouveau CODNI, la lib\u00e9ration des prisonniers \u00e0 compter de la signature de l\u2019accord, la modification de la charte \u00bb, indique le porte-parole du mouvement, Issa Ahmat.<\/p>\n<p>Le FACT affirme toutefois qu\u2019il reste \u00ab disponible au dialogue partout et toujours \u00bb.<\/p>\n<p><strong>Pour plus d&rsquo;informations et d&rsquo;analyses sur la <a href=\"https:\/\/www.africa-press.net\/tchad\">Tchad<\/a>, suivez <a href=\"https:\/\/www.africa-press.net\/\">Africa-Press<\/a><\/strong><\/p>\n","protected":false},"excerpt":{"rendered":"<p>Africa-Press &#8211; Tchad. Le FACT a inform\u00e9 ce 7 ao\u00fbt qu\u2019il rejette l\u2019accord de Doha qui sera soumis aux signataires le 8 ao\u00fbt 2022. \u00ab Ce rejet est concomitant \u00e0 la non prise en compte de nos revendications qui sont entre autres la parit\u00e9 des d\u00e9l\u00e9gu\u00e9s au DNIS, la mise en place d\u2019un nouveau CODNI, [&hellip;]<\/p>\n","protected":false},"author":82,"featured_media":30278,"comment_status":"open","ping_status":"closed","sticky":false,"template":"","format":"standard","meta":{"footnotes":""},"categories":[11,2,10],"tags":[37,292,29],"class_list":["post-30279","post","type-post","status-publish","format-standard","has-post-thumbnail","hentry","category-homepage-french","category-politique","category-toutes-les-actualites","tag-africa-press","tag-africa-press-tchad","tag-tchad"],"yoast_head":"<!-- This site is optimized with the Yoast SEO Premium plugin v26.1 (Yoast SEO v27.0) - https:\/\/yoast.com\/product\/yoast-seo-premium-wordpress\/ -->\n<title>le FACT annonce qu&#039;il &quot;rejette l&#039;accord de Doha&quot; - tchad<\/title>\n<meta name=\"description\" content=\"Le FACT a inform\u00e9 ce 7 ao\u00fbt qu\u2019il rejette l\u2019accord de Doha qui sera soumis aux signataires le 8 ao\u00fbt 2022. \u00ab Ce rejet e ...\" \/>\n<meta name=\"robots\" content=\"index, follow, max-snippet:-1, max-image-preview:large, max-video-preview:-1\" \/>\n<link rel=\"canonical\" href=\"https:\/\/www.africa-press.net\/tchad\/politique\/le-fact-annonce-quil-rejette-laccord-de-doha\" \/>\n<meta property=\"og:locale\" content=\"fr_FR\" \/>\n<meta property=\"og:type\" content=\"article\" \/>\n<meta property=\"og:title\" content=\"le FACT annonce qu&#039;il &quot;rejette l&#039;accord de Doha&quot;\" \/>\n<meta property=\"og:description\" content=\"Le FACT a inform\u00e9 ce 7 ao\u00fbt qu\u2019il rejette l\u2019accord de Doha qui sera soumis aux signataires le 8 ao\u00fbt 2022. \u00ab Ce rejet e ...\" \/>\n<meta property=\"og:url\" content=\"https:\/\/www.africa-press.net\/tchad\/politique\/le-fact-annonce-quil-rejette-laccord-de-doha\" \/>\n<meta property=\"og:site_name\" content=\"tchad\" \/>\n<meta property=\"article:published_time\" content=\"2022-08-08T09:29:50+00:00\" \/>\n<meta property=\"article:modified_time\" content=\"2022-08-08T09:37:16+00:00\" \/>\n<meta property=\"og:image\" content=\"https:\/\/static.africa-press.net\/tchad\/sites\/41\/2022\/08\/postQueueImg_5-62f0d9361c892.jpg\" \/>\n\t<meta property=\"og:image:width\" content=\"959\" \/>\n\t<meta property=\"og:image:height\" content=\"717\" \/>\n\t<meta property=\"og:image:type\" content=\"image\/jpeg\" \/>\n<meta name=\"author\" content=\"cfeditorfr\" \/>\n<meta name=\"twitter:card\" content=\"summary_large_image\" \/>\n<meta name=\"twitter:label1\" content=\"\u00c9crit par\" \/>\n\t<meta name=\"twitter:data1\" content=\"cfeditorfr\" \/>\n\t<meta name=\"twitter:label2\" content=\"Dur\u00e9e de lecture estim\u00e9e\" \/>\n\t<meta name=\"twitter:data2\" content=\"1 minute\" \/>\n<script type=\"application\/ld+json\" class=\"yoast-schema-graph\">{\"@context\":\"https:\/\/schema.org\",\"@graph\":[{\"@type\":\"Article\",\"@id\":\"https:\/\/www.africa-press.net\/tchad\/politique\/le-fact-annonce-quil-rejette-laccord-de-doha#article\",\"isPartOf\":{\"@id\":\"https:\/\/www.africa-press.net\/tchad\/politique\/le-fact-annonce-quil-rejette-laccord-de-doha\"},\"author\":{\"name\":\"cfeditorfr\",\"@id\":\"https:\/\/www.africa-press.net\/tchad\/#\/schema\/person\/2b1cf3cd81a31e3cd26889ca66d677f1\"},\"headline\":\"le FACT annonce qu&rsquo;il \u00ab\u00a0rejette l&rsquo;accord de Doha\u00a0\u00bb\",\"datePublished\":\"2022-08-08T09:29:50+00:00\",\"dateModified\":\"2022-08-08T09:37:16+00:00\",\"mainEntityOfPage\":{\"@id\":\"https:\/\/www.africa-press.net\/tchad\/politique\/le-fact-annonce-quil-rejette-laccord-de-doha\"},\"wordCount\":117,\"commentCount\":0,\"image\":{\"@id\":\"https:\/\/www.africa-press.net\/tchad\/politique\/le-fact-annonce-quil-rejette-laccord-de-doha#primaryimage\"},\"thumbnailUrl\":\"https:\/\/static.africa-press.net\/tchad\/sites\/41\/2022\/08\/postQueueImg_5-62f0d9361c892.jpg\",\"keywords\":[\"Africa Press\",\"Africa Press-Tchad\",\"Tchad\"],\"articleSection\":[\"homepage-french\",\"Politique\",\"Toutes les actualit\u00e9s\"],\"inLanguage\":\"fr-FR\",\"potentialAction\":[{\"@type\":\"CommentAction\",\"name\":\"Comment\",\"target\":[\"https:\/\/www.africa-press.net\/tchad\/politique\/le-fact-annonce-quil-rejette-laccord-de-doha#respond\"]}]},{\"@type\":\"WebPage\",\"@id\":\"https:\/\/www.africa-press.net\/tchad\/politique\/le-fact-annonce-quil-rejette-laccord-de-doha\",\"url\":\"https:\/\/www.africa-press.net\/tchad\/politique\/le-fact-annonce-quil-rejette-laccord-de-doha\",\"name\":\"le FACT annonce qu'il \\\"rejette l'accord de Doha\\\" - tchad\",\"isPartOf\":{\"@id\":\"https:\/\/www.africa-press.net\/tchad\/#website\"},\"primaryImageOfPage\":{\"@id\":\"https:\/\/www.africa-press.net\/tchad\/politique\/le-fact-annonce-quil-rejette-laccord-de-doha#primaryimage\"},\"image\":{\"@id\":\"https:\/\/www.africa-press.net\/tchad\/politique\/le-fact-annonce-quil-rejette-laccord-de-doha#primaryimage\"},\"thumbnailUrl\":\"https:\/\/static.africa-press.net\/tchad\/sites\/41\/2022\/08\/postQueueImg_5-62f0d9361c892.jpg\",\"datePublished\":\"2022-08-08T09:29:50+00:00\",\"dateModified\":\"2022-08-08T09:37:16+00:00\",\"author\":{\"@id\":\"https:\/\/www.africa-press.net\/tchad\/#\/schema\/person\/2b1cf3cd81a31e3cd26889ca66d677f1\"},\"description\":\"Le FACT a inform\u00e9 ce 7 ao\u00fbt qu\u2019il rejette l\u2019accord de Doha qui sera soumis aux signataires le 8 ao\u00fbt 2022. \u00ab Ce rejet e ...\",\"breadcrumb\":{\"@id\":\"https:\/\/www.africa-press.net\/tchad\/politique\/le-fact-annonce-quil-rejette-laccord-de-doha#breadcrumb\"},\"inLanguage\":\"fr-FR\",\"potentialAction\":[{\"@type\":\"ReadAction\",\"target\":[\"https:\/\/www.africa-press.net\/tchad\/politique\/le-fact-annonce-quil-rejette-laccord-de-doha\"]}]},{\"@type\":\"ImageObject\",\"inLanguage\":\"fr-FR\",\"@id\":\"https:\/\/www.africa-press.net\/tchad\/politique\/le-fact-annonce-quil-rejette-laccord-de-doha#primaryimage\",\"url\":\"https:\/\/static.africa-press.net\/tchad\/sites\/41\/2022\/08\/postQueueImg_5-62f0d9361c892.jpg\",\"contentUrl\":\"https:\/\/static.africa-press.net\/tchad\/sites\/41\/2022\/08\/postQueueImg_5-62f0d9361c892.jpg\",\"width\":959,\"height\":717,\"caption\":\"le FACT annonce qu'il \\\"rejette l'accord de Doha\\\"\"},{\"@type\":\"BreadcrumbList\",\"@id\":\"https:\/\/www.africa-press.net\/tchad\/politique\/le-fact-annonce-quil-rejette-laccord-de-doha#breadcrumb\",\"itemListElement\":[{\"@type\":\"ListItem\",\"position\":1,\"name\":\"Accueil\",\"item\":\"https:\/\/www.africa-press.net\/tchad\/\"},{\"@type\":\"ListItem\",\"position\":2,\"name\":\"le FACT annonce qu&#8217;il &#8220;rejette l&#8217;accord de Doha&#8221;\"}]},{\"@type\":\"WebSite\",\"@id\":\"https:\/\/www.africa-press.net\/tchad\/#website\",\"url\":\"https:\/\/www.africa-press.net\/tchad\/\",\"name\":\"tchad\",\"description\":\"Just another Africa News Agency Sites site\",\"potentialAction\":[{\"@type\":\"SearchAction\",\"target\":{\"@type\":\"EntryPoint\",\"urlTemplate\":\"https:\/\/www.africa-press.net\/tchad\/?s={search_term_string}\"},\"query-input\":{\"@type\":\"PropertyValueSpecification\",\"valueRequired\":true,\"valueName\":\"search_term_string\"}}],\"inLanguage\":\"fr-FR\"},{\"@type\":\"Person\",\"@id\":\"https:\/\/www.africa-press.net\/tchad\/#\/schema\/person\/2b1cf3cd81a31e3cd26889ca66d677f1\",\"name\":\"cfeditorfr\"}]}<\/script>\n<!-- \/ Yoast SEO Premium plugin. -->","yoast_head_json":{"title":"le FACT annonce qu'il \"rejette l'accord de Doha\" - tchad","description":"Le FACT a inform\u00e9 ce 7 ao\u00fbt qu\u2019il rejette l\u2019accord de Doha qui sera soumis aux signataires le 8 ao\u00fbt 2022. \u00ab Ce rejet e ...","robots":{"index":"index","follow":"follow","max-snippet":"max-snippet:-1","max-image-preview":"max-image-preview:large","max-video-preview":"max-video-preview:-1"},"canonical":"https:\/\/www.africa-press.net\/tchad\/politique\/le-fact-annonce-quil-rejette-laccord-de-doha","og_locale":"fr_FR","og_type":"article","og_title":"le FACT annonce qu'il \"rejette l'accord de Doha\"","og_description":"Le FACT a inform\u00e9 ce 7 ao\u00fbt qu\u2019il rejette l\u2019accord de Doha qui sera soumis aux signataires le 8 ao\u00fbt 2022. \u00ab Ce rejet e ...","og_url":"https:\/\/www.africa-press.net\/tchad\/politique\/le-fact-annonce-quil-rejette-laccord-de-doha","og_site_name":"tchad","article_published_time":"2022-08-08T09:29:50+00:00","article_modified_time":"2022-08-08T09:37:16+00:00","og_image":[{"width":959,"height":717,"url":"https:\/\/static.africa-press.net\/tchad\/sites\/41\/2022\/08\/postQueueImg_5-62f0d9361c892.jpg","type":"image\/jpeg"}],"author":"cfeditorfr","twitter_card":"summary_large_image","twitter_misc":{"\u00c9crit par":"cfeditorfr","Dur\u00e9e de lecture estim\u00e9e":"1 minute"},"schema":{"@context":"https:\/\/schema.org","@graph":[{"@type":"Article","@id":"https:\/\/www.africa-press.net\/tchad\/politique\/le-fact-annonce-quil-rejette-laccord-de-doha#article","isPartOf":{"@id":"https:\/\/www.africa-press.net\/tchad\/politique\/le-fact-annonce-quil-rejette-laccord-de-doha"},"author":{"name":"cfeditorfr","@id":"https:\/\/www.africa-press.net\/tchad\/#\/schema\/person\/2b1cf3cd81a31e3cd26889ca66d677f1"},"headline":"le FACT annonce qu&rsquo;il \u00ab\u00a0rejette l&rsquo;accord de Doha\u00a0\u00bb","datePublished":"2022-08-08T09:29:50+00:00","dateModified":"2022-08-08T09:37:16+00:00","mainEntityOfPage":{"@id":"https:\/\/www.africa-press.net\/tchad\/politique\/le-fact-annonce-quil-rejette-laccord-de-doha"},"wordCount":117,"commentCount":0,"image":{"@id":"https:\/\/www.africa-press.net\/tchad\/politique\/le-fact-annonce-quil-rejette-laccord-de-doha#primaryimage"},"thumbnailUrl":"https:\/\/static.africa-press.net\/tchad\/sites\/41\/2022\/08\/postQueueImg_5-62f0d9361c892.jpg","keywords":["Africa Press","Africa Press-Tchad","Tchad"],"articleSection":["homepage-french","Politique","Toutes les actualit\u00e9s"],"inLanguage":"fr-FR","potentialAction":[{"@type":"CommentAction","name":"Comment","target":["https:\/\/www.africa-press.net\/tchad\/politique\/le-fact-annonce-quil-rejette-laccord-de-doha#respond"]}]},{"@type":"WebPage","@id":"https:\/\/www.africa-press.net\/tchad\/politique\/le-fact-annonce-quil-rejette-laccord-de-doha","url":"https:\/\/www.africa-press.net\/tchad\/politique\/le-fact-annonce-quil-rejette-laccord-de-doha","name":"le FACT annonce qu'il \"rejette l'accord de Doha\" - tchad","isPartOf":{"@id":"https:\/\/www.africa-press.net\/tchad\/#website"},"primaryImageOfPage":{"@id":"https:\/\/www.africa-press.net\/tchad\/politique\/le-fact-annonce-quil-rejette-laccord-de-doha#primaryimage"},"image":{"@id":"https:\/\/www.africa-press.net\/tchad\/politique\/le-fact-annonce-quil-rejette-laccord-de-doha#primaryimage"},"thumbnailUrl":"https:\/\/static.africa-press.net\/tchad\/sites\/41\/2022\/08\/postQueueImg_5-62f0d9361c892.jpg","datePublished":"2022-08-08T09:29:50+00:00","dateModified":"2022-08-08T09:37:16+00:00","author":{"@id":"https:\/\/www.africa-press.net\/tchad\/#\/schema\/person\/2b1cf3cd81a31e3cd26889ca66d677f1"},"description":"Le FACT a inform\u00e9 ce 7 ao\u00fbt qu\u2019il rejette l\u2019accord de Doha qui sera soumis aux signataires le 8 ao\u00fbt 2022. \u00ab Ce rejet e ...","breadcrumb":{"@id":"https:\/\/www.africa-press.net\/tchad\/politique\/le-fact-annonce-quil-rejette-laccord-de-doha#breadcrumb"},"inLanguage":"fr-FR","potentialAction":[{"@type":"ReadAction","target":["https:\/\/www.africa-press.net\/tchad\/politique\/le-fact-annonce-quil-rejette-laccord-de-doha"]}]},{"@type":"ImageObject","inLanguage":"fr-FR","@id":"https:\/\/www.africa-press.net\/tchad\/politique\/le-fact-annonce-quil-rejette-laccord-de-doha#primaryimage","url":"https:\/\/static.africa-press.net\/tchad\/sites\/41\/2022\/08\/postQueueImg_5-62f0d9361c892.jpg","contentUrl":"https:\/\/static.africa-press.net\/tchad\/sites\/41\/2022\/08\/postQueueImg_5-62f0d9361c892.jpg","width":959,"height":717,"caption":"le FACT annonce qu'il \"rejette l'accord de Doha\""},{"@type":"BreadcrumbList","@id":"https:\/\/www.africa-press.net\/tchad\/politique\/le-fact-annonce-quil-rejette-laccord-de-doha#breadcrumb","itemListElement":[{"@type":"ListItem","position":1,"name":"Accueil","item":"https:\/\/www.africa-press.net\/tchad\/"},{"@type":"ListItem","position":2,"name":"le FACT annonce qu&#8217;il &#8220;rejette l&#8217;accord de Doha&#8221;"}]},{"@type":"WebSite","@id":"https:\/\/www.africa-press.net\/tchad\/#website","url":"https:\/\/www.africa-press.net\/tchad\/","name":"tchad","description":"Just another Africa News Agency Sites site","potentialAction":[{"@type":"SearchAction","target":{"@type":"EntryPoint","urlTemplate":"https:\/\/www.africa-press.net\/tchad\/?s={search_term_string}"},"query-input":{"@type":"PropertyValueSpecification","valueRequired":true,"valueName":"search_term_string"}}],"inLanguage":"fr-FR"},{"@type":"Person","@id":"https:\/\/www.africa-press.net\/tchad\/#\/schema\/person\/2b1cf3cd81a31e3cd26889ca66d677f1","name":"cfeditorfr"}]}},"_links":{"self":[{"href":"https:\/\/www.africa-press.net\/tchad\/wp-json\/wp\/v2\/posts\/30279","targetHints":{"allow":["GET"]}}],"collection":[{"href":"https:\/\/www.africa-press.net\/tchad\/wp-json\/wp\/v2\/posts"}],"about":[{"href":"https:\/\/www.africa-press.net\/tchad\/wp-json\/wp\/v2\/types\/post"}],"author":[{"embeddable":true,"href":"https:\/\/www.africa-press.net\/tchad\/wp-json\/wp\/v2\/users\/82"}],"replies":[{"embeddable":true,"href":"https:\/\/www.africa-press.net\/tchad\/wp-json\/wp\/v2\/comments?post=30279"}],"version-history":[{"count":0,"href":"https:\/\/www.africa-press.net\/tchad\/wp-json\/wp\/v2\/posts\/30279\/revisions"}],"wp:featuredmedia":[{"embeddable":true,"href":"https:\/\/www.africa-press.net\/tchad\/wp-json\/wp\/v2\/media\/30278"}],"wp:attachment":[{"href":"https:\/\/www.africa-press.net\/tchad\/wp-json\/wp\/v2\/media?parent=30279"}],"wp:term":[{"taxonomy":"category","embeddable":true,"href":"https:\/\/www.africa-press.net\/tchad\/wp-json\/wp\/v2\/categories?post=30279"},{"taxonomy":"post_tag","embeddable":true,"href":"https:\/\/www.africa-press.net\/tchad\/wp-json\/wp\/v2\/tags?post=30279"}],"curies":[{"name":"wp","href":"https:\/\/api.w.org\/{rel}","templated":true}]}}