{"id":30288,"date":"2022-08-08T09:31:07","date_gmt":"2022-08-08T09:31:07","guid":{"rendered":"https:\/\/www.africa-press.net\/tchad\/politique\/accord-de-doha-un-moment-cle-pour-le-peuple-tchadien-reagit-antonio-guterres"},"modified":"2022-08-08T09:39:22","modified_gmt":"2022-08-08T09:39:22","slug":"accord-de-doha-un-moment-cle-pour-le-peuple-tchadien-reagit-antonio-guterres","status":"publish","type":"post","link":"https:\/\/www.africa-press.net\/tchad\/politique\/accord-de-doha-un-moment-cle-pour-le-peuple-tchadien-reagit-antonio-guterres","title":{"rendered":"Accord de Doha : \u00ab\u00a0un moment cl\u00e9 pour le peuple tchadien\u00a0\u00bb, r\u00e9agit Antonio Guterres"},"content":{"rendered":"<p><span style=\"color: #ff6600\"><strong>Africa-Press &#8211; Tchad. <\/strong><\/span>Le secr\u00e9taire g\u00e9n\u00e9ral de l&rsquo;ONU, Antonio Guterres, a prononc\u00e9 un discours pr\u00e9-enregistr\u00e9 ce 8 ao\u00fbt, au cours de la c\u00e9r\u00e9monie de signature de l&rsquo;accord de Doha au Qatar.<\/p>\n<p>Antonio Guterres a salu\u00e9 la m\u00e9diation de l&rsquo;\u00c9tat du Qatar dans la conclusion de l&rsquo;accord de paix de Doha. Il a insist\u00e9 sur le caract\u00e8re inclusif du dialogue national qui s&rsquo;ouvrira \u00e0 N&rsquo;Djamena le 20 ao\u00fbt prochain.<\/p>\n<p>L&rsquo;accord de Doha \u00ab\u00a0contribuera \u00e0 la formation d&rsquo;une vision commune pour un avenir prometteur pour la R\u00e9publique du Tchad. La r\u00e9alisation de la r\u00e9conciliation nationale tchadienne est \u00e9galement une pierre angulaire pour \u00e9tablir la s\u00e9curit\u00e9, la paix et la stabilit\u00e9 dans la r\u00e9gion\u00a0\u00bb, a indiqu\u00e9 Dr. Al Khula\u00effi, assistant du ministre Qatari des Affaires \u00e9trang\u00e8res.<\/p>\n<p>Pour Dr. Al Khula\u00effi, \u00ab\u00a0le seul moyen est de mener un dialogue constructif \u00e0 la table des n\u00e9gociations pour parvenir \u00e0 un r\u00e8glement politique global entre les peuples du Tchad. Le Qatar n&rsquo;a pas h\u00e9sit\u00e9 \u00e0 accepter la m\u00e9diation et \u00e0 accueillir les n\u00e9gociations entre les parties tchadiennes\u00a0\u00bb.<\/p>\n<p>La signature de l&rsquo;accord intervient apr\u00e8s cinq mois de n\u00e9gociations. Pr\u00e8s d&rsquo;une quarantaine de mouvements politico-militaires sur 59 ont accept\u00e9 de signer l&rsquo;accord.<\/p>\n<p>\u00ab\u00a0Aujourd&rsquo;hui, cinq mois plus tard, nous assistons \u00e0 la fin du dialogue tchadien entre le gouvernement et les mouvements arm\u00e9s\u00a0\u00bb, s&rsquo;est f\u00e9licit\u00e9 Moussa Faki Mahamat, pr\u00e9sident de la Commission de l&rsquo;Union africaine.<\/p>\n<p><strong>Pour plus d&rsquo;informations et d&rsquo;analyses sur la <a href=\"https:\/\/www.africa-press.net\/tchad\">Tchad<\/a>, suivez <a href=\"https:\/\/www.africa-press.net\/\">Africa-Press<\/a><\/strong><\/p>\n","protected":false},"excerpt":{"rendered":"<p>Africa-Press &#8211; Tchad. Le secr\u00e9taire g\u00e9n\u00e9ral de l&rsquo;ONU, Antonio Guterres, a prononc\u00e9 un discours pr\u00e9-enregistr\u00e9 ce 8 ao\u00fbt, au cours de la c\u00e9r\u00e9monie de signature de l&rsquo;accord de Doha au Qatar. Antonio Guterres a salu\u00e9 la m\u00e9diation de l&rsquo;\u00c9tat du Qatar dans la conclusion de l&rsquo;accord de paix de Doha. Il a insist\u00e9 sur le [&hellip;]<\/p>\n","protected":false},"author":82,"featured_media":30287,"comment_status":"open","ping_status":"closed","sticky":false,"template":"","format":"standard","meta":{"footnotes":""},"categories":[11,2,20,10],"tags":[37,292,29],"class_list":["post-30288","post","type-post","status-publish","format-standard","has-post-thumbnail","hentry","category-homepage-french","category-politique","category-top-nouvelles","category-toutes-les-actualites","tag-africa-press","tag-africa-press-tchad","tag-tchad"],"yoast_head":"<!-- This site is optimized with the Yoast SEO Premium plugin v26.1 (Yoast SEO v27.0) - https:\/\/yoast.com\/product\/yoast-seo-premium-wordpress\/ -->\n<title>Accord de Doha : &quot;un moment cl\u00e9 pour le peuple tchadien&quot;, r\u00e9agit Antonio Guterres - tchad<\/title>\n<meta name=\"description\" content=\"Le secr\u00e9taire g\u00e9n\u00e9ral de l&#039;ONU, Antonio Guterres, a prononc\u00e9 un discours pr\u00e9-enregistr\u00e9 ce 8 ao\u00fbt, au cours de la c\u00e9r\u00e9mo ...\" \/>\n<meta name=\"robots\" content=\"index, follow, max-snippet:-1, max-image-preview:large, max-video-preview:-1\" \/>\n<link rel=\"canonical\" href=\"https:\/\/www.africa-press.net\/tchad\/politique\/accord-de-doha-un-moment-cle-pour-le-peuple-tchadien-reagit-antonio-guterres\" \/>\n<meta property=\"og:locale\" content=\"fr_FR\" \/>\n<meta property=\"og:type\" content=\"article\" \/>\n<meta property=\"og:title\" content=\"Accord de Doha : &quot;un moment cl\u00e9 pour le peuple tchadien&quot;, r\u00e9agit Antonio Guterres\" \/>\n<meta property=\"og:description\" content=\"Le secr\u00e9taire g\u00e9n\u00e9ral de l&#039;ONU, Antonio Guterres, a prononc\u00e9 un discours pr\u00e9-enregistr\u00e9 ce 8 ao\u00fbt, au cours de la c\u00e9r\u00e9mo ...\" \/>\n<meta property=\"og:url\" content=\"https:\/\/www.africa-press.net\/tchad\/politique\/accord-de-doha-un-moment-cle-pour-le-peuple-tchadien-reagit-antonio-guterres\" \/>\n<meta property=\"og:site_name\" content=\"tchad\" \/>\n<meta property=\"article:published_time\" content=\"2022-08-08T09:31:07+00:00\" \/>\n<meta property=\"article:modified_time\" content=\"2022-08-08T09:39:22+00:00\" \/>\n<meta property=\"og:image\" content=\"https:\/\/static.africa-press.net\/tchad\/sites\/41\/2022\/08\/postQueueImg_9-62f0d9ab7a425.jpg\" \/>\n\t<meta property=\"og:image:width\" content=\"960\" \/>\n\t<meta property=\"og:image:height\" content=\"842\" \/>\n\t<meta property=\"og:image:type\" content=\"image\/jpeg\" \/>\n<meta name=\"author\" content=\"cfeditorfr\" \/>\n<meta name=\"twitter:card\" content=\"summary_large_image\" \/>\n<meta name=\"twitter:label1\" content=\"\u00c9crit par\" \/>\n\t<meta name=\"twitter:data1\" content=\"cfeditorfr\" \/>\n\t<meta name=\"twitter:label2\" content=\"Dur\u00e9e de lecture estim\u00e9e\" \/>\n\t<meta name=\"twitter:data2\" content=\"2 minutes\" \/>\n<script type=\"application\/ld+json\" class=\"yoast-schema-graph\">{\"@context\":\"https:\/\/schema.org\",\"@graph\":[{\"@type\":\"Article\",\"@id\":\"https:\/\/www.africa-press.net\/tchad\/politique\/accord-de-doha-un-moment-cle-pour-le-peuple-tchadien-reagit-antonio-guterres#article\",\"isPartOf\":{\"@id\":\"https:\/\/www.africa-press.net\/tchad\/politique\/accord-de-doha-un-moment-cle-pour-le-peuple-tchadien-reagit-antonio-guterres\"},\"author\":{\"name\":\"cfeditorfr\",\"@id\":\"https:\/\/www.africa-press.net\/tchad\/#\/schema\/person\/2b1cf3cd81a31e3cd26889ca66d677f1\"},\"headline\":\"Accord de Doha : \u00ab\u00a0un moment cl\u00e9 pour le peuple tchadien\u00a0\u00bb, r\u00e9agit Antonio Guterres\",\"datePublished\":\"2022-08-08T09:31:07+00:00\",\"dateModified\":\"2022-08-08T09:39:22+00:00\",\"mainEntityOfPage\":{\"@id\":\"https:\/\/www.africa-press.net\/tchad\/politique\/accord-de-doha-un-moment-cle-pour-le-peuple-tchadien-reagit-antonio-guterres\"},\"wordCount\":286,\"commentCount\":0,\"image\":{\"@id\":\"https:\/\/www.africa-press.net\/tchad\/politique\/accord-de-doha-un-moment-cle-pour-le-peuple-tchadien-reagit-antonio-guterres#primaryimage\"},\"thumbnailUrl\":\"https:\/\/static.africa-press.net\/tchad\/sites\/41\/2022\/08\/postQueueImg_9-62f0d9ab7a425.jpg\",\"keywords\":[\"Africa Press\",\"Africa Press-Tchad\",\"Tchad\"],\"articleSection\":[\"homepage-french\",\"Politique\",\"Top Nouvelles\",\"Toutes les actualit\u00e9s\"],\"inLanguage\":\"fr-FR\",\"potentialAction\":[{\"@type\":\"CommentAction\",\"name\":\"Comment\",\"target\":[\"https:\/\/www.africa-press.net\/tchad\/politique\/accord-de-doha-un-moment-cle-pour-le-peuple-tchadien-reagit-antonio-guterres#respond\"]}]},{\"@type\":\"WebPage\",\"@id\":\"https:\/\/www.africa-press.net\/tchad\/politique\/accord-de-doha-un-moment-cle-pour-le-peuple-tchadien-reagit-antonio-guterres\",\"url\":\"https:\/\/www.africa-press.net\/tchad\/politique\/accord-de-doha-un-moment-cle-pour-le-peuple-tchadien-reagit-antonio-guterres\",\"name\":\"Accord de Doha : \\\"un moment cl\u00e9 pour le peuple tchadien\\\", r\u00e9agit Antonio Guterres - tchad\",\"isPartOf\":{\"@id\":\"https:\/\/www.africa-press.net\/tchad\/#website\"},\"primaryImageOfPage\":{\"@id\":\"https:\/\/www.africa-press.net\/tchad\/politique\/accord-de-doha-un-moment-cle-pour-le-peuple-tchadien-reagit-antonio-guterres#primaryimage\"},\"image\":{\"@id\":\"https:\/\/www.africa-press.net\/tchad\/politique\/accord-de-doha-un-moment-cle-pour-le-peuple-tchadien-reagit-antonio-guterres#primaryimage\"},\"thumbnailUrl\":\"https:\/\/static.africa-press.net\/tchad\/sites\/41\/2022\/08\/postQueueImg_9-62f0d9ab7a425.jpg\",\"datePublished\":\"2022-08-08T09:31:07+00:00\",\"dateModified\":\"2022-08-08T09:39:22+00:00\",\"author\":{\"@id\":\"https:\/\/www.africa-press.net\/tchad\/#\/schema\/person\/2b1cf3cd81a31e3cd26889ca66d677f1\"},\"description\":\"Le secr\u00e9taire g\u00e9n\u00e9ral de l'ONU, Antonio Guterres, a prononc\u00e9 un discours pr\u00e9-enregistr\u00e9 ce 8 ao\u00fbt, au cours de la c\u00e9r\u00e9mo ...\",\"breadcrumb\":{\"@id\":\"https:\/\/www.africa-press.net\/tchad\/politique\/accord-de-doha-un-moment-cle-pour-le-peuple-tchadien-reagit-antonio-guterres#breadcrumb\"},\"inLanguage\":\"fr-FR\",\"potentialAction\":[{\"@type\":\"ReadAction\",\"target\":[\"https:\/\/www.africa-press.net\/tchad\/politique\/accord-de-doha-un-moment-cle-pour-le-peuple-tchadien-reagit-antonio-guterres\"]}]},{\"@type\":\"ImageObject\",\"inLanguage\":\"fr-FR\",\"@id\":\"https:\/\/www.africa-press.net\/tchad\/politique\/accord-de-doha-un-moment-cle-pour-le-peuple-tchadien-reagit-antonio-guterres#primaryimage\",\"url\":\"https:\/\/static.africa-press.net\/tchad\/sites\/41\/2022\/08\/postQueueImg_9-62f0d9ab7a425.jpg\",\"contentUrl\":\"https:\/\/static.africa-press.net\/tchad\/sites\/41\/2022\/08\/postQueueImg_9-62f0d9ab7a425.jpg\",\"width\":960,\"height\":842,\"caption\":\"Accord de Doha : \\\"un moment cl\u00e9 pour le peuple tchadien\\\", r\u00e9agit Antonio Guterres\"},{\"@type\":\"BreadcrumbList\",\"@id\":\"https:\/\/www.africa-press.net\/tchad\/politique\/accord-de-doha-un-moment-cle-pour-le-peuple-tchadien-reagit-antonio-guterres#breadcrumb\",\"itemListElement\":[{\"@type\":\"ListItem\",\"position\":1,\"name\":\"Accueil\",\"item\":\"https:\/\/www.africa-press.net\/tchad\/\"},{\"@type\":\"ListItem\",\"position\":2,\"name\":\"Accord de Doha : &#8220;un moment cl\u00e9 pour le peuple tchadien&#8221;, r\u00e9agit Antonio Guterres\"}]},{\"@type\":\"WebSite\",\"@id\":\"https:\/\/www.africa-press.net\/tchad\/#website\",\"url\":\"https:\/\/www.africa-press.net\/tchad\/\",\"name\":\"tchad\",\"description\":\"Just another Africa News Agency Sites site\",\"potentialAction\":[{\"@type\":\"SearchAction\",\"target\":{\"@type\":\"EntryPoint\",\"urlTemplate\":\"https:\/\/www.africa-press.net\/tchad\/?s={search_term_string}\"},\"query-input\":{\"@type\":\"PropertyValueSpecification\",\"valueRequired\":true,\"valueName\":\"search_term_string\"}}],\"inLanguage\":\"fr-FR\"},{\"@type\":\"Person\",\"@id\":\"https:\/\/www.africa-press.net\/tchad\/#\/schema\/person\/2b1cf3cd81a31e3cd26889ca66d677f1\",\"name\":\"cfeditorfr\"}]}<\/script>\n<!-- \/ Yoast SEO Premium plugin. -->","yoast_head_json":{"title":"Accord de Doha : \"un moment cl\u00e9 pour le peuple tchadien\", r\u00e9agit Antonio Guterres - tchad","description":"Le secr\u00e9taire g\u00e9n\u00e9ral de l'ONU, Antonio Guterres, a prononc\u00e9 un discours pr\u00e9-enregistr\u00e9 ce 8 ao\u00fbt, au cours de la c\u00e9r\u00e9mo ...","robots":{"index":"index","follow":"follow","max-snippet":"max-snippet:-1","max-image-preview":"max-image-preview:large","max-video-preview":"max-video-preview:-1"},"canonical":"https:\/\/www.africa-press.net\/tchad\/politique\/accord-de-doha-un-moment-cle-pour-le-peuple-tchadien-reagit-antonio-guterres","og_locale":"fr_FR","og_type":"article","og_title":"Accord de Doha : \"un moment cl\u00e9 pour le peuple tchadien\", r\u00e9agit Antonio Guterres","og_description":"Le secr\u00e9taire g\u00e9n\u00e9ral de l'ONU, Antonio Guterres, a prononc\u00e9 un discours pr\u00e9-enregistr\u00e9 ce 8 ao\u00fbt, au cours de la c\u00e9r\u00e9mo ...","og_url":"https:\/\/www.africa-press.net\/tchad\/politique\/accord-de-doha-un-moment-cle-pour-le-peuple-tchadien-reagit-antonio-guterres","og_site_name":"tchad","article_published_time":"2022-08-08T09:31:07+00:00","article_modified_time":"2022-08-08T09:39:22+00:00","og_image":[{"width":960,"height":842,"url":"https:\/\/static.africa-press.net\/tchad\/sites\/41\/2022\/08\/postQueueImg_9-62f0d9ab7a425.jpg","type":"image\/jpeg"}],"author":"cfeditorfr","twitter_card":"summary_large_image","twitter_misc":{"\u00c9crit par":"cfeditorfr","Dur\u00e9e de lecture estim\u00e9e":"2 minutes"},"schema":{"@context":"https:\/\/schema.org","@graph":[{"@type":"Article","@id":"https:\/\/www.africa-press.net\/tchad\/politique\/accord-de-doha-un-moment-cle-pour-le-peuple-tchadien-reagit-antonio-guterres#article","isPartOf":{"@id":"https:\/\/www.africa-press.net\/tchad\/politique\/accord-de-doha-un-moment-cle-pour-le-peuple-tchadien-reagit-antonio-guterres"},"author":{"name":"cfeditorfr","@id":"https:\/\/www.africa-press.net\/tchad\/#\/schema\/person\/2b1cf3cd81a31e3cd26889ca66d677f1"},"headline":"Accord de Doha : \u00ab\u00a0un moment cl\u00e9 pour le peuple tchadien\u00a0\u00bb, r\u00e9agit Antonio Guterres","datePublished":"2022-08-08T09:31:07+00:00","dateModified":"2022-08-08T09:39:22+00:00","mainEntityOfPage":{"@id":"https:\/\/www.africa-press.net\/tchad\/politique\/accord-de-doha-un-moment-cle-pour-le-peuple-tchadien-reagit-antonio-guterres"},"wordCount":286,"commentCount":0,"image":{"@id":"https:\/\/www.africa-press.net\/tchad\/politique\/accord-de-doha-un-moment-cle-pour-le-peuple-tchadien-reagit-antonio-guterres#primaryimage"},"thumbnailUrl":"https:\/\/static.africa-press.net\/tchad\/sites\/41\/2022\/08\/postQueueImg_9-62f0d9ab7a425.jpg","keywords":["Africa Press","Africa Press-Tchad","Tchad"],"articleSection":["homepage-french","Politique","Top Nouvelles","Toutes les actualit\u00e9s"],"inLanguage":"fr-FR","potentialAction":[{"@type":"CommentAction","name":"Comment","target":["https:\/\/www.africa-press.net\/tchad\/politique\/accord-de-doha-un-moment-cle-pour-le-peuple-tchadien-reagit-antonio-guterres#respond"]}]},{"@type":"WebPage","@id":"https:\/\/www.africa-press.net\/tchad\/politique\/accord-de-doha-un-moment-cle-pour-le-peuple-tchadien-reagit-antonio-guterres","url":"https:\/\/www.africa-press.net\/tchad\/politique\/accord-de-doha-un-moment-cle-pour-le-peuple-tchadien-reagit-antonio-guterres","name":"Accord de Doha : \"un moment cl\u00e9 pour le peuple tchadien\", r\u00e9agit Antonio Guterres - tchad","isPartOf":{"@id":"https:\/\/www.africa-press.net\/tchad\/#website"},"primaryImageOfPage":{"@id":"https:\/\/www.africa-press.net\/tchad\/politique\/accord-de-doha-un-moment-cle-pour-le-peuple-tchadien-reagit-antonio-guterres#primaryimage"},"image":{"@id":"https:\/\/www.africa-press.net\/tchad\/politique\/accord-de-doha-un-moment-cle-pour-le-peuple-tchadien-reagit-antonio-guterres#primaryimage"},"thumbnailUrl":"https:\/\/static.africa-press.net\/tchad\/sites\/41\/2022\/08\/postQueueImg_9-62f0d9ab7a425.jpg","datePublished":"2022-08-08T09:31:07+00:00","dateModified":"2022-08-08T09:39:22+00:00","author":{"@id":"https:\/\/www.africa-press.net\/tchad\/#\/schema\/person\/2b1cf3cd81a31e3cd26889ca66d677f1"},"description":"Le secr\u00e9taire g\u00e9n\u00e9ral de l'ONU, Antonio Guterres, a prononc\u00e9 un discours pr\u00e9-enregistr\u00e9 ce 8 ao\u00fbt, au cours de la c\u00e9r\u00e9mo ...","breadcrumb":{"@id":"https:\/\/www.africa-press.net\/tchad\/politique\/accord-de-doha-un-moment-cle-pour-le-peuple-tchadien-reagit-antonio-guterres#breadcrumb"},"inLanguage":"fr-FR","potentialAction":[{"@type":"ReadAction","target":["https:\/\/www.africa-press.net\/tchad\/politique\/accord-de-doha-un-moment-cle-pour-le-peuple-tchadien-reagit-antonio-guterres"]}]},{"@type":"ImageObject","inLanguage":"fr-FR","@id":"https:\/\/www.africa-press.net\/tchad\/politique\/accord-de-doha-un-moment-cle-pour-le-peuple-tchadien-reagit-antonio-guterres#primaryimage","url":"https:\/\/static.africa-press.net\/tchad\/sites\/41\/2022\/08\/postQueueImg_9-62f0d9ab7a425.jpg","contentUrl":"https:\/\/static.africa-press.net\/tchad\/sites\/41\/2022\/08\/postQueueImg_9-62f0d9ab7a425.jpg","width":960,"height":842,"caption":"Accord de Doha : \"un moment cl\u00e9 pour le peuple tchadien\", r\u00e9agit Antonio Guterres"},{"@type":"BreadcrumbList","@id":"https:\/\/www.africa-press.net\/tchad\/politique\/accord-de-doha-un-moment-cle-pour-le-peuple-tchadien-reagit-antonio-guterres#breadcrumb","itemListElement":[{"@type":"ListItem","position":1,"name":"Accueil","item":"https:\/\/www.africa-press.net\/tchad\/"},{"@type":"ListItem","position":2,"name":"Accord de Doha : &#8220;un moment cl\u00e9 pour le peuple tchadien&#8221;, r\u00e9agit Antonio Guterres"}]},{"@type":"WebSite","@id":"https:\/\/www.africa-press.net\/tchad\/#website","url":"https:\/\/www.africa-press.net\/tchad\/","name":"tchad","description":"Just another Africa News Agency Sites site","potentialAction":[{"@type":"SearchAction","target":{"@type":"EntryPoint","urlTemplate":"https:\/\/www.africa-press.net\/tchad\/?s={search_term_string}"},"query-input":{"@type":"PropertyValueSpecification","valueRequired":true,"valueName":"search_term_string"}}],"inLanguage":"fr-FR"},{"@type":"Person","@id":"https:\/\/www.africa-press.net\/tchad\/#\/schema\/person\/2b1cf3cd81a31e3cd26889ca66d677f1","name":"cfeditorfr"}]}},"_links":{"self":[{"href":"https:\/\/www.africa-press.net\/tchad\/wp-json\/wp\/v2\/posts\/30288","targetHints":{"allow":["GET"]}}],"collection":[{"href":"https:\/\/www.africa-press.net\/tchad\/wp-json\/wp\/v2\/posts"}],"about":[{"href":"https:\/\/www.africa-press.net\/tchad\/wp-json\/wp\/v2\/types\/post"}],"author":[{"embeddable":true,"href":"https:\/\/www.africa-press.net\/tchad\/wp-json\/wp\/v2\/users\/82"}],"replies":[{"embeddable":true,"href":"https:\/\/www.africa-press.net\/tchad\/wp-json\/wp\/v2\/comments?post=30288"}],"version-history":[{"count":0,"href":"https:\/\/www.africa-press.net\/tchad\/wp-json\/wp\/v2\/posts\/30288\/revisions"}],"wp:featuredmedia":[{"embeddable":true,"href":"https:\/\/www.africa-press.net\/tchad\/wp-json\/wp\/v2\/media\/30287"}],"wp:attachment":[{"href":"https:\/\/www.africa-press.net\/tchad\/wp-json\/wp\/v2\/media?parent=30288"}],"wp:term":[{"taxonomy":"category","embeddable":true,"href":"https:\/\/www.africa-press.net\/tchad\/wp-json\/wp\/v2\/categories?post=30288"},{"taxonomy":"post_tag","embeddable":true,"href":"https:\/\/www.africa-press.net\/tchad\/wp-json\/wp\/v2\/tags?post=30288"}],"curies":[{"name":"wp","href":"https:\/\/api.w.org\/{rel}","templated":true}]}}