{"id":30291,"date":"2022-08-09T18:09:25","date_gmt":"2022-08-09T18:09:25","guid":{"rendered":"https:\/\/www.africa-press.net\/tchad\/politique\/accord-de-doha-un-developpement-significatif-dans-la-periode-de-transition-du-tchad"},"modified":"2022-08-09T18:16:25","modified_gmt":"2022-08-09T18:16:25","slug":"accord-de-doha-un-developpement-significatif-dans-la-periode-de-transition-du-tchad","status":"publish","type":"post","link":"https:\/\/www.africa-press.net\/tchad\/politique\/accord-de-doha-un-developpement-significatif-dans-la-periode-de-transition-du-tchad","title":{"rendered":"Accord de Doha : \u00ab\u00a0un d\u00e9veloppement significatif dans la p\u00e9riode de transition du Tchad\u00a0\u00bb"},"content":{"rendered":"<p><span style=\"color: #ff6600\"><strong>Africa-Press &#8211; Tchad. <\/strong><\/span>Ils se f\u00e9licitent de cette \u00e9tape vers la r\u00e9conciliation au Tchad. \u00ab\u00a0Nous reconnaissons le r\u00f4le du gouvernement du Qatar, du gouvernement de transition tchadien et des voix politico-militaires dans ce processus, et nous encourageons tous les groupes tchadiens \u00e0 s&rsquo;associer pour assurer la paix, la prosp\u00e9rit\u00e9 et la stabilit\u00e9\u00a0\u00bb, affirme Ned Price, porte-parole du d\u00e9partement d\u2019\u00c9tat.<\/p>\n<p>\u00ab\u00a0Cet accord de paix est un d\u00e9veloppement significatif dans la p\u00e9riode de transition du Tchad. Les \u00c9tats-Unis sont aux c\u00f4t\u00e9s du Tchad alors qu&rsquo;il coordonne un dialogue national, r\u00e9vise sa constitution et organise des \u00e9lections libres et \u00e9quitables d&rsquo;un gouvernement dirig\u00e9 par des civils, qui se tiendront dans les d\u00e9lais pr\u00e9vus, ce qui refl\u00e9tera la volont\u00e9 du peuple et sera conforme aux principes \u00e9nonc\u00e9s dans le communiqu\u00e9 de l&rsquo;Union africaine de mai 2021\u00a0\u00bb, ajoute le porte-parole du d\u00e9partement d\u2019\u00c9tat.<\/p>\n<p>Le gouvernement des \u00c9tats-Unis \u00ab\u00a0est aux c\u00f4t\u00e9s du peuple tchadien. Que la prochaine g\u00e9n\u00e9ration de dirigeants s&rsquo;appuie sur les forces de toutes les voix pour promouvoir une paix durable. Nous partageons l&rsquo;optimisme d&rsquo;un avenir brillant, qui respecte la dignit\u00e9 de tous les Tchadiens, et qui permet la prosp\u00e9rit\u00e9 pour les g\u00e9n\u00e9rations \u00e0 venir\u00a0\u00bb.<\/p>\n<p><strong>Pour plus d&rsquo;informations et d&rsquo;analyses sur la <a href=\"https:\/\/www.africa-press.net\/tchad\">Tchad<\/a>, suivez <a href=\"https:\/\/www.africa-press.net\/\">Africa-Press<\/a><\/strong><\/p>\n","protected":false},"excerpt":{"rendered":"<p>Africa-Press &#8211; Tchad. Ils se f\u00e9licitent de cette \u00e9tape vers la r\u00e9conciliation au Tchad. \u00ab\u00a0Nous reconnaissons le r\u00f4le du gouvernement du Qatar, du gouvernement de transition tchadien et des voix politico-militaires dans ce processus, et nous encourageons tous les groupes tchadiens \u00e0 s&rsquo;associer pour assurer la paix, la prosp\u00e9rit\u00e9 et la stabilit\u00e9\u00a0\u00bb, affirme Ned Price, [&hellip;]<\/p>\n","protected":false},"author":82,"featured_media":30290,"comment_status":"open","ping_status":"closed","sticky":false,"template":"","format":"standard","meta":{"footnotes":""},"categories":[11,2,10],"tags":[37,292,29],"class_list":["post-30291","post","type-post","status-publish","format-standard","has-post-thumbnail","hentry","category-homepage-french","category-politique","category-toutes-les-actualites","tag-africa-press","tag-africa-press-tchad","tag-tchad"],"yoast_head":"<!-- This site is optimized with the Yoast SEO Premium plugin v26.1 (Yoast SEO v27.0) - https:\/\/yoast.com\/product\/yoast-seo-premium-wordpress\/ -->\n<title>Accord de Doha : &quot;un d\u00e9veloppement significatif dans la p\u00e9riode de transition du Tchad&quot; - tchad<\/title>\n<meta name=\"description\" content=\"Ils se f\u00e9licitent de cette \u00e9tape vers la r\u00e9conciliation au Tchad. &quot;Nous reconnaissons le r\u00f4le du gouvernement du Qatar, ...\" \/>\n<meta name=\"robots\" content=\"index, follow, max-snippet:-1, max-image-preview:large, max-video-preview:-1\" \/>\n<link rel=\"canonical\" href=\"https:\/\/www.africa-press.net\/tchad\/politique\/accord-de-doha-un-developpement-significatif-dans-la-periode-de-transition-du-tchad\" \/>\n<meta property=\"og:locale\" content=\"fr_FR\" \/>\n<meta property=\"og:type\" content=\"article\" \/>\n<meta property=\"og:title\" content=\"Accord de Doha : &quot;un d\u00e9veloppement significatif dans la p\u00e9riode de transition du Tchad&quot;\" \/>\n<meta property=\"og:description\" content=\"Ils se f\u00e9licitent de cette \u00e9tape vers la r\u00e9conciliation au Tchad. &quot;Nous reconnaissons le r\u00f4le du gouvernement du Qatar, ...\" \/>\n<meta property=\"og:url\" content=\"https:\/\/www.africa-press.net\/tchad\/politique\/accord-de-doha-un-developpement-significatif-dans-la-periode-de-transition-du-tchad\" \/>\n<meta property=\"og:site_name\" content=\"tchad\" \/>\n<meta property=\"article:published_time\" content=\"2022-08-09T18:09:25+00:00\" \/>\n<meta property=\"article:modified_time\" content=\"2022-08-09T18:16:25+00:00\" \/>\n<meta property=\"og:image\" content=\"https:\/\/static.africa-press.net\/tchad\/sites\/41\/2022\/08\/postQueueImg_1-62f2a42f76dad.jpg\" \/>\n\t<meta property=\"og:image:width\" content=\"720\" \/>\n\t<meta property=\"og:image:height\" content=\"444\" \/>\n\t<meta property=\"og:image:type\" content=\"image\/jpeg\" \/>\n<meta name=\"author\" content=\"cfeditorfr\" \/>\n<meta name=\"twitter:card\" content=\"summary_large_image\" \/>\n<meta name=\"twitter:label1\" content=\"\u00c9crit par\" \/>\n\t<meta name=\"twitter:data1\" content=\"cfeditorfr\" \/>\n\t<meta name=\"twitter:label2\" content=\"Dur\u00e9e de lecture estim\u00e9e\" \/>\n\t<meta name=\"twitter:data2\" content=\"2 minutes\" \/>\n<script type=\"application\/ld+json\" class=\"yoast-schema-graph\">{\"@context\":\"https:\/\/schema.org\",\"@graph\":[{\"@type\":\"Article\",\"@id\":\"https:\/\/www.africa-press.net\/tchad\/politique\/accord-de-doha-un-developpement-significatif-dans-la-periode-de-transition-du-tchad#article\",\"isPartOf\":{\"@id\":\"https:\/\/www.africa-press.net\/tchad\/politique\/accord-de-doha-un-developpement-significatif-dans-la-periode-de-transition-du-tchad\"},\"author\":{\"name\":\"cfeditorfr\",\"@id\":\"https:\/\/www.africa-press.net\/tchad\/#\/schema\/person\/2b1cf3cd81a31e3cd26889ca66d677f1\"},\"headline\":\"Accord de Doha : \u00ab\u00a0un d\u00e9veloppement significatif dans la p\u00e9riode de transition du Tchad\u00a0\u00bb\",\"datePublished\":\"2022-08-09T18:09:25+00:00\",\"dateModified\":\"2022-08-09T18:16:25+00:00\",\"mainEntityOfPage\":{\"@id\":\"https:\/\/www.africa-press.net\/tchad\/politique\/accord-de-doha-un-developpement-significatif-dans-la-periode-de-transition-du-tchad\"},\"wordCount\":246,\"commentCount\":0,\"image\":{\"@id\":\"https:\/\/www.africa-press.net\/tchad\/politique\/accord-de-doha-un-developpement-significatif-dans-la-periode-de-transition-du-tchad#primaryimage\"},\"thumbnailUrl\":\"https:\/\/static.africa-press.net\/tchad\/sites\/41\/2022\/08\/postQueueImg_1-62f2a42f76dad.jpg\",\"keywords\":[\"Africa Press\",\"Africa Press-Tchad\",\"Tchad\"],\"articleSection\":[\"homepage-french\",\"Politique\",\"Toutes les actualit\u00e9s\"],\"inLanguage\":\"fr-FR\",\"potentialAction\":[{\"@type\":\"CommentAction\",\"name\":\"Comment\",\"target\":[\"https:\/\/www.africa-press.net\/tchad\/politique\/accord-de-doha-un-developpement-significatif-dans-la-periode-de-transition-du-tchad#respond\"]}]},{\"@type\":\"WebPage\",\"@id\":\"https:\/\/www.africa-press.net\/tchad\/politique\/accord-de-doha-un-developpement-significatif-dans-la-periode-de-transition-du-tchad\",\"url\":\"https:\/\/www.africa-press.net\/tchad\/politique\/accord-de-doha-un-developpement-significatif-dans-la-periode-de-transition-du-tchad\",\"name\":\"Accord de Doha : \\\"un d\u00e9veloppement significatif dans la p\u00e9riode de transition du Tchad\\\" - tchad\",\"isPartOf\":{\"@id\":\"https:\/\/www.africa-press.net\/tchad\/#website\"},\"primaryImageOfPage\":{\"@id\":\"https:\/\/www.africa-press.net\/tchad\/politique\/accord-de-doha-un-developpement-significatif-dans-la-periode-de-transition-du-tchad#primaryimage\"},\"image\":{\"@id\":\"https:\/\/www.africa-press.net\/tchad\/politique\/accord-de-doha-un-developpement-significatif-dans-la-periode-de-transition-du-tchad#primaryimage\"},\"thumbnailUrl\":\"https:\/\/static.africa-press.net\/tchad\/sites\/41\/2022\/08\/postQueueImg_1-62f2a42f76dad.jpg\",\"datePublished\":\"2022-08-09T18:09:25+00:00\",\"dateModified\":\"2022-08-09T18:16:25+00:00\",\"author\":{\"@id\":\"https:\/\/www.africa-press.net\/tchad\/#\/schema\/person\/2b1cf3cd81a31e3cd26889ca66d677f1\"},\"description\":\"Ils se f\u00e9licitent de cette \u00e9tape vers la r\u00e9conciliation au Tchad. \\\"Nous reconnaissons le r\u00f4le du gouvernement du Qatar, ...\",\"breadcrumb\":{\"@id\":\"https:\/\/www.africa-press.net\/tchad\/politique\/accord-de-doha-un-developpement-significatif-dans-la-periode-de-transition-du-tchad#breadcrumb\"},\"inLanguage\":\"fr-FR\",\"potentialAction\":[{\"@type\":\"ReadAction\",\"target\":[\"https:\/\/www.africa-press.net\/tchad\/politique\/accord-de-doha-un-developpement-significatif-dans-la-periode-de-transition-du-tchad\"]}]},{\"@type\":\"ImageObject\",\"inLanguage\":\"fr-FR\",\"@id\":\"https:\/\/www.africa-press.net\/tchad\/politique\/accord-de-doha-un-developpement-significatif-dans-la-periode-de-transition-du-tchad#primaryimage\",\"url\":\"https:\/\/static.africa-press.net\/tchad\/sites\/41\/2022\/08\/postQueueImg_1-62f2a42f76dad.jpg\",\"contentUrl\":\"https:\/\/static.africa-press.net\/tchad\/sites\/41\/2022\/08\/postQueueImg_1-62f2a42f76dad.jpg\",\"width\":720,\"height\":444,\"caption\":\"Accord de Doha : \\\"un d\u00e9veloppement significatif dans la p\u00e9riode de transition du Tchad\\\"\"},{\"@type\":\"BreadcrumbList\",\"@id\":\"https:\/\/www.africa-press.net\/tchad\/politique\/accord-de-doha-un-developpement-significatif-dans-la-periode-de-transition-du-tchad#breadcrumb\",\"itemListElement\":[{\"@type\":\"ListItem\",\"position\":1,\"name\":\"Accueil\",\"item\":\"https:\/\/www.africa-press.net\/tchad\/\"},{\"@type\":\"ListItem\",\"position\":2,\"name\":\"Accord de Doha : &#8220;un d\u00e9veloppement significatif dans la p\u00e9riode de transition du Tchad&#8221;\"}]},{\"@type\":\"WebSite\",\"@id\":\"https:\/\/www.africa-press.net\/tchad\/#website\",\"url\":\"https:\/\/www.africa-press.net\/tchad\/\",\"name\":\"tchad\",\"description\":\"Just another Africa News Agency Sites site\",\"potentialAction\":[{\"@type\":\"SearchAction\",\"target\":{\"@type\":\"EntryPoint\",\"urlTemplate\":\"https:\/\/www.africa-press.net\/tchad\/?s={search_term_string}\"},\"query-input\":{\"@type\":\"PropertyValueSpecification\",\"valueRequired\":true,\"valueName\":\"search_term_string\"}}],\"inLanguage\":\"fr-FR\"},{\"@type\":\"Person\",\"@id\":\"https:\/\/www.africa-press.net\/tchad\/#\/schema\/person\/2b1cf3cd81a31e3cd26889ca66d677f1\",\"name\":\"cfeditorfr\"}]}<\/script>\n<!-- \/ Yoast SEO Premium plugin. -->","yoast_head_json":{"title":"Accord de Doha : \"un d\u00e9veloppement significatif dans la p\u00e9riode de transition du Tchad\" - tchad","description":"Ils se f\u00e9licitent de cette \u00e9tape vers la r\u00e9conciliation au Tchad. \"Nous reconnaissons le r\u00f4le du gouvernement du Qatar, ...","robots":{"index":"index","follow":"follow","max-snippet":"max-snippet:-1","max-image-preview":"max-image-preview:large","max-video-preview":"max-video-preview:-1"},"canonical":"https:\/\/www.africa-press.net\/tchad\/politique\/accord-de-doha-un-developpement-significatif-dans-la-periode-de-transition-du-tchad","og_locale":"fr_FR","og_type":"article","og_title":"Accord de Doha : \"un d\u00e9veloppement significatif dans la p\u00e9riode de transition du Tchad\"","og_description":"Ils se f\u00e9licitent de cette \u00e9tape vers la r\u00e9conciliation au Tchad. \"Nous reconnaissons le r\u00f4le du gouvernement du Qatar, ...","og_url":"https:\/\/www.africa-press.net\/tchad\/politique\/accord-de-doha-un-developpement-significatif-dans-la-periode-de-transition-du-tchad","og_site_name":"tchad","article_published_time":"2022-08-09T18:09:25+00:00","article_modified_time":"2022-08-09T18:16:25+00:00","og_image":[{"width":720,"height":444,"url":"https:\/\/static.africa-press.net\/tchad\/sites\/41\/2022\/08\/postQueueImg_1-62f2a42f76dad.jpg","type":"image\/jpeg"}],"author":"cfeditorfr","twitter_card":"summary_large_image","twitter_misc":{"\u00c9crit par":"cfeditorfr","Dur\u00e9e de lecture estim\u00e9e":"2 minutes"},"schema":{"@context":"https:\/\/schema.org","@graph":[{"@type":"Article","@id":"https:\/\/www.africa-press.net\/tchad\/politique\/accord-de-doha-un-developpement-significatif-dans-la-periode-de-transition-du-tchad#article","isPartOf":{"@id":"https:\/\/www.africa-press.net\/tchad\/politique\/accord-de-doha-un-developpement-significatif-dans-la-periode-de-transition-du-tchad"},"author":{"name":"cfeditorfr","@id":"https:\/\/www.africa-press.net\/tchad\/#\/schema\/person\/2b1cf3cd81a31e3cd26889ca66d677f1"},"headline":"Accord de Doha : \u00ab\u00a0un d\u00e9veloppement significatif dans la p\u00e9riode de transition du Tchad\u00a0\u00bb","datePublished":"2022-08-09T18:09:25+00:00","dateModified":"2022-08-09T18:16:25+00:00","mainEntityOfPage":{"@id":"https:\/\/www.africa-press.net\/tchad\/politique\/accord-de-doha-un-developpement-significatif-dans-la-periode-de-transition-du-tchad"},"wordCount":246,"commentCount":0,"image":{"@id":"https:\/\/www.africa-press.net\/tchad\/politique\/accord-de-doha-un-developpement-significatif-dans-la-periode-de-transition-du-tchad#primaryimage"},"thumbnailUrl":"https:\/\/static.africa-press.net\/tchad\/sites\/41\/2022\/08\/postQueueImg_1-62f2a42f76dad.jpg","keywords":["Africa Press","Africa Press-Tchad","Tchad"],"articleSection":["homepage-french","Politique","Toutes les actualit\u00e9s"],"inLanguage":"fr-FR","potentialAction":[{"@type":"CommentAction","name":"Comment","target":["https:\/\/www.africa-press.net\/tchad\/politique\/accord-de-doha-un-developpement-significatif-dans-la-periode-de-transition-du-tchad#respond"]}]},{"@type":"WebPage","@id":"https:\/\/www.africa-press.net\/tchad\/politique\/accord-de-doha-un-developpement-significatif-dans-la-periode-de-transition-du-tchad","url":"https:\/\/www.africa-press.net\/tchad\/politique\/accord-de-doha-un-developpement-significatif-dans-la-periode-de-transition-du-tchad","name":"Accord de Doha : \"un d\u00e9veloppement significatif dans la p\u00e9riode de transition du Tchad\" - tchad","isPartOf":{"@id":"https:\/\/www.africa-press.net\/tchad\/#website"},"primaryImageOfPage":{"@id":"https:\/\/www.africa-press.net\/tchad\/politique\/accord-de-doha-un-developpement-significatif-dans-la-periode-de-transition-du-tchad#primaryimage"},"image":{"@id":"https:\/\/www.africa-press.net\/tchad\/politique\/accord-de-doha-un-developpement-significatif-dans-la-periode-de-transition-du-tchad#primaryimage"},"thumbnailUrl":"https:\/\/static.africa-press.net\/tchad\/sites\/41\/2022\/08\/postQueueImg_1-62f2a42f76dad.jpg","datePublished":"2022-08-09T18:09:25+00:00","dateModified":"2022-08-09T18:16:25+00:00","author":{"@id":"https:\/\/www.africa-press.net\/tchad\/#\/schema\/person\/2b1cf3cd81a31e3cd26889ca66d677f1"},"description":"Ils se f\u00e9licitent de cette \u00e9tape vers la r\u00e9conciliation au Tchad. \"Nous reconnaissons le r\u00f4le du gouvernement du Qatar, ...","breadcrumb":{"@id":"https:\/\/www.africa-press.net\/tchad\/politique\/accord-de-doha-un-developpement-significatif-dans-la-periode-de-transition-du-tchad#breadcrumb"},"inLanguage":"fr-FR","potentialAction":[{"@type":"ReadAction","target":["https:\/\/www.africa-press.net\/tchad\/politique\/accord-de-doha-un-developpement-significatif-dans-la-periode-de-transition-du-tchad"]}]},{"@type":"ImageObject","inLanguage":"fr-FR","@id":"https:\/\/www.africa-press.net\/tchad\/politique\/accord-de-doha-un-developpement-significatif-dans-la-periode-de-transition-du-tchad#primaryimage","url":"https:\/\/static.africa-press.net\/tchad\/sites\/41\/2022\/08\/postQueueImg_1-62f2a42f76dad.jpg","contentUrl":"https:\/\/static.africa-press.net\/tchad\/sites\/41\/2022\/08\/postQueueImg_1-62f2a42f76dad.jpg","width":720,"height":444,"caption":"Accord de Doha : \"un d\u00e9veloppement significatif dans la p\u00e9riode de transition du Tchad\""},{"@type":"BreadcrumbList","@id":"https:\/\/www.africa-press.net\/tchad\/politique\/accord-de-doha-un-developpement-significatif-dans-la-periode-de-transition-du-tchad#breadcrumb","itemListElement":[{"@type":"ListItem","position":1,"name":"Accueil","item":"https:\/\/www.africa-press.net\/tchad\/"},{"@type":"ListItem","position":2,"name":"Accord de Doha : &#8220;un d\u00e9veloppement significatif dans la p\u00e9riode de transition du Tchad&#8221;"}]},{"@type":"WebSite","@id":"https:\/\/www.africa-press.net\/tchad\/#website","url":"https:\/\/www.africa-press.net\/tchad\/","name":"tchad","description":"Just another Africa News Agency Sites site","potentialAction":[{"@type":"SearchAction","target":{"@type":"EntryPoint","urlTemplate":"https:\/\/www.africa-press.net\/tchad\/?s={search_term_string}"},"query-input":{"@type":"PropertyValueSpecification","valueRequired":true,"valueName":"search_term_string"}}],"inLanguage":"fr-FR"},{"@type":"Person","@id":"https:\/\/www.africa-press.net\/tchad\/#\/schema\/person\/2b1cf3cd81a31e3cd26889ca66d677f1","name":"cfeditorfr"}]}},"_links":{"self":[{"href":"https:\/\/www.africa-press.net\/tchad\/wp-json\/wp\/v2\/posts\/30291","targetHints":{"allow":["GET"]}}],"collection":[{"href":"https:\/\/www.africa-press.net\/tchad\/wp-json\/wp\/v2\/posts"}],"about":[{"href":"https:\/\/www.africa-press.net\/tchad\/wp-json\/wp\/v2\/types\/post"}],"author":[{"embeddable":true,"href":"https:\/\/www.africa-press.net\/tchad\/wp-json\/wp\/v2\/users\/82"}],"replies":[{"embeddable":true,"href":"https:\/\/www.africa-press.net\/tchad\/wp-json\/wp\/v2\/comments?post=30291"}],"version-history":[{"count":0,"href":"https:\/\/www.africa-press.net\/tchad\/wp-json\/wp\/v2\/posts\/30291\/revisions"}],"wp:featuredmedia":[{"embeddable":true,"href":"https:\/\/www.africa-press.net\/tchad\/wp-json\/wp\/v2\/media\/30290"}],"wp:attachment":[{"href":"https:\/\/www.africa-press.net\/tchad\/wp-json\/wp\/v2\/media?parent=30291"}],"wp:term":[{"taxonomy":"category","embeddable":true,"href":"https:\/\/www.africa-press.net\/tchad\/wp-json\/wp\/v2\/categories?post=30291"},{"taxonomy":"post_tag","embeddable":true,"href":"https:\/\/www.africa-press.net\/tchad\/wp-json\/wp\/v2\/tags?post=30291"}],"curies":[{"name":"wp","href":"https:\/\/api.w.org\/{rel}","templated":true}]}}