{"id":30298,"date":"2022-08-09T18:10:06","date_gmt":"2022-08-09T18:10:06","guid":{"rendered":"https:\/\/www.africa-press.net\/tchad\/politique\/le-chef-du-gouvernement-a-coeur-ouvert-avec-les-eleves-de-lena"},"modified":"2022-08-09T18:18:03","modified_gmt":"2022-08-09T18:18:03","slug":"le-chef-du-gouvernement-a-coeur-ouvert-avec-les-eleves-de-lena","status":"publish","type":"post","link":"https:\/\/www.africa-press.net\/tchad\/politique\/le-chef-du-gouvernement-a-coeur-ouvert-avec-les-eleves-de-lena","title":{"rendered":"le chef du gouvernement \u00e0 coeur ouvert avec les \u00e9l\u00e8ves de l&rsquo;ENA"},"content":{"rendered":"<p><span style=\"color: #ff6600\"><strong>Africa-Press &#8211; Tchad. <\/strong><\/span>Dans un d\u00e9bat tr\u00e8s franc, le chef du gouvernement a fustig\u00e9 les pratiques qui encouragent le n\u00e9potisme et les volont\u00e9s pour un chef de l&rsquo;\u00c9tat de se maintenir au pouvoir par la force. Pour Pahimi Padack\u00e9 Albert, chaque tchadien doit \u00eatre ambassadeur de la paix.<\/p>\n<p>De l&rsquo;avis du premier ministre, le Tchad n&rsquo;a pas un probl\u00e8me de textes mais d&rsquo;application. \u00c0 ses yeux, les conseillers et ministres ont des comp\u00e9tences aussi av\u00e9r\u00e9es qu\u2019ailleurs et serrent les m\u00eames conseils au chef de l\u2019\u00c9tat : \u00ab\u00a0Mais ce n\u2019est pas ce que ses conseillers et ses ministres lui ont dit dans la journ\u00e9e qui vont lui servir de boussole. Le soir, au moment o\u00f9 tout le monde est rentr\u00e9, un cousin ou un neveu semi-analphab\u00e8te va venir lui dire : Monsieur le pr\u00e9sident, ce qui s\u2019est pass\u00e9 au Burkina Faso, \u00e7a ne peut jamais se passer chez nous. Et c\u2019est \u00e7a qu\u2019il va \u00e9couter\u00a0\u00bb.<\/p>\n<p>Pahimi Padack\u00e9 estime que la nouvelle g\u00e9n\u00e9ration doit faire en sorte qu&rsquo;il n&rsquo;y ait plus de prise de pouvoir par les armes : \u00ab\u00a0nous sommes une soci\u00e9t\u00e9 o\u00f9 culturellement, la tradition de vendetta existe encore. Lorsque je prend les armes, les premiers qui m&rsquo;entourent ce sont lesquels ? Ce sont mes parents. (&#8230;) Consid\u00e9rez que j&rsquo;arrive au pouvoir par les armes (&#8230;) Est-ce que j&rsquo;aurais suffisamment les mains libres pour nommer les cadres form\u00e9s que vous \u00eates qui n&rsquo;\u00e9tiez pas avec moi dans cette gal\u00e8re ? Je pose une question de fa\u00e7on aussi brutale. Je me retrouverai otage de mes parents qui n&rsquo;ont pas la m\u00eame formation que vous mais qui malheureusement seront aux premi\u00e8res loges\u00a0\u00bb.<\/p>\n<p>\u00ab\u00a0Le monde entier parlera du Tchad\u00a0\u00bb, a-t-il dit, en r\u00e9action \u00e0 la signature de l&rsquo;accord de Doha avec les politico-militaires qui repr\u00e9sente un espoir pour tous les tchadiens.<\/p>\n<p><strong>Pour plus d&rsquo;informations et d&rsquo;analyses sur la <a href=\"https:\/\/www.africa-press.net\/tchad\">Tchad<\/a>, suivez <a href=\"https:\/\/www.africa-press.net\/\">Africa-Press<\/a><\/strong><\/p>\n","protected":false},"excerpt":{"rendered":"<p>Africa-Press &#8211; Tchad. Dans un d\u00e9bat tr\u00e8s franc, le chef du gouvernement a fustig\u00e9 les pratiques qui encouragent le n\u00e9potisme et les volont\u00e9s pour un chef de l&rsquo;\u00c9tat de se maintenir au pouvoir par la force. Pour Pahimi Padack\u00e9 Albert, chaque tchadien doit \u00eatre ambassadeur de la paix. De l&rsquo;avis du premier ministre, le Tchad [&hellip;]<\/p>\n","protected":false},"author":82,"featured_media":30297,"comment_status":"open","ping_status":"closed","sticky":false,"template":"","format":"standard","meta":{"footnotes":""},"categories":[11,2,10],"tags":[37,292,29],"class_list":["post-30298","post","type-post","status-publish","format-standard","has-post-thumbnail","hentry","category-homepage-french","category-politique","category-toutes-les-actualites","tag-africa-press","tag-africa-press-tchad","tag-tchad"],"yoast_head":"<!-- This site is optimized with the Yoast SEO Premium plugin v26.1 (Yoast SEO v27.0) - https:\/\/yoast.com\/product\/yoast-seo-premium-wordpress\/ -->\n<title>le chef du gouvernement \u00e0 coeur ouvert avec les \u00e9l\u00e8ves de l&#039;ENA - tchad<\/title>\n<meta name=\"description\" content=\"Dans un d\u00e9bat tr\u00e8s franc, le chef du gouvernement a fustig\u00e9 les pratiques qui encouragent le n\u00e9potisme et les volont\u00e9s p ...\" \/>\n<meta name=\"robots\" content=\"index, follow, max-snippet:-1, max-image-preview:large, max-video-preview:-1\" \/>\n<link rel=\"canonical\" href=\"https:\/\/www.africa-press.net\/tchad\/politique\/le-chef-du-gouvernement-a-coeur-ouvert-avec-les-eleves-de-lena\" \/>\n<meta property=\"og:locale\" content=\"fr_FR\" \/>\n<meta property=\"og:type\" content=\"article\" \/>\n<meta property=\"og:title\" content=\"le chef du gouvernement \u00e0 coeur ouvert avec les \u00e9l\u00e8ves de l&#039;ENA\" \/>\n<meta property=\"og:description\" content=\"Dans un d\u00e9bat tr\u00e8s franc, le chef du gouvernement a fustig\u00e9 les pratiques qui encouragent le n\u00e9potisme et les volont\u00e9s p ...\" \/>\n<meta property=\"og:url\" content=\"https:\/\/www.africa-press.net\/tchad\/politique\/le-chef-du-gouvernement-a-coeur-ouvert-avec-les-eleves-de-lena\" \/>\n<meta property=\"og:site_name\" content=\"tchad\" \/>\n<meta property=\"article:published_time\" content=\"2022-08-09T18:10:06+00:00\" \/>\n<meta property=\"article:modified_time\" content=\"2022-08-09T18:18:03+00:00\" \/>\n<meta property=\"og:image\" content=\"https:\/\/static.africa-press.net\/tchad\/sites\/41\/2022\/08\/postQueueImg_3-62f2a4b5895c1.jpg\" \/>\n\t<meta property=\"og:image:width\" content=\"960\" \/>\n\t<meta property=\"og:image:height\" content=\"720\" \/>\n\t<meta property=\"og:image:type\" content=\"image\/jpeg\" \/>\n<meta name=\"author\" content=\"cfeditorfr\" \/>\n<meta name=\"twitter:card\" content=\"summary_large_image\" \/>\n<meta name=\"twitter:label1\" content=\"\u00c9crit par\" \/>\n\t<meta name=\"twitter:data1\" content=\"cfeditorfr\" \/>\n\t<meta name=\"twitter:label2\" content=\"Dur\u00e9e de lecture estim\u00e9e\" \/>\n\t<meta name=\"twitter:data2\" content=\"2 minutes\" \/>\n<script type=\"application\/ld+json\" class=\"yoast-schema-graph\">{\"@context\":\"https:\/\/schema.org\",\"@graph\":[{\"@type\":\"Article\",\"@id\":\"https:\/\/www.africa-press.net\/tchad\/politique\/le-chef-du-gouvernement-a-coeur-ouvert-avec-les-eleves-de-lena#article\",\"isPartOf\":{\"@id\":\"https:\/\/www.africa-press.net\/tchad\/politique\/le-chef-du-gouvernement-a-coeur-ouvert-avec-les-eleves-de-lena\"},\"author\":{\"name\":\"cfeditorfr\",\"@id\":\"https:\/\/www.africa-press.net\/tchad\/#\/schema\/person\/2b1cf3cd81a31e3cd26889ca66d677f1\"},\"headline\":\"le chef du gouvernement \u00e0 coeur ouvert avec les \u00e9l\u00e8ves de l&rsquo;ENA\",\"datePublished\":\"2022-08-09T18:10:06+00:00\",\"dateModified\":\"2022-08-09T18:18:03+00:00\",\"mainEntityOfPage\":{\"@id\":\"https:\/\/www.africa-press.net\/tchad\/politique\/le-chef-du-gouvernement-a-coeur-ouvert-avec-les-eleves-de-lena\"},\"wordCount\":355,\"commentCount\":0,\"image\":{\"@id\":\"https:\/\/www.africa-press.net\/tchad\/politique\/le-chef-du-gouvernement-a-coeur-ouvert-avec-les-eleves-de-lena#primaryimage\"},\"thumbnailUrl\":\"https:\/\/static.africa-press.net\/tchad\/sites\/41\/2022\/08\/postQueueImg_3-62f2a4b5895c1.jpg\",\"keywords\":[\"Africa Press\",\"Africa Press-Tchad\",\"Tchad\"],\"articleSection\":[\"homepage-french\",\"Politique\",\"Toutes les actualit\u00e9s\"],\"inLanguage\":\"fr-FR\",\"potentialAction\":[{\"@type\":\"CommentAction\",\"name\":\"Comment\",\"target\":[\"https:\/\/www.africa-press.net\/tchad\/politique\/le-chef-du-gouvernement-a-coeur-ouvert-avec-les-eleves-de-lena#respond\"]}]},{\"@type\":\"WebPage\",\"@id\":\"https:\/\/www.africa-press.net\/tchad\/politique\/le-chef-du-gouvernement-a-coeur-ouvert-avec-les-eleves-de-lena\",\"url\":\"https:\/\/www.africa-press.net\/tchad\/politique\/le-chef-du-gouvernement-a-coeur-ouvert-avec-les-eleves-de-lena\",\"name\":\"le chef du gouvernement \u00e0 coeur ouvert avec les \u00e9l\u00e8ves de l'ENA - tchad\",\"isPartOf\":{\"@id\":\"https:\/\/www.africa-press.net\/tchad\/#website\"},\"primaryImageOfPage\":{\"@id\":\"https:\/\/www.africa-press.net\/tchad\/politique\/le-chef-du-gouvernement-a-coeur-ouvert-avec-les-eleves-de-lena#primaryimage\"},\"image\":{\"@id\":\"https:\/\/www.africa-press.net\/tchad\/politique\/le-chef-du-gouvernement-a-coeur-ouvert-avec-les-eleves-de-lena#primaryimage\"},\"thumbnailUrl\":\"https:\/\/static.africa-press.net\/tchad\/sites\/41\/2022\/08\/postQueueImg_3-62f2a4b5895c1.jpg\",\"datePublished\":\"2022-08-09T18:10:06+00:00\",\"dateModified\":\"2022-08-09T18:18:03+00:00\",\"author\":{\"@id\":\"https:\/\/www.africa-press.net\/tchad\/#\/schema\/person\/2b1cf3cd81a31e3cd26889ca66d677f1\"},\"description\":\"Dans un d\u00e9bat tr\u00e8s franc, le chef du gouvernement a fustig\u00e9 les pratiques qui encouragent le n\u00e9potisme et les volont\u00e9s p ...\",\"breadcrumb\":{\"@id\":\"https:\/\/www.africa-press.net\/tchad\/politique\/le-chef-du-gouvernement-a-coeur-ouvert-avec-les-eleves-de-lena#breadcrumb\"},\"inLanguage\":\"fr-FR\",\"potentialAction\":[{\"@type\":\"ReadAction\",\"target\":[\"https:\/\/www.africa-press.net\/tchad\/politique\/le-chef-du-gouvernement-a-coeur-ouvert-avec-les-eleves-de-lena\"]}]},{\"@type\":\"ImageObject\",\"inLanguage\":\"fr-FR\",\"@id\":\"https:\/\/www.africa-press.net\/tchad\/politique\/le-chef-du-gouvernement-a-coeur-ouvert-avec-les-eleves-de-lena#primaryimage\",\"url\":\"https:\/\/static.africa-press.net\/tchad\/sites\/41\/2022\/08\/postQueueImg_3-62f2a4b5895c1.jpg\",\"contentUrl\":\"https:\/\/static.africa-press.net\/tchad\/sites\/41\/2022\/08\/postQueueImg_3-62f2a4b5895c1.jpg\",\"width\":960,\"height\":720,\"caption\":\"le chef du gouvernement \u00e0 coeur ouvert avec les \u00e9l\u00e8ves de l'ENA\"},{\"@type\":\"BreadcrumbList\",\"@id\":\"https:\/\/www.africa-press.net\/tchad\/politique\/le-chef-du-gouvernement-a-coeur-ouvert-avec-les-eleves-de-lena#breadcrumb\",\"itemListElement\":[{\"@type\":\"ListItem\",\"position\":1,\"name\":\"Accueil\",\"item\":\"https:\/\/www.africa-press.net\/tchad\/\"},{\"@type\":\"ListItem\",\"position\":2,\"name\":\"le chef du gouvernement \u00e0 coeur ouvert avec les \u00e9l\u00e8ves de l&#8217;ENA\"}]},{\"@type\":\"WebSite\",\"@id\":\"https:\/\/www.africa-press.net\/tchad\/#website\",\"url\":\"https:\/\/www.africa-press.net\/tchad\/\",\"name\":\"tchad\",\"description\":\"Just another Africa News Agency Sites site\",\"potentialAction\":[{\"@type\":\"SearchAction\",\"target\":{\"@type\":\"EntryPoint\",\"urlTemplate\":\"https:\/\/www.africa-press.net\/tchad\/?s={search_term_string}\"},\"query-input\":{\"@type\":\"PropertyValueSpecification\",\"valueRequired\":true,\"valueName\":\"search_term_string\"}}],\"inLanguage\":\"fr-FR\"},{\"@type\":\"Person\",\"@id\":\"https:\/\/www.africa-press.net\/tchad\/#\/schema\/person\/2b1cf3cd81a31e3cd26889ca66d677f1\",\"name\":\"cfeditorfr\"}]}<\/script>\n<!-- \/ Yoast SEO Premium plugin. -->","yoast_head_json":{"title":"le chef du gouvernement \u00e0 coeur ouvert avec les \u00e9l\u00e8ves de l'ENA - tchad","description":"Dans un d\u00e9bat tr\u00e8s franc, le chef du gouvernement a fustig\u00e9 les pratiques qui encouragent le n\u00e9potisme et les volont\u00e9s p ...","robots":{"index":"index","follow":"follow","max-snippet":"max-snippet:-1","max-image-preview":"max-image-preview:large","max-video-preview":"max-video-preview:-1"},"canonical":"https:\/\/www.africa-press.net\/tchad\/politique\/le-chef-du-gouvernement-a-coeur-ouvert-avec-les-eleves-de-lena","og_locale":"fr_FR","og_type":"article","og_title":"le chef du gouvernement \u00e0 coeur ouvert avec les \u00e9l\u00e8ves de l'ENA","og_description":"Dans un d\u00e9bat tr\u00e8s franc, le chef du gouvernement a fustig\u00e9 les pratiques qui encouragent le n\u00e9potisme et les volont\u00e9s p ...","og_url":"https:\/\/www.africa-press.net\/tchad\/politique\/le-chef-du-gouvernement-a-coeur-ouvert-avec-les-eleves-de-lena","og_site_name":"tchad","article_published_time":"2022-08-09T18:10:06+00:00","article_modified_time":"2022-08-09T18:18:03+00:00","og_image":[{"width":960,"height":720,"url":"https:\/\/static.africa-press.net\/tchad\/sites\/41\/2022\/08\/postQueueImg_3-62f2a4b5895c1.jpg","type":"image\/jpeg"}],"author":"cfeditorfr","twitter_card":"summary_large_image","twitter_misc":{"\u00c9crit par":"cfeditorfr","Dur\u00e9e de lecture estim\u00e9e":"2 minutes"},"schema":{"@context":"https:\/\/schema.org","@graph":[{"@type":"Article","@id":"https:\/\/www.africa-press.net\/tchad\/politique\/le-chef-du-gouvernement-a-coeur-ouvert-avec-les-eleves-de-lena#article","isPartOf":{"@id":"https:\/\/www.africa-press.net\/tchad\/politique\/le-chef-du-gouvernement-a-coeur-ouvert-avec-les-eleves-de-lena"},"author":{"name":"cfeditorfr","@id":"https:\/\/www.africa-press.net\/tchad\/#\/schema\/person\/2b1cf3cd81a31e3cd26889ca66d677f1"},"headline":"le chef du gouvernement \u00e0 coeur ouvert avec les \u00e9l\u00e8ves de l&rsquo;ENA","datePublished":"2022-08-09T18:10:06+00:00","dateModified":"2022-08-09T18:18:03+00:00","mainEntityOfPage":{"@id":"https:\/\/www.africa-press.net\/tchad\/politique\/le-chef-du-gouvernement-a-coeur-ouvert-avec-les-eleves-de-lena"},"wordCount":355,"commentCount":0,"image":{"@id":"https:\/\/www.africa-press.net\/tchad\/politique\/le-chef-du-gouvernement-a-coeur-ouvert-avec-les-eleves-de-lena#primaryimage"},"thumbnailUrl":"https:\/\/static.africa-press.net\/tchad\/sites\/41\/2022\/08\/postQueueImg_3-62f2a4b5895c1.jpg","keywords":["Africa Press","Africa Press-Tchad","Tchad"],"articleSection":["homepage-french","Politique","Toutes les actualit\u00e9s"],"inLanguage":"fr-FR","potentialAction":[{"@type":"CommentAction","name":"Comment","target":["https:\/\/www.africa-press.net\/tchad\/politique\/le-chef-du-gouvernement-a-coeur-ouvert-avec-les-eleves-de-lena#respond"]}]},{"@type":"WebPage","@id":"https:\/\/www.africa-press.net\/tchad\/politique\/le-chef-du-gouvernement-a-coeur-ouvert-avec-les-eleves-de-lena","url":"https:\/\/www.africa-press.net\/tchad\/politique\/le-chef-du-gouvernement-a-coeur-ouvert-avec-les-eleves-de-lena","name":"le chef du gouvernement \u00e0 coeur ouvert avec les \u00e9l\u00e8ves de l'ENA - tchad","isPartOf":{"@id":"https:\/\/www.africa-press.net\/tchad\/#website"},"primaryImageOfPage":{"@id":"https:\/\/www.africa-press.net\/tchad\/politique\/le-chef-du-gouvernement-a-coeur-ouvert-avec-les-eleves-de-lena#primaryimage"},"image":{"@id":"https:\/\/www.africa-press.net\/tchad\/politique\/le-chef-du-gouvernement-a-coeur-ouvert-avec-les-eleves-de-lena#primaryimage"},"thumbnailUrl":"https:\/\/static.africa-press.net\/tchad\/sites\/41\/2022\/08\/postQueueImg_3-62f2a4b5895c1.jpg","datePublished":"2022-08-09T18:10:06+00:00","dateModified":"2022-08-09T18:18:03+00:00","author":{"@id":"https:\/\/www.africa-press.net\/tchad\/#\/schema\/person\/2b1cf3cd81a31e3cd26889ca66d677f1"},"description":"Dans un d\u00e9bat tr\u00e8s franc, le chef du gouvernement a fustig\u00e9 les pratiques qui encouragent le n\u00e9potisme et les volont\u00e9s p ...","breadcrumb":{"@id":"https:\/\/www.africa-press.net\/tchad\/politique\/le-chef-du-gouvernement-a-coeur-ouvert-avec-les-eleves-de-lena#breadcrumb"},"inLanguage":"fr-FR","potentialAction":[{"@type":"ReadAction","target":["https:\/\/www.africa-press.net\/tchad\/politique\/le-chef-du-gouvernement-a-coeur-ouvert-avec-les-eleves-de-lena"]}]},{"@type":"ImageObject","inLanguage":"fr-FR","@id":"https:\/\/www.africa-press.net\/tchad\/politique\/le-chef-du-gouvernement-a-coeur-ouvert-avec-les-eleves-de-lena#primaryimage","url":"https:\/\/static.africa-press.net\/tchad\/sites\/41\/2022\/08\/postQueueImg_3-62f2a4b5895c1.jpg","contentUrl":"https:\/\/static.africa-press.net\/tchad\/sites\/41\/2022\/08\/postQueueImg_3-62f2a4b5895c1.jpg","width":960,"height":720,"caption":"le chef du gouvernement \u00e0 coeur ouvert avec les \u00e9l\u00e8ves de l'ENA"},{"@type":"BreadcrumbList","@id":"https:\/\/www.africa-press.net\/tchad\/politique\/le-chef-du-gouvernement-a-coeur-ouvert-avec-les-eleves-de-lena#breadcrumb","itemListElement":[{"@type":"ListItem","position":1,"name":"Accueil","item":"https:\/\/www.africa-press.net\/tchad\/"},{"@type":"ListItem","position":2,"name":"le chef du gouvernement \u00e0 coeur ouvert avec les \u00e9l\u00e8ves de l&#8217;ENA"}]},{"@type":"WebSite","@id":"https:\/\/www.africa-press.net\/tchad\/#website","url":"https:\/\/www.africa-press.net\/tchad\/","name":"tchad","description":"Just another Africa News Agency Sites site","potentialAction":[{"@type":"SearchAction","target":{"@type":"EntryPoint","urlTemplate":"https:\/\/www.africa-press.net\/tchad\/?s={search_term_string}"},"query-input":{"@type":"PropertyValueSpecification","valueRequired":true,"valueName":"search_term_string"}}],"inLanguage":"fr-FR"},{"@type":"Person","@id":"https:\/\/www.africa-press.net\/tchad\/#\/schema\/person\/2b1cf3cd81a31e3cd26889ca66d677f1","name":"cfeditorfr"}]}},"_links":{"self":[{"href":"https:\/\/www.africa-press.net\/tchad\/wp-json\/wp\/v2\/posts\/30298","targetHints":{"allow":["GET"]}}],"collection":[{"href":"https:\/\/www.africa-press.net\/tchad\/wp-json\/wp\/v2\/posts"}],"about":[{"href":"https:\/\/www.africa-press.net\/tchad\/wp-json\/wp\/v2\/types\/post"}],"author":[{"embeddable":true,"href":"https:\/\/www.africa-press.net\/tchad\/wp-json\/wp\/v2\/users\/82"}],"replies":[{"embeddable":true,"href":"https:\/\/www.africa-press.net\/tchad\/wp-json\/wp\/v2\/comments?post=30298"}],"version-history":[{"count":0,"href":"https:\/\/www.africa-press.net\/tchad\/wp-json\/wp\/v2\/posts\/30298\/revisions"}],"wp:featuredmedia":[{"embeddable":true,"href":"https:\/\/www.africa-press.net\/tchad\/wp-json\/wp\/v2\/media\/30297"}],"wp:attachment":[{"href":"https:\/\/www.africa-press.net\/tchad\/wp-json\/wp\/v2\/media?parent=30298"}],"wp:term":[{"taxonomy":"category","embeddable":true,"href":"https:\/\/www.africa-press.net\/tchad\/wp-json\/wp\/v2\/categories?post=30298"},{"taxonomy":"post_tag","embeddable":true,"href":"https:\/\/www.africa-press.net\/tchad\/wp-json\/wp\/v2\/tags?post=30298"}],"curies":[{"name":"wp","href":"https:\/\/api.w.org\/{rel}","templated":true}]}}