{"id":30304,"date":"2022-08-09T18:11:07","date_gmt":"2022-08-09T18:11:07","guid":{"rendered":"https:\/\/www.africa-press.net\/tchad\/politique\/aucun-media-nest-exclu-de-la-couverture-mediatique-du-dialogue-rassure-le-codni"},"modified":"2022-08-09T18:19:14","modified_gmt":"2022-08-09T18:19:14","slug":"aucun-media-nest-exclu-de-la-couverture-mediatique-du-dialogue-rassure-le-codni","status":"publish","type":"post","link":"https:\/\/www.africa-press.net\/tchad\/politique\/aucun-media-nest-exclu-de-la-couverture-mediatique-du-dialogue-rassure-le-codni","title":{"rendered":"\u00ab aucun m\u00e9dia n&rsquo;est exclu de la couverture m\u00e9diatique \u00bb du dialogue, rassure le CODNI"},"content":{"rendered":"<p><span style=\"color: #ff6600\"><strong>Africa-Press &#8211; Tchad. <\/strong><\/span>Le pr\u00e9sident du comit\u00e9 technique du Comit\u00e9 d&rsquo;organisation du dialogue national inclusif (CODNI), Gambaye Djegoltar Armand, a fait une d\u00e9claration \u00e0 la presse ce 8 ao\u00fbt 2022.<\/p>\n<p>Il s\u2019agissait de la lumi\u00e8re sur la question des m\u00e9dias accr\u00e9dit\u00e9s pour la couverture m\u00e9diatique du dialogue national inclusif, pr\u00e9vu pour le 20 ao\u00fbt prochain \u00e0 Ndjamena, ce qui a cr\u00e9\u00e9 un m\u00e9contentement au sein des m\u00e9dias priv\u00e9s nationaux.<\/p>\n<p>Gambaye Djegoltar Armand a expliqu\u00e9 que dans le cadre des pr\u00e9paratifs du dialogue, le CODNI a pr\u00e9vu un partenariat avec les m\u00e9dias, afin qu&rsquo;ils puissent \u00eatre le relais le plus essentiel et surtout, la presse nationale peut \u00ab aider \u00e0 informer mais aussi \u00e0 communiquer pendant cette rencontre importante pour l&rsquo;avenir de notre pays \u00bb.<\/p>\n<p>Le CODNI se dit tr\u00e8s surpris d&rsquo;entendre certains m\u00e9dias qui l&rsquo;accuse de les avoir exclus du dialogue, alors qu&rsquo;il n&rsquo;a pas \u00e9t\u00e9 saisit officiellement par les parties m\u00e9contentes. Le CODNI rappelle qu&rsquo;il n&rsquo;est pas dans la logique de m\u00e9priser les m\u00e9dias. Il estime que cette mani\u00e8re d&rsquo;exprimer son m\u00e9contentement n&rsquo;est pas du tout coh\u00e9rente.<\/p>\n<p>Le pr\u00e9sident du comit\u00e9 technique du CODNI explique qu&rsquo;il y a 4 grands groupes des m\u00e9dias qui ont \u00e9t\u00e9 r\u00e9pertori\u00e9s. Il y a pratiquement 67 \u00e0 68 radios FM sur tout le territoire qui ont \u00e9t\u00e9 retenues sur la base de la HAMA, 5 t\u00e9l\u00e9visions priv\u00e9es, plus d&rsquo;une quarantaine de journaux de la presse \u00e9crite et plus d&rsquo;une dizaine de m\u00e9dias en ligne vont \u00eatre soutenus. La presse nationale, la t\u00e9l\u00e9vision publique, la radio nationale et l&rsquo;Agence tchadienne de presse et d&rsquo;\u00e9dition (ATPE) vont aussi \u00eatre soutenues.<\/p>\n<p>C&rsquo;est une initiative du CODNI qui va de mettre les moyens d&rsquo;accompagnement \u00e0 la disposition des m\u00e9dias avant le dialogue. \u00ab Aucun m\u00e9dia n&rsquo;a \u00e9t\u00e9 laiss\u00e9 en marge pour couvrir le CODNI. Nous \u00e9tions tr\u00e8s souples dans notre attribution d&rsquo;accr\u00e9ditation de la couverture m\u00e9diatique du dialogue \u00bb, estime le pr\u00e9sident du comit\u00e9 technique.<\/p>\n<p>Le CODNI a, dans l&rsquo;\u00e9laboration de son budget, d\u00e9cider de soutenir tous les m\u00e9dias, non pas en compensation de la prestation, mais plut\u00f4t en appui pour un contenu de qualit\u00e9 et plus cr\u00e9dible.<\/p>\n<p><strong>Pour plus d&rsquo;informations et d&rsquo;analyses sur la <a href=\"https:\/\/www.africa-press.net\/tchad\">Tchad<\/a>, suivez <a href=\"https:\/\/www.africa-press.net\/\">Africa-Press<\/a><\/strong><\/p>\n","protected":false},"excerpt":{"rendered":"<p>Africa-Press &#8211; Tchad. Le pr\u00e9sident du comit\u00e9 technique du Comit\u00e9 d&rsquo;organisation du dialogue national inclusif (CODNI), Gambaye Djegoltar Armand, a fait une d\u00e9claration \u00e0 la presse ce 8 ao\u00fbt 2022. Il s\u2019agissait de la lumi\u00e8re sur la question des m\u00e9dias accr\u00e9dit\u00e9s pour la couverture m\u00e9diatique du dialogue national inclusif, pr\u00e9vu pour le 20 ao\u00fbt prochain [&hellip;]<\/p>\n","protected":false},"author":82,"featured_media":30303,"comment_status":"open","ping_status":"closed","sticky":false,"template":"","format":"standard","meta":{"footnotes":""},"categories":[11,2,10],"tags":[37,292,29],"class_list":["post-30304","post","type-post","status-publish","format-standard","has-post-thumbnail","hentry","category-homepage-french","category-politique","category-toutes-les-actualites","tag-africa-press","tag-africa-press-tchad","tag-tchad"],"yoast_head":"<!-- This site is optimized with the Yoast SEO Premium plugin v26.1 (Yoast SEO v27.0) - https:\/\/yoast.com\/product\/yoast-seo-premium-wordpress\/ -->\n<title>\u00ab aucun m\u00e9dia n&#039;est exclu de la couverture m\u00e9diatique \u00bb du dialogue, rassure le CODNI - tchad<\/title>\n<meta name=\"description\" content=\"Le pr\u00e9sident du comit\u00e9 technique du Comit\u00e9 d&#039;organisation du dialogue national inclusif (CODNI), Gambaye Djegoltar Arman ...\" \/>\n<meta name=\"robots\" content=\"index, follow, max-snippet:-1, max-image-preview:large, max-video-preview:-1\" \/>\n<link rel=\"canonical\" href=\"https:\/\/www.africa-press.net\/tchad\/politique\/aucun-media-nest-exclu-de-la-couverture-mediatique-du-dialogue-rassure-le-codni\" \/>\n<meta property=\"og:locale\" content=\"fr_FR\" \/>\n<meta property=\"og:type\" content=\"article\" \/>\n<meta property=\"og:title\" content=\"\u00ab aucun m\u00e9dia n&#039;est exclu de la couverture m\u00e9diatique \u00bb du dialogue, rassure le CODNI\" \/>\n<meta property=\"og:description\" content=\"Le pr\u00e9sident du comit\u00e9 technique du Comit\u00e9 d&#039;organisation du dialogue national inclusif (CODNI), Gambaye Djegoltar Arman ...\" \/>\n<meta property=\"og:url\" content=\"https:\/\/www.africa-press.net\/tchad\/politique\/aucun-media-nest-exclu-de-la-couverture-mediatique-du-dialogue-rassure-le-codni\" \/>\n<meta property=\"og:site_name\" content=\"tchad\" \/>\n<meta property=\"article:published_time\" content=\"2022-08-09T18:11:07+00:00\" \/>\n<meta property=\"article:modified_time\" content=\"2022-08-09T18:19:14+00:00\" \/>\n<meta property=\"og:image\" content=\"https:\/\/static.africa-press.net\/tchad\/sites\/41\/2022\/08\/postQueueImg_5-62f2a5071483f.jpg\" \/>\n\t<meta property=\"og:image:width\" content=\"832\" \/>\n\t<meta property=\"og:image:height\" content=\"387\" \/>\n\t<meta property=\"og:image:type\" content=\"image\/jpeg\" \/>\n<meta name=\"author\" content=\"cfeditorfr\" \/>\n<meta name=\"twitter:card\" content=\"summary_large_image\" \/>\n<meta name=\"twitter:label1\" content=\"\u00c9crit par\" \/>\n\t<meta name=\"twitter:data1\" content=\"cfeditorfr\" \/>\n\t<meta name=\"twitter:label2\" content=\"Dur\u00e9e de lecture estim\u00e9e\" \/>\n\t<meta name=\"twitter:data2\" content=\"2 minutes\" \/>\n<script type=\"application\/ld+json\" class=\"yoast-schema-graph\">{\"@context\":\"https:\/\/schema.org\",\"@graph\":[{\"@type\":\"Article\",\"@id\":\"https:\/\/www.africa-press.net\/tchad\/politique\/aucun-media-nest-exclu-de-la-couverture-mediatique-du-dialogue-rassure-le-codni#article\",\"isPartOf\":{\"@id\":\"https:\/\/www.africa-press.net\/tchad\/politique\/aucun-media-nest-exclu-de-la-couverture-mediatique-du-dialogue-rassure-le-codni\"},\"author\":{\"name\":\"cfeditorfr\",\"@id\":\"https:\/\/www.africa-press.net\/tchad\/#\/schema\/person\/2b1cf3cd81a31e3cd26889ca66d677f1\"},\"headline\":\"\u00ab aucun m\u00e9dia n&rsquo;est exclu de la couverture m\u00e9diatique \u00bb du dialogue, rassure le CODNI\",\"datePublished\":\"2022-08-09T18:11:07+00:00\",\"dateModified\":\"2022-08-09T18:19:14+00:00\",\"mainEntityOfPage\":{\"@id\":\"https:\/\/www.africa-press.net\/tchad\/politique\/aucun-media-nest-exclu-de-la-couverture-mediatique-du-dialogue-rassure-le-codni\"},\"wordCount\":428,\"commentCount\":0,\"image\":{\"@id\":\"https:\/\/www.africa-press.net\/tchad\/politique\/aucun-media-nest-exclu-de-la-couverture-mediatique-du-dialogue-rassure-le-codni#primaryimage\"},\"thumbnailUrl\":\"https:\/\/static.africa-press.net\/tchad\/sites\/41\/2022\/08\/postQueueImg_5-62f2a5071483f.jpg\",\"keywords\":[\"Africa Press\",\"Africa Press-Tchad\",\"Tchad\"],\"articleSection\":[\"homepage-french\",\"Politique\",\"Toutes les actualit\u00e9s\"],\"inLanguage\":\"fr-FR\",\"potentialAction\":[{\"@type\":\"CommentAction\",\"name\":\"Comment\",\"target\":[\"https:\/\/www.africa-press.net\/tchad\/politique\/aucun-media-nest-exclu-de-la-couverture-mediatique-du-dialogue-rassure-le-codni#respond\"]}]},{\"@type\":\"WebPage\",\"@id\":\"https:\/\/www.africa-press.net\/tchad\/politique\/aucun-media-nest-exclu-de-la-couverture-mediatique-du-dialogue-rassure-le-codni\",\"url\":\"https:\/\/www.africa-press.net\/tchad\/politique\/aucun-media-nest-exclu-de-la-couverture-mediatique-du-dialogue-rassure-le-codni\",\"name\":\"\u00ab aucun m\u00e9dia n'est exclu de la couverture m\u00e9diatique \u00bb du dialogue, rassure le CODNI - tchad\",\"isPartOf\":{\"@id\":\"https:\/\/www.africa-press.net\/tchad\/#website\"},\"primaryImageOfPage\":{\"@id\":\"https:\/\/www.africa-press.net\/tchad\/politique\/aucun-media-nest-exclu-de-la-couverture-mediatique-du-dialogue-rassure-le-codni#primaryimage\"},\"image\":{\"@id\":\"https:\/\/www.africa-press.net\/tchad\/politique\/aucun-media-nest-exclu-de-la-couverture-mediatique-du-dialogue-rassure-le-codni#primaryimage\"},\"thumbnailUrl\":\"https:\/\/static.africa-press.net\/tchad\/sites\/41\/2022\/08\/postQueueImg_5-62f2a5071483f.jpg\",\"datePublished\":\"2022-08-09T18:11:07+00:00\",\"dateModified\":\"2022-08-09T18:19:14+00:00\",\"author\":{\"@id\":\"https:\/\/www.africa-press.net\/tchad\/#\/schema\/person\/2b1cf3cd81a31e3cd26889ca66d677f1\"},\"description\":\"Le pr\u00e9sident du comit\u00e9 technique du Comit\u00e9 d'organisation du dialogue national inclusif (CODNI), Gambaye Djegoltar Arman ...\",\"breadcrumb\":{\"@id\":\"https:\/\/www.africa-press.net\/tchad\/politique\/aucun-media-nest-exclu-de-la-couverture-mediatique-du-dialogue-rassure-le-codni#breadcrumb\"},\"inLanguage\":\"fr-FR\",\"potentialAction\":[{\"@type\":\"ReadAction\",\"target\":[\"https:\/\/www.africa-press.net\/tchad\/politique\/aucun-media-nest-exclu-de-la-couverture-mediatique-du-dialogue-rassure-le-codni\"]}]},{\"@type\":\"ImageObject\",\"inLanguage\":\"fr-FR\",\"@id\":\"https:\/\/www.africa-press.net\/tchad\/politique\/aucun-media-nest-exclu-de-la-couverture-mediatique-du-dialogue-rassure-le-codni#primaryimage\",\"url\":\"https:\/\/static.africa-press.net\/tchad\/sites\/41\/2022\/08\/postQueueImg_5-62f2a5071483f.jpg\",\"contentUrl\":\"https:\/\/static.africa-press.net\/tchad\/sites\/41\/2022\/08\/postQueueImg_5-62f2a5071483f.jpg\",\"width\":832,\"height\":387,\"caption\":\"\u00ab aucun m\u00e9dia n'est exclu de la couverture m\u00e9diatique \u00bb du dialogue, rassure le CODNI\"},{\"@type\":\"BreadcrumbList\",\"@id\":\"https:\/\/www.africa-press.net\/tchad\/politique\/aucun-media-nest-exclu-de-la-couverture-mediatique-du-dialogue-rassure-le-codni#breadcrumb\",\"itemListElement\":[{\"@type\":\"ListItem\",\"position\":1,\"name\":\"Accueil\",\"item\":\"https:\/\/www.africa-press.net\/tchad\/\"},{\"@type\":\"ListItem\",\"position\":2,\"name\":\"\u00ab aucun m\u00e9dia n&#8217;est exclu de la couverture m\u00e9diatique \u00bb du dialogue, rassure le CODNI\"}]},{\"@type\":\"WebSite\",\"@id\":\"https:\/\/www.africa-press.net\/tchad\/#website\",\"url\":\"https:\/\/www.africa-press.net\/tchad\/\",\"name\":\"tchad\",\"description\":\"Just another Africa News Agency Sites site\",\"potentialAction\":[{\"@type\":\"SearchAction\",\"target\":{\"@type\":\"EntryPoint\",\"urlTemplate\":\"https:\/\/www.africa-press.net\/tchad\/?s={search_term_string}\"},\"query-input\":{\"@type\":\"PropertyValueSpecification\",\"valueRequired\":true,\"valueName\":\"search_term_string\"}}],\"inLanguage\":\"fr-FR\"},{\"@type\":\"Person\",\"@id\":\"https:\/\/www.africa-press.net\/tchad\/#\/schema\/person\/2b1cf3cd81a31e3cd26889ca66d677f1\",\"name\":\"cfeditorfr\"}]}<\/script>\n<!-- \/ Yoast SEO Premium plugin. -->","yoast_head_json":{"title":"\u00ab aucun m\u00e9dia n'est exclu de la couverture m\u00e9diatique \u00bb du dialogue, rassure le CODNI - tchad","description":"Le pr\u00e9sident du comit\u00e9 technique du Comit\u00e9 d'organisation du dialogue national inclusif (CODNI), Gambaye Djegoltar Arman ...","robots":{"index":"index","follow":"follow","max-snippet":"max-snippet:-1","max-image-preview":"max-image-preview:large","max-video-preview":"max-video-preview:-1"},"canonical":"https:\/\/www.africa-press.net\/tchad\/politique\/aucun-media-nest-exclu-de-la-couverture-mediatique-du-dialogue-rassure-le-codni","og_locale":"fr_FR","og_type":"article","og_title":"\u00ab aucun m\u00e9dia n'est exclu de la couverture m\u00e9diatique \u00bb du dialogue, rassure le CODNI","og_description":"Le pr\u00e9sident du comit\u00e9 technique du Comit\u00e9 d'organisation du dialogue national inclusif (CODNI), Gambaye Djegoltar Arman ...","og_url":"https:\/\/www.africa-press.net\/tchad\/politique\/aucun-media-nest-exclu-de-la-couverture-mediatique-du-dialogue-rassure-le-codni","og_site_name":"tchad","article_published_time":"2022-08-09T18:11:07+00:00","article_modified_time":"2022-08-09T18:19:14+00:00","og_image":[{"width":832,"height":387,"url":"https:\/\/static.africa-press.net\/tchad\/sites\/41\/2022\/08\/postQueueImg_5-62f2a5071483f.jpg","type":"image\/jpeg"}],"author":"cfeditorfr","twitter_card":"summary_large_image","twitter_misc":{"\u00c9crit par":"cfeditorfr","Dur\u00e9e de lecture estim\u00e9e":"2 minutes"},"schema":{"@context":"https:\/\/schema.org","@graph":[{"@type":"Article","@id":"https:\/\/www.africa-press.net\/tchad\/politique\/aucun-media-nest-exclu-de-la-couverture-mediatique-du-dialogue-rassure-le-codni#article","isPartOf":{"@id":"https:\/\/www.africa-press.net\/tchad\/politique\/aucun-media-nest-exclu-de-la-couverture-mediatique-du-dialogue-rassure-le-codni"},"author":{"name":"cfeditorfr","@id":"https:\/\/www.africa-press.net\/tchad\/#\/schema\/person\/2b1cf3cd81a31e3cd26889ca66d677f1"},"headline":"\u00ab aucun m\u00e9dia n&rsquo;est exclu de la couverture m\u00e9diatique \u00bb du dialogue, rassure le CODNI","datePublished":"2022-08-09T18:11:07+00:00","dateModified":"2022-08-09T18:19:14+00:00","mainEntityOfPage":{"@id":"https:\/\/www.africa-press.net\/tchad\/politique\/aucun-media-nest-exclu-de-la-couverture-mediatique-du-dialogue-rassure-le-codni"},"wordCount":428,"commentCount":0,"image":{"@id":"https:\/\/www.africa-press.net\/tchad\/politique\/aucun-media-nest-exclu-de-la-couverture-mediatique-du-dialogue-rassure-le-codni#primaryimage"},"thumbnailUrl":"https:\/\/static.africa-press.net\/tchad\/sites\/41\/2022\/08\/postQueueImg_5-62f2a5071483f.jpg","keywords":["Africa Press","Africa Press-Tchad","Tchad"],"articleSection":["homepage-french","Politique","Toutes les actualit\u00e9s"],"inLanguage":"fr-FR","potentialAction":[{"@type":"CommentAction","name":"Comment","target":["https:\/\/www.africa-press.net\/tchad\/politique\/aucun-media-nest-exclu-de-la-couverture-mediatique-du-dialogue-rassure-le-codni#respond"]}]},{"@type":"WebPage","@id":"https:\/\/www.africa-press.net\/tchad\/politique\/aucun-media-nest-exclu-de-la-couverture-mediatique-du-dialogue-rassure-le-codni","url":"https:\/\/www.africa-press.net\/tchad\/politique\/aucun-media-nest-exclu-de-la-couverture-mediatique-du-dialogue-rassure-le-codni","name":"\u00ab aucun m\u00e9dia n'est exclu de la couverture m\u00e9diatique \u00bb du dialogue, rassure le CODNI - tchad","isPartOf":{"@id":"https:\/\/www.africa-press.net\/tchad\/#website"},"primaryImageOfPage":{"@id":"https:\/\/www.africa-press.net\/tchad\/politique\/aucun-media-nest-exclu-de-la-couverture-mediatique-du-dialogue-rassure-le-codni#primaryimage"},"image":{"@id":"https:\/\/www.africa-press.net\/tchad\/politique\/aucun-media-nest-exclu-de-la-couverture-mediatique-du-dialogue-rassure-le-codni#primaryimage"},"thumbnailUrl":"https:\/\/static.africa-press.net\/tchad\/sites\/41\/2022\/08\/postQueueImg_5-62f2a5071483f.jpg","datePublished":"2022-08-09T18:11:07+00:00","dateModified":"2022-08-09T18:19:14+00:00","author":{"@id":"https:\/\/www.africa-press.net\/tchad\/#\/schema\/person\/2b1cf3cd81a31e3cd26889ca66d677f1"},"description":"Le pr\u00e9sident du comit\u00e9 technique du Comit\u00e9 d'organisation du dialogue national inclusif (CODNI), Gambaye Djegoltar Arman ...","breadcrumb":{"@id":"https:\/\/www.africa-press.net\/tchad\/politique\/aucun-media-nest-exclu-de-la-couverture-mediatique-du-dialogue-rassure-le-codni#breadcrumb"},"inLanguage":"fr-FR","potentialAction":[{"@type":"ReadAction","target":["https:\/\/www.africa-press.net\/tchad\/politique\/aucun-media-nest-exclu-de-la-couverture-mediatique-du-dialogue-rassure-le-codni"]}]},{"@type":"ImageObject","inLanguage":"fr-FR","@id":"https:\/\/www.africa-press.net\/tchad\/politique\/aucun-media-nest-exclu-de-la-couverture-mediatique-du-dialogue-rassure-le-codni#primaryimage","url":"https:\/\/static.africa-press.net\/tchad\/sites\/41\/2022\/08\/postQueueImg_5-62f2a5071483f.jpg","contentUrl":"https:\/\/static.africa-press.net\/tchad\/sites\/41\/2022\/08\/postQueueImg_5-62f2a5071483f.jpg","width":832,"height":387,"caption":"\u00ab aucun m\u00e9dia n'est exclu de la couverture m\u00e9diatique \u00bb du dialogue, rassure le CODNI"},{"@type":"BreadcrumbList","@id":"https:\/\/www.africa-press.net\/tchad\/politique\/aucun-media-nest-exclu-de-la-couverture-mediatique-du-dialogue-rassure-le-codni#breadcrumb","itemListElement":[{"@type":"ListItem","position":1,"name":"Accueil","item":"https:\/\/www.africa-press.net\/tchad\/"},{"@type":"ListItem","position":2,"name":"\u00ab aucun m\u00e9dia n&#8217;est exclu de la couverture m\u00e9diatique \u00bb du dialogue, rassure le CODNI"}]},{"@type":"WebSite","@id":"https:\/\/www.africa-press.net\/tchad\/#website","url":"https:\/\/www.africa-press.net\/tchad\/","name":"tchad","description":"Just another Africa News Agency Sites site","potentialAction":[{"@type":"SearchAction","target":{"@type":"EntryPoint","urlTemplate":"https:\/\/www.africa-press.net\/tchad\/?s={search_term_string}"},"query-input":{"@type":"PropertyValueSpecification","valueRequired":true,"valueName":"search_term_string"}}],"inLanguage":"fr-FR"},{"@type":"Person","@id":"https:\/\/www.africa-press.net\/tchad\/#\/schema\/person\/2b1cf3cd81a31e3cd26889ca66d677f1","name":"cfeditorfr"}]}},"_links":{"self":[{"href":"https:\/\/www.africa-press.net\/tchad\/wp-json\/wp\/v2\/posts\/30304","targetHints":{"allow":["GET"]}}],"collection":[{"href":"https:\/\/www.africa-press.net\/tchad\/wp-json\/wp\/v2\/posts"}],"about":[{"href":"https:\/\/www.africa-press.net\/tchad\/wp-json\/wp\/v2\/types\/post"}],"author":[{"embeddable":true,"href":"https:\/\/www.africa-press.net\/tchad\/wp-json\/wp\/v2\/users\/82"}],"replies":[{"embeddable":true,"href":"https:\/\/www.africa-press.net\/tchad\/wp-json\/wp\/v2\/comments?post=30304"}],"version-history":[{"count":0,"href":"https:\/\/www.africa-press.net\/tchad\/wp-json\/wp\/v2\/posts\/30304\/revisions"}],"wp:featuredmedia":[{"embeddable":true,"href":"https:\/\/www.africa-press.net\/tchad\/wp-json\/wp\/v2\/media\/30303"}],"wp:attachment":[{"href":"https:\/\/www.africa-press.net\/tchad\/wp-json\/wp\/v2\/media?parent=30304"}],"wp:term":[{"taxonomy":"category","embeddable":true,"href":"https:\/\/www.africa-press.net\/tchad\/wp-json\/wp\/v2\/categories?post=30304"},{"taxonomy":"post_tag","embeddable":true,"href":"https:\/\/www.africa-press.net\/tchad\/wp-json\/wp\/v2\/tags?post=30304"}],"curies":[{"name":"wp","href":"https:\/\/api.w.org\/{rel}","templated":true}]}}