{"id":30307,"date":"2022-08-09T18:11:26","date_gmt":"2022-08-09T18:11:26","guid":{"rendered":"https:\/\/www.africa-press.net\/tchad\/politique\/retour-du-pcmt-apres-la-signature-de-laccord-de-doha"},"modified":"2022-08-09T18:19:47","modified_gmt":"2022-08-09T18:19:47","slug":"retour-du-pcmt-apres-la-signature-de-laccord-de-doha","status":"publish","type":"post","link":"https:\/\/www.africa-press.net\/tchad\/politique\/retour-du-pcmt-apres-la-signature-de-laccord-de-doha","title":{"rendered":"retour du PCMT apr\u00e8s la signature de l&rsquo;accord de Doha"},"content":{"rendered":"<p><span style=\"color: #ff6600\"><strong>Africa-Press &#8211; Tchad. <\/strong><\/span>Le chef de la transition a \u00e9t\u00e9 accueilli \u00e0 l&rsquo;a\u00e9roport par le vice-pr\u00e9sident de la transition, le g\u00e9n\u00e9ral Djimadoum Tira\u00efna, les membres du Conseil militaire de transition, le premier ministre et plusieurs officiels.<\/p>\n<p>Des citoyens sont mobilis\u00e9s tout au long du trajet de l&rsquo;a\u00e9roport au Palais pr\u00e9sidentiel.<\/p>\n<p>Apr\u00e8s une quinzaine de minutes au pavillon pr\u00e9sidentiel, le chef de la transition a embarqu\u00e9 dans le cort\u00e8ge pr\u00e9sidentiel, en sortant par le toit du v\u00e9hicule pour saluer la foule.<\/p>\n<p><strong>Pour plus d&rsquo;informations et d&rsquo;analyses sur la <a href=\"https:\/\/www.africa-press.net\/tchad\">Tchad<\/a>, suivez <a href=\"https:\/\/www.africa-press.net\/\">Africa-Press<\/a><\/strong><\/p>\n","protected":false},"excerpt":{"rendered":"<p>Africa-Press &#8211; Tchad. Le chef de la transition a \u00e9t\u00e9 accueilli \u00e0 l&rsquo;a\u00e9roport par le vice-pr\u00e9sident de la transition, le g\u00e9n\u00e9ral Djimadoum Tira\u00efna, les membres du Conseil militaire de transition, le premier ministre et plusieurs officiels. Des citoyens sont mobilis\u00e9s tout au long du trajet de l&rsquo;a\u00e9roport au Palais pr\u00e9sidentiel. Apr\u00e8s une quinzaine de minutes [&hellip;]<\/p>\n","protected":false},"author":82,"featured_media":30306,"comment_status":"open","ping_status":"closed","sticky":false,"template":"","format":"standard","meta":{"footnotes":""},"categories":[11,2,10],"tags":[37,292,29],"class_list":["post-30307","post","type-post","status-publish","format-standard","has-post-thumbnail","hentry","category-homepage-french","category-politique","category-toutes-les-actualites","tag-africa-press","tag-africa-press-tchad","tag-tchad"],"yoast_head":"<!-- This site is optimized with the Yoast SEO Premium plugin v26.1 (Yoast SEO v27.0) - https:\/\/yoast.com\/product\/yoast-seo-premium-wordpress\/ -->\n<title>retour du PCMT apr\u00e8s la signature de l&#039;accord de Doha - tchad<\/title>\n<meta name=\"description\" content=\"Le chef de la transition a \u00e9t\u00e9 accueilli \u00e0 l&#039;a\u00e9roport par le vice-pr\u00e9sident de la transition, le g\u00e9n\u00e9ral Djimadoum Tira\u00ef ...\" \/>\n<meta name=\"robots\" content=\"index, follow, max-snippet:-1, max-image-preview:large, max-video-preview:-1\" \/>\n<link rel=\"canonical\" href=\"https:\/\/www.africa-press.net\/tchad\/politique\/retour-du-pcmt-apres-la-signature-de-laccord-de-doha\" \/>\n<meta property=\"og:locale\" content=\"fr_FR\" \/>\n<meta property=\"og:type\" content=\"article\" \/>\n<meta property=\"og:title\" content=\"retour du PCMT apr\u00e8s la signature de l&#039;accord de Doha\" \/>\n<meta property=\"og:description\" content=\"Le chef de la transition a \u00e9t\u00e9 accueilli \u00e0 l&#039;a\u00e9roport par le vice-pr\u00e9sident de la transition, le g\u00e9n\u00e9ral Djimadoum Tira\u00ef ...\" \/>\n<meta property=\"og:url\" content=\"https:\/\/www.africa-press.net\/tchad\/politique\/retour-du-pcmt-apres-la-signature-de-laccord-de-doha\" \/>\n<meta property=\"og:site_name\" content=\"tchad\" \/>\n<meta property=\"article:published_time\" content=\"2022-08-09T18:11:26+00:00\" \/>\n<meta property=\"article:modified_time\" content=\"2022-08-09T18:19:47+00:00\" \/>\n<meta property=\"og:image\" content=\"https:\/\/static.africa-press.net\/tchad\/sites\/41\/2022\/08\/postQueueImg_6-62f2a52862099.jpg\" \/>\n\t<meta property=\"og:image:width\" content=\"1634\" \/>\n\t<meta property=\"og:image:height\" content=\"1060\" \/>\n\t<meta property=\"og:image:type\" content=\"image\/jpeg\" \/>\n<meta name=\"author\" content=\"cfeditorfr\" \/>\n<meta name=\"twitter:card\" content=\"summary_large_image\" \/>\n<meta name=\"twitter:label1\" content=\"\u00c9crit par\" \/>\n\t<meta name=\"twitter:data1\" content=\"cfeditorfr\" \/>\n\t<meta name=\"twitter:label2\" content=\"Dur\u00e9e de lecture estim\u00e9e\" \/>\n\t<meta name=\"twitter:data2\" content=\"1 minute\" \/>\n<script type=\"application\/ld+json\" class=\"yoast-schema-graph\">{\"@context\":\"https:\/\/schema.org\",\"@graph\":[{\"@type\":\"Article\",\"@id\":\"https:\/\/www.africa-press.net\/tchad\/politique\/retour-du-pcmt-apres-la-signature-de-laccord-de-doha#article\",\"isPartOf\":{\"@id\":\"https:\/\/www.africa-press.net\/tchad\/politique\/retour-du-pcmt-apres-la-signature-de-laccord-de-doha\"},\"author\":{\"name\":\"cfeditorfr\",\"@id\":\"https:\/\/www.africa-press.net\/tchad\/#\/schema\/person\/2b1cf3cd81a31e3cd26889ca66d677f1\"},\"headline\":\"retour du PCMT apr\u00e8s la signature de l&rsquo;accord de Doha\",\"datePublished\":\"2022-08-09T18:11:26+00:00\",\"dateModified\":\"2022-08-09T18:19:47+00:00\",\"mainEntityOfPage\":{\"@id\":\"https:\/\/www.africa-press.net\/tchad\/politique\/retour-du-pcmt-apres-la-signature-de-laccord-de-doha\"},\"wordCount\":118,\"commentCount\":0,\"image\":{\"@id\":\"https:\/\/www.africa-press.net\/tchad\/politique\/retour-du-pcmt-apres-la-signature-de-laccord-de-doha#primaryimage\"},\"thumbnailUrl\":\"https:\/\/static.africa-press.net\/tchad\/sites\/41\/2022\/08\/postQueueImg_6-62f2a52862099.jpg\",\"keywords\":[\"Africa Press\",\"Africa Press-Tchad\",\"Tchad\"],\"articleSection\":[\"homepage-french\",\"Politique\",\"Toutes les actualit\u00e9s\"],\"inLanguage\":\"fr-FR\",\"potentialAction\":[{\"@type\":\"CommentAction\",\"name\":\"Comment\",\"target\":[\"https:\/\/www.africa-press.net\/tchad\/politique\/retour-du-pcmt-apres-la-signature-de-laccord-de-doha#respond\"]}]},{\"@type\":\"WebPage\",\"@id\":\"https:\/\/www.africa-press.net\/tchad\/politique\/retour-du-pcmt-apres-la-signature-de-laccord-de-doha\",\"url\":\"https:\/\/www.africa-press.net\/tchad\/politique\/retour-du-pcmt-apres-la-signature-de-laccord-de-doha\",\"name\":\"retour du PCMT apr\u00e8s la signature de l'accord de Doha - tchad\",\"isPartOf\":{\"@id\":\"https:\/\/www.africa-press.net\/tchad\/#website\"},\"primaryImageOfPage\":{\"@id\":\"https:\/\/www.africa-press.net\/tchad\/politique\/retour-du-pcmt-apres-la-signature-de-laccord-de-doha#primaryimage\"},\"image\":{\"@id\":\"https:\/\/www.africa-press.net\/tchad\/politique\/retour-du-pcmt-apres-la-signature-de-laccord-de-doha#primaryimage\"},\"thumbnailUrl\":\"https:\/\/static.africa-press.net\/tchad\/sites\/41\/2022\/08\/postQueueImg_6-62f2a52862099.jpg\",\"datePublished\":\"2022-08-09T18:11:26+00:00\",\"dateModified\":\"2022-08-09T18:19:47+00:00\",\"author\":{\"@id\":\"https:\/\/www.africa-press.net\/tchad\/#\/schema\/person\/2b1cf3cd81a31e3cd26889ca66d677f1\"},\"description\":\"Le chef de la transition a \u00e9t\u00e9 accueilli \u00e0 l'a\u00e9roport par le vice-pr\u00e9sident de la transition, le g\u00e9n\u00e9ral Djimadoum Tira\u00ef ...\",\"breadcrumb\":{\"@id\":\"https:\/\/www.africa-press.net\/tchad\/politique\/retour-du-pcmt-apres-la-signature-de-laccord-de-doha#breadcrumb\"},\"inLanguage\":\"fr-FR\",\"potentialAction\":[{\"@type\":\"ReadAction\",\"target\":[\"https:\/\/www.africa-press.net\/tchad\/politique\/retour-du-pcmt-apres-la-signature-de-laccord-de-doha\"]}]},{\"@type\":\"ImageObject\",\"inLanguage\":\"fr-FR\",\"@id\":\"https:\/\/www.africa-press.net\/tchad\/politique\/retour-du-pcmt-apres-la-signature-de-laccord-de-doha#primaryimage\",\"url\":\"https:\/\/static.africa-press.net\/tchad\/sites\/41\/2022\/08\/postQueueImg_6-62f2a52862099.jpg\",\"contentUrl\":\"https:\/\/static.africa-press.net\/tchad\/sites\/41\/2022\/08\/postQueueImg_6-62f2a52862099.jpg\",\"width\":1634,\"height\":1060,\"caption\":\"retour du PCMT apr\u00e8s la signature de l'accord de Doha\"},{\"@type\":\"BreadcrumbList\",\"@id\":\"https:\/\/www.africa-press.net\/tchad\/politique\/retour-du-pcmt-apres-la-signature-de-laccord-de-doha#breadcrumb\",\"itemListElement\":[{\"@type\":\"ListItem\",\"position\":1,\"name\":\"Accueil\",\"item\":\"https:\/\/www.africa-press.net\/tchad\/\"},{\"@type\":\"ListItem\",\"position\":2,\"name\":\"retour du PCMT apr\u00e8s la signature de l&#8217;accord de Doha\"}]},{\"@type\":\"WebSite\",\"@id\":\"https:\/\/www.africa-press.net\/tchad\/#website\",\"url\":\"https:\/\/www.africa-press.net\/tchad\/\",\"name\":\"tchad\",\"description\":\"Just another Africa News Agency Sites site\",\"potentialAction\":[{\"@type\":\"SearchAction\",\"target\":{\"@type\":\"EntryPoint\",\"urlTemplate\":\"https:\/\/www.africa-press.net\/tchad\/?s={search_term_string}\"},\"query-input\":{\"@type\":\"PropertyValueSpecification\",\"valueRequired\":true,\"valueName\":\"search_term_string\"}}],\"inLanguage\":\"fr-FR\"},{\"@type\":\"Person\",\"@id\":\"https:\/\/www.africa-press.net\/tchad\/#\/schema\/person\/2b1cf3cd81a31e3cd26889ca66d677f1\",\"name\":\"cfeditorfr\"}]}<\/script>\n<!-- \/ Yoast SEO Premium plugin. -->","yoast_head_json":{"title":"retour du PCMT apr\u00e8s la signature de l'accord de Doha - tchad","description":"Le chef de la transition a \u00e9t\u00e9 accueilli \u00e0 l'a\u00e9roport par le vice-pr\u00e9sident de la transition, le g\u00e9n\u00e9ral Djimadoum Tira\u00ef ...","robots":{"index":"index","follow":"follow","max-snippet":"max-snippet:-1","max-image-preview":"max-image-preview:large","max-video-preview":"max-video-preview:-1"},"canonical":"https:\/\/www.africa-press.net\/tchad\/politique\/retour-du-pcmt-apres-la-signature-de-laccord-de-doha","og_locale":"fr_FR","og_type":"article","og_title":"retour du PCMT apr\u00e8s la signature de l'accord de Doha","og_description":"Le chef de la transition a \u00e9t\u00e9 accueilli \u00e0 l'a\u00e9roport par le vice-pr\u00e9sident de la transition, le g\u00e9n\u00e9ral Djimadoum Tira\u00ef ...","og_url":"https:\/\/www.africa-press.net\/tchad\/politique\/retour-du-pcmt-apres-la-signature-de-laccord-de-doha","og_site_name":"tchad","article_published_time":"2022-08-09T18:11:26+00:00","article_modified_time":"2022-08-09T18:19:47+00:00","og_image":[{"width":1634,"height":1060,"url":"https:\/\/static.africa-press.net\/tchad\/sites\/41\/2022\/08\/postQueueImg_6-62f2a52862099.jpg","type":"image\/jpeg"}],"author":"cfeditorfr","twitter_card":"summary_large_image","twitter_misc":{"\u00c9crit par":"cfeditorfr","Dur\u00e9e de lecture estim\u00e9e":"1 minute"},"schema":{"@context":"https:\/\/schema.org","@graph":[{"@type":"Article","@id":"https:\/\/www.africa-press.net\/tchad\/politique\/retour-du-pcmt-apres-la-signature-de-laccord-de-doha#article","isPartOf":{"@id":"https:\/\/www.africa-press.net\/tchad\/politique\/retour-du-pcmt-apres-la-signature-de-laccord-de-doha"},"author":{"name":"cfeditorfr","@id":"https:\/\/www.africa-press.net\/tchad\/#\/schema\/person\/2b1cf3cd81a31e3cd26889ca66d677f1"},"headline":"retour du PCMT apr\u00e8s la signature de l&rsquo;accord de Doha","datePublished":"2022-08-09T18:11:26+00:00","dateModified":"2022-08-09T18:19:47+00:00","mainEntityOfPage":{"@id":"https:\/\/www.africa-press.net\/tchad\/politique\/retour-du-pcmt-apres-la-signature-de-laccord-de-doha"},"wordCount":118,"commentCount":0,"image":{"@id":"https:\/\/www.africa-press.net\/tchad\/politique\/retour-du-pcmt-apres-la-signature-de-laccord-de-doha#primaryimage"},"thumbnailUrl":"https:\/\/static.africa-press.net\/tchad\/sites\/41\/2022\/08\/postQueueImg_6-62f2a52862099.jpg","keywords":["Africa Press","Africa Press-Tchad","Tchad"],"articleSection":["homepage-french","Politique","Toutes les actualit\u00e9s"],"inLanguage":"fr-FR","potentialAction":[{"@type":"CommentAction","name":"Comment","target":["https:\/\/www.africa-press.net\/tchad\/politique\/retour-du-pcmt-apres-la-signature-de-laccord-de-doha#respond"]}]},{"@type":"WebPage","@id":"https:\/\/www.africa-press.net\/tchad\/politique\/retour-du-pcmt-apres-la-signature-de-laccord-de-doha","url":"https:\/\/www.africa-press.net\/tchad\/politique\/retour-du-pcmt-apres-la-signature-de-laccord-de-doha","name":"retour du PCMT apr\u00e8s la signature de l'accord de Doha - tchad","isPartOf":{"@id":"https:\/\/www.africa-press.net\/tchad\/#website"},"primaryImageOfPage":{"@id":"https:\/\/www.africa-press.net\/tchad\/politique\/retour-du-pcmt-apres-la-signature-de-laccord-de-doha#primaryimage"},"image":{"@id":"https:\/\/www.africa-press.net\/tchad\/politique\/retour-du-pcmt-apres-la-signature-de-laccord-de-doha#primaryimage"},"thumbnailUrl":"https:\/\/static.africa-press.net\/tchad\/sites\/41\/2022\/08\/postQueueImg_6-62f2a52862099.jpg","datePublished":"2022-08-09T18:11:26+00:00","dateModified":"2022-08-09T18:19:47+00:00","author":{"@id":"https:\/\/www.africa-press.net\/tchad\/#\/schema\/person\/2b1cf3cd81a31e3cd26889ca66d677f1"},"description":"Le chef de la transition a \u00e9t\u00e9 accueilli \u00e0 l'a\u00e9roport par le vice-pr\u00e9sident de la transition, le g\u00e9n\u00e9ral Djimadoum Tira\u00ef ...","breadcrumb":{"@id":"https:\/\/www.africa-press.net\/tchad\/politique\/retour-du-pcmt-apres-la-signature-de-laccord-de-doha#breadcrumb"},"inLanguage":"fr-FR","potentialAction":[{"@type":"ReadAction","target":["https:\/\/www.africa-press.net\/tchad\/politique\/retour-du-pcmt-apres-la-signature-de-laccord-de-doha"]}]},{"@type":"ImageObject","inLanguage":"fr-FR","@id":"https:\/\/www.africa-press.net\/tchad\/politique\/retour-du-pcmt-apres-la-signature-de-laccord-de-doha#primaryimage","url":"https:\/\/static.africa-press.net\/tchad\/sites\/41\/2022\/08\/postQueueImg_6-62f2a52862099.jpg","contentUrl":"https:\/\/static.africa-press.net\/tchad\/sites\/41\/2022\/08\/postQueueImg_6-62f2a52862099.jpg","width":1634,"height":1060,"caption":"retour du PCMT apr\u00e8s la signature de l'accord de Doha"},{"@type":"BreadcrumbList","@id":"https:\/\/www.africa-press.net\/tchad\/politique\/retour-du-pcmt-apres-la-signature-de-laccord-de-doha#breadcrumb","itemListElement":[{"@type":"ListItem","position":1,"name":"Accueil","item":"https:\/\/www.africa-press.net\/tchad\/"},{"@type":"ListItem","position":2,"name":"retour du PCMT apr\u00e8s la signature de l&#8217;accord de Doha"}]},{"@type":"WebSite","@id":"https:\/\/www.africa-press.net\/tchad\/#website","url":"https:\/\/www.africa-press.net\/tchad\/","name":"tchad","description":"Just another Africa News Agency Sites site","potentialAction":[{"@type":"SearchAction","target":{"@type":"EntryPoint","urlTemplate":"https:\/\/www.africa-press.net\/tchad\/?s={search_term_string}"},"query-input":{"@type":"PropertyValueSpecification","valueRequired":true,"valueName":"search_term_string"}}],"inLanguage":"fr-FR"},{"@type":"Person","@id":"https:\/\/www.africa-press.net\/tchad\/#\/schema\/person\/2b1cf3cd81a31e3cd26889ca66d677f1","name":"cfeditorfr"}]}},"_links":{"self":[{"href":"https:\/\/www.africa-press.net\/tchad\/wp-json\/wp\/v2\/posts\/30307","targetHints":{"allow":["GET"]}}],"collection":[{"href":"https:\/\/www.africa-press.net\/tchad\/wp-json\/wp\/v2\/posts"}],"about":[{"href":"https:\/\/www.africa-press.net\/tchad\/wp-json\/wp\/v2\/types\/post"}],"author":[{"embeddable":true,"href":"https:\/\/www.africa-press.net\/tchad\/wp-json\/wp\/v2\/users\/82"}],"replies":[{"embeddable":true,"href":"https:\/\/www.africa-press.net\/tchad\/wp-json\/wp\/v2\/comments?post=30307"}],"version-history":[{"count":0,"href":"https:\/\/www.africa-press.net\/tchad\/wp-json\/wp\/v2\/posts\/30307\/revisions"}],"wp:featuredmedia":[{"embeddable":true,"href":"https:\/\/www.africa-press.net\/tchad\/wp-json\/wp\/v2\/media\/30306"}],"wp:attachment":[{"href":"https:\/\/www.africa-press.net\/tchad\/wp-json\/wp\/v2\/media?parent=30307"}],"wp:term":[{"taxonomy":"category","embeddable":true,"href":"https:\/\/www.africa-press.net\/tchad\/wp-json\/wp\/v2\/categories?post=30307"},{"taxonomy":"post_tag","embeddable":true,"href":"https:\/\/www.africa-press.net\/tchad\/wp-json\/wp\/v2\/tags?post=30307"}],"curies":[{"name":"wp","href":"https:\/\/api.w.org\/{rel}","templated":true}]}}