{"id":30343,"date":"2022-08-10T15:43:37","date_gmt":"2022-08-10T15:43:37","guid":{"rendered":"https:\/\/www.africa-press.net\/tchad\/politique\/jespere-que-le-dialogue-sera-inclusif-et-representatif-affirme-le-chef-de-lonu"},"modified":"2022-08-10T16:18:00","modified_gmt":"2022-08-10T16:18:00","slug":"jespere-que-le-dialogue-sera-inclusif-et-representatif-affirme-le-chef-de-lonu","status":"publish","type":"post","link":"https:\/\/www.africa-press.net\/tchad\/politique\/jespere-que-le-dialogue-sera-inclusif-et-representatif-affirme-le-chef-de-lonu","title":{"rendered":"\u00ab\u00a0j\u2019esp\u00e8re que le dialogue sera inclusif et repr\u00e9sentatif\u00a0\u00bb, affirme le chef de l&rsquo;ONU"},"content":{"rendered":"<p><span style=\"color: #ff6600\"><strong>Africa-Press &#8211; Tchad. <\/strong><\/span>J\u2019esp\u00e8re que le dialogue sera inclusif et repr\u00e9sentatif de la diversit\u00e9 du paysage politique et sociaux du Tchad, rassemblant des femmes et hommes tchadiens de toutes les g\u00e9n\u00e9rations et de toutes les r\u00e9gions du pays\u00a0\u00bb, a affirm\u00e9 Ant\u00f3nio Guterres.<\/p>\n<p>Pour lui, \u00ab\u00a0le dialogue national offrira une opportunit\u00e9 historique de mettre le Tchad sur la voie de l\u2019ordre constitutionnel et d\u2019une paix durable\u00a0\u00bb.<\/p>\n<p>L\u2019ONU continuera d\u2019apporter son appui au peuple tchadien, a promis Ant\u00f3nio Guterres.<\/p>\n<p>Une coalition d&rsquo;organisations n&rsquo;ira pas au dialogue et entend manifester<\/p>\n<p>Une coalition d&rsquo;organisations politiques et de la soci\u00e9t\u00e9 civile a annonc\u00e9 le 9 ao\u00fbt qu&rsquo;elle ne prendra pas part au dialogue national inclusif, \u00e0 d\u00e9faut d&rsquo;inclusivit\u00e9 et de souverainet\u00e9.<\/p>\n<p>Il s&rsquo;agit de Wakit Tamma, le Groupe de r\u00e9flexion et d&rsquo;action pour l&rsquo;appel du 1er juin, le parti Les D\u00e9mocrates, Une nation pour tous, l&rsquo;UTPC, la COP, le FNC, Un nouveau jour, le MPUD, le REPEP et la plateforme de la diaspora.<\/p>\n<p>La coalition r\u00e9it\u00e8re ses exigences, notamment un comit\u00e9 d&rsquo;organisation paritaire mais aussi la r\u00e9vision de la charte de transition. Des exigences auxquelles le Conseil militaire de transition ne semble pas pr\u00eater oreille.<\/p>\n<p>Pour Pr. Avocksouma Djona, leader du parti Les D\u00e9mocrates, \u00ab\u00a0il n&rsquo;y aura pas de place aux d\u00e9bats contradictoires car le syst\u00e8me en place cherche \u00e0 perp\u00e9tuer la monarchisation du pouvoir\u00a0\u00bb.<\/p>\n<p>Des actions de d\u00e9sob\u00e9issance civile sont annonc\u00e9es \u00e0 partir du 11 ao\u00fbt tandis qu&rsquo;une grande manifestation pourrait avoir lieu le 19 ao\u00fbt 2022.<\/p>\n<p><strong>Pour plus d&rsquo;informations et d&rsquo;analyses sur la <a href=\"https:\/\/www.africa-press.net\/tchad\">Tchad<\/a>, suivez <a href=\"https:\/\/www.africa-press.net\/\">Africa-Press<\/a><\/strong><\/p>\n","protected":false},"excerpt":{"rendered":"<p>Africa-Press &#8211; Tchad. J\u2019esp\u00e8re que le dialogue sera inclusif et repr\u00e9sentatif de la diversit\u00e9 du paysage politique et sociaux du Tchad, rassemblant des femmes et hommes tchadiens de toutes les g\u00e9n\u00e9rations et de toutes les r\u00e9gions du pays\u00a0\u00bb, a affirm\u00e9 Ant\u00f3nio Guterres. Pour lui, \u00ab\u00a0le dialogue national offrira une opportunit\u00e9 historique de mettre le Tchad [&hellip;]<\/p>\n","protected":false},"author":82,"featured_media":30341,"comment_status":"open","ping_status":"closed","sticky":false,"template":"","format":"standard","meta":{"footnotes":""},"categories":[11,2,10],"tags":[37,292,29],"class_list":["post-30343","post","type-post","status-publish","format-standard","has-post-thumbnail","hentry","category-homepage-french","category-politique","category-toutes-les-actualites","tag-africa-press","tag-africa-press-tchad","tag-tchad"],"yoast_head":"<!-- This site is optimized with the Yoast SEO Premium plugin v26.1 (Yoast SEO v27.0) - https:\/\/yoast.com\/product\/yoast-seo-premium-wordpress\/ -->\n<title>&quot;j\u2019esp\u00e8re que le dialogue sera inclusif et repr\u00e9sentatif&quot;, affirme le chef de l&#039;ONU - tchad<\/title>\n<meta name=\"description\" content=\"J\u2019esp\u00e8re que le dialogue sera inclusif et repr\u00e9sentatif de la diversit\u00e9 du paysage politique et sociaux du Tchad, rassem ...\" \/>\n<meta name=\"robots\" content=\"index, follow, max-snippet:-1, max-image-preview:large, max-video-preview:-1\" \/>\n<link rel=\"canonical\" href=\"https:\/\/www.africa-press.net\/tchad\/politique\/jespere-que-le-dialogue-sera-inclusif-et-representatif-affirme-le-chef-de-lonu\" \/>\n<meta property=\"og:locale\" content=\"fr_FR\" \/>\n<meta property=\"og:type\" content=\"article\" \/>\n<meta property=\"og:title\" content=\"&quot;j\u2019esp\u00e8re que le dialogue sera inclusif et repr\u00e9sentatif&quot;, affirme le chef de l&#039;ONU\" \/>\n<meta property=\"og:description\" content=\"J\u2019esp\u00e8re que le dialogue sera inclusif et repr\u00e9sentatif de la diversit\u00e9 du paysage politique et sociaux du Tchad, rassem ...\" \/>\n<meta property=\"og:url\" content=\"https:\/\/www.africa-press.net\/tchad\/politique\/jespere-que-le-dialogue-sera-inclusif-et-representatif-affirme-le-chef-de-lonu\" \/>\n<meta property=\"og:site_name\" content=\"tchad\" \/>\n<meta property=\"article:published_time\" content=\"2022-08-10T15:43:37+00:00\" \/>\n<meta property=\"article:modified_time\" content=\"2022-08-10T16:18:00+00:00\" \/>\n<meta property=\"og:image\" content=\"https:\/\/static.africa-press.net\/tchad\/sites\/41\/2022\/08\/postQueueImg_1-62f3da038dcab.jpg\" \/>\n\t<meta property=\"og:image:width\" content=\"1170\" \/>\n\t<meta property=\"og:image:height\" content=\"530\" \/>\n\t<meta property=\"og:image:type\" content=\"image\/jpeg\" \/>\n<meta name=\"author\" content=\"cfeditorfr\" \/>\n<meta name=\"twitter:card\" content=\"summary_large_image\" \/>\n<meta name=\"twitter:label1\" content=\"\u00c9crit par\" \/>\n\t<meta name=\"twitter:data1\" content=\"cfeditorfr\" \/>\n\t<meta name=\"twitter:label2\" content=\"Dur\u00e9e de lecture estim\u00e9e\" \/>\n\t<meta name=\"twitter:data2\" content=\"2 minutes\" \/>\n<script type=\"application\/ld+json\" class=\"yoast-schema-graph\">{\"@context\":\"https:\/\/schema.org\",\"@graph\":[{\"@type\":\"Article\",\"@id\":\"https:\/\/www.africa-press.net\/tchad\/politique\/jespere-que-le-dialogue-sera-inclusif-et-representatif-affirme-le-chef-de-lonu#article\",\"isPartOf\":{\"@id\":\"https:\/\/www.africa-press.net\/tchad\/politique\/jespere-que-le-dialogue-sera-inclusif-et-representatif-affirme-le-chef-de-lonu\"},\"author\":{\"name\":\"cfeditorfr\",\"@id\":\"https:\/\/www.africa-press.net\/tchad\/#\/schema\/person\/2b1cf3cd81a31e3cd26889ca66d677f1\"},\"headline\":\"\u00ab\u00a0j\u2019esp\u00e8re que le dialogue sera inclusif et repr\u00e9sentatif\u00a0\u00bb, affirme le chef de l&rsquo;ONU\",\"datePublished\":\"2022-08-10T15:43:37+00:00\",\"dateModified\":\"2022-08-10T16:18:00+00:00\",\"mainEntityOfPage\":{\"@id\":\"https:\/\/www.africa-press.net\/tchad\/politique\/jespere-que-le-dialogue-sera-inclusif-et-representatif-affirme-le-chef-de-lonu\"},\"wordCount\":307,\"commentCount\":0,\"image\":{\"@id\":\"https:\/\/www.africa-press.net\/tchad\/politique\/jespere-que-le-dialogue-sera-inclusif-et-representatif-affirme-le-chef-de-lonu#primaryimage\"},\"thumbnailUrl\":\"https:\/\/static.africa-press.net\/tchad\/sites\/41\/2022\/08\/postQueueImg_1-62f3da038dcab.jpg\",\"keywords\":[\"Africa Press\",\"Africa Press-Tchad\",\"Tchad\"],\"articleSection\":[\"homepage-french\",\"Politique\",\"Toutes les actualit\u00e9s\"],\"inLanguage\":\"fr-FR\",\"potentialAction\":[{\"@type\":\"CommentAction\",\"name\":\"Comment\",\"target\":[\"https:\/\/www.africa-press.net\/tchad\/politique\/jespere-que-le-dialogue-sera-inclusif-et-representatif-affirme-le-chef-de-lonu#respond\"]}]},{\"@type\":\"WebPage\",\"@id\":\"https:\/\/www.africa-press.net\/tchad\/politique\/jespere-que-le-dialogue-sera-inclusif-et-representatif-affirme-le-chef-de-lonu\",\"url\":\"https:\/\/www.africa-press.net\/tchad\/politique\/jespere-que-le-dialogue-sera-inclusif-et-representatif-affirme-le-chef-de-lonu\",\"name\":\"\\\"j\u2019esp\u00e8re que le dialogue sera inclusif et repr\u00e9sentatif\\\", affirme le chef de l'ONU - tchad\",\"isPartOf\":{\"@id\":\"https:\/\/www.africa-press.net\/tchad\/#website\"},\"primaryImageOfPage\":{\"@id\":\"https:\/\/www.africa-press.net\/tchad\/politique\/jespere-que-le-dialogue-sera-inclusif-et-representatif-affirme-le-chef-de-lonu#primaryimage\"},\"image\":{\"@id\":\"https:\/\/www.africa-press.net\/tchad\/politique\/jespere-que-le-dialogue-sera-inclusif-et-representatif-affirme-le-chef-de-lonu#primaryimage\"},\"thumbnailUrl\":\"https:\/\/static.africa-press.net\/tchad\/sites\/41\/2022\/08\/postQueueImg_1-62f3da038dcab.jpg\",\"datePublished\":\"2022-08-10T15:43:37+00:00\",\"dateModified\":\"2022-08-10T16:18:00+00:00\",\"author\":{\"@id\":\"https:\/\/www.africa-press.net\/tchad\/#\/schema\/person\/2b1cf3cd81a31e3cd26889ca66d677f1\"},\"description\":\"J\u2019esp\u00e8re que le dialogue sera inclusif et repr\u00e9sentatif de la diversit\u00e9 du paysage politique et sociaux du Tchad, rassem ...\",\"breadcrumb\":{\"@id\":\"https:\/\/www.africa-press.net\/tchad\/politique\/jespere-que-le-dialogue-sera-inclusif-et-representatif-affirme-le-chef-de-lonu#breadcrumb\"},\"inLanguage\":\"fr-FR\",\"potentialAction\":[{\"@type\":\"ReadAction\",\"target\":[\"https:\/\/www.africa-press.net\/tchad\/politique\/jespere-que-le-dialogue-sera-inclusif-et-representatif-affirme-le-chef-de-lonu\"]}]},{\"@type\":\"ImageObject\",\"inLanguage\":\"fr-FR\",\"@id\":\"https:\/\/www.africa-press.net\/tchad\/politique\/jespere-que-le-dialogue-sera-inclusif-et-representatif-affirme-le-chef-de-lonu#primaryimage\",\"url\":\"https:\/\/static.africa-press.net\/tchad\/sites\/41\/2022\/08\/postQueueImg_1-62f3da038dcab.jpg\",\"contentUrl\":\"https:\/\/static.africa-press.net\/tchad\/sites\/41\/2022\/08\/postQueueImg_1-62f3da038dcab.jpg\",\"width\":1170,\"height\":530,\"caption\":\"\\\"j\u2019esp\u00e8re que le dialogue sera inclusif et repr\u00e9sentatif\\\", affirme le chef de l'ONU\"},{\"@type\":\"BreadcrumbList\",\"@id\":\"https:\/\/www.africa-press.net\/tchad\/politique\/jespere-que-le-dialogue-sera-inclusif-et-representatif-affirme-le-chef-de-lonu#breadcrumb\",\"itemListElement\":[{\"@type\":\"ListItem\",\"position\":1,\"name\":\"Accueil\",\"item\":\"https:\/\/www.africa-press.net\/tchad\/\"},{\"@type\":\"ListItem\",\"position\":2,\"name\":\"&#8220;j\u2019esp\u00e8re que le dialogue sera inclusif et repr\u00e9sentatif&#8221;, affirme le chef de l&#8217;ONU\"}]},{\"@type\":\"WebSite\",\"@id\":\"https:\/\/www.africa-press.net\/tchad\/#website\",\"url\":\"https:\/\/www.africa-press.net\/tchad\/\",\"name\":\"tchad\",\"description\":\"Just another Africa News Agency Sites site\",\"potentialAction\":[{\"@type\":\"SearchAction\",\"target\":{\"@type\":\"EntryPoint\",\"urlTemplate\":\"https:\/\/www.africa-press.net\/tchad\/?s={search_term_string}\"},\"query-input\":{\"@type\":\"PropertyValueSpecification\",\"valueRequired\":true,\"valueName\":\"search_term_string\"}}],\"inLanguage\":\"fr-FR\"},{\"@type\":\"Person\",\"@id\":\"https:\/\/www.africa-press.net\/tchad\/#\/schema\/person\/2b1cf3cd81a31e3cd26889ca66d677f1\",\"name\":\"cfeditorfr\"}]}<\/script>\n<!-- \/ Yoast SEO Premium plugin. -->","yoast_head_json":{"title":"\"j\u2019esp\u00e8re que le dialogue sera inclusif et repr\u00e9sentatif\", affirme le chef de l'ONU - tchad","description":"J\u2019esp\u00e8re que le dialogue sera inclusif et repr\u00e9sentatif de la diversit\u00e9 du paysage politique et sociaux du Tchad, rassem ...","robots":{"index":"index","follow":"follow","max-snippet":"max-snippet:-1","max-image-preview":"max-image-preview:large","max-video-preview":"max-video-preview:-1"},"canonical":"https:\/\/www.africa-press.net\/tchad\/politique\/jespere-que-le-dialogue-sera-inclusif-et-representatif-affirme-le-chef-de-lonu","og_locale":"fr_FR","og_type":"article","og_title":"\"j\u2019esp\u00e8re que le dialogue sera inclusif et repr\u00e9sentatif\", affirme le chef de l'ONU","og_description":"J\u2019esp\u00e8re que le dialogue sera inclusif et repr\u00e9sentatif de la diversit\u00e9 du paysage politique et sociaux du Tchad, rassem ...","og_url":"https:\/\/www.africa-press.net\/tchad\/politique\/jespere-que-le-dialogue-sera-inclusif-et-representatif-affirme-le-chef-de-lonu","og_site_name":"tchad","article_published_time":"2022-08-10T15:43:37+00:00","article_modified_time":"2022-08-10T16:18:00+00:00","og_image":[{"width":1170,"height":530,"url":"https:\/\/static.africa-press.net\/tchad\/sites\/41\/2022\/08\/postQueueImg_1-62f3da038dcab.jpg","type":"image\/jpeg"}],"author":"cfeditorfr","twitter_card":"summary_large_image","twitter_misc":{"\u00c9crit par":"cfeditorfr","Dur\u00e9e de lecture estim\u00e9e":"2 minutes"},"schema":{"@context":"https:\/\/schema.org","@graph":[{"@type":"Article","@id":"https:\/\/www.africa-press.net\/tchad\/politique\/jespere-que-le-dialogue-sera-inclusif-et-representatif-affirme-le-chef-de-lonu#article","isPartOf":{"@id":"https:\/\/www.africa-press.net\/tchad\/politique\/jespere-que-le-dialogue-sera-inclusif-et-representatif-affirme-le-chef-de-lonu"},"author":{"name":"cfeditorfr","@id":"https:\/\/www.africa-press.net\/tchad\/#\/schema\/person\/2b1cf3cd81a31e3cd26889ca66d677f1"},"headline":"\u00ab\u00a0j\u2019esp\u00e8re que le dialogue sera inclusif et repr\u00e9sentatif\u00a0\u00bb, affirme le chef de l&rsquo;ONU","datePublished":"2022-08-10T15:43:37+00:00","dateModified":"2022-08-10T16:18:00+00:00","mainEntityOfPage":{"@id":"https:\/\/www.africa-press.net\/tchad\/politique\/jespere-que-le-dialogue-sera-inclusif-et-representatif-affirme-le-chef-de-lonu"},"wordCount":307,"commentCount":0,"image":{"@id":"https:\/\/www.africa-press.net\/tchad\/politique\/jespere-que-le-dialogue-sera-inclusif-et-representatif-affirme-le-chef-de-lonu#primaryimage"},"thumbnailUrl":"https:\/\/static.africa-press.net\/tchad\/sites\/41\/2022\/08\/postQueueImg_1-62f3da038dcab.jpg","keywords":["Africa Press","Africa Press-Tchad","Tchad"],"articleSection":["homepage-french","Politique","Toutes les actualit\u00e9s"],"inLanguage":"fr-FR","potentialAction":[{"@type":"CommentAction","name":"Comment","target":["https:\/\/www.africa-press.net\/tchad\/politique\/jespere-que-le-dialogue-sera-inclusif-et-representatif-affirme-le-chef-de-lonu#respond"]}]},{"@type":"WebPage","@id":"https:\/\/www.africa-press.net\/tchad\/politique\/jespere-que-le-dialogue-sera-inclusif-et-representatif-affirme-le-chef-de-lonu","url":"https:\/\/www.africa-press.net\/tchad\/politique\/jespere-que-le-dialogue-sera-inclusif-et-representatif-affirme-le-chef-de-lonu","name":"\"j\u2019esp\u00e8re que le dialogue sera inclusif et repr\u00e9sentatif\", affirme le chef de l'ONU - tchad","isPartOf":{"@id":"https:\/\/www.africa-press.net\/tchad\/#website"},"primaryImageOfPage":{"@id":"https:\/\/www.africa-press.net\/tchad\/politique\/jespere-que-le-dialogue-sera-inclusif-et-representatif-affirme-le-chef-de-lonu#primaryimage"},"image":{"@id":"https:\/\/www.africa-press.net\/tchad\/politique\/jespere-que-le-dialogue-sera-inclusif-et-representatif-affirme-le-chef-de-lonu#primaryimage"},"thumbnailUrl":"https:\/\/static.africa-press.net\/tchad\/sites\/41\/2022\/08\/postQueueImg_1-62f3da038dcab.jpg","datePublished":"2022-08-10T15:43:37+00:00","dateModified":"2022-08-10T16:18:00+00:00","author":{"@id":"https:\/\/www.africa-press.net\/tchad\/#\/schema\/person\/2b1cf3cd81a31e3cd26889ca66d677f1"},"description":"J\u2019esp\u00e8re que le dialogue sera inclusif et repr\u00e9sentatif de la diversit\u00e9 du paysage politique et sociaux du Tchad, rassem ...","breadcrumb":{"@id":"https:\/\/www.africa-press.net\/tchad\/politique\/jespere-que-le-dialogue-sera-inclusif-et-representatif-affirme-le-chef-de-lonu#breadcrumb"},"inLanguage":"fr-FR","potentialAction":[{"@type":"ReadAction","target":["https:\/\/www.africa-press.net\/tchad\/politique\/jespere-que-le-dialogue-sera-inclusif-et-representatif-affirme-le-chef-de-lonu"]}]},{"@type":"ImageObject","inLanguage":"fr-FR","@id":"https:\/\/www.africa-press.net\/tchad\/politique\/jespere-que-le-dialogue-sera-inclusif-et-representatif-affirme-le-chef-de-lonu#primaryimage","url":"https:\/\/static.africa-press.net\/tchad\/sites\/41\/2022\/08\/postQueueImg_1-62f3da038dcab.jpg","contentUrl":"https:\/\/static.africa-press.net\/tchad\/sites\/41\/2022\/08\/postQueueImg_1-62f3da038dcab.jpg","width":1170,"height":530,"caption":"\"j\u2019esp\u00e8re que le dialogue sera inclusif et repr\u00e9sentatif\", affirme le chef de l'ONU"},{"@type":"BreadcrumbList","@id":"https:\/\/www.africa-press.net\/tchad\/politique\/jespere-que-le-dialogue-sera-inclusif-et-representatif-affirme-le-chef-de-lonu#breadcrumb","itemListElement":[{"@type":"ListItem","position":1,"name":"Accueil","item":"https:\/\/www.africa-press.net\/tchad\/"},{"@type":"ListItem","position":2,"name":"&#8220;j\u2019esp\u00e8re que le dialogue sera inclusif et repr\u00e9sentatif&#8221;, affirme le chef de l&#8217;ONU"}]},{"@type":"WebSite","@id":"https:\/\/www.africa-press.net\/tchad\/#website","url":"https:\/\/www.africa-press.net\/tchad\/","name":"tchad","description":"Just another Africa News Agency Sites site","potentialAction":[{"@type":"SearchAction","target":{"@type":"EntryPoint","urlTemplate":"https:\/\/www.africa-press.net\/tchad\/?s={search_term_string}"},"query-input":{"@type":"PropertyValueSpecification","valueRequired":true,"valueName":"search_term_string"}}],"inLanguage":"fr-FR"},{"@type":"Person","@id":"https:\/\/www.africa-press.net\/tchad\/#\/schema\/person\/2b1cf3cd81a31e3cd26889ca66d677f1","name":"cfeditorfr"}]}},"_links":{"self":[{"href":"https:\/\/www.africa-press.net\/tchad\/wp-json\/wp\/v2\/posts\/30343","targetHints":{"allow":["GET"]}}],"collection":[{"href":"https:\/\/www.africa-press.net\/tchad\/wp-json\/wp\/v2\/posts"}],"about":[{"href":"https:\/\/www.africa-press.net\/tchad\/wp-json\/wp\/v2\/types\/post"}],"author":[{"embeddable":true,"href":"https:\/\/www.africa-press.net\/tchad\/wp-json\/wp\/v2\/users\/82"}],"replies":[{"embeddable":true,"href":"https:\/\/www.africa-press.net\/tchad\/wp-json\/wp\/v2\/comments?post=30343"}],"version-history":[{"count":0,"href":"https:\/\/www.africa-press.net\/tchad\/wp-json\/wp\/v2\/posts\/30343\/revisions"}],"wp:featuredmedia":[{"embeddable":true,"href":"https:\/\/www.africa-press.net\/tchad\/wp-json\/wp\/v2\/media\/30341"}],"wp:attachment":[{"href":"https:\/\/www.africa-press.net\/tchad\/wp-json\/wp\/v2\/media?parent=30343"}],"wp:term":[{"taxonomy":"category","embeddable":true,"href":"https:\/\/www.africa-press.net\/tchad\/wp-json\/wp\/v2\/categories?post=30343"},{"taxonomy":"post_tag","embeddable":true,"href":"https:\/\/www.africa-press.net\/tchad\/wp-json\/wp\/v2\/tags?post=30343"}],"curies":[{"name":"wp","href":"https:\/\/api.w.org\/{rel}","templated":true}]}}