{"id":30348,"date":"2022-08-10T15:45:59","date_gmt":"2022-08-10T15:45:59","guid":{"rendered":"https:\/\/www.africa-press.net\/tchad\/politique\/accord-de-paix-de-doha-une-conference-de-berlin-pour-le-partage-du-pouvoir"},"modified":"2022-08-10T16:18:27","modified_gmt":"2022-08-10T16:18:27","slug":"accord-de-paix-de-doha-une-conference-de-berlin-pour-le-partage-du-pouvoir","status":"publish","type":"post","link":"https:\/\/www.africa-press.net\/tchad\/politique\/accord-de-paix-de-doha-une-conference-de-berlin-pour-le-partage-du-pouvoir","title":{"rendered":"accord de paix de Doha, une \u00ab conf\u00e9rence de Berlin \u00bb pour le partage du pouvoir ?"},"content":{"rendered":"<p><span style=\"color: #ff6600\"><strong>Africa-Press &#8211; Tchad. <\/strong><\/span>La main tendue de Mahamat Idriss D\u00e9by Itno \u00e0 ses fr\u00e8res qui ont choisi la voie des armes, pour exprimer leurs divergences politiques, a eu gain de cause.<\/p>\n<p>Depuis 5 mois que les deux parties ont entam\u00e9 leur pourparlers, sur les 52 groupes politico-militaire, une trentaine a sign\u00e9 l&rsquo;accord qui pr\u00e9voit 10 points majeurs d&rsquo;engagement. Toutefois, une dizaine n&rsquo;a pas sign\u00e9, dont le groupe Fact de Mahamat Mahdi Ali, le plus influent des mouvements.<\/p>\n<p>Pourquoi la paix avec ces rebelles doit \u00eatre la priorit\u00e9 du PCMT ? Sont-ils une menace pour le maintien de Deby fils au pouvoir ou la relation Tchad-France ? De quoi Mahamat Idriss D\u00e9by Itno a-t-il peur ? Autant d&rsquo;interrogations, mais march\u00e9 conclu avec les politico-militaire. D\u00e9sormais, rien ne pourra emp\u00eacher la tenue de Dialogue national inclusif et souverain.<\/p>\n<p>M\u00eame si la Fact reste une menace \u00e0 craindre, Mahamat Idriss D\u00e9by Itno porte la flamme de la paix. Cette vision de convoquer les filles et fils du Tchad \u00e0 la table des discussions n&rsquo;est pas mauvaise, mais il n&rsquo;y a rien de clair encore sur les intentions du pouvoir en place. Car la voix du peuple ne compte pas aux yeux de ceux qui ont brandi les armes pour conqu\u00e9rir le pouvoir. Faut-il le rappeler ?<\/p>\n<p>La gestion du pouvoir est entre les mains des ressortissants de B.E.T, \u00e0 commencer par Goukouni Weddeye en passant par Hissene Habr\u00e9, jusqu&rsquo;\u00e0 Idriss Deby Itno, mais sans un progr\u00e8s de d\u00e9veloppement dans leur localit\u00e9. C&rsquo;est la le\u00e7on de ces trois t\u00eates dont le denier a fait couler le p\u00e9trole. Malheureusement, il a tout sabot\u00e9 du Nord au Sud, de l&rsquo;Est \u00e0 l&rsquo;Ouest, car il n&rsquo;y a eu aucun travail s\u00e9rieux dans toutes les actions pos\u00e9es.<\/p>\n<p>C&rsquo;est trop facile de faire la paix, du moment o\u00f9 certains se croient plus importants que les autres dans la gestion de la chose publique. Peut-on parler de paix quand les int\u00e9r\u00eats ne sont pas partag\u00e9s ? La paix ne consiste pas \u00e0 se retrouver autour d&rsquo;une grande table de discussion, mais plut\u00f4t \u00e0 pr\u00e9server l&rsquo;int\u00e9r\u00eat commun.<\/p>\n<p>C&rsquo;est ce que Deby p\u00e8re n&rsquo;a pas compris : la majorit\u00e9 des Tchadiens vivent dans la souffrance, sans acc\u00e8s \u00e0 l\u2019eau, \u00e0 la nourriture, manque de couverture sanitaire, tandis que l&rsquo;\u00e9ducation est un v\u00e9ritable calvaire. Pendant ce temps, l&rsquo;autre partie jouit de toutes les ressources du pays. Il faut donc la justice d&rsquo;abord. Le temps est arriv\u00e9 de tourner la page de la prise de pouvoir par les armes.<\/p>\n<p>Mais, il faut regarder d&rsquo;abord la justice sociale, la lutte contre la pauvret\u00e9, l&rsquo;\u00e9galit\u00e9 des chances \u00e0 tous les dipl\u00f4m\u00e9s, des aspects importants pour un Tchad r\u00e9concili\u00e9 avec lui-m\u00eame. En attendant la tenue de Dialogue national inclusif et souverain, Mahamat Idriss D\u00e9by Itno doit comprendre qu&rsquo;on ne peut pas souffler le chaud et le froid.<\/p>\n<p>Car la paix attendue par le peuple tchadien est un peu de pain, de paille et de s\u00e9curit\u00e9. Les tapages politiques parfois ne sont pas la solution aux probl\u00e8mes du Tchad. C&rsquo;est pourquoi ce Dialogue national inclusif et souverain doit faire primer l&rsquo;int\u00e9r\u00eat sup\u00e9rieur de la patrie. Sans cela, c&rsquo;est une mani\u00e8re de duper \u00e0 nouveau le peuple tchadien.<\/p>\n<p>\u00ab Je ne vous ait apport\u00e9 ni or, ni argent mais la d\u00e9mocratie \u00bb, tels sont les propos mensongers du 1er d\u00e9cembre 1990. Un peuple meurtri et affam\u00e9 n\u2019a pas besoin de beaux discours, mais d&rsquo;actions.<\/p>\n<p><strong>Pour plus d&rsquo;informations et d&rsquo;analyses sur la <a href=\"https:\/\/www.africa-press.net\/tchad\">Tchad<\/a>, suivez <a href=\"https:\/\/www.africa-press.net\/\">Africa-Press<\/a><\/strong><\/p>\n","protected":false},"excerpt":{"rendered":"<p>Africa-Press &#8211; Tchad. La main tendue de Mahamat Idriss D\u00e9by Itno \u00e0 ses fr\u00e8res qui ont choisi la voie des armes, pour exprimer leurs divergences politiques, a eu gain de cause. Depuis 5 mois que les deux parties ont entam\u00e9 leur pourparlers, sur les 52 groupes politico-militaire, une trentaine a sign\u00e9 l&rsquo;accord qui pr\u00e9voit 10 [&hellip;]<\/p>\n","protected":false},"author":82,"featured_media":30346,"comment_status":"open","ping_status":"closed","sticky":false,"template":"","format":"standard","meta":{"footnotes":""},"categories":[11,2,20,10],"tags":[37,292,29],"class_list":["post-30348","post","type-post","status-publish","format-standard","has-post-thumbnail","hentry","category-homepage-french","category-politique","category-top-nouvelles","category-toutes-les-actualites","tag-africa-press","tag-africa-press-tchad","tag-tchad"],"yoast_head":"<!-- This site is optimized with the Yoast SEO Premium plugin v26.1 (Yoast SEO v27.0) - https:\/\/yoast.com\/product\/yoast-seo-premium-wordpress\/ -->\n<title>accord de paix de Doha, une \u00ab conf\u00e9rence de Berlin \u00bb pour le partage du pouvoir ? - tchad<\/title>\n<meta name=\"description\" content=\"La main tendue de Mahamat Idriss D\u00e9by Itno \u00e0 ses fr\u00e8res qui ont choisi la voie des armes, pour exprimer leurs divergence ...\" \/>\n<meta name=\"robots\" content=\"index, follow, max-snippet:-1, max-image-preview:large, max-video-preview:-1\" \/>\n<link rel=\"canonical\" href=\"https:\/\/www.africa-press.net\/tchad\/politique\/accord-de-paix-de-doha-une-conference-de-berlin-pour-le-partage-du-pouvoir\" \/>\n<meta property=\"og:locale\" content=\"fr_FR\" \/>\n<meta property=\"og:type\" content=\"article\" \/>\n<meta property=\"og:title\" content=\"accord de paix de Doha, une \u00ab conf\u00e9rence de Berlin \u00bb pour le partage du pouvoir ?\" \/>\n<meta property=\"og:description\" content=\"La main tendue de Mahamat Idriss D\u00e9by Itno \u00e0 ses fr\u00e8res qui ont choisi la voie des armes, pour exprimer leurs divergence ...\" \/>\n<meta property=\"og:url\" content=\"https:\/\/www.africa-press.net\/tchad\/politique\/accord-de-paix-de-doha-une-conference-de-berlin-pour-le-partage-du-pouvoir\" \/>\n<meta property=\"og:site_name\" content=\"tchad\" \/>\n<meta property=\"article:published_time\" content=\"2022-08-10T15:45:59+00:00\" \/>\n<meta property=\"article:modified_time\" content=\"2022-08-10T16:18:27+00:00\" \/>\n<meta property=\"og:image\" content=\"https:\/\/static.africa-press.net\/tchad\/sites\/41\/2022\/08\/postQueueImg_2-62f3da3d58d15.jpg\" \/>\n\t<meta property=\"og:image:width\" content=\"1527\" \/>\n\t<meta property=\"og:image:height\" content=\"1058\" \/>\n\t<meta property=\"og:image:type\" content=\"image\/jpeg\" \/>\n<meta name=\"author\" content=\"cfeditorfr\" \/>\n<meta name=\"twitter:card\" content=\"summary_large_image\" \/>\n<meta name=\"twitter:label1\" content=\"\u00c9crit par\" \/>\n\t<meta name=\"twitter:data1\" content=\"cfeditorfr\" \/>\n\t<meta name=\"twitter:label2\" content=\"Dur\u00e9e de lecture estim\u00e9e\" \/>\n\t<meta name=\"twitter:data2\" content=\"3 minutes\" \/>\n<script type=\"application\/ld+json\" class=\"yoast-schema-graph\">{\"@context\":\"https:\/\/schema.org\",\"@graph\":[{\"@type\":\"Article\",\"@id\":\"https:\/\/www.africa-press.net\/tchad\/politique\/accord-de-paix-de-doha-une-conference-de-berlin-pour-le-partage-du-pouvoir#article\",\"isPartOf\":{\"@id\":\"https:\/\/www.africa-press.net\/tchad\/politique\/accord-de-paix-de-doha-une-conference-de-berlin-pour-le-partage-du-pouvoir\"},\"author\":{\"name\":\"cfeditorfr\",\"@id\":\"https:\/\/www.africa-press.net\/tchad\/#\/schema\/person\/2b1cf3cd81a31e3cd26889ca66d677f1\"},\"headline\":\"accord de paix de Doha, une \u00ab conf\u00e9rence de Berlin \u00bb pour le partage du pouvoir ?\",\"datePublished\":\"2022-08-10T15:45:59+00:00\",\"dateModified\":\"2022-08-10T16:18:27+00:00\",\"mainEntityOfPage\":{\"@id\":\"https:\/\/www.africa-press.net\/tchad\/politique\/accord-de-paix-de-doha-une-conference-de-berlin-pour-le-partage-du-pouvoir\"},\"wordCount\":637,\"commentCount\":0,\"image\":{\"@id\":\"https:\/\/www.africa-press.net\/tchad\/politique\/accord-de-paix-de-doha-une-conference-de-berlin-pour-le-partage-du-pouvoir#primaryimage\"},\"thumbnailUrl\":\"https:\/\/static.africa-press.net\/tchad\/sites\/41\/2022\/08\/postQueueImg_2-62f3da3d58d15.jpg\",\"keywords\":[\"Africa Press\",\"Africa Press-Tchad\",\"Tchad\"],\"articleSection\":[\"homepage-french\",\"Politique\",\"Top Nouvelles\",\"Toutes les actualit\u00e9s\"],\"inLanguage\":\"fr-FR\",\"potentialAction\":[{\"@type\":\"CommentAction\",\"name\":\"Comment\",\"target\":[\"https:\/\/www.africa-press.net\/tchad\/politique\/accord-de-paix-de-doha-une-conference-de-berlin-pour-le-partage-du-pouvoir#respond\"]}]},{\"@type\":\"WebPage\",\"@id\":\"https:\/\/www.africa-press.net\/tchad\/politique\/accord-de-paix-de-doha-une-conference-de-berlin-pour-le-partage-du-pouvoir\",\"url\":\"https:\/\/www.africa-press.net\/tchad\/politique\/accord-de-paix-de-doha-une-conference-de-berlin-pour-le-partage-du-pouvoir\",\"name\":\"accord de paix de Doha, une \u00ab conf\u00e9rence de Berlin \u00bb pour le partage du pouvoir ? - tchad\",\"isPartOf\":{\"@id\":\"https:\/\/www.africa-press.net\/tchad\/#website\"},\"primaryImageOfPage\":{\"@id\":\"https:\/\/www.africa-press.net\/tchad\/politique\/accord-de-paix-de-doha-une-conference-de-berlin-pour-le-partage-du-pouvoir#primaryimage\"},\"image\":{\"@id\":\"https:\/\/www.africa-press.net\/tchad\/politique\/accord-de-paix-de-doha-une-conference-de-berlin-pour-le-partage-du-pouvoir#primaryimage\"},\"thumbnailUrl\":\"https:\/\/static.africa-press.net\/tchad\/sites\/41\/2022\/08\/postQueueImg_2-62f3da3d58d15.jpg\",\"datePublished\":\"2022-08-10T15:45:59+00:00\",\"dateModified\":\"2022-08-10T16:18:27+00:00\",\"author\":{\"@id\":\"https:\/\/www.africa-press.net\/tchad\/#\/schema\/person\/2b1cf3cd81a31e3cd26889ca66d677f1\"},\"description\":\"La main tendue de Mahamat Idriss D\u00e9by Itno \u00e0 ses fr\u00e8res qui ont choisi la voie des armes, pour exprimer leurs divergence ...\",\"breadcrumb\":{\"@id\":\"https:\/\/www.africa-press.net\/tchad\/politique\/accord-de-paix-de-doha-une-conference-de-berlin-pour-le-partage-du-pouvoir#breadcrumb\"},\"inLanguage\":\"fr-FR\",\"potentialAction\":[{\"@type\":\"ReadAction\",\"target\":[\"https:\/\/www.africa-press.net\/tchad\/politique\/accord-de-paix-de-doha-une-conference-de-berlin-pour-le-partage-du-pouvoir\"]}]},{\"@type\":\"ImageObject\",\"inLanguage\":\"fr-FR\",\"@id\":\"https:\/\/www.africa-press.net\/tchad\/politique\/accord-de-paix-de-doha-une-conference-de-berlin-pour-le-partage-du-pouvoir#primaryimage\",\"url\":\"https:\/\/static.africa-press.net\/tchad\/sites\/41\/2022\/08\/postQueueImg_2-62f3da3d58d15.jpg\",\"contentUrl\":\"https:\/\/static.africa-press.net\/tchad\/sites\/41\/2022\/08\/postQueueImg_2-62f3da3d58d15.jpg\",\"width\":1527,\"height\":1058,\"caption\":\"accord de paix de Doha, une \u00ab conf\u00e9rence de Berlin \u00bb pour le partage du pouvoir ?\"},{\"@type\":\"BreadcrumbList\",\"@id\":\"https:\/\/www.africa-press.net\/tchad\/politique\/accord-de-paix-de-doha-une-conference-de-berlin-pour-le-partage-du-pouvoir#breadcrumb\",\"itemListElement\":[{\"@type\":\"ListItem\",\"position\":1,\"name\":\"Accueil\",\"item\":\"https:\/\/www.africa-press.net\/tchad\/\"},{\"@type\":\"ListItem\",\"position\":2,\"name\":\"accord de paix de Doha, une \u00ab conf\u00e9rence de Berlin \u00bb pour le partage du pouvoir ?\"}]},{\"@type\":\"WebSite\",\"@id\":\"https:\/\/www.africa-press.net\/tchad\/#website\",\"url\":\"https:\/\/www.africa-press.net\/tchad\/\",\"name\":\"tchad\",\"description\":\"Just another Africa News Agency Sites site\",\"potentialAction\":[{\"@type\":\"SearchAction\",\"target\":{\"@type\":\"EntryPoint\",\"urlTemplate\":\"https:\/\/www.africa-press.net\/tchad\/?s={search_term_string}\"},\"query-input\":{\"@type\":\"PropertyValueSpecification\",\"valueRequired\":true,\"valueName\":\"search_term_string\"}}],\"inLanguage\":\"fr-FR\"},{\"@type\":\"Person\",\"@id\":\"https:\/\/www.africa-press.net\/tchad\/#\/schema\/person\/2b1cf3cd81a31e3cd26889ca66d677f1\",\"name\":\"cfeditorfr\"}]}<\/script>\n<!-- \/ Yoast SEO Premium plugin. -->","yoast_head_json":{"title":"accord de paix de Doha, une \u00ab conf\u00e9rence de Berlin \u00bb pour le partage du pouvoir ? - tchad","description":"La main tendue de Mahamat Idriss D\u00e9by Itno \u00e0 ses fr\u00e8res qui ont choisi la voie des armes, pour exprimer leurs divergence ...","robots":{"index":"index","follow":"follow","max-snippet":"max-snippet:-1","max-image-preview":"max-image-preview:large","max-video-preview":"max-video-preview:-1"},"canonical":"https:\/\/www.africa-press.net\/tchad\/politique\/accord-de-paix-de-doha-une-conference-de-berlin-pour-le-partage-du-pouvoir","og_locale":"fr_FR","og_type":"article","og_title":"accord de paix de Doha, une \u00ab conf\u00e9rence de Berlin \u00bb pour le partage du pouvoir ?","og_description":"La main tendue de Mahamat Idriss D\u00e9by Itno \u00e0 ses fr\u00e8res qui ont choisi la voie des armes, pour exprimer leurs divergence ...","og_url":"https:\/\/www.africa-press.net\/tchad\/politique\/accord-de-paix-de-doha-une-conference-de-berlin-pour-le-partage-du-pouvoir","og_site_name":"tchad","article_published_time":"2022-08-10T15:45:59+00:00","article_modified_time":"2022-08-10T16:18:27+00:00","og_image":[{"width":1527,"height":1058,"url":"https:\/\/static.africa-press.net\/tchad\/sites\/41\/2022\/08\/postQueueImg_2-62f3da3d58d15.jpg","type":"image\/jpeg"}],"author":"cfeditorfr","twitter_card":"summary_large_image","twitter_misc":{"\u00c9crit par":"cfeditorfr","Dur\u00e9e de lecture estim\u00e9e":"3 minutes"},"schema":{"@context":"https:\/\/schema.org","@graph":[{"@type":"Article","@id":"https:\/\/www.africa-press.net\/tchad\/politique\/accord-de-paix-de-doha-une-conference-de-berlin-pour-le-partage-du-pouvoir#article","isPartOf":{"@id":"https:\/\/www.africa-press.net\/tchad\/politique\/accord-de-paix-de-doha-une-conference-de-berlin-pour-le-partage-du-pouvoir"},"author":{"name":"cfeditorfr","@id":"https:\/\/www.africa-press.net\/tchad\/#\/schema\/person\/2b1cf3cd81a31e3cd26889ca66d677f1"},"headline":"accord de paix de Doha, une \u00ab conf\u00e9rence de Berlin \u00bb pour le partage du pouvoir ?","datePublished":"2022-08-10T15:45:59+00:00","dateModified":"2022-08-10T16:18:27+00:00","mainEntityOfPage":{"@id":"https:\/\/www.africa-press.net\/tchad\/politique\/accord-de-paix-de-doha-une-conference-de-berlin-pour-le-partage-du-pouvoir"},"wordCount":637,"commentCount":0,"image":{"@id":"https:\/\/www.africa-press.net\/tchad\/politique\/accord-de-paix-de-doha-une-conference-de-berlin-pour-le-partage-du-pouvoir#primaryimage"},"thumbnailUrl":"https:\/\/static.africa-press.net\/tchad\/sites\/41\/2022\/08\/postQueueImg_2-62f3da3d58d15.jpg","keywords":["Africa Press","Africa Press-Tchad","Tchad"],"articleSection":["homepage-french","Politique","Top Nouvelles","Toutes les actualit\u00e9s"],"inLanguage":"fr-FR","potentialAction":[{"@type":"CommentAction","name":"Comment","target":["https:\/\/www.africa-press.net\/tchad\/politique\/accord-de-paix-de-doha-une-conference-de-berlin-pour-le-partage-du-pouvoir#respond"]}]},{"@type":"WebPage","@id":"https:\/\/www.africa-press.net\/tchad\/politique\/accord-de-paix-de-doha-une-conference-de-berlin-pour-le-partage-du-pouvoir","url":"https:\/\/www.africa-press.net\/tchad\/politique\/accord-de-paix-de-doha-une-conference-de-berlin-pour-le-partage-du-pouvoir","name":"accord de paix de Doha, une \u00ab conf\u00e9rence de Berlin \u00bb pour le partage du pouvoir ? - tchad","isPartOf":{"@id":"https:\/\/www.africa-press.net\/tchad\/#website"},"primaryImageOfPage":{"@id":"https:\/\/www.africa-press.net\/tchad\/politique\/accord-de-paix-de-doha-une-conference-de-berlin-pour-le-partage-du-pouvoir#primaryimage"},"image":{"@id":"https:\/\/www.africa-press.net\/tchad\/politique\/accord-de-paix-de-doha-une-conference-de-berlin-pour-le-partage-du-pouvoir#primaryimage"},"thumbnailUrl":"https:\/\/static.africa-press.net\/tchad\/sites\/41\/2022\/08\/postQueueImg_2-62f3da3d58d15.jpg","datePublished":"2022-08-10T15:45:59+00:00","dateModified":"2022-08-10T16:18:27+00:00","author":{"@id":"https:\/\/www.africa-press.net\/tchad\/#\/schema\/person\/2b1cf3cd81a31e3cd26889ca66d677f1"},"description":"La main tendue de Mahamat Idriss D\u00e9by Itno \u00e0 ses fr\u00e8res qui ont choisi la voie des armes, pour exprimer leurs divergence ...","breadcrumb":{"@id":"https:\/\/www.africa-press.net\/tchad\/politique\/accord-de-paix-de-doha-une-conference-de-berlin-pour-le-partage-du-pouvoir#breadcrumb"},"inLanguage":"fr-FR","potentialAction":[{"@type":"ReadAction","target":["https:\/\/www.africa-press.net\/tchad\/politique\/accord-de-paix-de-doha-une-conference-de-berlin-pour-le-partage-du-pouvoir"]}]},{"@type":"ImageObject","inLanguage":"fr-FR","@id":"https:\/\/www.africa-press.net\/tchad\/politique\/accord-de-paix-de-doha-une-conference-de-berlin-pour-le-partage-du-pouvoir#primaryimage","url":"https:\/\/static.africa-press.net\/tchad\/sites\/41\/2022\/08\/postQueueImg_2-62f3da3d58d15.jpg","contentUrl":"https:\/\/static.africa-press.net\/tchad\/sites\/41\/2022\/08\/postQueueImg_2-62f3da3d58d15.jpg","width":1527,"height":1058,"caption":"accord de paix de Doha, une \u00ab conf\u00e9rence de Berlin \u00bb pour le partage du pouvoir ?"},{"@type":"BreadcrumbList","@id":"https:\/\/www.africa-press.net\/tchad\/politique\/accord-de-paix-de-doha-une-conference-de-berlin-pour-le-partage-du-pouvoir#breadcrumb","itemListElement":[{"@type":"ListItem","position":1,"name":"Accueil","item":"https:\/\/www.africa-press.net\/tchad\/"},{"@type":"ListItem","position":2,"name":"accord de paix de Doha, une \u00ab conf\u00e9rence de Berlin \u00bb pour le partage du pouvoir ?"}]},{"@type":"WebSite","@id":"https:\/\/www.africa-press.net\/tchad\/#website","url":"https:\/\/www.africa-press.net\/tchad\/","name":"tchad","description":"Just another Africa News Agency Sites site","potentialAction":[{"@type":"SearchAction","target":{"@type":"EntryPoint","urlTemplate":"https:\/\/www.africa-press.net\/tchad\/?s={search_term_string}"},"query-input":{"@type":"PropertyValueSpecification","valueRequired":true,"valueName":"search_term_string"}}],"inLanguage":"fr-FR"},{"@type":"Person","@id":"https:\/\/www.africa-press.net\/tchad\/#\/schema\/person\/2b1cf3cd81a31e3cd26889ca66d677f1","name":"cfeditorfr"}]}},"_links":{"self":[{"href":"https:\/\/www.africa-press.net\/tchad\/wp-json\/wp\/v2\/posts\/30348","targetHints":{"allow":["GET"]}}],"collection":[{"href":"https:\/\/www.africa-press.net\/tchad\/wp-json\/wp\/v2\/posts"}],"about":[{"href":"https:\/\/www.africa-press.net\/tchad\/wp-json\/wp\/v2\/types\/post"}],"author":[{"embeddable":true,"href":"https:\/\/www.africa-press.net\/tchad\/wp-json\/wp\/v2\/users\/82"}],"replies":[{"embeddable":true,"href":"https:\/\/www.africa-press.net\/tchad\/wp-json\/wp\/v2\/comments?post=30348"}],"version-history":[{"count":0,"href":"https:\/\/www.africa-press.net\/tchad\/wp-json\/wp\/v2\/posts\/30348\/revisions"}],"wp:featuredmedia":[{"embeddable":true,"href":"https:\/\/www.africa-press.net\/tchad\/wp-json\/wp\/v2\/media\/30346"}],"wp:attachment":[{"href":"https:\/\/www.africa-press.net\/tchad\/wp-json\/wp\/v2\/media?parent=30348"}],"wp:term":[{"taxonomy":"category","embeddable":true,"href":"https:\/\/www.africa-press.net\/tchad\/wp-json\/wp\/v2\/categories?post=30348"},{"taxonomy":"post_tag","embeddable":true,"href":"https:\/\/www.africa-press.net\/tchad\/wp-json\/wp\/v2\/tags?post=30348"}],"curies":[{"name":"wp","href":"https:\/\/api.w.org\/{rel}","templated":true}]}}