{"id":30355,"date":"2022-08-10T15:51:18","date_gmt":"2022-08-10T15:51:18","guid":{"rendered":"https:\/\/www.africa-press.net\/tchad\/politique\/guera-le-bilan-salourdit-et-fait-etat-de-9-morts-dans-un-conflit-entre-eleveurs-agriculteurs"},"modified":"2022-08-10T16:19:29","modified_gmt":"2022-08-10T16:19:29","slug":"guera-le-bilan-salourdit-et-fait-etat-de-9-morts-dans-un-conflit-entre-eleveurs-agriculteurs","status":"publish","type":"post","link":"https:\/\/www.africa-press.net\/tchad\/politique\/guera-le-bilan-salourdit-et-fait-etat-de-9-morts-dans-un-conflit-entre-eleveurs-agriculteurs","title":{"rendered":"Gu\u00e9ra : le bilan s\u2019alourdit et fait \u00e9tat de 9 morts dans un conflit entre \u00e9leveurs-agriculteurs"},"content":{"rendered":"<p><span style=\"color: #ff6600\"><strong>Africa-Press &#8211; Tchad. <\/strong><\/span>C\u2019est un conflit qui s\u2019est d\u00e9clench\u00e9 le mardi 09 ao\u00fbt 2022 entre agriculteurs et \u00e9leveurs \u00e0 Djondjol un village situ\u00e9 \u00e0 environ une trentaine de kilom\u00e8tres de la ville de Mangalm\u00e9.<\/p>\n<p>Pour l\u2019instant le bilan enregistr\u00e9 fait \u00e9tat de 9 morts et plusieurs bless\u00e9s.<\/p>\n<p>Saisi, le gouverneur de la province du Guera Sougour Mahamat Galma a fait une descente sur le lieu pour s\u2019enqu\u00e9rir de la situation.<\/p>\n<p>Les bless\u00e9s sont actuellement admis \u00e0 l\u2019h\u00f4pital pour recevoir des soins.<\/p>\n<p><strong>Pour plus d&rsquo;informations et d&rsquo;analyses sur la <a href=\"https:\/\/www.africa-press.net\/tchad\">Tchad<\/a>, suivez <a href=\"https:\/\/www.africa-press.net\/\">Africa-Press<\/a><\/strong><\/p>\n","protected":false},"excerpt":{"rendered":"<p>Africa-Press &#8211; Tchad. C\u2019est un conflit qui s\u2019est d\u00e9clench\u00e9 le mardi 09 ao\u00fbt 2022 entre agriculteurs et \u00e9leveurs \u00e0 Djondjol un village situ\u00e9 \u00e0 environ une trentaine de kilom\u00e8tres de la ville de Mangalm\u00e9. Pour l\u2019instant le bilan enregistr\u00e9 fait \u00e9tat de 9 morts et plusieurs bless\u00e9s. Saisi, le gouverneur de la province du Guera [&hellip;]<\/p>\n","protected":false},"author":82,"featured_media":30354,"comment_status":"open","ping_status":"closed","sticky":false,"template":"","format":"standard","meta":{"footnotes":""},"categories":[11,2,10],"tags":[37,292,29],"class_list":["post-30355","post","type-post","status-publish","format-standard","has-post-thumbnail","hentry","category-homepage-french","category-politique","category-toutes-les-actualites","tag-africa-press","tag-africa-press-tchad","tag-tchad"],"yoast_head":"<!-- This site is optimized with the Yoast SEO Premium plugin v26.1 (Yoast SEO v27.0) - https:\/\/yoast.com\/product\/yoast-seo-premium-wordpress\/ -->\n<title>Gu\u00e9ra : le bilan s\u2019alourdit et fait \u00e9tat de 9 morts dans un conflit entre \u00e9leveurs-agriculteurs - tchad<\/title>\n<meta name=\"description\" content=\"C\u2019est un conflit qui s\u2019est d\u00e9clench\u00e9 le mardi 09 ao\u00fbt 2022 entre agriculteurs et \u00e9leveurs \u00e0 Djondjol un village situ\u00e9 \u00e0 ...\" \/>\n<meta name=\"robots\" content=\"index, follow, max-snippet:-1, max-image-preview:large, max-video-preview:-1\" \/>\n<link rel=\"canonical\" href=\"https:\/\/www.africa-press.net\/tchad\/politique\/guera-le-bilan-salourdit-et-fait-etat-de-9-morts-dans-un-conflit-entre-eleveurs-agriculteurs\" \/>\n<meta property=\"og:locale\" content=\"fr_FR\" \/>\n<meta property=\"og:type\" content=\"article\" \/>\n<meta property=\"og:title\" content=\"Gu\u00e9ra : le bilan s\u2019alourdit et fait \u00e9tat de 9 morts dans un conflit entre \u00e9leveurs-agriculteurs\" \/>\n<meta property=\"og:description\" content=\"C\u2019est un conflit qui s\u2019est d\u00e9clench\u00e9 le mardi 09 ao\u00fbt 2022 entre agriculteurs et \u00e9leveurs \u00e0 Djondjol un village situ\u00e9 \u00e0 ...\" \/>\n<meta property=\"og:url\" content=\"https:\/\/www.africa-press.net\/tchad\/politique\/guera-le-bilan-salourdit-et-fait-etat-de-9-morts-dans-un-conflit-entre-eleveurs-agriculteurs\" \/>\n<meta property=\"og:site_name\" content=\"tchad\" \/>\n<meta property=\"article:published_time\" content=\"2022-08-10T15:51:18+00:00\" \/>\n<meta property=\"article:modified_time\" content=\"2022-08-10T16:19:29+00:00\" \/>\n<meta property=\"og:image\" content=\"https:\/\/static.africa-press.net\/tchad\/sites\/41\/2022\/08\/postQueueImg_4-62f3da7b574a5.jpg\" \/>\n\t<meta property=\"og:image:width\" content=\"720\" \/>\n\t<meta property=\"og:image:height\" content=\"528\" \/>\n\t<meta property=\"og:image:type\" content=\"image\/jpeg\" \/>\n<meta name=\"author\" content=\"cfeditorfr\" \/>\n<meta name=\"twitter:card\" content=\"summary_large_image\" \/>\n<meta name=\"twitter:label1\" content=\"\u00c9crit par\" \/>\n\t<meta name=\"twitter:data1\" content=\"cfeditorfr\" \/>\n\t<meta name=\"twitter:label2\" content=\"Dur\u00e9e de lecture estim\u00e9e\" \/>\n\t<meta name=\"twitter:data2\" content=\"1 minute\" \/>\n<script type=\"application\/ld+json\" class=\"yoast-schema-graph\">{\"@context\":\"https:\/\/schema.org\",\"@graph\":[{\"@type\":\"Article\",\"@id\":\"https:\/\/www.africa-press.net\/tchad\/politique\/guera-le-bilan-salourdit-et-fait-etat-de-9-morts-dans-un-conflit-entre-eleveurs-agriculteurs#article\",\"isPartOf\":{\"@id\":\"https:\/\/www.africa-press.net\/tchad\/politique\/guera-le-bilan-salourdit-et-fait-etat-de-9-morts-dans-un-conflit-entre-eleveurs-agriculteurs\"},\"author\":{\"name\":\"cfeditorfr\",\"@id\":\"https:\/\/www.africa-press.net\/tchad\/#\/schema\/person\/2b1cf3cd81a31e3cd26889ca66d677f1\"},\"headline\":\"Gu\u00e9ra : le bilan s\u2019alourdit et fait \u00e9tat de 9 morts dans un conflit entre \u00e9leveurs-agriculteurs\",\"datePublished\":\"2022-08-10T15:51:18+00:00\",\"dateModified\":\"2022-08-10T16:19:29+00:00\",\"mainEntityOfPage\":{\"@id\":\"https:\/\/www.africa-press.net\/tchad\/politique\/guera-le-bilan-salourdit-et-fait-etat-de-9-morts-dans-un-conflit-entre-eleveurs-agriculteurs\"},\"wordCount\":115,\"commentCount\":0,\"image\":{\"@id\":\"https:\/\/www.africa-press.net\/tchad\/politique\/guera-le-bilan-salourdit-et-fait-etat-de-9-morts-dans-un-conflit-entre-eleveurs-agriculteurs#primaryimage\"},\"thumbnailUrl\":\"https:\/\/static.africa-press.net\/tchad\/sites\/41\/2022\/08\/postQueueImg_4-62f3da7b574a5.jpg\",\"keywords\":[\"Africa Press\",\"Africa Press-Tchad\",\"Tchad\"],\"articleSection\":[\"homepage-french\",\"Politique\",\"Toutes les actualit\u00e9s\"],\"inLanguage\":\"fr-FR\",\"potentialAction\":[{\"@type\":\"CommentAction\",\"name\":\"Comment\",\"target\":[\"https:\/\/www.africa-press.net\/tchad\/politique\/guera-le-bilan-salourdit-et-fait-etat-de-9-morts-dans-un-conflit-entre-eleveurs-agriculteurs#respond\"]}]},{\"@type\":\"WebPage\",\"@id\":\"https:\/\/www.africa-press.net\/tchad\/politique\/guera-le-bilan-salourdit-et-fait-etat-de-9-morts-dans-un-conflit-entre-eleveurs-agriculteurs\",\"url\":\"https:\/\/www.africa-press.net\/tchad\/politique\/guera-le-bilan-salourdit-et-fait-etat-de-9-morts-dans-un-conflit-entre-eleveurs-agriculteurs\",\"name\":\"Gu\u00e9ra : le bilan s\u2019alourdit et fait \u00e9tat de 9 morts dans un conflit entre \u00e9leveurs-agriculteurs - tchad\",\"isPartOf\":{\"@id\":\"https:\/\/www.africa-press.net\/tchad\/#website\"},\"primaryImageOfPage\":{\"@id\":\"https:\/\/www.africa-press.net\/tchad\/politique\/guera-le-bilan-salourdit-et-fait-etat-de-9-morts-dans-un-conflit-entre-eleveurs-agriculteurs#primaryimage\"},\"image\":{\"@id\":\"https:\/\/www.africa-press.net\/tchad\/politique\/guera-le-bilan-salourdit-et-fait-etat-de-9-morts-dans-un-conflit-entre-eleveurs-agriculteurs#primaryimage\"},\"thumbnailUrl\":\"https:\/\/static.africa-press.net\/tchad\/sites\/41\/2022\/08\/postQueueImg_4-62f3da7b574a5.jpg\",\"datePublished\":\"2022-08-10T15:51:18+00:00\",\"dateModified\":\"2022-08-10T16:19:29+00:00\",\"author\":{\"@id\":\"https:\/\/www.africa-press.net\/tchad\/#\/schema\/person\/2b1cf3cd81a31e3cd26889ca66d677f1\"},\"description\":\"C\u2019est un conflit qui s\u2019est d\u00e9clench\u00e9 le mardi 09 ao\u00fbt 2022 entre agriculteurs et \u00e9leveurs \u00e0 Djondjol un village situ\u00e9 \u00e0 ...\",\"breadcrumb\":{\"@id\":\"https:\/\/www.africa-press.net\/tchad\/politique\/guera-le-bilan-salourdit-et-fait-etat-de-9-morts-dans-un-conflit-entre-eleveurs-agriculteurs#breadcrumb\"},\"inLanguage\":\"fr-FR\",\"potentialAction\":[{\"@type\":\"ReadAction\",\"target\":[\"https:\/\/www.africa-press.net\/tchad\/politique\/guera-le-bilan-salourdit-et-fait-etat-de-9-morts-dans-un-conflit-entre-eleveurs-agriculteurs\"]}]},{\"@type\":\"ImageObject\",\"inLanguage\":\"fr-FR\",\"@id\":\"https:\/\/www.africa-press.net\/tchad\/politique\/guera-le-bilan-salourdit-et-fait-etat-de-9-morts-dans-un-conflit-entre-eleveurs-agriculteurs#primaryimage\",\"url\":\"https:\/\/static.africa-press.net\/tchad\/sites\/41\/2022\/08\/postQueueImg_4-62f3da7b574a5.jpg\",\"contentUrl\":\"https:\/\/static.africa-press.net\/tchad\/sites\/41\/2022\/08\/postQueueImg_4-62f3da7b574a5.jpg\",\"width\":720,\"height\":528,\"caption\":\"Gu\u00e9ra : le bilan s\u2019alourdit et fait \u00e9tat de 9 morts dans un conflit entre \u00e9leveurs-agriculteurs\"},{\"@type\":\"BreadcrumbList\",\"@id\":\"https:\/\/www.africa-press.net\/tchad\/politique\/guera-le-bilan-salourdit-et-fait-etat-de-9-morts-dans-un-conflit-entre-eleveurs-agriculteurs#breadcrumb\",\"itemListElement\":[{\"@type\":\"ListItem\",\"position\":1,\"name\":\"Accueil\",\"item\":\"https:\/\/www.africa-press.net\/tchad\/\"},{\"@type\":\"ListItem\",\"position\":2,\"name\":\"Gu\u00e9ra : le bilan s\u2019alourdit et fait \u00e9tat de 9 morts dans un conflit entre \u00e9leveurs-agriculteurs\"}]},{\"@type\":\"WebSite\",\"@id\":\"https:\/\/www.africa-press.net\/tchad\/#website\",\"url\":\"https:\/\/www.africa-press.net\/tchad\/\",\"name\":\"tchad\",\"description\":\"Just another Africa News Agency Sites site\",\"potentialAction\":[{\"@type\":\"SearchAction\",\"target\":{\"@type\":\"EntryPoint\",\"urlTemplate\":\"https:\/\/www.africa-press.net\/tchad\/?s={search_term_string}\"},\"query-input\":{\"@type\":\"PropertyValueSpecification\",\"valueRequired\":true,\"valueName\":\"search_term_string\"}}],\"inLanguage\":\"fr-FR\"},{\"@type\":\"Person\",\"@id\":\"https:\/\/www.africa-press.net\/tchad\/#\/schema\/person\/2b1cf3cd81a31e3cd26889ca66d677f1\",\"name\":\"cfeditorfr\"}]}<\/script>\n<!-- \/ Yoast SEO Premium plugin. -->","yoast_head_json":{"title":"Gu\u00e9ra : le bilan s\u2019alourdit et fait \u00e9tat de 9 morts dans un conflit entre \u00e9leveurs-agriculteurs - tchad","description":"C\u2019est un conflit qui s\u2019est d\u00e9clench\u00e9 le mardi 09 ao\u00fbt 2022 entre agriculteurs et \u00e9leveurs \u00e0 Djondjol un village situ\u00e9 \u00e0 ...","robots":{"index":"index","follow":"follow","max-snippet":"max-snippet:-1","max-image-preview":"max-image-preview:large","max-video-preview":"max-video-preview:-1"},"canonical":"https:\/\/www.africa-press.net\/tchad\/politique\/guera-le-bilan-salourdit-et-fait-etat-de-9-morts-dans-un-conflit-entre-eleveurs-agriculteurs","og_locale":"fr_FR","og_type":"article","og_title":"Gu\u00e9ra : le bilan s\u2019alourdit et fait \u00e9tat de 9 morts dans un conflit entre \u00e9leveurs-agriculteurs","og_description":"C\u2019est un conflit qui s\u2019est d\u00e9clench\u00e9 le mardi 09 ao\u00fbt 2022 entre agriculteurs et \u00e9leveurs \u00e0 Djondjol un village situ\u00e9 \u00e0 ...","og_url":"https:\/\/www.africa-press.net\/tchad\/politique\/guera-le-bilan-salourdit-et-fait-etat-de-9-morts-dans-un-conflit-entre-eleveurs-agriculteurs","og_site_name":"tchad","article_published_time":"2022-08-10T15:51:18+00:00","article_modified_time":"2022-08-10T16:19:29+00:00","og_image":[{"width":720,"height":528,"url":"https:\/\/static.africa-press.net\/tchad\/sites\/41\/2022\/08\/postQueueImg_4-62f3da7b574a5.jpg","type":"image\/jpeg"}],"author":"cfeditorfr","twitter_card":"summary_large_image","twitter_misc":{"\u00c9crit par":"cfeditorfr","Dur\u00e9e de lecture estim\u00e9e":"1 minute"},"schema":{"@context":"https:\/\/schema.org","@graph":[{"@type":"Article","@id":"https:\/\/www.africa-press.net\/tchad\/politique\/guera-le-bilan-salourdit-et-fait-etat-de-9-morts-dans-un-conflit-entre-eleveurs-agriculteurs#article","isPartOf":{"@id":"https:\/\/www.africa-press.net\/tchad\/politique\/guera-le-bilan-salourdit-et-fait-etat-de-9-morts-dans-un-conflit-entre-eleveurs-agriculteurs"},"author":{"name":"cfeditorfr","@id":"https:\/\/www.africa-press.net\/tchad\/#\/schema\/person\/2b1cf3cd81a31e3cd26889ca66d677f1"},"headline":"Gu\u00e9ra : le bilan s\u2019alourdit et fait \u00e9tat de 9 morts dans un conflit entre \u00e9leveurs-agriculteurs","datePublished":"2022-08-10T15:51:18+00:00","dateModified":"2022-08-10T16:19:29+00:00","mainEntityOfPage":{"@id":"https:\/\/www.africa-press.net\/tchad\/politique\/guera-le-bilan-salourdit-et-fait-etat-de-9-morts-dans-un-conflit-entre-eleveurs-agriculteurs"},"wordCount":115,"commentCount":0,"image":{"@id":"https:\/\/www.africa-press.net\/tchad\/politique\/guera-le-bilan-salourdit-et-fait-etat-de-9-morts-dans-un-conflit-entre-eleveurs-agriculteurs#primaryimage"},"thumbnailUrl":"https:\/\/static.africa-press.net\/tchad\/sites\/41\/2022\/08\/postQueueImg_4-62f3da7b574a5.jpg","keywords":["Africa Press","Africa Press-Tchad","Tchad"],"articleSection":["homepage-french","Politique","Toutes les actualit\u00e9s"],"inLanguage":"fr-FR","potentialAction":[{"@type":"CommentAction","name":"Comment","target":["https:\/\/www.africa-press.net\/tchad\/politique\/guera-le-bilan-salourdit-et-fait-etat-de-9-morts-dans-un-conflit-entre-eleveurs-agriculteurs#respond"]}]},{"@type":"WebPage","@id":"https:\/\/www.africa-press.net\/tchad\/politique\/guera-le-bilan-salourdit-et-fait-etat-de-9-morts-dans-un-conflit-entre-eleveurs-agriculteurs","url":"https:\/\/www.africa-press.net\/tchad\/politique\/guera-le-bilan-salourdit-et-fait-etat-de-9-morts-dans-un-conflit-entre-eleveurs-agriculteurs","name":"Gu\u00e9ra : le bilan s\u2019alourdit et fait \u00e9tat de 9 morts dans un conflit entre \u00e9leveurs-agriculteurs - tchad","isPartOf":{"@id":"https:\/\/www.africa-press.net\/tchad\/#website"},"primaryImageOfPage":{"@id":"https:\/\/www.africa-press.net\/tchad\/politique\/guera-le-bilan-salourdit-et-fait-etat-de-9-morts-dans-un-conflit-entre-eleveurs-agriculteurs#primaryimage"},"image":{"@id":"https:\/\/www.africa-press.net\/tchad\/politique\/guera-le-bilan-salourdit-et-fait-etat-de-9-morts-dans-un-conflit-entre-eleveurs-agriculteurs#primaryimage"},"thumbnailUrl":"https:\/\/static.africa-press.net\/tchad\/sites\/41\/2022\/08\/postQueueImg_4-62f3da7b574a5.jpg","datePublished":"2022-08-10T15:51:18+00:00","dateModified":"2022-08-10T16:19:29+00:00","author":{"@id":"https:\/\/www.africa-press.net\/tchad\/#\/schema\/person\/2b1cf3cd81a31e3cd26889ca66d677f1"},"description":"C\u2019est un conflit qui s\u2019est d\u00e9clench\u00e9 le mardi 09 ao\u00fbt 2022 entre agriculteurs et \u00e9leveurs \u00e0 Djondjol un village situ\u00e9 \u00e0 ...","breadcrumb":{"@id":"https:\/\/www.africa-press.net\/tchad\/politique\/guera-le-bilan-salourdit-et-fait-etat-de-9-morts-dans-un-conflit-entre-eleveurs-agriculteurs#breadcrumb"},"inLanguage":"fr-FR","potentialAction":[{"@type":"ReadAction","target":["https:\/\/www.africa-press.net\/tchad\/politique\/guera-le-bilan-salourdit-et-fait-etat-de-9-morts-dans-un-conflit-entre-eleveurs-agriculteurs"]}]},{"@type":"ImageObject","inLanguage":"fr-FR","@id":"https:\/\/www.africa-press.net\/tchad\/politique\/guera-le-bilan-salourdit-et-fait-etat-de-9-morts-dans-un-conflit-entre-eleveurs-agriculteurs#primaryimage","url":"https:\/\/static.africa-press.net\/tchad\/sites\/41\/2022\/08\/postQueueImg_4-62f3da7b574a5.jpg","contentUrl":"https:\/\/static.africa-press.net\/tchad\/sites\/41\/2022\/08\/postQueueImg_4-62f3da7b574a5.jpg","width":720,"height":528,"caption":"Gu\u00e9ra : le bilan s\u2019alourdit et fait \u00e9tat de 9 morts dans un conflit entre \u00e9leveurs-agriculteurs"},{"@type":"BreadcrumbList","@id":"https:\/\/www.africa-press.net\/tchad\/politique\/guera-le-bilan-salourdit-et-fait-etat-de-9-morts-dans-un-conflit-entre-eleveurs-agriculteurs#breadcrumb","itemListElement":[{"@type":"ListItem","position":1,"name":"Accueil","item":"https:\/\/www.africa-press.net\/tchad\/"},{"@type":"ListItem","position":2,"name":"Gu\u00e9ra : le bilan s\u2019alourdit et fait \u00e9tat de 9 morts dans un conflit entre \u00e9leveurs-agriculteurs"}]},{"@type":"WebSite","@id":"https:\/\/www.africa-press.net\/tchad\/#website","url":"https:\/\/www.africa-press.net\/tchad\/","name":"tchad","description":"Just another Africa News Agency Sites site","potentialAction":[{"@type":"SearchAction","target":{"@type":"EntryPoint","urlTemplate":"https:\/\/www.africa-press.net\/tchad\/?s={search_term_string}"},"query-input":{"@type":"PropertyValueSpecification","valueRequired":true,"valueName":"search_term_string"}}],"inLanguage":"fr-FR"},{"@type":"Person","@id":"https:\/\/www.africa-press.net\/tchad\/#\/schema\/person\/2b1cf3cd81a31e3cd26889ca66d677f1","name":"cfeditorfr"}]}},"_links":{"self":[{"href":"https:\/\/www.africa-press.net\/tchad\/wp-json\/wp\/v2\/posts\/30355","targetHints":{"allow":["GET"]}}],"collection":[{"href":"https:\/\/www.africa-press.net\/tchad\/wp-json\/wp\/v2\/posts"}],"about":[{"href":"https:\/\/www.africa-press.net\/tchad\/wp-json\/wp\/v2\/types\/post"}],"author":[{"embeddable":true,"href":"https:\/\/www.africa-press.net\/tchad\/wp-json\/wp\/v2\/users\/82"}],"replies":[{"embeddable":true,"href":"https:\/\/www.africa-press.net\/tchad\/wp-json\/wp\/v2\/comments?post=30355"}],"version-history":[{"count":0,"href":"https:\/\/www.africa-press.net\/tchad\/wp-json\/wp\/v2\/posts\/30355\/revisions"}],"wp:featuredmedia":[{"embeddable":true,"href":"https:\/\/www.africa-press.net\/tchad\/wp-json\/wp\/v2\/media\/30354"}],"wp:attachment":[{"href":"https:\/\/www.africa-press.net\/tchad\/wp-json\/wp\/v2\/media?parent=30355"}],"wp:term":[{"taxonomy":"category","embeddable":true,"href":"https:\/\/www.africa-press.net\/tchad\/wp-json\/wp\/v2\/categories?post=30355"},{"taxonomy":"post_tag","embeddable":true,"href":"https:\/\/www.africa-press.net\/tchad\/wp-json\/wp\/v2\/tags?post=30355"}],"curies":[{"name":"wp","href":"https:\/\/api.w.org\/{rel}","templated":true}]}}