{"id":30358,"date":"2022-08-10T15:55:13","date_gmt":"2022-08-10T15:55:13","guid":{"rendered":"https:\/\/www.africa-press.net\/tchad\/politique\/cames-lex-ministre-mahmoud-youssouf-khayal-designe-a-la-commission-dethique-et-deontologie"},"modified":"2022-08-10T16:19:58","modified_gmt":"2022-08-10T16:19:58","slug":"cames-lex-ministre-mahmoud-youssouf-khayal-designe-a-la-commission-dethique-et-deontologie","status":"publish","type":"post","link":"https:\/\/www.africa-press.net\/tchad\/politique\/cames-lex-ministre-mahmoud-youssouf-khayal-designe-a-la-commission-dethique-et-deontologie","title":{"rendered":"CAMES : l&rsquo;ex-ministre Mahmoud Youssouf Khayal d\u00e9sign\u00e9 \u00e0 la commission d&rsquo;\u00e9thique et d\u00e9ontologie"},"content":{"rendered":"<p><span style=\"color: #ff6600\"><strong>Africa-Press &#8211; Tchad. <\/strong><\/span>L&rsquo;ancien ministre de la Sant\u00e9 publique, Pr. Mahmoud Youssouf Khayal, est d\u00e9sign\u00e9 membre de la commission d&rsquo;\u00e9thique et de d\u00e9ontologie du Conseil africain et malgache pour l&rsquo;enseignement sup\u00e9rieur (CAMES).<\/p>\n<p>\u00c0 la t\u00eate du d\u00e9partement de la sant\u00e9 publique au plus fort de la crise de Covid-19 en 2019, Pr. Mahmoud Youssouf Khayal est un physicien, titulaire d&rsquo;un doctorat et sp\u00e9cialiste en \u00e9nerg\u00e9tique et en \u00e9nergie \u00e9lectrique.<\/p>\n<p>N\u00e9 le 4 avril 1958, il est mari\u00e9 et p\u00e8re de six enfants.<\/p>\n<p><strong>Pour plus d&rsquo;informations et d&rsquo;analyses sur la <a href=\"https:\/\/www.africa-press.net\/tchad\">Tchad<\/a>, suivez <a href=\"https:\/\/www.africa-press.net\/\">Africa-Press<\/a><\/strong><\/p>\n","protected":false},"excerpt":{"rendered":"<p>Africa-Press &#8211; Tchad. L&rsquo;ancien ministre de la Sant\u00e9 publique, Pr. Mahmoud Youssouf Khayal, est d\u00e9sign\u00e9 membre de la commission d&rsquo;\u00e9thique et de d\u00e9ontologie du Conseil africain et malgache pour l&rsquo;enseignement sup\u00e9rieur (CAMES). \u00c0 la t\u00eate du d\u00e9partement de la sant\u00e9 publique au plus fort de la crise de Covid-19 en 2019, Pr. Mahmoud Youssouf Khayal [&hellip;]<\/p>\n","protected":false},"author":82,"featured_media":30357,"comment_status":"open","ping_status":"closed","sticky":false,"template":"","format":"standard","meta":{"footnotes":""},"categories":[11,2,10],"tags":[37,292,29],"class_list":["post-30358","post","type-post","status-publish","format-standard","has-post-thumbnail","hentry","category-homepage-french","category-politique","category-toutes-les-actualites","tag-africa-press","tag-africa-press-tchad","tag-tchad"],"yoast_head":"<!-- This site is optimized with the Yoast SEO Premium plugin v26.1 (Yoast SEO v27.0) - https:\/\/yoast.com\/product\/yoast-seo-premium-wordpress\/ -->\n<title>CAMES : l&#039;ex-ministre Mahmoud Youssouf Khayal d\u00e9sign\u00e9 \u00e0 la commission d&#039;\u00e9thique et d\u00e9ontologie - tchad<\/title>\n<meta name=\"description\" content=\"L&#039;ancien ministre de la Sant\u00e9 publique, Pr. Mahmoud Youssouf Khayal, est d\u00e9sign\u00e9 membre de la commission d&#039;\u00e9thique et de ...\" \/>\n<meta name=\"robots\" content=\"index, follow, max-snippet:-1, max-image-preview:large, max-video-preview:-1\" \/>\n<link rel=\"canonical\" href=\"https:\/\/www.africa-press.net\/tchad\/politique\/cames-lex-ministre-mahmoud-youssouf-khayal-designe-a-la-commission-dethique-et-deontologie\" \/>\n<meta property=\"og:locale\" content=\"fr_FR\" \/>\n<meta property=\"og:type\" content=\"article\" \/>\n<meta property=\"og:title\" content=\"CAMES : l&#039;ex-ministre Mahmoud Youssouf Khayal d\u00e9sign\u00e9 \u00e0 la commission d&#039;\u00e9thique et d\u00e9ontologie\" \/>\n<meta property=\"og:description\" content=\"L&#039;ancien ministre de la Sant\u00e9 publique, Pr. Mahmoud Youssouf Khayal, est d\u00e9sign\u00e9 membre de la commission d&#039;\u00e9thique et de ...\" \/>\n<meta property=\"og:url\" content=\"https:\/\/www.africa-press.net\/tchad\/politique\/cames-lex-ministre-mahmoud-youssouf-khayal-designe-a-la-commission-dethique-et-deontologie\" \/>\n<meta property=\"og:site_name\" content=\"tchad\" \/>\n<meta property=\"article:published_time\" content=\"2022-08-10T15:55:13+00:00\" \/>\n<meta property=\"article:modified_time\" content=\"2022-08-10T16:19:58+00:00\" \/>\n<meta property=\"og:image\" content=\"https:\/\/static.africa-press.net\/tchad\/sites\/41\/2022\/08\/postQueueImg_5-62f3da97b16c5.jpg\" \/>\n\t<meta property=\"og:image:width\" content=\"720\" \/>\n\t<meta property=\"og:image:height\" content=\"446\" \/>\n\t<meta property=\"og:image:type\" content=\"image\/jpeg\" \/>\n<meta name=\"author\" content=\"cfeditorfr\" \/>\n<meta name=\"twitter:card\" content=\"summary_large_image\" \/>\n<meta name=\"twitter:label1\" content=\"\u00c9crit par\" \/>\n\t<meta name=\"twitter:data1\" content=\"cfeditorfr\" \/>\n\t<meta name=\"twitter:label2\" content=\"Dur\u00e9e de lecture estim\u00e9e\" \/>\n\t<meta name=\"twitter:data2\" content=\"1 minute\" \/>\n<script type=\"application\/ld+json\" class=\"yoast-schema-graph\">{\"@context\":\"https:\/\/schema.org\",\"@graph\":[{\"@type\":\"Article\",\"@id\":\"https:\/\/www.africa-press.net\/tchad\/politique\/cames-lex-ministre-mahmoud-youssouf-khayal-designe-a-la-commission-dethique-et-deontologie#article\",\"isPartOf\":{\"@id\":\"https:\/\/www.africa-press.net\/tchad\/politique\/cames-lex-ministre-mahmoud-youssouf-khayal-designe-a-la-commission-dethique-et-deontologie\"},\"author\":{\"name\":\"cfeditorfr\",\"@id\":\"https:\/\/www.africa-press.net\/tchad\/#\/schema\/person\/2b1cf3cd81a31e3cd26889ca66d677f1\"},\"headline\":\"CAMES : l&rsquo;ex-ministre Mahmoud Youssouf Khayal d\u00e9sign\u00e9 \u00e0 la commission d&rsquo;\u00e9thique et d\u00e9ontologie\",\"datePublished\":\"2022-08-10T15:55:13+00:00\",\"dateModified\":\"2022-08-10T16:19:58+00:00\",\"mainEntityOfPage\":{\"@id\":\"https:\/\/www.africa-press.net\/tchad\/politique\/cames-lex-ministre-mahmoud-youssouf-khayal-designe-a-la-commission-dethique-et-deontologie\"},\"wordCount\":117,\"commentCount\":0,\"image\":{\"@id\":\"https:\/\/www.africa-press.net\/tchad\/politique\/cames-lex-ministre-mahmoud-youssouf-khayal-designe-a-la-commission-dethique-et-deontologie#primaryimage\"},\"thumbnailUrl\":\"https:\/\/static.africa-press.net\/tchad\/sites\/41\/2022\/08\/postQueueImg_5-62f3da97b16c5.jpg\",\"keywords\":[\"Africa Press\",\"Africa Press-Tchad\",\"Tchad\"],\"articleSection\":[\"homepage-french\",\"Politique\",\"Toutes les actualit\u00e9s\"],\"inLanguage\":\"fr-FR\",\"potentialAction\":[{\"@type\":\"CommentAction\",\"name\":\"Comment\",\"target\":[\"https:\/\/www.africa-press.net\/tchad\/politique\/cames-lex-ministre-mahmoud-youssouf-khayal-designe-a-la-commission-dethique-et-deontologie#respond\"]}]},{\"@type\":\"WebPage\",\"@id\":\"https:\/\/www.africa-press.net\/tchad\/politique\/cames-lex-ministre-mahmoud-youssouf-khayal-designe-a-la-commission-dethique-et-deontologie\",\"url\":\"https:\/\/www.africa-press.net\/tchad\/politique\/cames-lex-ministre-mahmoud-youssouf-khayal-designe-a-la-commission-dethique-et-deontologie\",\"name\":\"CAMES : l'ex-ministre Mahmoud Youssouf Khayal d\u00e9sign\u00e9 \u00e0 la commission d'\u00e9thique et d\u00e9ontologie - tchad\",\"isPartOf\":{\"@id\":\"https:\/\/www.africa-press.net\/tchad\/#website\"},\"primaryImageOfPage\":{\"@id\":\"https:\/\/www.africa-press.net\/tchad\/politique\/cames-lex-ministre-mahmoud-youssouf-khayal-designe-a-la-commission-dethique-et-deontologie#primaryimage\"},\"image\":{\"@id\":\"https:\/\/www.africa-press.net\/tchad\/politique\/cames-lex-ministre-mahmoud-youssouf-khayal-designe-a-la-commission-dethique-et-deontologie#primaryimage\"},\"thumbnailUrl\":\"https:\/\/static.africa-press.net\/tchad\/sites\/41\/2022\/08\/postQueueImg_5-62f3da97b16c5.jpg\",\"datePublished\":\"2022-08-10T15:55:13+00:00\",\"dateModified\":\"2022-08-10T16:19:58+00:00\",\"author\":{\"@id\":\"https:\/\/www.africa-press.net\/tchad\/#\/schema\/person\/2b1cf3cd81a31e3cd26889ca66d677f1\"},\"description\":\"L'ancien ministre de la Sant\u00e9 publique, Pr. Mahmoud Youssouf Khayal, est d\u00e9sign\u00e9 membre de la commission d'\u00e9thique et de ...\",\"breadcrumb\":{\"@id\":\"https:\/\/www.africa-press.net\/tchad\/politique\/cames-lex-ministre-mahmoud-youssouf-khayal-designe-a-la-commission-dethique-et-deontologie#breadcrumb\"},\"inLanguage\":\"fr-FR\",\"potentialAction\":[{\"@type\":\"ReadAction\",\"target\":[\"https:\/\/www.africa-press.net\/tchad\/politique\/cames-lex-ministre-mahmoud-youssouf-khayal-designe-a-la-commission-dethique-et-deontologie\"]}]},{\"@type\":\"ImageObject\",\"inLanguage\":\"fr-FR\",\"@id\":\"https:\/\/www.africa-press.net\/tchad\/politique\/cames-lex-ministre-mahmoud-youssouf-khayal-designe-a-la-commission-dethique-et-deontologie#primaryimage\",\"url\":\"https:\/\/static.africa-press.net\/tchad\/sites\/41\/2022\/08\/postQueueImg_5-62f3da97b16c5.jpg\",\"contentUrl\":\"https:\/\/static.africa-press.net\/tchad\/sites\/41\/2022\/08\/postQueueImg_5-62f3da97b16c5.jpg\",\"width\":720,\"height\":446,\"caption\":\"CAMES : l'ex-ministre Mahmoud Youssouf Khayal d\u00e9sign\u00e9 \u00e0 la commission d'\u00e9thique et d\u00e9ontologie\"},{\"@type\":\"BreadcrumbList\",\"@id\":\"https:\/\/www.africa-press.net\/tchad\/politique\/cames-lex-ministre-mahmoud-youssouf-khayal-designe-a-la-commission-dethique-et-deontologie#breadcrumb\",\"itemListElement\":[{\"@type\":\"ListItem\",\"position\":1,\"name\":\"Accueil\",\"item\":\"https:\/\/www.africa-press.net\/tchad\/\"},{\"@type\":\"ListItem\",\"position\":2,\"name\":\"CAMES : l&#8217;ex-ministre Mahmoud Youssouf Khayal d\u00e9sign\u00e9 \u00e0 la commission d&#8217;\u00e9thique et d\u00e9ontologie\"}]},{\"@type\":\"WebSite\",\"@id\":\"https:\/\/www.africa-press.net\/tchad\/#website\",\"url\":\"https:\/\/www.africa-press.net\/tchad\/\",\"name\":\"tchad\",\"description\":\"Just another Africa News Agency Sites site\",\"potentialAction\":[{\"@type\":\"SearchAction\",\"target\":{\"@type\":\"EntryPoint\",\"urlTemplate\":\"https:\/\/www.africa-press.net\/tchad\/?s={search_term_string}\"},\"query-input\":{\"@type\":\"PropertyValueSpecification\",\"valueRequired\":true,\"valueName\":\"search_term_string\"}}],\"inLanguage\":\"fr-FR\"},{\"@type\":\"Person\",\"@id\":\"https:\/\/www.africa-press.net\/tchad\/#\/schema\/person\/2b1cf3cd81a31e3cd26889ca66d677f1\",\"name\":\"cfeditorfr\"}]}<\/script>\n<!-- \/ Yoast SEO Premium plugin. -->","yoast_head_json":{"title":"CAMES : l'ex-ministre Mahmoud Youssouf Khayal d\u00e9sign\u00e9 \u00e0 la commission d'\u00e9thique et d\u00e9ontologie - tchad","description":"L'ancien ministre de la Sant\u00e9 publique, Pr. Mahmoud Youssouf Khayal, est d\u00e9sign\u00e9 membre de la commission d'\u00e9thique et de ...","robots":{"index":"index","follow":"follow","max-snippet":"max-snippet:-1","max-image-preview":"max-image-preview:large","max-video-preview":"max-video-preview:-1"},"canonical":"https:\/\/www.africa-press.net\/tchad\/politique\/cames-lex-ministre-mahmoud-youssouf-khayal-designe-a-la-commission-dethique-et-deontologie","og_locale":"fr_FR","og_type":"article","og_title":"CAMES : l'ex-ministre Mahmoud Youssouf Khayal d\u00e9sign\u00e9 \u00e0 la commission d'\u00e9thique et d\u00e9ontologie","og_description":"L'ancien ministre de la Sant\u00e9 publique, Pr. Mahmoud Youssouf Khayal, est d\u00e9sign\u00e9 membre de la commission d'\u00e9thique et de ...","og_url":"https:\/\/www.africa-press.net\/tchad\/politique\/cames-lex-ministre-mahmoud-youssouf-khayal-designe-a-la-commission-dethique-et-deontologie","og_site_name":"tchad","article_published_time":"2022-08-10T15:55:13+00:00","article_modified_time":"2022-08-10T16:19:58+00:00","og_image":[{"width":720,"height":446,"url":"https:\/\/static.africa-press.net\/tchad\/sites\/41\/2022\/08\/postQueueImg_5-62f3da97b16c5.jpg","type":"image\/jpeg"}],"author":"cfeditorfr","twitter_card":"summary_large_image","twitter_misc":{"\u00c9crit par":"cfeditorfr","Dur\u00e9e de lecture estim\u00e9e":"1 minute"},"schema":{"@context":"https:\/\/schema.org","@graph":[{"@type":"Article","@id":"https:\/\/www.africa-press.net\/tchad\/politique\/cames-lex-ministre-mahmoud-youssouf-khayal-designe-a-la-commission-dethique-et-deontologie#article","isPartOf":{"@id":"https:\/\/www.africa-press.net\/tchad\/politique\/cames-lex-ministre-mahmoud-youssouf-khayal-designe-a-la-commission-dethique-et-deontologie"},"author":{"name":"cfeditorfr","@id":"https:\/\/www.africa-press.net\/tchad\/#\/schema\/person\/2b1cf3cd81a31e3cd26889ca66d677f1"},"headline":"CAMES : l&rsquo;ex-ministre Mahmoud Youssouf Khayal d\u00e9sign\u00e9 \u00e0 la commission d&rsquo;\u00e9thique et d\u00e9ontologie","datePublished":"2022-08-10T15:55:13+00:00","dateModified":"2022-08-10T16:19:58+00:00","mainEntityOfPage":{"@id":"https:\/\/www.africa-press.net\/tchad\/politique\/cames-lex-ministre-mahmoud-youssouf-khayal-designe-a-la-commission-dethique-et-deontologie"},"wordCount":117,"commentCount":0,"image":{"@id":"https:\/\/www.africa-press.net\/tchad\/politique\/cames-lex-ministre-mahmoud-youssouf-khayal-designe-a-la-commission-dethique-et-deontologie#primaryimage"},"thumbnailUrl":"https:\/\/static.africa-press.net\/tchad\/sites\/41\/2022\/08\/postQueueImg_5-62f3da97b16c5.jpg","keywords":["Africa Press","Africa Press-Tchad","Tchad"],"articleSection":["homepage-french","Politique","Toutes les actualit\u00e9s"],"inLanguage":"fr-FR","potentialAction":[{"@type":"CommentAction","name":"Comment","target":["https:\/\/www.africa-press.net\/tchad\/politique\/cames-lex-ministre-mahmoud-youssouf-khayal-designe-a-la-commission-dethique-et-deontologie#respond"]}]},{"@type":"WebPage","@id":"https:\/\/www.africa-press.net\/tchad\/politique\/cames-lex-ministre-mahmoud-youssouf-khayal-designe-a-la-commission-dethique-et-deontologie","url":"https:\/\/www.africa-press.net\/tchad\/politique\/cames-lex-ministre-mahmoud-youssouf-khayal-designe-a-la-commission-dethique-et-deontologie","name":"CAMES : l'ex-ministre Mahmoud Youssouf Khayal d\u00e9sign\u00e9 \u00e0 la commission d'\u00e9thique et d\u00e9ontologie - tchad","isPartOf":{"@id":"https:\/\/www.africa-press.net\/tchad\/#website"},"primaryImageOfPage":{"@id":"https:\/\/www.africa-press.net\/tchad\/politique\/cames-lex-ministre-mahmoud-youssouf-khayal-designe-a-la-commission-dethique-et-deontologie#primaryimage"},"image":{"@id":"https:\/\/www.africa-press.net\/tchad\/politique\/cames-lex-ministre-mahmoud-youssouf-khayal-designe-a-la-commission-dethique-et-deontologie#primaryimage"},"thumbnailUrl":"https:\/\/static.africa-press.net\/tchad\/sites\/41\/2022\/08\/postQueueImg_5-62f3da97b16c5.jpg","datePublished":"2022-08-10T15:55:13+00:00","dateModified":"2022-08-10T16:19:58+00:00","author":{"@id":"https:\/\/www.africa-press.net\/tchad\/#\/schema\/person\/2b1cf3cd81a31e3cd26889ca66d677f1"},"description":"L'ancien ministre de la Sant\u00e9 publique, Pr. Mahmoud Youssouf Khayal, est d\u00e9sign\u00e9 membre de la commission d'\u00e9thique et de ...","breadcrumb":{"@id":"https:\/\/www.africa-press.net\/tchad\/politique\/cames-lex-ministre-mahmoud-youssouf-khayal-designe-a-la-commission-dethique-et-deontologie#breadcrumb"},"inLanguage":"fr-FR","potentialAction":[{"@type":"ReadAction","target":["https:\/\/www.africa-press.net\/tchad\/politique\/cames-lex-ministre-mahmoud-youssouf-khayal-designe-a-la-commission-dethique-et-deontologie"]}]},{"@type":"ImageObject","inLanguage":"fr-FR","@id":"https:\/\/www.africa-press.net\/tchad\/politique\/cames-lex-ministre-mahmoud-youssouf-khayal-designe-a-la-commission-dethique-et-deontologie#primaryimage","url":"https:\/\/static.africa-press.net\/tchad\/sites\/41\/2022\/08\/postQueueImg_5-62f3da97b16c5.jpg","contentUrl":"https:\/\/static.africa-press.net\/tchad\/sites\/41\/2022\/08\/postQueueImg_5-62f3da97b16c5.jpg","width":720,"height":446,"caption":"CAMES : l'ex-ministre Mahmoud Youssouf Khayal d\u00e9sign\u00e9 \u00e0 la commission d'\u00e9thique et d\u00e9ontologie"},{"@type":"BreadcrumbList","@id":"https:\/\/www.africa-press.net\/tchad\/politique\/cames-lex-ministre-mahmoud-youssouf-khayal-designe-a-la-commission-dethique-et-deontologie#breadcrumb","itemListElement":[{"@type":"ListItem","position":1,"name":"Accueil","item":"https:\/\/www.africa-press.net\/tchad\/"},{"@type":"ListItem","position":2,"name":"CAMES : l&#8217;ex-ministre Mahmoud Youssouf Khayal d\u00e9sign\u00e9 \u00e0 la commission d&#8217;\u00e9thique et d\u00e9ontologie"}]},{"@type":"WebSite","@id":"https:\/\/www.africa-press.net\/tchad\/#website","url":"https:\/\/www.africa-press.net\/tchad\/","name":"tchad","description":"Just another Africa News Agency Sites site","potentialAction":[{"@type":"SearchAction","target":{"@type":"EntryPoint","urlTemplate":"https:\/\/www.africa-press.net\/tchad\/?s={search_term_string}"},"query-input":{"@type":"PropertyValueSpecification","valueRequired":true,"valueName":"search_term_string"}}],"inLanguage":"fr-FR"},{"@type":"Person","@id":"https:\/\/www.africa-press.net\/tchad\/#\/schema\/person\/2b1cf3cd81a31e3cd26889ca66d677f1","name":"cfeditorfr"}]}},"_links":{"self":[{"href":"https:\/\/www.africa-press.net\/tchad\/wp-json\/wp\/v2\/posts\/30358","targetHints":{"allow":["GET"]}}],"collection":[{"href":"https:\/\/www.africa-press.net\/tchad\/wp-json\/wp\/v2\/posts"}],"about":[{"href":"https:\/\/www.africa-press.net\/tchad\/wp-json\/wp\/v2\/types\/post"}],"author":[{"embeddable":true,"href":"https:\/\/www.africa-press.net\/tchad\/wp-json\/wp\/v2\/users\/82"}],"replies":[{"embeddable":true,"href":"https:\/\/www.africa-press.net\/tchad\/wp-json\/wp\/v2\/comments?post=30358"}],"version-history":[{"count":0,"href":"https:\/\/www.africa-press.net\/tchad\/wp-json\/wp\/v2\/posts\/30358\/revisions"}],"wp:featuredmedia":[{"embeddable":true,"href":"https:\/\/www.africa-press.net\/tchad\/wp-json\/wp\/v2\/media\/30357"}],"wp:attachment":[{"href":"https:\/\/www.africa-press.net\/tchad\/wp-json\/wp\/v2\/media?parent=30358"}],"wp:term":[{"taxonomy":"category","embeddable":true,"href":"https:\/\/www.africa-press.net\/tchad\/wp-json\/wp\/v2\/categories?post=30358"},{"taxonomy":"post_tag","embeddable":true,"href":"https:\/\/www.africa-press.net\/tchad\/wp-json\/wp\/v2\/tags?post=30358"}],"curies":[{"name":"wp","href":"https:\/\/api.w.org\/{rel}","templated":true}]}}