{"id":30364,"date":"2022-08-10T16:00:06","date_gmt":"2022-08-10T16:00:06","guid":{"rendered":"https:\/\/www.africa-press.net\/tchad\/politique\/un-collectif-envisage-une-marche-de-soutien-aux-autorites-apres-laccord-de-doha"},"modified":"2022-08-10T16:20:51","modified_gmt":"2022-08-10T16:20:51","slug":"un-collectif-envisage-une-marche-de-soutien-aux-autorites-apres-laccord-de-doha","status":"publish","type":"post","link":"https:\/\/www.africa-press.net\/tchad\/politique\/un-collectif-envisage-une-marche-de-soutien-aux-autorites-apres-laccord-de-doha","title":{"rendered":"un collectif envisage une marche de soutien aux autorit\u00e9s apr\u00e8s l&rsquo;accord de Doha"},"content":{"rendered":"<p><span style=\"color: #ff6600\"><strong>Africa-Press &#8211; Tchad. <\/strong><\/span>Le collectif de 257 ex-agents suspendus par la mairie et r\u00e9habilit\u00e9s par la Cour supr\u00eame, adresse ses vives f\u00e9licitations au pr\u00e9sident du Conseil militaire de transition, le g\u00e9n\u00e9ral Mahamat Idriss Deby Itno, et au comit\u00e9 technique sp\u00e9cial charg\u00e9 de n\u00e9gocier avec les politico-militaires qui ont accept\u00e9 de signer l&rsquo;accord de paix de Doha, pour l&rsquo;int\u00e9r\u00eat sup\u00e9rieur de la nation, selon un communiqu\u00e9 parvenu \u00e0 Alwihda Info.<\/p>\n<p>Le collectif, par la voix de son secr\u00e9taire g\u00e9n\u00e9ral Mahamat Issakha Terab, demande aux fr\u00e8res politico-militaires qui h\u00e9sitent encore de signer cet accord de paix, et de regagner les deux parties signataires, \u00ab afin que nous puissions ensemble construire le Tchad sur des nouvelles bases \u00bb.<\/p>\n<p>Par ailleurs, au nom du collectif de 257 ex-agents suspendus par la mairie en 2019 et r\u00e9habilit\u00e9s par la Cour supr\u00eame en date du 25 d\u00e9cembre 2021, le secr\u00e9taire g\u00e9n\u00e9ral du collectif, Mahamat Issakha Terab souhaite un bon retour aux fr\u00e8res politico-militaires, signataires de cet accord de paix au sein de leurs familles respectives.<\/p>\n<p>Enfin, le collectif compte organiser une marche de soutien dans les jours \u00e0 venir au pr\u00e9sident du Conseil militaire de transition, ainsi qu&rsquo;au comit\u00e9 sp\u00e9cial charg\u00e9 de n\u00e9gocier avec les politico-militaires et au m\u00e9diateur, dans leur politique de rapprochement des deux parties, afin de r\u00e9concilier les filles et fils du Tchad.<\/p>\n<p><strong>Pour plus d&rsquo;informations et d&rsquo;analyses sur la <a href=\"https:\/\/www.africa-press.net\/tchad\">Tchad<\/a>, suivez <a href=\"https:\/\/www.africa-press.net\/\">Africa-Press<\/a><\/strong><\/p>\n","protected":false},"excerpt":{"rendered":"<p>Africa-Press &#8211; Tchad. Le collectif de 257 ex-agents suspendus par la mairie et r\u00e9habilit\u00e9s par la Cour supr\u00eame, adresse ses vives f\u00e9licitations au pr\u00e9sident du Conseil militaire de transition, le g\u00e9n\u00e9ral Mahamat Idriss Deby Itno, et au comit\u00e9 technique sp\u00e9cial charg\u00e9 de n\u00e9gocier avec les politico-militaires qui ont accept\u00e9 de signer l&rsquo;accord de paix de [&hellip;]<\/p>\n","protected":false},"author":82,"featured_media":30363,"comment_status":"open","ping_status":"closed","sticky":false,"template":"","format":"standard","meta":{"footnotes":""},"categories":[11,2,10],"tags":[37,292,29],"class_list":["post-30364","post","type-post","status-publish","format-standard","has-post-thumbnail","hentry","category-homepage-french","category-politique","category-toutes-les-actualites","tag-africa-press","tag-africa-press-tchad","tag-tchad"],"yoast_head":"<!-- This site is optimized with the Yoast SEO Premium plugin v26.1 (Yoast SEO v27.0) - https:\/\/yoast.com\/product\/yoast-seo-premium-wordpress\/ -->\n<title>un collectif envisage une marche de soutien aux autorit\u00e9s apr\u00e8s l&#039;accord de Doha - tchad<\/title>\n<meta name=\"description\" content=\"Le collectif de 257 ex-agents suspendus par la mairie et r\u00e9habilit\u00e9s par la Cour supr\u00eame, adresse ses vives f\u00e9licitation ...\" \/>\n<meta name=\"robots\" content=\"index, follow, max-snippet:-1, max-image-preview:large, max-video-preview:-1\" \/>\n<link rel=\"canonical\" href=\"https:\/\/www.africa-press.net\/tchad\/politique\/un-collectif-envisage-une-marche-de-soutien-aux-autorites-apres-laccord-de-doha\" \/>\n<meta property=\"og:locale\" content=\"fr_FR\" \/>\n<meta property=\"og:type\" content=\"article\" \/>\n<meta property=\"og:title\" content=\"un collectif envisage une marche de soutien aux autorit\u00e9s apr\u00e8s l&#039;accord de Doha\" \/>\n<meta property=\"og:description\" content=\"Le collectif de 257 ex-agents suspendus par la mairie et r\u00e9habilit\u00e9s par la Cour supr\u00eame, adresse ses vives f\u00e9licitation ...\" \/>\n<meta property=\"og:url\" content=\"https:\/\/www.africa-press.net\/tchad\/politique\/un-collectif-envisage-une-marche-de-soutien-aux-autorites-apres-laccord-de-doha\" \/>\n<meta property=\"og:site_name\" content=\"tchad\" \/>\n<meta property=\"article:published_time\" content=\"2022-08-10T16:00:06+00:00\" \/>\n<meta property=\"article:modified_time\" content=\"2022-08-10T16:20:51+00:00\" \/>\n<meta property=\"og:image\" content=\"https:\/\/static.africa-press.net\/tchad\/sites\/41\/2022\/08\/postQueueImg_7-62f3dacf3885d.jpg\" \/>\n\t<meta property=\"og:image:width\" content=\"720\" \/>\n\t<meta property=\"og:image:height\" content=\"664\" \/>\n\t<meta property=\"og:image:type\" content=\"image\/jpeg\" \/>\n<meta name=\"author\" content=\"cfeditorfr\" \/>\n<meta name=\"twitter:card\" content=\"summary_large_image\" \/>\n<meta name=\"twitter:label1\" content=\"\u00c9crit par\" \/>\n\t<meta name=\"twitter:data1\" content=\"cfeditorfr\" \/>\n\t<meta name=\"twitter:label2\" content=\"Dur\u00e9e de lecture estim\u00e9e\" \/>\n\t<meta name=\"twitter:data2\" content=\"2 minutes\" \/>\n<script type=\"application\/ld+json\" class=\"yoast-schema-graph\">{\"@context\":\"https:\/\/schema.org\",\"@graph\":[{\"@type\":\"Article\",\"@id\":\"https:\/\/www.africa-press.net\/tchad\/politique\/un-collectif-envisage-une-marche-de-soutien-aux-autorites-apres-laccord-de-doha#article\",\"isPartOf\":{\"@id\":\"https:\/\/www.africa-press.net\/tchad\/politique\/un-collectif-envisage-une-marche-de-soutien-aux-autorites-apres-laccord-de-doha\"},\"author\":{\"name\":\"cfeditorfr\",\"@id\":\"https:\/\/www.africa-press.net\/tchad\/#\/schema\/person\/2b1cf3cd81a31e3cd26889ca66d677f1\"},\"headline\":\"un collectif envisage une marche de soutien aux autorit\u00e9s apr\u00e8s l&rsquo;accord de Doha\",\"datePublished\":\"2022-08-10T16:00:06+00:00\",\"dateModified\":\"2022-08-10T16:20:51+00:00\",\"mainEntityOfPage\":{\"@id\":\"https:\/\/www.africa-press.net\/tchad\/politique\/un-collectif-envisage-une-marche-de-soutien-aux-autorites-apres-laccord-de-doha\"},\"wordCount\":272,\"commentCount\":0,\"image\":{\"@id\":\"https:\/\/www.africa-press.net\/tchad\/politique\/un-collectif-envisage-une-marche-de-soutien-aux-autorites-apres-laccord-de-doha#primaryimage\"},\"thumbnailUrl\":\"https:\/\/static.africa-press.net\/tchad\/sites\/41\/2022\/08\/postQueueImg_7-62f3dacf3885d.jpg\",\"keywords\":[\"Africa Press\",\"Africa Press-Tchad\",\"Tchad\"],\"articleSection\":[\"homepage-french\",\"Politique\",\"Toutes les actualit\u00e9s\"],\"inLanguage\":\"fr-FR\",\"potentialAction\":[{\"@type\":\"CommentAction\",\"name\":\"Comment\",\"target\":[\"https:\/\/www.africa-press.net\/tchad\/politique\/un-collectif-envisage-une-marche-de-soutien-aux-autorites-apres-laccord-de-doha#respond\"]}]},{\"@type\":\"WebPage\",\"@id\":\"https:\/\/www.africa-press.net\/tchad\/politique\/un-collectif-envisage-une-marche-de-soutien-aux-autorites-apres-laccord-de-doha\",\"url\":\"https:\/\/www.africa-press.net\/tchad\/politique\/un-collectif-envisage-une-marche-de-soutien-aux-autorites-apres-laccord-de-doha\",\"name\":\"un collectif envisage une marche de soutien aux autorit\u00e9s apr\u00e8s l'accord de Doha - tchad\",\"isPartOf\":{\"@id\":\"https:\/\/www.africa-press.net\/tchad\/#website\"},\"primaryImageOfPage\":{\"@id\":\"https:\/\/www.africa-press.net\/tchad\/politique\/un-collectif-envisage-une-marche-de-soutien-aux-autorites-apres-laccord-de-doha#primaryimage\"},\"image\":{\"@id\":\"https:\/\/www.africa-press.net\/tchad\/politique\/un-collectif-envisage-une-marche-de-soutien-aux-autorites-apres-laccord-de-doha#primaryimage\"},\"thumbnailUrl\":\"https:\/\/static.africa-press.net\/tchad\/sites\/41\/2022\/08\/postQueueImg_7-62f3dacf3885d.jpg\",\"datePublished\":\"2022-08-10T16:00:06+00:00\",\"dateModified\":\"2022-08-10T16:20:51+00:00\",\"author\":{\"@id\":\"https:\/\/www.africa-press.net\/tchad\/#\/schema\/person\/2b1cf3cd81a31e3cd26889ca66d677f1\"},\"description\":\"Le collectif de 257 ex-agents suspendus par la mairie et r\u00e9habilit\u00e9s par la Cour supr\u00eame, adresse ses vives f\u00e9licitation ...\",\"breadcrumb\":{\"@id\":\"https:\/\/www.africa-press.net\/tchad\/politique\/un-collectif-envisage-une-marche-de-soutien-aux-autorites-apres-laccord-de-doha#breadcrumb\"},\"inLanguage\":\"fr-FR\",\"potentialAction\":[{\"@type\":\"ReadAction\",\"target\":[\"https:\/\/www.africa-press.net\/tchad\/politique\/un-collectif-envisage-une-marche-de-soutien-aux-autorites-apres-laccord-de-doha\"]}]},{\"@type\":\"ImageObject\",\"inLanguage\":\"fr-FR\",\"@id\":\"https:\/\/www.africa-press.net\/tchad\/politique\/un-collectif-envisage-une-marche-de-soutien-aux-autorites-apres-laccord-de-doha#primaryimage\",\"url\":\"https:\/\/static.africa-press.net\/tchad\/sites\/41\/2022\/08\/postQueueImg_7-62f3dacf3885d.jpg\",\"contentUrl\":\"https:\/\/static.africa-press.net\/tchad\/sites\/41\/2022\/08\/postQueueImg_7-62f3dacf3885d.jpg\",\"width\":720,\"height\":664,\"caption\":\"un collectif envisage une marche de soutien aux autorit\u00e9s apr\u00e8s l'accord de Doha\"},{\"@type\":\"BreadcrumbList\",\"@id\":\"https:\/\/www.africa-press.net\/tchad\/politique\/un-collectif-envisage-une-marche-de-soutien-aux-autorites-apres-laccord-de-doha#breadcrumb\",\"itemListElement\":[{\"@type\":\"ListItem\",\"position\":1,\"name\":\"Accueil\",\"item\":\"https:\/\/www.africa-press.net\/tchad\/\"},{\"@type\":\"ListItem\",\"position\":2,\"name\":\"un collectif envisage une marche de soutien aux autorit\u00e9s apr\u00e8s l&#8217;accord de Doha\"}]},{\"@type\":\"WebSite\",\"@id\":\"https:\/\/www.africa-press.net\/tchad\/#website\",\"url\":\"https:\/\/www.africa-press.net\/tchad\/\",\"name\":\"tchad\",\"description\":\"Just another Africa News Agency Sites site\",\"potentialAction\":[{\"@type\":\"SearchAction\",\"target\":{\"@type\":\"EntryPoint\",\"urlTemplate\":\"https:\/\/www.africa-press.net\/tchad\/?s={search_term_string}\"},\"query-input\":{\"@type\":\"PropertyValueSpecification\",\"valueRequired\":true,\"valueName\":\"search_term_string\"}}],\"inLanguage\":\"fr-FR\"},{\"@type\":\"Person\",\"@id\":\"https:\/\/www.africa-press.net\/tchad\/#\/schema\/person\/2b1cf3cd81a31e3cd26889ca66d677f1\",\"name\":\"cfeditorfr\"}]}<\/script>\n<!-- \/ Yoast SEO Premium plugin. -->","yoast_head_json":{"title":"un collectif envisage une marche de soutien aux autorit\u00e9s apr\u00e8s l'accord de Doha - tchad","description":"Le collectif de 257 ex-agents suspendus par la mairie et r\u00e9habilit\u00e9s par la Cour supr\u00eame, adresse ses vives f\u00e9licitation ...","robots":{"index":"index","follow":"follow","max-snippet":"max-snippet:-1","max-image-preview":"max-image-preview:large","max-video-preview":"max-video-preview:-1"},"canonical":"https:\/\/www.africa-press.net\/tchad\/politique\/un-collectif-envisage-une-marche-de-soutien-aux-autorites-apres-laccord-de-doha","og_locale":"fr_FR","og_type":"article","og_title":"un collectif envisage une marche de soutien aux autorit\u00e9s apr\u00e8s l'accord de Doha","og_description":"Le collectif de 257 ex-agents suspendus par la mairie et r\u00e9habilit\u00e9s par la Cour supr\u00eame, adresse ses vives f\u00e9licitation ...","og_url":"https:\/\/www.africa-press.net\/tchad\/politique\/un-collectif-envisage-une-marche-de-soutien-aux-autorites-apres-laccord-de-doha","og_site_name":"tchad","article_published_time":"2022-08-10T16:00:06+00:00","article_modified_time":"2022-08-10T16:20:51+00:00","og_image":[{"width":720,"height":664,"url":"https:\/\/static.africa-press.net\/tchad\/sites\/41\/2022\/08\/postQueueImg_7-62f3dacf3885d.jpg","type":"image\/jpeg"}],"author":"cfeditorfr","twitter_card":"summary_large_image","twitter_misc":{"\u00c9crit par":"cfeditorfr","Dur\u00e9e de lecture estim\u00e9e":"2 minutes"},"schema":{"@context":"https:\/\/schema.org","@graph":[{"@type":"Article","@id":"https:\/\/www.africa-press.net\/tchad\/politique\/un-collectif-envisage-une-marche-de-soutien-aux-autorites-apres-laccord-de-doha#article","isPartOf":{"@id":"https:\/\/www.africa-press.net\/tchad\/politique\/un-collectif-envisage-une-marche-de-soutien-aux-autorites-apres-laccord-de-doha"},"author":{"name":"cfeditorfr","@id":"https:\/\/www.africa-press.net\/tchad\/#\/schema\/person\/2b1cf3cd81a31e3cd26889ca66d677f1"},"headline":"un collectif envisage une marche de soutien aux autorit\u00e9s apr\u00e8s l&rsquo;accord de Doha","datePublished":"2022-08-10T16:00:06+00:00","dateModified":"2022-08-10T16:20:51+00:00","mainEntityOfPage":{"@id":"https:\/\/www.africa-press.net\/tchad\/politique\/un-collectif-envisage-une-marche-de-soutien-aux-autorites-apres-laccord-de-doha"},"wordCount":272,"commentCount":0,"image":{"@id":"https:\/\/www.africa-press.net\/tchad\/politique\/un-collectif-envisage-une-marche-de-soutien-aux-autorites-apres-laccord-de-doha#primaryimage"},"thumbnailUrl":"https:\/\/static.africa-press.net\/tchad\/sites\/41\/2022\/08\/postQueueImg_7-62f3dacf3885d.jpg","keywords":["Africa Press","Africa Press-Tchad","Tchad"],"articleSection":["homepage-french","Politique","Toutes les actualit\u00e9s"],"inLanguage":"fr-FR","potentialAction":[{"@type":"CommentAction","name":"Comment","target":["https:\/\/www.africa-press.net\/tchad\/politique\/un-collectif-envisage-une-marche-de-soutien-aux-autorites-apres-laccord-de-doha#respond"]}]},{"@type":"WebPage","@id":"https:\/\/www.africa-press.net\/tchad\/politique\/un-collectif-envisage-une-marche-de-soutien-aux-autorites-apres-laccord-de-doha","url":"https:\/\/www.africa-press.net\/tchad\/politique\/un-collectif-envisage-une-marche-de-soutien-aux-autorites-apres-laccord-de-doha","name":"un collectif envisage une marche de soutien aux autorit\u00e9s apr\u00e8s l'accord de Doha - tchad","isPartOf":{"@id":"https:\/\/www.africa-press.net\/tchad\/#website"},"primaryImageOfPage":{"@id":"https:\/\/www.africa-press.net\/tchad\/politique\/un-collectif-envisage-une-marche-de-soutien-aux-autorites-apres-laccord-de-doha#primaryimage"},"image":{"@id":"https:\/\/www.africa-press.net\/tchad\/politique\/un-collectif-envisage-une-marche-de-soutien-aux-autorites-apres-laccord-de-doha#primaryimage"},"thumbnailUrl":"https:\/\/static.africa-press.net\/tchad\/sites\/41\/2022\/08\/postQueueImg_7-62f3dacf3885d.jpg","datePublished":"2022-08-10T16:00:06+00:00","dateModified":"2022-08-10T16:20:51+00:00","author":{"@id":"https:\/\/www.africa-press.net\/tchad\/#\/schema\/person\/2b1cf3cd81a31e3cd26889ca66d677f1"},"description":"Le collectif de 257 ex-agents suspendus par la mairie et r\u00e9habilit\u00e9s par la Cour supr\u00eame, adresse ses vives f\u00e9licitation ...","breadcrumb":{"@id":"https:\/\/www.africa-press.net\/tchad\/politique\/un-collectif-envisage-une-marche-de-soutien-aux-autorites-apres-laccord-de-doha#breadcrumb"},"inLanguage":"fr-FR","potentialAction":[{"@type":"ReadAction","target":["https:\/\/www.africa-press.net\/tchad\/politique\/un-collectif-envisage-une-marche-de-soutien-aux-autorites-apres-laccord-de-doha"]}]},{"@type":"ImageObject","inLanguage":"fr-FR","@id":"https:\/\/www.africa-press.net\/tchad\/politique\/un-collectif-envisage-une-marche-de-soutien-aux-autorites-apres-laccord-de-doha#primaryimage","url":"https:\/\/static.africa-press.net\/tchad\/sites\/41\/2022\/08\/postQueueImg_7-62f3dacf3885d.jpg","contentUrl":"https:\/\/static.africa-press.net\/tchad\/sites\/41\/2022\/08\/postQueueImg_7-62f3dacf3885d.jpg","width":720,"height":664,"caption":"un collectif envisage une marche de soutien aux autorit\u00e9s apr\u00e8s l'accord de Doha"},{"@type":"BreadcrumbList","@id":"https:\/\/www.africa-press.net\/tchad\/politique\/un-collectif-envisage-une-marche-de-soutien-aux-autorites-apres-laccord-de-doha#breadcrumb","itemListElement":[{"@type":"ListItem","position":1,"name":"Accueil","item":"https:\/\/www.africa-press.net\/tchad\/"},{"@type":"ListItem","position":2,"name":"un collectif envisage une marche de soutien aux autorit\u00e9s apr\u00e8s l&#8217;accord de Doha"}]},{"@type":"WebSite","@id":"https:\/\/www.africa-press.net\/tchad\/#website","url":"https:\/\/www.africa-press.net\/tchad\/","name":"tchad","description":"Just another Africa News Agency Sites site","potentialAction":[{"@type":"SearchAction","target":{"@type":"EntryPoint","urlTemplate":"https:\/\/www.africa-press.net\/tchad\/?s={search_term_string}"},"query-input":{"@type":"PropertyValueSpecification","valueRequired":true,"valueName":"search_term_string"}}],"inLanguage":"fr-FR"},{"@type":"Person","@id":"https:\/\/www.africa-press.net\/tchad\/#\/schema\/person\/2b1cf3cd81a31e3cd26889ca66d677f1","name":"cfeditorfr"}]}},"_links":{"self":[{"href":"https:\/\/www.africa-press.net\/tchad\/wp-json\/wp\/v2\/posts\/30364","targetHints":{"allow":["GET"]}}],"collection":[{"href":"https:\/\/www.africa-press.net\/tchad\/wp-json\/wp\/v2\/posts"}],"about":[{"href":"https:\/\/www.africa-press.net\/tchad\/wp-json\/wp\/v2\/types\/post"}],"author":[{"embeddable":true,"href":"https:\/\/www.africa-press.net\/tchad\/wp-json\/wp\/v2\/users\/82"}],"replies":[{"embeddable":true,"href":"https:\/\/www.africa-press.net\/tchad\/wp-json\/wp\/v2\/comments?post=30364"}],"version-history":[{"count":0,"href":"https:\/\/www.africa-press.net\/tchad\/wp-json\/wp\/v2\/posts\/30364\/revisions"}],"wp:featuredmedia":[{"embeddable":true,"href":"https:\/\/www.africa-press.net\/tchad\/wp-json\/wp\/v2\/media\/30363"}],"wp:attachment":[{"href":"https:\/\/www.africa-press.net\/tchad\/wp-json\/wp\/v2\/media?parent=30364"}],"wp:term":[{"taxonomy":"category","embeddable":true,"href":"https:\/\/www.africa-press.net\/tchad\/wp-json\/wp\/v2\/categories?post=30364"},{"taxonomy":"post_tag","embeddable":true,"href":"https:\/\/www.africa-press.net\/tchad\/wp-json\/wp\/v2\/tags?post=30364"}],"curies":[{"name":"wp","href":"https:\/\/api.w.org\/{rel}","templated":true}]}}