{"id":30380,"date":"2022-08-10T17:24:28","date_gmt":"2022-08-10T17:24:28","guid":{"rendered":"https:\/\/www.africa-press.net\/tchad\/politique\/tournee-africaine-de-blinken-la-relation-avec-loccident-na-jamais-ete-positive-pour-lafrique"},"modified":"2022-08-10T17:32:58","modified_gmt":"2022-08-10T17:32:58","slug":"tournee-africaine-de-blinken-la-relation-avec-loccident-na-jamais-ete-positive-pour-lafrique","status":"publish","type":"post","link":"https:\/\/www.africa-press.net\/tchad\/politique\/tournee-africaine-de-blinken-la-relation-avec-loccident-na-jamais-ete-positive-pour-lafrique","title":{"rendered":"Tourn\u00e9e africaine de Blinken: la relation avec l\u2019Occident \u00ab\u00a0n\u2019a jamais \u00e9t\u00e9 positive pour l\u2019Afrique\u00a0\u00bb"},"content":{"rendered":"<p><span style=\"color: #ff6600\"><strong>Africa-Press &#8211; Tchad. <\/strong><\/span>Le secr\u00e9taire d\u2019\u00c9tat am\u00e9ricain est libre de faire ses tourn\u00e9es diplomatiques \u00e0 condition qu\u2019elles ne consistent pas \u00e0 dicter\u00a0\u00bb leur politique \u00e9trang\u00e8re aux \u00c9tats africains. Aupr\u00e8s de Sputnik, le militant panafricaniste Youssouf Youya commente la visite de Blinken en Afrique.<\/p>\n<p>\u00ab\u00a0Aujourd\u2019hui, la jeunesse africaine ne s\u2019inscrit plus dans ce registre de tutelle qui veut encore dicter ce qui est bien ou mal \u00e0 faire pour les pays africains et avec quels partenaires ils doivent travailler\u00a0\u00bb, a d\u00e9clar\u00e9 \u00e0 Sputnik Youssouf Youya, jeune entrepreneur tchado-camerounais et militant panafricaniste, commentant la visite d\u2019Antony Blinken dans trois pays africains. Un d\u00e9placement organis\u00e9 apr\u00e8s ceux d\u2019Emmanuel Macron et de Sergue\u00ef Lavrov, en juillet.<\/p>\n<p>Les tourn\u00e9es de dirigeants comme Blinken ne peuvent avoir d\u2019impact que s\u2019ils \u00e9coutent \u00ab\u00a0ce que la jeunesse africaine a \u00e0 dire. Qu\u2019ils ne viennent pas nous imposer ce qu\u2019ils pensent \u00eatre bon pour nous ou non. Pour la jeunesse africaine, cette \u00e8re est d\u00e9finitivement r\u00e9volue. Tous les mouvements panafricanistes disent \u00ab\u00a0Stop! Dehors la France, dehors les \u00c9tats-Unis, dehors l\u2019Europe et l\u2019Occident!\u00a0\u00bb Et ce, pour la simple raison que la relation que nous avons eu avec eux n\u2019a jamais \u00e9t\u00e9 positive pour l\u2019Afrique, particuli\u00e8rement pour sa jeunesse\u00a0\u00bb, explique-t-il.<\/p>\n<p>Macron pourrait-il traiter les Am\u00e9ricains d\u2019\u00a0\u00bbhypocrites\u00a0\u00bb? Concernant les d\u00e9clarations du Pr\u00e9sident fran\u00e7ais qui a qualifi\u00e9 d\u2019hypocrite la neutralit\u00e9 affich\u00e9e par certains pays africains au sujet de l\u2019op\u00e9ration sp\u00e9ciale russe en Ukraine, M.Youya affirme que si \u00ab\u00a0les Africains \u00e9taient hypocrites, ils n\u2019auraient pas combattu au c\u00f4t\u00e9 de la France libre lors de la Seconde Guerre mondiale. Si les Africains \u00e9taient hypocrites, ils n\u2019auraient pas laiss\u00e9 la porte encore ouverte \u00e0 la France, malgr\u00e9 tout ce qu\u2019elle a caus\u00e9 et Macron ne serait pas venu en Afrique pour \u00e9changer avec sa jeunesse\u00a0\u00bb.<\/p>\n<p>Et d\u2019ajouter que l\u2019Afrique est un continent qui veut \u00eatre trait\u00e9 avec respect comme n\u2019importe quel autre partenaire. Si les Africains sont hypocrites, \u00ab\u00a0que dire alors de celui qui a construit son empire avec ce qu\u2019il a pill\u00e9 durant des si\u00e8cles en Afrique?\u00a0\u00bb, se demande-t-il.<\/p>\n<p>\u00ab\u00a0L\u2019Afrique doit m\u00eame avoir le droit de v\u00e9to\u00a0\u00bb<\/p>\n<p>Pour Youssouf Youya, sans libert\u00e9 il ne peut pas y avoir de d\u00e9veloppement. C\u2019est dans ce sens, indique-t-il, que le combat pacifique, politique, culturel et intellectuel de la jeunesse africaine s\u2019articule autour de l\u2019id\u00e9e que les Africains sont bien capables de penser leur avenir et leur propre mod\u00e8le de d\u00e9veloppement et de partenariat.<\/p>\n<p>Dans le m\u00eame sens, il ajoute que d\u00e9sormais, l\u2019Afrique a des cadres hautement qualifi\u00e9s qui \u00ab\u00a0sont capables de la repr\u00e9senter et de d\u00e9fendre ses int\u00e9r\u00eats\u00a0\u00bb y compris au sein des instances internationales comme le Conseil de s\u00e9curit\u00e9 de l\u2019Onu.<\/p>\n<p>Enfin, il affirme que c\u2019est ainsi que la question cruciale du Franc CFA fait d\u00e9bat au sein de la jeunesse africaine, laquelle dit haut et fort \u00ab\u00a0qu\u2019il n\u2019y a pas de souverainet\u00e9 nationale sans la souverainet\u00e9 mon\u00e9taire\u00a0\u00bb.<\/p>\n<p><strong>Pour plus d&rsquo;informations et d&rsquo;analyses sur la <a href=\"https:\/\/www.africa-press.net\/tchad\">Tchad<\/a>, suivez <a href=\"https:\/\/www.africa-press.net\/\">Africa-Press<\/a><\/strong><\/p>\n","protected":false},"excerpt":{"rendered":"<p>Africa-Press &#8211; Tchad. Le secr\u00e9taire d\u2019\u00c9tat am\u00e9ricain est libre de faire ses tourn\u00e9es diplomatiques \u00e0 condition qu\u2019elles ne consistent pas \u00e0 dicter\u00a0\u00bb leur politique \u00e9trang\u00e8re aux \u00c9tats africains. Aupr\u00e8s de Sputnik, le militant panafricaniste Youssouf Youya commente la visite de Blinken en Afrique. \u00ab\u00a0Aujourd\u2019hui, la jeunesse africaine ne s\u2019inscrit plus dans ce registre de tutelle [&hellip;]<\/p>\n","protected":false},"author":82,"featured_media":30379,"comment_status":"open","ping_status":"closed","sticky":false,"template":"","format":"standard","meta":{"footnotes":""},"categories":[11,2,10],"tags":[37,292,29],"class_list":["post-30380","post","type-post","status-publish","format-standard","has-post-thumbnail","hentry","category-homepage-french","category-politique","category-toutes-les-actualites","tag-africa-press","tag-africa-press-tchad","tag-tchad"],"yoast_head":"<!-- This site is optimized with the Yoast SEO Premium plugin v26.1 (Yoast SEO v27.0) - https:\/\/yoast.com\/product\/yoast-seo-premium-wordpress\/ -->\n<title>Tourn\u00e9e africaine de Blinken: la relation avec l\u2019Occident &quot;n\u2019a jamais \u00e9t\u00e9 positive pour l\u2019Afrique&quot; - tchad<\/title>\n<meta name=\"description\" content=\"Le secr\u00e9taire d\u2019\u00c9tat am\u00e9ricain est libre de faire ses tourn\u00e9es diplomatiques \u00e0 condition qu\u2019elles ne consistent pas \u00e0 di ...\" \/>\n<meta name=\"robots\" content=\"index, follow, max-snippet:-1, max-image-preview:large, max-video-preview:-1\" \/>\n<link rel=\"canonical\" href=\"https:\/\/www.africa-press.net\/tchad\/politique\/tournee-africaine-de-blinken-la-relation-avec-loccident-na-jamais-ete-positive-pour-lafrique\" \/>\n<meta property=\"og:locale\" content=\"fr_FR\" \/>\n<meta property=\"og:type\" content=\"article\" \/>\n<meta property=\"og:title\" content=\"Tourn\u00e9e africaine de Blinken: la relation avec l\u2019Occident &quot;n\u2019a jamais \u00e9t\u00e9 positive pour l\u2019Afrique&quot;\" \/>\n<meta property=\"og:description\" content=\"Le secr\u00e9taire d\u2019\u00c9tat am\u00e9ricain est libre de faire ses tourn\u00e9es diplomatiques \u00e0 condition qu\u2019elles ne consistent pas \u00e0 di ...\" \/>\n<meta property=\"og:url\" content=\"https:\/\/www.africa-press.net\/tchad\/politique\/tournee-africaine-de-blinken-la-relation-avec-loccident-na-jamais-ete-positive-pour-lafrique\" \/>\n<meta property=\"og:site_name\" content=\"tchad\" \/>\n<meta property=\"article:published_time\" content=\"2022-08-10T17:24:28+00:00\" \/>\n<meta property=\"article:modified_time\" content=\"2022-08-10T17:32:58+00:00\" \/>\n<meta property=\"og:image\" content=\"https:\/\/static.africa-press.net\/tchad\/sites\/41\/2022\/08\/postQueueImg_4-62f3ebb46e013.jpg\" \/>\n\t<meta property=\"og:image:width\" content=\"1920\" \/>\n\t<meta property=\"og:image:height\" content=\"1079\" \/>\n\t<meta property=\"og:image:type\" content=\"image\/jpeg\" \/>\n<meta name=\"author\" content=\"cfeditorfr\" \/>\n<meta name=\"twitter:card\" content=\"summary_large_image\" \/>\n<meta name=\"twitter:label1\" content=\"\u00c9crit par\" \/>\n\t<meta name=\"twitter:data1\" content=\"cfeditorfr\" \/>\n\t<meta name=\"twitter:label2\" content=\"Dur\u00e9e de lecture estim\u00e9e\" \/>\n\t<meta name=\"twitter:data2\" content=\"3 minutes\" \/>\n<script type=\"application\/ld+json\" class=\"yoast-schema-graph\">{\"@context\":\"https:\/\/schema.org\",\"@graph\":[{\"@type\":\"Article\",\"@id\":\"https:\/\/www.africa-press.net\/tchad\/politique\/tournee-africaine-de-blinken-la-relation-avec-loccident-na-jamais-ete-positive-pour-lafrique#article\",\"isPartOf\":{\"@id\":\"https:\/\/www.africa-press.net\/tchad\/politique\/tournee-africaine-de-blinken-la-relation-avec-loccident-na-jamais-ete-positive-pour-lafrique\"},\"author\":{\"name\":\"cfeditorfr\",\"@id\":\"https:\/\/www.africa-press.net\/tchad\/#\/schema\/person\/2b1cf3cd81a31e3cd26889ca66d677f1\"},\"headline\":\"Tourn\u00e9e africaine de Blinken: la relation avec l\u2019Occident \u00ab\u00a0n\u2019a jamais \u00e9t\u00e9 positive pour l\u2019Afrique\u00a0\u00bb\",\"datePublished\":\"2022-08-10T17:24:28+00:00\",\"dateModified\":\"2022-08-10T17:32:58+00:00\",\"mainEntityOfPage\":{\"@id\":\"https:\/\/www.africa-press.net\/tchad\/politique\/tournee-africaine-de-blinken-la-relation-avec-loccident-na-jamais-ete-positive-pour-lafrique\"},\"wordCount\":566,\"commentCount\":0,\"image\":{\"@id\":\"https:\/\/www.africa-press.net\/tchad\/politique\/tournee-africaine-de-blinken-la-relation-avec-loccident-na-jamais-ete-positive-pour-lafrique#primaryimage\"},\"thumbnailUrl\":\"https:\/\/static.africa-press.net\/tchad\/sites\/41\/2022\/08\/postQueueImg_4-62f3ebb46e013.jpg\",\"keywords\":[\"Africa Press\",\"Africa Press-Tchad\",\"Tchad\"],\"articleSection\":[\"homepage-french\",\"Politique\",\"Toutes les actualit\u00e9s\"],\"inLanguage\":\"fr-FR\",\"potentialAction\":[{\"@type\":\"CommentAction\",\"name\":\"Comment\",\"target\":[\"https:\/\/www.africa-press.net\/tchad\/politique\/tournee-africaine-de-blinken-la-relation-avec-loccident-na-jamais-ete-positive-pour-lafrique#respond\"]}]},{\"@type\":\"WebPage\",\"@id\":\"https:\/\/www.africa-press.net\/tchad\/politique\/tournee-africaine-de-blinken-la-relation-avec-loccident-na-jamais-ete-positive-pour-lafrique\",\"url\":\"https:\/\/www.africa-press.net\/tchad\/politique\/tournee-africaine-de-blinken-la-relation-avec-loccident-na-jamais-ete-positive-pour-lafrique\",\"name\":\"Tourn\u00e9e africaine de Blinken: la relation avec l\u2019Occident \\\"n\u2019a jamais \u00e9t\u00e9 positive pour l\u2019Afrique\\\" - tchad\",\"isPartOf\":{\"@id\":\"https:\/\/www.africa-press.net\/tchad\/#website\"},\"primaryImageOfPage\":{\"@id\":\"https:\/\/www.africa-press.net\/tchad\/politique\/tournee-africaine-de-blinken-la-relation-avec-loccident-na-jamais-ete-positive-pour-lafrique#primaryimage\"},\"image\":{\"@id\":\"https:\/\/www.africa-press.net\/tchad\/politique\/tournee-africaine-de-blinken-la-relation-avec-loccident-na-jamais-ete-positive-pour-lafrique#primaryimage\"},\"thumbnailUrl\":\"https:\/\/static.africa-press.net\/tchad\/sites\/41\/2022\/08\/postQueueImg_4-62f3ebb46e013.jpg\",\"datePublished\":\"2022-08-10T17:24:28+00:00\",\"dateModified\":\"2022-08-10T17:32:58+00:00\",\"author\":{\"@id\":\"https:\/\/www.africa-press.net\/tchad\/#\/schema\/person\/2b1cf3cd81a31e3cd26889ca66d677f1\"},\"description\":\"Le secr\u00e9taire d\u2019\u00c9tat am\u00e9ricain est libre de faire ses tourn\u00e9es diplomatiques \u00e0 condition qu\u2019elles ne consistent pas \u00e0 di ...\",\"breadcrumb\":{\"@id\":\"https:\/\/www.africa-press.net\/tchad\/politique\/tournee-africaine-de-blinken-la-relation-avec-loccident-na-jamais-ete-positive-pour-lafrique#breadcrumb\"},\"inLanguage\":\"fr-FR\",\"potentialAction\":[{\"@type\":\"ReadAction\",\"target\":[\"https:\/\/www.africa-press.net\/tchad\/politique\/tournee-africaine-de-blinken-la-relation-avec-loccident-na-jamais-ete-positive-pour-lafrique\"]}]},{\"@type\":\"ImageObject\",\"inLanguage\":\"fr-FR\",\"@id\":\"https:\/\/www.africa-press.net\/tchad\/politique\/tournee-africaine-de-blinken-la-relation-avec-loccident-na-jamais-ete-positive-pour-lafrique#primaryimage\",\"url\":\"https:\/\/static.africa-press.net\/tchad\/sites\/41\/2022\/08\/postQueueImg_4-62f3ebb46e013.jpg\",\"contentUrl\":\"https:\/\/static.africa-press.net\/tchad\/sites\/41\/2022\/08\/postQueueImg_4-62f3ebb46e013.jpg\",\"width\":1920,\"height\":1079,\"caption\":\"Tourn\u00e9e africaine de Blinken: la relation avec l\u2019Occident \\\"n\u2019a jamais \u00e9t\u00e9 positive pour l\u2019Afrique\\\"\"},{\"@type\":\"BreadcrumbList\",\"@id\":\"https:\/\/www.africa-press.net\/tchad\/politique\/tournee-africaine-de-blinken-la-relation-avec-loccident-na-jamais-ete-positive-pour-lafrique#breadcrumb\",\"itemListElement\":[{\"@type\":\"ListItem\",\"position\":1,\"name\":\"Accueil\",\"item\":\"https:\/\/www.africa-press.net\/tchad\/\"},{\"@type\":\"ListItem\",\"position\":2,\"name\":\"Tourn\u00e9e africaine de Blinken: la relation avec l\u2019Occident &#8220;n\u2019a jamais \u00e9t\u00e9 positive pour l\u2019Afrique&#8221;\"}]},{\"@type\":\"WebSite\",\"@id\":\"https:\/\/www.africa-press.net\/tchad\/#website\",\"url\":\"https:\/\/www.africa-press.net\/tchad\/\",\"name\":\"tchad\",\"description\":\"Just another Africa News Agency Sites site\",\"potentialAction\":[{\"@type\":\"SearchAction\",\"target\":{\"@type\":\"EntryPoint\",\"urlTemplate\":\"https:\/\/www.africa-press.net\/tchad\/?s={search_term_string}\"},\"query-input\":{\"@type\":\"PropertyValueSpecification\",\"valueRequired\":true,\"valueName\":\"search_term_string\"}}],\"inLanguage\":\"fr-FR\"},{\"@type\":\"Person\",\"@id\":\"https:\/\/www.africa-press.net\/tchad\/#\/schema\/person\/2b1cf3cd81a31e3cd26889ca66d677f1\",\"name\":\"cfeditorfr\"}]}<\/script>\n<!-- \/ Yoast SEO Premium plugin. -->","yoast_head_json":{"title":"Tourn\u00e9e africaine de Blinken: la relation avec l\u2019Occident \"n\u2019a jamais \u00e9t\u00e9 positive pour l\u2019Afrique\" - tchad","description":"Le secr\u00e9taire d\u2019\u00c9tat am\u00e9ricain est libre de faire ses tourn\u00e9es diplomatiques \u00e0 condition qu\u2019elles ne consistent pas \u00e0 di ...","robots":{"index":"index","follow":"follow","max-snippet":"max-snippet:-1","max-image-preview":"max-image-preview:large","max-video-preview":"max-video-preview:-1"},"canonical":"https:\/\/www.africa-press.net\/tchad\/politique\/tournee-africaine-de-blinken-la-relation-avec-loccident-na-jamais-ete-positive-pour-lafrique","og_locale":"fr_FR","og_type":"article","og_title":"Tourn\u00e9e africaine de Blinken: la relation avec l\u2019Occident \"n\u2019a jamais \u00e9t\u00e9 positive pour l\u2019Afrique\"","og_description":"Le secr\u00e9taire d\u2019\u00c9tat am\u00e9ricain est libre de faire ses tourn\u00e9es diplomatiques \u00e0 condition qu\u2019elles ne consistent pas \u00e0 di ...","og_url":"https:\/\/www.africa-press.net\/tchad\/politique\/tournee-africaine-de-blinken-la-relation-avec-loccident-na-jamais-ete-positive-pour-lafrique","og_site_name":"tchad","article_published_time":"2022-08-10T17:24:28+00:00","article_modified_time":"2022-08-10T17:32:58+00:00","og_image":[{"width":1920,"height":1079,"url":"https:\/\/static.africa-press.net\/tchad\/sites\/41\/2022\/08\/postQueueImg_4-62f3ebb46e013.jpg","type":"image\/jpeg"}],"author":"cfeditorfr","twitter_card":"summary_large_image","twitter_misc":{"\u00c9crit par":"cfeditorfr","Dur\u00e9e de lecture estim\u00e9e":"3 minutes"},"schema":{"@context":"https:\/\/schema.org","@graph":[{"@type":"Article","@id":"https:\/\/www.africa-press.net\/tchad\/politique\/tournee-africaine-de-blinken-la-relation-avec-loccident-na-jamais-ete-positive-pour-lafrique#article","isPartOf":{"@id":"https:\/\/www.africa-press.net\/tchad\/politique\/tournee-africaine-de-blinken-la-relation-avec-loccident-na-jamais-ete-positive-pour-lafrique"},"author":{"name":"cfeditorfr","@id":"https:\/\/www.africa-press.net\/tchad\/#\/schema\/person\/2b1cf3cd81a31e3cd26889ca66d677f1"},"headline":"Tourn\u00e9e africaine de Blinken: la relation avec l\u2019Occident \u00ab\u00a0n\u2019a jamais \u00e9t\u00e9 positive pour l\u2019Afrique\u00a0\u00bb","datePublished":"2022-08-10T17:24:28+00:00","dateModified":"2022-08-10T17:32:58+00:00","mainEntityOfPage":{"@id":"https:\/\/www.africa-press.net\/tchad\/politique\/tournee-africaine-de-blinken-la-relation-avec-loccident-na-jamais-ete-positive-pour-lafrique"},"wordCount":566,"commentCount":0,"image":{"@id":"https:\/\/www.africa-press.net\/tchad\/politique\/tournee-africaine-de-blinken-la-relation-avec-loccident-na-jamais-ete-positive-pour-lafrique#primaryimage"},"thumbnailUrl":"https:\/\/static.africa-press.net\/tchad\/sites\/41\/2022\/08\/postQueueImg_4-62f3ebb46e013.jpg","keywords":["Africa Press","Africa Press-Tchad","Tchad"],"articleSection":["homepage-french","Politique","Toutes les actualit\u00e9s"],"inLanguage":"fr-FR","potentialAction":[{"@type":"CommentAction","name":"Comment","target":["https:\/\/www.africa-press.net\/tchad\/politique\/tournee-africaine-de-blinken-la-relation-avec-loccident-na-jamais-ete-positive-pour-lafrique#respond"]}]},{"@type":"WebPage","@id":"https:\/\/www.africa-press.net\/tchad\/politique\/tournee-africaine-de-blinken-la-relation-avec-loccident-na-jamais-ete-positive-pour-lafrique","url":"https:\/\/www.africa-press.net\/tchad\/politique\/tournee-africaine-de-blinken-la-relation-avec-loccident-na-jamais-ete-positive-pour-lafrique","name":"Tourn\u00e9e africaine de Blinken: la relation avec l\u2019Occident \"n\u2019a jamais \u00e9t\u00e9 positive pour l\u2019Afrique\" - tchad","isPartOf":{"@id":"https:\/\/www.africa-press.net\/tchad\/#website"},"primaryImageOfPage":{"@id":"https:\/\/www.africa-press.net\/tchad\/politique\/tournee-africaine-de-blinken-la-relation-avec-loccident-na-jamais-ete-positive-pour-lafrique#primaryimage"},"image":{"@id":"https:\/\/www.africa-press.net\/tchad\/politique\/tournee-africaine-de-blinken-la-relation-avec-loccident-na-jamais-ete-positive-pour-lafrique#primaryimage"},"thumbnailUrl":"https:\/\/static.africa-press.net\/tchad\/sites\/41\/2022\/08\/postQueueImg_4-62f3ebb46e013.jpg","datePublished":"2022-08-10T17:24:28+00:00","dateModified":"2022-08-10T17:32:58+00:00","author":{"@id":"https:\/\/www.africa-press.net\/tchad\/#\/schema\/person\/2b1cf3cd81a31e3cd26889ca66d677f1"},"description":"Le secr\u00e9taire d\u2019\u00c9tat am\u00e9ricain est libre de faire ses tourn\u00e9es diplomatiques \u00e0 condition qu\u2019elles ne consistent pas \u00e0 di ...","breadcrumb":{"@id":"https:\/\/www.africa-press.net\/tchad\/politique\/tournee-africaine-de-blinken-la-relation-avec-loccident-na-jamais-ete-positive-pour-lafrique#breadcrumb"},"inLanguage":"fr-FR","potentialAction":[{"@type":"ReadAction","target":["https:\/\/www.africa-press.net\/tchad\/politique\/tournee-africaine-de-blinken-la-relation-avec-loccident-na-jamais-ete-positive-pour-lafrique"]}]},{"@type":"ImageObject","inLanguage":"fr-FR","@id":"https:\/\/www.africa-press.net\/tchad\/politique\/tournee-africaine-de-blinken-la-relation-avec-loccident-na-jamais-ete-positive-pour-lafrique#primaryimage","url":"https:\/\/static.africa-press.net\/tchad\/sites\/41\/2022\/08\/postQueueImg_4-62f3ebb46e013.jpg","contentUrl":"https:\/\/static.africa-press.net\/tchad\/sites\/41\/2022\/08\/postQueueImg_4-62f3ebb46e013.jpg","width":1920,"height":1079,"caption":"Tourn\u00e9e africaine de Blinken: la relation avec l\u2019Occident \"n\u2019a jamais \u00e9t\u00e9 positive pour l\u2019Afrique\""},{"@type":"BreadcrumbList","@id":"https:\/\/www.africa-press.net\/tchad\/politique\/tournee-africaine-de-blinken-la-relation-avec-loccident-na-jamais-ete-positive-pour-lafrique#breadcrumb","itemListElement":[{"@type":"ListItem","position":1,"name":"Accueil","item":"https:\/\/www.africa-press.net\/tchad\/"},{"@type":"ListItem","position":2,"name":"Tourn\u00e9e africaine de Blinken: la relation avec l\u2019Occident &#8220;n\u2019a jamais \u00e9t\u00e9 positive pour l\u2019Afrique&#8221;"}]},{"@type":"WebSite","@id":"https:\/\/www.africa-press.net\/tchad\/#website","url":"https:\/\/www.africa-press.net\/tchad\/","name":"tchad","description":"Just another Africa News Agency Sites site","potentialAction":[{"@type":"SearchAction","target":{"@type":"EntryPoint","urlTemplate":"https:\/\/www.africa-press.net\/tchad\/?s={search_term_string}"},"query-input":{"@type":"PropertyValueSpecification","valueRequired":true,"valueName":"search_term_string"}}],"inLanguage":"fr-FR"},{"@type":"Person","@id":"https:\/\/www.africa-press.net\/tchad\/#\/schema\/person\/2b1cf3cd81a31e3cd26889ca66d677f1","name":"cfeditorfr"}]}},"_links":{"self":[{"href":"https:\/\/www.africa-press.net\/tchad\/wp-json\/wp\/v2\/posts\/30380","targetHints":{"allow":["GET"]}}],"collection":[{"href":"https:\/\/www.africa-press.net\/tchad\/wp-json\/wp\/v2\/posts"}],"about":[{"href":"https:\/\/www.africa-press.net\/tchad\/wp-json\/wp\/v2\/types\/post"}],"author":[{"embeddable":true,"href":"https:\/\/www.africa-press.net\/tchad\/wp-json\/wp\/v2\/users\/82"}],"replies":[{"embeddable":true,"href":"https:\/\/www.africa-press.net\/tchad\/wp-json\/wp\/v2\/comments?post=30380"}],"version-history":[{"count":0,"href":"https:\/\/www.africa-press.net\/tchad\/wp-json\/wp\/v2\/posts\/30380\/revisions"}],"wp:featuredmedia":[{"embeddable":true,"href":"https:\/\/www.africa-press.net\/tchad\/wp-json\/wp\/v2\/media\/30379"}],"wp:attachment":[{"href":"https:\/\/www.africa-press.net\/tchad\/wp-json\/wp\/v2\/media?parent=30380"}],"wp:term":[{"taxonomy":"category","embeddable":true,"href":"https:\/\/www.africa-press.net\/tchad\/wp-json\/wp\/v2\/categories?post=30380"},{"taxonomy":"post_tag","embeddable":true,"href":"https:\/\/www.africa-press.net\/tchad\/wp-json\/wp\/v2\/tags?post=30380"}],"curies":[{"name":"wp","href":"https:\/\/api.w.org\/{rel}","templated":true}]}}