{"id":30383,"date":"2022-08-11T17:21:48","date_gmt":"2022-08-11T17:21:48","guid":{"rendered":"https:\/\/www.africa-press.net\/tchad\/politique\/ce-quil-faut-retenir-du-discours-a-la-nation-du-pcmt"},"modified":"2022-08-11T17:33:18","modified_gmt":"2022-08-11T17:33:18","slug":"ce-quil-faut-retenir-du-discours-a-la-nation-du-pcmt","status":"publish","type":"post","link":"https:\/\/www.africa-press.net\/tchad\/politique\/ce-quil-faut-retenir-du-discours-a-la-nation-du-pcmt","title":{"rendered":"ce qu&rsquo;il faut retenir du discours \u00e0 la nation du PCMT"},"content":{"rendered":"<p><span style=\"color: #ff6600\"><strong>Africa-Press &#8211; Tchad. <\/strong><\/span>Dans son discours, le pr\u00e9sident de la transition a estim\u00e9 qu&rsquo;un \u00ab\u00a0important pallier a \u00e9t\u00e9 franchi dans le processus de transition\u00a0\u00bb et qu&rsquo;il \u00ab\u00a0faut maintenir le cap\u00a0\u00bb.<\/p>\n<p>Mahamat Idriss Deby promet une nouvelle foi un dialogue sans tabou, assurant que \u00ab\u00a0toutes les questions d&rsquo;int\u00e9r\u00eat national seront mis sur la table du dialogue\u00a0\u00bb.<\/p>\n<p>Il annonce, dans les jours qui suivent, \u00ab\u00a0un acte qui consacrera la souverainet\u00e9 du dialogue national inclusif dont les d\u00e9cisions seront ex\u00e9cutoires\u00a0\u00bb<\/p>\n<p>\u00ab\u00a0Nous sommes face \u00e0 notre responsabilit\u00e9 devant l&rsquo;histoire, la responsabilit\u00e9 de parler des questions pendant longtemps \u00e9vit\u00e9es, rest\u00e9es tabou (&#8230;) la responsabilit\u00e9 de prendre des d\u00e9cisions difficiles et des choix assum\u00e9s\u00a0\u00bb, affirme le chef de la transition. Il \u00e9voque \u00e9galement \u00ab\u00a0la responsabilit\u00e9 de fonder les bases d&rsquo;un \u00c9tat moderne\u00a0\u00bb.<\/p>\n<p>\u00ab\u00a062 ans apr\u00e8s l&rsquo;accession \u00e0 l&rsquo;ind\u00e9pendance internationale, qu&rsquo;est-ce qu&rsquo;on a fait ? Notre pays a connu tant de troubles\u00a0\u00bb, estime Mahamat Idriss Deby, reconnaissant \u00e0 demi mot un \u00e9chec de la gouvernance durant les diff\u00e9rents r\u00e9gimes qui se sont succ\u00e9d\u00e9s.<\/p>\n<p>Mahamat Idriss Deby appelle \u00e0 la sagesse et au d\u00e9passement de soi pour \u00ab\u00a0donner de l&rsquo;espoir aux tchadiens qui ont tant endur\u00e9 dans la r\u00e9signation\u00a0\u00bb. Il lance \u00ab\u00a0une fois de plus un sinc\u00e8re appel \u00e0 l&rsquo;endroit des fr\u00e8res politico-militaires, encore sceptiques, \u00e0 reconsid\u00e9rer leur d\u00e9cision en vue de saisir cette opportunit\u00e9 historique\u00a0\u00bb du dialogue national.<\/p>\n<p>Le chef de la transition demande la contribution des partenaires du Tchad afin de r\u00e9ussir une transition inclusive et exemplaire.<\/p>\n<p><strong>Pour plus d&rsquo;informations et d&rsquo;analyses sur la <a href=\"https:\/\/www.africa-press.net\/tchad\">Tchad<\/a>, suivez <a href=\"https:\/\/www.africa-press.net\/\">Africa-Press<\/a><\/strong><\/p>\n","protected":false},"excerpt":{"rendered":"<p>Africa-Press &#8211; Tchad. Dans son discours, le pr\u00e9sident de la transition a estim\u00e9 qu&rsquo;un \u00ab\u00a0important pallier a \u00e9t\u00e9 franchi dans le processus de transition\u00a0\u00bb et qu&rsquo;il \u00ab\u00a0faut maintenir le cap\u00a0\u00bb. Mahamat Idriss Deby promet une nouvelle foi un dialogue sans tabou, assurant que \u00ab\u00a0toutes les questions d&rsquo;int\u00e9r\u00eat national seront mis sur la table du dialogue\u00a0\u00bb. [&hellip;]<\/p>\n","protected":false},"author":82,"featured_media":30382,"comment_status":"open","ping_status":"closed","sticky":false,"template":"","format":"standard","meta":{"footnotes":""},"categories":[11,2,10],"tags":[37,292,29],"class_list":["post-30383","post","type-post","status-publish","format-standard","has-post-thumbnail","hentry","category-homepage-french","category-politique","category-toutes-les-actualites","tag-africa-press","tag-africa-press-tchad","tag-tchad"],"yoast_head":"<!-- This site is optimized with the Yoast SEO Premium plugin v26.1 (Yoast SEO v27.0) - https:\/\/yoast.com\/product\/yoast-seo-premium-wordpress\/ -->\n<title>ce qu&#039;il faut retenir du discours \u00e0 la nation du PCMT - tchad<\/title>\n<meta name=\"description\" content=\"Dans son discours, le pr\u00e9sident de la transition a estim\u00e9 qu&#039;un &quot;important pallier a \u00e9t\u00e9 franchi dans le processus de tr ...\" \/>\n<meta name=\"robots\" content=\"index, follow, max-snippet:-1, max-image-preview:large, max-video-preview:-1\" \/>\n<link rel=\"canonical\" href=\"https:\/\/www.africa-press.net\/tchad\/politique\/ce-quil-faut-retenir-du-discours-a-la-nation-du-pcmt\" \/>\n<meta property=\"og:locale\" content=\"fr_FR\" \/>\n<meta property=\"og:type\" content=\"article\" \/>\n<meta property=\"og:title\" content=\"ce qu&#039;il faut retenir du discours \u00e0 la nation du PCMT\" \/>\n<meta property=\"og:description\" content=\"Dans son discours, le pr\u00e9sident de la transition a estim\u00e9 qu&#039;un &quot;important pallier a \u00e9t\u00e9 franchi dans le processus de tr ...\" \/>\n<meta property=\"og:url\" content=\"https:\/\/www.africa-press.net\/tchad\/politique\/ce-quil-faut-retenir-du-discours-a-la-nation-du-pcmt\" \/>\n<meta property=\"og:site_name\" content=\"tchad\" \/>\n<meta property=\"article:published_time\" content=\"2022-08-11T17:21:48+00:00\" \/>\n<meta property=\"article:modified_time\" content=\"2022-08-11T17:33:18+00:00\" \/>\n<meta property=\"og:image\" content=\"https:\/\/static.africa-press.net\/tchad\/sites\/41\/2022\/08\/postQueueImg_1-62f53d0e1db97.jpg\" \/>\n\t<meta property=\"og:image:width\" content=\"788\" \/>\n\t<meta property=\"og:image:height\" content=\"494\" \/>\n\t<meta property=\"og:image:type\" content=\"image\/jpeg\" \/>\n<meta name=\"author\" content=\"cfeditorfr\" \/>\n<meta name=\"twitter:card\" content=\"summary_large_image\" \/>\n<meta name=\"twitter:label1\" content=\"\u00c9crit par\" \/>\n\t<meta name=\"twitter:data1\" content=\"cfeditorfr\" \/>\n\t<meta name=\"twitter:label2\" content=\"Dur\u00e9e de lecture estim\u00e9e\" \/>\n\t<meta name=\"twitter:data2\" content=\"2 minutes\" \/>\n<script type=\"application\/ld+json\" class=\"yoast-schema-graph\">{\"@context\":\"https:\/\/schema.org\",\"@graph\":[{\"@type\":\"Article\",\"@id\":\"https:\/\/www.africa-press.net\/tchad\/politique\/ce-quil-faut-retenir-du-discours-a-la-nation-du-pcmt#article\",\"isPartOf\":{\"@id\":\"https:\/\/www.africa-press.net\/tchad\/politique\/ce-quil-faut-retenir-du-discours-a-la-nation-du-pcmt\"},\"author\":{\"name\":\"cfeditorfr\",\"@id\":\"https:\/\/www.africa-press.net\/tchad\/#\/schema\/person\/2b1cf3cd81a31e3cd26889ca66d677f1\"},\"headline\":\"ce qu&rsquo;il faut retenir du discours \u00e0 la nation du PCMT\",\"datePublished\":\"2022-08-11T17:21:48+00:00\",\"dateModified\":\"2022-08-11T17:33:18+00:00\",\"mainEntityOfPage\":{\"@id\":\"https:\/\/www.africa-press.net\/tchad\/politique\/ce-quil-faut-retenir-du-discours-a-la-nation-du-pcmt\"},\"wordCount\":288,\"commentCount\":0,\"image\":{\"@id\":\"https:\/\/www.africa-press.net\/tchad\/politique\/ce-quil-faut-retenir-du-discours-a-la-nation-du-pcmt#primaryimage\"},\"thumbnailUrl\":\"https:\/\/static.africa-press.net\/tchad\/sites\/41\/2022\/08\/postQueueImg_1-62f53d0e1db97.jpg\",\"keywords\":[\"Africa Press\",\"Africa Press-Tchad\",\"Tchad\"],\"articleSection\":[\"homepage-french\",\"Politique\",\"Toutes les actualit\u00e9s\"],\"inLanguage\":\"fr-FR\",\"potentialAction\":[{\"@type\":\"CommentAction\",\"name\":\"Comment\",\"target\":[\"https:\/\/www.africa-press.net\/tchad\/politique\/ce-quil-faut-retenir-du-discours-a-la-nation-du-pcmt#respond\"]}]},{\"@type\":\"WebPage\",\"@id\":\"https:\/\/www.africa-press.net\/tchad\/politique\/ce-quil-faut-retenir-du-discours-a-la-nation-du-pcmt\",\"url\":\"https:\/\/www.africa-press.net\/tchad\/politique\/ce-quil-faut-retenir-du-discours-a-la-nation-du-pcmt\",\"name\":\"ce qu'il faut retenir du discours \u00e0 la nation du PCMT - tchad\",\"isPartOf\":{\"@id\":\"https:\/\/www.africa-press.net\/tchad\/#website\"},\"primaryImageOfPage\":{\"@id\":\"https:\/\/www.africa-press.net\/tchad\/politique\/ce-quil-faut-retenir-du-discours-a-la-nation-du-pcmt#primaryimage\"},\"image\":{\"@id\":\"https:\/\/www.africa-press.net\/tchad\/politique\/ce-quil-faut-retenir-du-discours-a-la-nation-du-pcmt#primaryimage\"},\"thumbnailUrl\":\"https:\/\/static.africa-press.net\/tchad\/sites\/41\/2022\/08\/postQueueImg_1-62f53d0e1db97.jpg\",\"datePublished\":\"2022-08-11T17:21:48+00:00\",\"dateModified\":\"2022-08-11T17:33:18+00:00\",\"author\":{\"@id\":\"https:\/\/www.africa-press.net\/tchad\/#\/schema\/person\/2b1cf3cd81a31e3cd26889ca66d677f1\"},\"description\":\"Dans son discours, le pr\u00e9sident de la transition a estim\u00e9 qu'un \\\"important pallier a \u00e9t\u00e9 franchi dans le processus de tr ...\",\"breadcrumb\":{\"@id\":\"https:\/\/www.africa-press.net\/tchad\/politique\/ce-quil-faut-retenir-du-discours-a-la-nation-du-pcmt#breadcrumb\"},\"inLanguage\":\"fr-FR\",\"potentialAction\":[{\"@type\":\"ReadAction\",\"target\":[\"https:\/\/www.africa-press.net\/tchad\/politique\/ce-quil-faut-retenir-du-discours-a-la-nation-du-pcmt\"]}]},{\"@type\":\"ImageObject\",\"inLanguage\":\"fr-FR\",\"@id\":\"https:\/\/www.africa-press.net\/tchad\/politique\/ce-quil-faut-retenir-du-discours-a-la-nation-du-pcmt#primaryimage\",\"url\":\"https:\/\/static.africa-press.net\/tchad\/sites\/41\/2022\/08\/postQueueImg_1-62f53d0e1db97.jpg\",\"contentUrl\":\"https:\/\/static.africa-press.net\/tchad\/sites\/41\/2022\/08\/postQueueImg_1-62f53d0e1db97.jpg\",\"width\":788,\"height\":494,\"caption\":\"ce qu'il faut retenir du discours \u00e0 la nation du PCMT\"},{\"@type\":\"BreadcrumbList\",\"@id\":\"https:\/\/www.africa-press.net\/tchad\/politique\/ce-quil-faut-retenir-du-discours-a-la-nation-du-pcmt#breadcrumb\",\"itemListElement\":[{\"@type\":\"ListItem\",\"position\":1,\"name\":\"Accueil\",\"item\":\"https:\/\/www.africa-press.net\/tchad\/\"},{\"@type\":\"ListItem\",\"position\":2,\"name\":\"ce qu&#8217;il faut retenir du discours \u00e0 la nation du PCMT\"}]},{\"@type\":\"WebSite\",\"@id\":\"https:\/\/www.africa-press.net\/tchad\/#website\",\"url\":\"https:\/\/www.africa-press.net\/tchad\/\",\"name\":\"tchad\",\"description\":\"Just another Africa News Agency Sites site\",\"potentialAction\":[{\"@type\":\"SearchAction\",\"target\":{\"@type\":\"EntryPoint\",\"urlTemplate\":\"https:\/\/www.africa-press.net\/tchad\/?s={search_term_string}\"},\"query-input\":{\"@type\":\"PropertyValueSpecification\",\"valueRequired\":true,\"valueName\":\"search_term_string\"}}],\"inLanguage\":\"fr-FR\"},{\"@type\":\"Person\",\"@id\":\"https:\/\/www.africa-press.net\/tchad\/#\/schema\/person\/2b1cf3cd81a31e3cd26889ca66d677f1\",\"name\":\"cfeditorfr\"}]}<\/script>\n<!-- \/ Yoast SEO Premium plugin. -->","yoast_head_json":{"title":"ce qu'il faut retenir du discours \u00e0 la nation du PCMT - tchad","description":"Dans son discours, le pr\u00e9sident de la transition a estim\u00e9 qu'un \"important pallier a \u00e9t\u00e9 franchi dans le processus de tr ...","robots":{"index":"index","follow":"follow","max-snippet":"max-snippet:-1","max-image-preview":"max-image-preview:large","max-video-preview":"max-video-preview:-1"},"canonical":"https:\/\/www.africa-press.net\/tchad\/politique\/ce-quil-faut-retenir-du-discours-a-la-nation-du-pcmt","og_locale":"fr_FR","og_type":"article","og_title":"ce qu'il faut retenir du discours \u00e0 la nation du PCMT","og_description":"Dans son discours, le pr\u00e9sident de la transition a estim\u00e9 qu'un \"important pallier a \u00e9t\u00e9 franchi dans le processus de tr ...","og_url":"https:\/\/www.africa-press.net\/tchad\/politique\/ce-quil-faut-retenir-du-discours-a-la-nation-du-pcmt","og_site_name":"tchad","article_published_time":"2022-08-11T17:21:48+00:00","article_modified_time":"2022-08-11T17:33:18+00:00","og_image":[{"width":788,"height":494,"url":"https:\/\/static.africa-press.net\/tchad\/sites\/41\/2022\/08\/postQueueImg_1-62f53d0e1db97.jpg","type":"image\/jpeg"}],"author":"cfeditorfr","twitter_card":"summary_large_image","twitter_misc":{"\u00c9crit par":"cfeditorfr","Dur\u00e9e de lecture estim\u00e9e":"2 minutes"},"schema":{"@context":"https:\/\/schema.org","@graph":[{"@type":"Article","@id":"https:\/\/www.africa-press.net\/tchad\/politique\/ce-quil-faut-retenir-du-discours-a-la-nation-du-pcmt#article","isPartOf":{"@id":"https:\/\/www.africa-press.net\/tchad\/politique\/ce-quil-faut-retenir-du-discours-a-la-nation-du-pcmt"},"author":{"name":"cfeditorfr","@id":"https:\/\/www.africa-press.net\/tchad\/#\/schema\/person\/2b1cf3cd81a31e3cd26889ca66d677f1"},"headline":"ce qu&rsquo;il faut retenir du discours \u00e0 la nation du PCMT","datePublished":"2022-08-11T17:21:48+00:00","dateModified":"2022-08-11T17:33:18+00:00","mainEntityOfPage":{"@id":"https:\/\/www.africa-press.net\/tchad\/politique\/ce-quil-faut-retenir-du-discours-a-la-nation-du-pcmt"},"wordCount":288,"commentCount":0,"image":{"@id":"https:\/\/www.africa-press.net\/tchad\/politique\/ce-quil-faut-retenir-du-discours-a-la-nation-du-pcmt#primaryimage"},"thumbnailUrl":"https:\/\/static.africa-press.net\/tchad\/sites\/41\/2022\/08\/postQueueImg_1-62f53d0e1db97.jpg","keywords":["Africa Press","Africa Press-Tchad","Tchad"],"articleSection":["homepage-french","Politique","Toutes les actualit\u00e9s"],"inLanguage":"fr-FR","potentialAction":[{"@type":"CommentAction","name":"Comment","target":["https:\/\/www.africa-press.net\/tchad\/politique\/ce-quil-faut-retenir-du-discours-a-la-nation-du-pcmt#respond"]}]},{"@type":"WebPage","@id":"https:\/\/www.africa-press.net\/tchad\/politique\/ce-quil-faut-retenir-du-discours-a-la-nation-du-pcmt","url":"https:\/\/www.africa-press.net\/tchad\/politique\/ce-quil-faut-retenir-du-discours-a-la-nation-du-pcmt","name":"ce qu'il faut retenir du discours \u00e0 la nation du PCMT - tchad","isPartOf":{"@id":"https:\/\/www.africa-press.net\/tchad\/#website"},"primaryImageOfPage":{"@id":"https:\/\/www.africa-press.net\/tchad\/politique\/ce-quil-faut-retenir-du-discours-a-la-nation-du-pcmt#primaryimage"},"image":{"@id":"https:\/\/www.africa-press.net\/tchad\/politique\/ce-quil-faut-retenir-du-discours-a-la-nation-du-pcmt#primaryimage"},"thumbnailUrl":"https:\/\/static.africa-press.net\/tchad\/sites\/41\/2022\/08\/postQueueImg_1-62f53d0e1db97.jpg","datePublished":"2022-08-11T17:21:48+00:00","dateModified":"2022-08-11T17:33:18+00:00","author":{"@id":"https:\/\/www.africa-press.net\/tchad\/#\/schema\/person\/2b1cf3cd81a31e3cd26889ca66d677f1"},"description":"Dans son discours, le pr\u00e9sident de la transition a estim\u00e9 qu'un \"important pallier a \u00e9t\u00e9 franchi dans le processus de tr ...","breadcrumb":{"@id":"https:\/\/www.africa-press.net\/tchad\/politique\/ce-quil-faut-retenir-du-discours-a-la-nation-du-pcmt#breadcrumb"},"inLanguage":"fr-FR","potentialAction":[{"@type":"ReadAction","target":["https:\/\/www.africa-press.net\/tchad\/politique\/ce-quil-faut-retenir-du-discours-a-la-nation-du-pcmt"]}]},{"@type":"ImageObject","inLanguage":"fr-FR","@id":"https:\/\/www.africa-press.net\/tchad\/politique\/ce-quil-faut-retenir-du-discours-a-la-nation-du-pcmt#primaryimage","url":"https:\/\/static.africa-press.net\/tchad\/sites\/41\/2022\/08\/postQueueImg_1-62f53d0e1db97.jpg","contentUrl":"https:\/\/static.africa-press.net\/tchad\/sites\/41\/2022\/08\/postQueueImg_1-62f53d0e1db97.jpg","width":788,"height":494,"caption":"ce qu'il faut retenir du discours \u00e0 la nation du PCMT"},{"@type":"BreadcrumbList","@id":"https:\/\/www.africa-press.net\/tchad\/politique\/ce-quil-faut-retenir-du-discours-a-la-nation-du-pcmt#breadcrumb","itemListElement":[{"@type":"ListItem","position":1,"name":"Accueil","item":"https:\/\/www.africa-press.net\/tchad\/"},{"@type":"ListItem","position":2,"name":"ce qu&#8217;il faut retenir du discours \u00e0 la nation du PCMT"}]},{"@type":"WebSite","@id":"https:\/\/www.africa-press.net\/tchad\/#website","url":"https:\/\/www.africa-press.net\/tchad\/","name":"tchad","description":"Just another Africa News Agency Sites site","potentialAction":[{"@type":"SearchAction","target":{"@type":"EntryPoint","urlTemplate":"https:\/\/www.africa-press.net\/tchad\/?s={search_term_string}"},"query-input":{"@type":"PropertyValueSpecification","valueRequired":true,"valueName":"search_term_string"}}],"inLanguage":"fr-FR"},{"@type":"Person","@id":"https:\/\/www.africa-press.net\/tchad\/#\/schema\/person\/2b1cf3cd81a31e3cd26889ca66d677f1","name":"cfeditorfr"}]}},"_links":{"self":[{"href":"https:\/\/www.africa-press.net\/tchad\/wp-json\/wp\/v2\/posts\/30383","targetHints":{"allow":["GET"]}}],"collection":[{"href":"https:\/\/www.africa-press.net\/tchad\/wp-json\/wp\/v2\/posts"}],"about":[{"href":"https:\/\/www.africa-press.net\/tchad\/wp-json\/wp\/v2\/types\/post"}],"author":[{"embeddable":true,"href":"https:\/\/www.africa-press.net\/tchad\/wp-json\/wp\/v2\/users\/82"}],"replies":[{"embeddable":true,"href":"https:\/\/www.africa-press.net\/tchad\/wp-json\/wp\/v2\/comments?post=30383"}],"version-history":[{"count":0,"href":"https:\/\/www.africa-press.net\/tchad\/wp-json\/wp\/v2\/posts\/30383\/revisions"}],"wp:featuredmedia":[{"embeddable":true,"href":"https:\/\/www.africa-press.net\/tchad\/wp-json\/wp\/v2\/media\/30382"}],"wp:attachment":[{"href":"https:\/\/www.africa-press.net\/tchad\/wp-json\/wp\/v2\/media?parent=30383"}],"wp:term":[{"taxonomy":"category","embeddable":true,"href":"https:\/\/www.africa-press.net\/tchad\/wp-json\/wp\/v2\/categories?post=30383"},{"taxonomy":"post_tag","embeddable":true,"href":"https:\/\/www.africa-press.net\/tchad\/wp-json\/wp\/v2\/tags?post=30383"}],"curies":[{"name":"wp","href":"https:\/\/api.w.org\/{rel}","templated":true}]}}