{"id":30404,"date":"2022-08-11T17:29:45","date_gmt":"2022-08-11T17:29:45","guid":{"rendered":"https:\/\/www.africa-press.net\/tchad\/politique\/lemir-du-qatar-eleve-au-grade-de-dignite-de-grande-croix-de-lordre-national"},"modified":"2022-08-11T17:36:37","modified_gmt":"2022-08-11T17:36:37","slug":"lemir-du-qatar-eleve-au-grade-de-dignite-de-grande-croix-de-lordre-national","status":"publish","type":"post","link":"https:\/\/www.africa-press.net\/tchad\/politique\/lemir-du-qatar-eleve-au-grade-de-dignite-de-grande-croix-de-lordre-national","title":{"rendered":"l&rsquo;\u00c9mir du Qatar \u00e9lev\u00e9 au grade de dignit\u00e9 de grande croix de l&rsquo;Ordre national"},"content":{"rendered":"<p><span style=\"color: #ff6600\"><strong>Africa-Press &#8211; Tchad. <\/strong><\/span>Le d\u00e9cret, sign\u00e9 \u00e0 titre exceptionnel au titre de la Pr\u00e9sidence de la R\u00e9publique, a \u00e9t\u00e9 lu au cours de la c\u00e9r\u00e9monie comm\u00e9morative \u00e0 la Place de la nation. La distinction a \u00e9t\u00e9 remise \u00e0 l&rsquo;ambassadeur du Qatar au Tchad.<\/p>\n<p>Cette distinction intervient trois jours apr\u00e8s la signature de l&rsquo;accord de paix de Doha entre le gouvernement tchadien et une quarantaine de mouvements politico-militaires. Le Qatar a jou\u00e9 les bons offices durant cinq mois de pourparlers sur son sol.<\/p>\n<p>\u00c0 l&rsquo;occasion de la f\u00eate de l&rsquo;ind\u00e9pendance, le minist\u00e8re Qatari des Affaires \u00e9trang\u00e8res a f\u00e9licit\u00e9 le Tchad et a \u00e9mis le souhait que l&rsquo;accord de paix de Doha soit un tournant important pour la stabilit\u00e9 et la prosp\u00e9rit\u00e9 du peuple tchadien, mais aussi pour la r\u00e9alisation de ses objectifs en mati\u00e8re de s\u00e9curit\u00e9, de d\u00e9veloppement et de prosp\u00e9rit\u00e9.<\/p>\n<p><strong>Pour plus d&rsquo;informations et d&rsquo;analyses sur la <a href=\"https:\/\/www.africa-press.net\/tchad\">Tchad<\/a>, suivez <a href=\"https:\/\/www.africa-press.net\/\">Africa-Press<\/a><\/strong><\/p>\n","protected":false},"excerpt":{"rendered":"<p>Africa-Press &#8211; Tchad. Le d\u00e9cret, sign\u00e9 \u00e0 titre exceptionnel au titre de la Pr\u00e9sidence de la R\u00e9publique, a \u00e9t\u00e9 lu au cours de la c\u00e9r\u00e9monie comm\u00e9morative \u00e0 la Place de la nation. La distinction a \u00e9t\u00e9 remise \u00e0 l&rsquo;ambassadeur du Qatar au Tchad. Cette distinction intervient trois jours apr\u00e8s la signature de l&rsquo;accord de paix [&hellip;]<\/p>\n","protected":false},"author":82,"featured_media":30403,"comment_status":"open","ping_status":"closed","sticky":false,"template":"","format":"standard","meta":{"footnotes":""},"categories":[11,2,20,10],"tags":[37,292,29],"class_list":["post-30404","post","type-post","status-publish","format-standard","has-post-thumbnail","hentry","category-homepage-french","category-politique","category-top-nouvelles","category-toutes-les-actualites","tag-africa-press","tag-africa-press-tchad","tag-tchad"],"yoast_head":"<!-- This site is optimized with the Yoast SEO Premium plugin v26.1 (Yoast SEO v27.0) - https:\/\/yoast.com\/product\/yoast-seo-premium-wordpress\/ -->\n<title>l&#039;\u00c9mir du Qatar \u00e9lev\u00e9 au grade de dignit\u00e9 de grande croix de l&#039;Ordre national - tchad<\/title>\n<meta name=\"description\" content=\"Le d\u00e9cret, sign\u00e9 \u00e0 titre exceptionnel au titre de la Pr\u00e9sidence de la R\u00e9publique, a \u00e9t\u00e9 lu au cours de la c\u00e9r\u00e9monie comm ...\" \/>\n<meta name=\"robots\" content=\"index, follow, max-snippet:-1, max-image-preview:large, max-video-preview:-1\" \/>\n<link rel=\"canonical\" href=\"https:\/\/www.africa-press.net\/tchad\/politique\/lemir-du-qatar-eleve-au-grade-de-dignite-de-grande-croix-de-lordre-national\" \/>\n<meta property=\"og:locale\" content=\"fr_FR\" \/>\n<meta property=\"og:type\" content=\"article\" \/>\n<meta property=\"og:title\" content=\"l&#039;\u00c9mir du Qatar \u00e9lev\u00e9 au grade de dignit\u00e9 de grande croix de l&#039;Ordre national\" \/>\n<meta property=\"og:description\" content=\"Le d\u00e9cret, sign\u00e9 \u00e0 titre exceptionnel au titre de la Pr\u00e9sidence de la R\u00e9publique, a \u00e9t\u00e9 lu au cours de la c\u00e9r\u00e9monie comm ...\" \/>\n<meta property=\"og:url\" content=\"https:\/\/www.africa-press.net\/tchad\/politique\/lemir-du-qatar-eleve-au-grade-de-dignite-de-grande-croix-de-lordre-national\" \/>\n<meta property=\"og:site_name\" content=\"tchad\" \/>\n<meta property=\"article:published_time\" content=\"2022-08-11T17:29:45+00:00\" \/>\n<meta property=\"article:modified_time\" content=\"2022-08-11T17:36:37+00:00\" \/>\n<meta property=\"og:image\" content=\"https:\/\/static.africa-press.net\/tchad\/sites\/41\/2022\/08\/postQueueImg_8-62f53e12bcc36.jpg\" \/>\n\t<meta property=\"og:image:width\" content=\"960\" \/>\n\t<meta property=\"og:image:height\" content=\"716\" \/>\n\t<meta property=\"og:image:type\" content=\"image\/jpeg\" \/>\n<meta name=\"author\" content=\"cfeditorfr\" \/>\n<meta name=\"twitter:card\" content=\"summary_large_image\" \/>\n<meta name=\"twitter:label1\" content=\"\u00c9crit par\" \/>\n\t<meta name=\"twitter:data1\" content=\"cfeditorfr\" \/>\n\t<meta name=\"twitter:label2\" content=\"Dur\u00e9e de lecture estim\u00e9e\" \/>\n\t<meta name=\"twitter:data2\" content=\"1 minute\" \/>\n<script type=\"application\/ld+json\" class=\"yoast-schema-graph\">{\"@context\":\"https:\/\/schema.org\",\"@graph\":[{\"@type\":\"Article\",\"@id\":\"https:\/\/www.africa-press.net\/tchad\/politique\/lemir-du-qatar-eleve-au-grade-de-dignite-de-grande-croix-de-lordre-national#article\",\"isPartOf\":{\"@id\":\"https:\/\/www.africa-press.net\/tchad\/politique\/lemir-du-qatar-eleve-au-grade-de-dignite-de-grande-croix-de-lordre-national\"},\"author\":{\"name\":\"cfeditorfr\",\"@id\":\"https:\/\/www.africa-press.net\/tchad\/#\/schema\/person\/2b1cf3cd81a31e3cd26889ca66d677f1\"},\"headline\":\"l&rsquo;\u00c9mir du Qatar \u00e9lev\u00e9 au grade de dignit\u00e9 de grande croix de l&rsquo;Ordre national\",\"datePublished\":\"2022-08-11T17:29:45+00:00\",\"dateModified\":\"2022-08-11T17:36:37+00:00\",\"mainEntityOfPage\":{\"@id\":\"https:\/\/www.africa-press.net\/tchad\/politique\/lemir-du-qatar-eleve-au-grade-de-dignite-de-grande-croix-de-lordre-national\"},\"wordCount\":187,\"commentCount\":0,\"image\":{\"@id\":\"https:\/\/www.africa-press.net\/tchad\/politique\/lemir-du-qatar-eleve-au-grade-de-dignite-de-grande-croix-de-lordre-national#primaryimage\"},\"thumbnailUrl\":\"https:\/\/static.africa-press.net\/tchad\/sites\/41\/2022\/08\/postQueueImg_8-62f53e12bcc36.jpg\",\"keywords\":[\"Africa Press\",\"Africa Press-Tchad\",\"Tchad\"],\"articleSection\":[\"homepage-french\",\"Politique\",\"Top Nouvelles\",\"Toutes les actualit\u00e9s\"],\"inLanguage\":\"fr-FR\",\"potentialAction\":[{\"@type\":\"CommentAction\",\"name\":\"Comment\",\"target\":[\"https:\/\/www.africa-press.net\/tchad\/politique\/lemir-du-qatar-eleve-au-grade-de-dignite-de-grande-croix-de-lordre-national#respond\"]}]},{\"@type\":\"WebPage\",\"@id\":\"https:\/\/www.africa-press.net\/tchad\/politique\/lemir-du-qatar-eleve-au-grade-de-dignite-de-grande-croix-de-lordre-national\",\"url\":\"https:\/\/www.africa-press.net\/tchad\/politique\/lemir-du-qatar-eleve-au-grade-de-dignite-de-grande-croix-de-lordre-national\",\"name\":\"l'\u00c9mir du Qatar \u00e9lev\u00e9 au grade de dignit\u00e9 de grande croix de l'Ordre national - tchad\",\"isPartOf\":{\"@id\":\"https:\/\/www.africa-press.net\/tchad\/#website\"},\"primaryImageOfPage\":{\"@id\":\"https:\/\/www.africa-press.net\/tchad\/politique\/lemir-du-qatar-eleve-au-grade-de-dignite-de-grande-croix-de-lordre-national#primaryimage\"},\"image\":{\"@id\":\"https:\/\/www.africa-press.net\/tchad\/politique\/lemir-du-qatar-eleve-au-grade-de-dignite-de-grande-croix-de-lordre-national#primaryimage\"},\"thumbnailUrl\":\"https:\/\/static.africa-press.net\/tchad\/sites\/41\/2022\/08\/postQueueImg_8-62f53e12bcc36.jpg\",\"datePublished\":\"2022-08-11T17:29:45+00:00\",\"dateModified\":\"2022-08-11T17:36:37+00:00\",\"author\":{\"@id\":\"https:\/\/www.africa-press.net\/tchad\/#\/schema\/person\/2b1cf3cd81a31e3cd26889ca66d677f1\"},\"description\":\"Le d\u00e9cret, sign\u00e9 \u00e0 titre exceptionnel au titre de la Pr\u00e9sidence de la R\u00e9publique, a \u00e9t\u00e9 lu au cours de la c\u00e9r\u00e9monie comm ...\",\"breadcrumb\":{\"@id\":\"https:\/\/www.africa-press.net\/tchad\/politique\/lemir-du-qatar-eleve-au-grade-de-dignite-de-grande-croix-de-lordre-national#breadcrumb\"},\"inLanguage\":\"fr-FR\",\"potentialAction\":[{\"@type\":\"ReadAction\",\"target\":[\"https:\/\/www.africa-press.net\/tchad\/politique\/lemir-du-qatar-eleve-au-grade-de-dignite-de-grande-croix-de-lordre-national\"]}]},{\"@type\":\"ImageObject\",\"inLanguage\":\"fr-FR\",\"@id\":\"https:\/\/www.africa-press.net\/tchad\/politique\/lemir-du-qatar-eleve-au-grade-de-dignite-de-grande-croix-de-lordre-national#primaryimage\",\"url\":\"https:\/\/static.africa-press.net\/tchad\/sites\/41\/2022\/08\/postQueueImg_8-62f53e12bcc36.jpg\",\"contentUrl\":\"https:\/\/static.africa-press.net\/tchad\/sites\/41\/2022\/08\/postQueueImg_8-62f53e12bcc36.jpg\",\"width\":960,\"height\":716,\"caption\":\"l'\u00c9mir du Qatar \u00e9lev\u00e9 au grade de dignit\u00e9 de grande croix de l'Ordre national\"},{\"@type\":\"BreadcrumbList\",\"@id\":\"https:\/\/www.africa-press.net\/tchad\/politique\/lemir-du-qatar-eleve-au-grade-de-dignite-de-grande-croix-de-lordre-national#breadcrumb\",\"itemListElement\":[{\"@type\":\"ListItem\",\"position\":1,\"name\":\"Accueil\",\"item\":\"https:\/\/www.africa-press.net\/tchad\/\"},{\"@type\":\"ListItem\",\"position\":2,\"name\":\"l&#8217;\u00c9mir du Qatar \u00e9lev\u00e9 au grade de dignit\u00e9 de grande croix de l&#8217;Ordre national\"}]},{\"@type\":\"WebSite\",\"@id\":\"https:\/\/www.africa-press.net\/tchad\/#website\",\"url\":\"https:\/\/www.africa-press.net\/tchad\/\",\"name\":\"tchad\",\"description\":\"Just another Africa News Agency Sites site\",\"potentialAction\":[{\"@type\":\"SearchAction\",\"target\":{\"@type\":\"EntryPoint\",\"urlTemplate\":\"https:\/\/www.africa-press.net\/tchad\/?s={search_term_string}\"},\"query-input\":{\"@type\":\"PropertyValueSpecification\",\"valueRequired\":true,\"valueName\":\"search_term_string\"}}],\"inLanguage\":\"fr-FR\"},{\"@type\":\"Person\",\"@id\":\"https:\/\/www.africa-press.net\/tchad\/#\/schema\/person\/2b1cf3cd81a31e3cd26889ca66d677f1\",\"name\":\"cfeditorfr\"}]}<\/script>\n<!-- \/ Yoast SEO Premium plugin. -->","yoast_head_json":{"title":"l'\u00c9mir du Qatar \u00e9lev\u00e9 au grade de dignit\u00e9 de grande croix de l'Ordre national - tchad","description":"Le d\u00e9cret, sign\u00e9 \u00e0 titre exceptionnel au titre de la Pr\u00e9sidence de la R\u00e9publique, a \u00e9t\u00e9 lu au cours de la c\u00e9r\u00e9monie comm ...","robots":{"index":"index","follow":"follow","max-snippet":"max-snippet:-1","max-image-preview":"max-image-preview:large","max-video-preview":"max-video-preview:-1"},"canonical":"https:\/\/www.africa-press.net\/tchad\/politique\/lemir-du-qatar-eleve-au-grade-de-dignite-de-grande-croix-de-lordre-national","og_locale":"fr_FR","og_type":"article","og_title":"l'\u00c9mir du Qatar \u00e9lev\u00e9 au grade de dignit\u00e9 de grande croix de l'Ordre national","og_description":"Le d\u00e9cret, sign\u00e9 \u00e0 titre exceptionnel au titre de la Pr\u00e9sidence de la R\u00e9publique, a \u00e9t\u00e9 lu au cours de la c\u00e9r\u00e9monie comm ...","og_url":"https:\/\/www.africa-press.net\/tchad\/politique\/lemir-du-qatar-eleve-au-grade-de-dignite-de-grande-croix-de-lordre-national","og_site_name":"tchad","article_published_time":"2022-08-11T17:29:45+00:00","article_modified_time":"2022-08-11T17:36:37+00:00","og_image":[{"width":960,"height":716,"url":"https:\/\/static.africa-press.net\/tchad\/sites\/41\/2022\/08\/postQueueImg_8-62f53e12bcc36.jpg","type":"image\/jpeg"}],"author":"cfeditorfr","twitter_card":"summary_large_image","twitter_misc":{"\u00c9crit par":"cfeditorfr","Dur\u00e9e de lecture estim\u00e9e":"1 minute"},"schema":{"@context":"https:\/\/schema.org","@graph":[{"@type":"Article","@id":"https:\/\/www.africa-press.net\/tchad\/politique\/lemir-du-qatar-eleve-au-grade-de-dignite-de-grande-croix-de-lordre-national#article","isPartOf":{"@id":"https:\/\/www.africa-press.net\/tchad\/politique\/lemir-du-qatar-eleve-au-grade-de-dignite-de-grande-croix-de-lordre-national"},"author":{"name":"cfeditorfr","@id":"https:\/\/www.africa-press.net\/tchad\/#\/schema\/person\/2b1cf3cd81a31e3cd26889ca66d677f1"},"headline":"l&rsquo;\u00c9mir du Qatar \u00e9lev\u00e9 au grade de dignit\u00e9 de grande croix de l&rsquo;Ordre national","datePublished":"2022-08-11T17:29:45+00:00","dateModified":"2022-08-11T17:36:37+00:00","mainEntityOfPage":{"@id":"https:\/\/www.africa-press.net\/tchad\/politique\/lemir-du-qatar-eleve-au-grade-de-dignite-de-grande-croix-de-lordre-national"},"wordCount":187,"commentCount":0,"image":{"@id":"https:\/\/www.africa-press.net\/tchad\/politique\/lemir-du-qatar-eleve-au-grade-de-dignite-de-grande-croix-de-lordre-national#primaryimage"},"thumbnailUrl":"https:\/\/static.africa-press.net\/tchad\/sites\/41\/2022\/08\/postQueueImg_8-62f53e12bcc36.jpg","keywords":["Africa Press","Africa Press-Tchad","Tchad"],"articleSection":["homepage-french","Politique","Top Nouvelles","Toutes les actualit\u00e9s"],"inLanguage":"fr-FR","potentialAction":[{"@type":"CommentAction","name":"Comment","target":["https:\/\/www.africa-press.net\/tchad\/politique\/lemir-du-qatar-eleve-au-grade-de-dignite-de-grande-croix-de-lordre-national#respond"]}]},{"@type":"WebPage","@id":"https:\/\/www.africa-press.net\/tchad\/politique\/lemir-du-qatar-eleve-au-grade-de-dignite-de-grande-croix-de-lordre-national","url":"https:\/\/www.africa-press.net\/tchad\/politique\/lemir-du-qatar-eleve-au-grade-de-dignite-de-grande-croix-de-lordre-national","name":"l'\u00c9mir du Qatar \u00e9lev\u00e9 au grade de dignit\u00e9 de grande croix de l'Ordre national - tchad","isPartOf":{"@id":"https:\/\/www.africa-press.net\/tchad\/#website"},"primaryImageOfPage":{"@id":"https:\/\/www.africa-press.net\/tchad\/politique\/lemir-du-qatar-eleve-au-grade-de-dignite-de-grande-croix-de-lordre-national#primaryimage"},"image":{"@id":"https:\/\/www.africa-press.net\/tchad\/politique\/lemir-du-qatar-eleve-au-grade-de-dignite-de-grande-croix-de-lordre-national#primaryimage"},"thumbnailUrl":"https:\/\/static.africa-press.net\/tchad\/sites\/41\/2022\/08\/postQueueImg_8-62f53e12bcc36.jpg","datePublished":"2022-08-11T17:29:45+00:00","dateModified":"2022-08-11T17:36:37+00:00","author":{"@id":"https:\/\/www.africa-press.net\/tchad\/#\/schema\/person\/2b1cf3cd81a31e3cd26889ca66d677f1"},"description":"Le d\u00e9cret, sign\u00e9 \u00e0 titre exceptionnel au titre de la Pr\u00e9sidence de la R\u00e9publique, a \u00e9t\u00e9 lu au cours de la c\u00e9r\u00e9monie comm ...","breadcrumb":{"@id":"https:\/\/www.africa-press.net\/tchad\/politique\/lemir-du-qatar-eleve-au-grade-de-dignite-de-grande-croix-de-lordre-national#breadcrumb"},"inLanguage":"fr-FR","potentialAction":[{"@type":"ReadAction","target":["https:\/\/www.africa-press.net\/tchad\/politique\/lemir-du-qatar-eleve-au-grade-de-dignite-de-grande-croix-de-lordre-national"]}]},{"@type":"ImageObject","inLanguage":"fr-FR","@id":"https:\/\/www.africa-press.net\/tchad\/politique\/lemir-du-qatar-eleve-au-grade-de-dignite-de-grande-croix-de-lordre-national#primaryimage","url":"https:\/\/static.africa-press.net\/tchad\/sites\/41\/2022\/08\/postQueueImg_8-62f53e12bcc36.jpg","contentUrl":"https:\/\/static.africa-press.net\/tchad\/sites\/41\/2022\/08\/postQueueImg_8-62f53e12bcc36.jpg","width":960,"height":716,"caption":"l'\u00c9mir du Qatar \u00e9lev\u00e9 au grade de dignit\u00e9 de grande croix de l'Ordre national"},{"@type":"BreadcrumbList","@id":"https:\/\/www.africa-press.net\/tchad\/politique\/lemir-du-qatar-eleve-au-grade-de-dignite-de-grande-croix-de-lordre-national#breadcrumb","itemListElement":[{"@type":"ListItem","position":1,"name":"Accueil","item":"https:\/\/www.africa-press.net\/tchad\/"},{"@type":"ListItem","position":2,"name":"l&#8217;\u00c9mir du Qatar \u00e9lev\u00e9 au grade de dignit\u00e9 de grande croix de l&#8217;Ordre national"}]},{"@type":"WebSite","@id":"https:\/\/www.africa-press.net\/tchad\/#website","url":"https:\/\/www.africa-press.net\/tchad\/","name":"tchad","description":"Just another Africa News Agency Sites site","potentialAction":[{"@type":"SearchAction","target":{"@type":"EntryPoint","urlTemplate":"https:\/\/www.africa-press.net\/tchad\/?s={search_term_string}"},"query-input":{"@type":"PropertyValueSpecification","valueRequired":true,"valueName":"search_term_string"}}],"inLanguage":"fr-FR"},{"@type":"Person","@id":"https:\/\/www.africa-press.net\/tchad\/#\/schema\/person\/2b1cf3cd81a31e3cd26889ca66d677f1","name":"cfeditorfr"}]}},"_links":{"self":[{"href":"https:\/\/www.africa-press.net\/tchad\/wp-json\/wp\/v2\/posts\/30404","targetHints":{"allow":["GET"]}}],"collection":[{"href":"https:\/\/www.africa-press.net\/tchad\/wp-json\/wp\/v2\/posts"}],"about":[{"href":"https:\/\/www.africa-press.net\/tchad\/wp-json\/wp\/v2\/types\/post"}],"author":[{"embeddable":true,"href":"https:\/\/www.africa-press.net\/tchad\/wp-json\/wp\/v2\/users\/82"}],"replies":[{"embeddable":true,"href":"https:\/\/www.africa-press.net\/tchad\/wp-json\/wp\/v2\/comments?post=30404"}],"version-history":[{"count":0,"href":"https:\/\/www.africa-press.net\/tchad\/wp-json\/wp\/v2\/posts\/30404\/revisions"}],"wp:featuredmedia":[{"embeddable":true,"href":"https:\/\/www.africa-press.net\/tchad\/wp-json\/wp\/v2\/media\/30403"}],"wp:attachment":[{"href":"https:\/\/www.africa-press.net\/tchad\/wp-json\/wp\/v2\/media?parent=30404"}],"wp:term":[{"taxonomy":"category","embeddable":true,"href":"https:\/\/www.africa-press.net\/tchad\/wp-json\/wp\/v2\/categories?post=30404"},{"taxonomy":"post_tag","embeddable":true,"href":"https:\/\/www.africa-press.net\/tchad\/wp-json\/wp\/v2\/tags?post=30404"}],"curies":[{"name":"wp","href":"https:\/\/api.w.org\/{rel}","templated":true}]}}