{"id":30432,"date":"2022-08-12T13:40:54","date_gmt":"2022-08-12T13:40:54","guid":{"rendered":"https:\/\/www.africa-press.net\/tchad\/politique\/un-centre-detude-de-la-culture-des-peuples-dafrique-va-ouvrir-en-russie"},"modified":"2022-08-12T13:56:36","modified_gmt":"2022-08-12T13:56:36","slug":"un-centre-detude-de-la-culture-des-peuples-dafrique-va-ouvrir-en-russie","status":"publish","type":"post","link":"https:\/\/www.africa-press.net\/tchad\/culture-et-art\/un-centre-detude-de-la-culture-des-peuples-dafrique-va-ouvrir-en-russie","title":{"rendered":"Un centre d\u2019\u00e9tude de la culture des peuples d\u2019Afrique va ouvrir en Russie"},"content":{"rendered":"<p><span style=\"color: #ff6600\"><strong>Africa-Press &#8211; Tchad. <\/strong><\/span>Le premier centre de la culture et de l\u2019art des peuples d\u2019Afrique va ouvrir dans la r\u00e9gion de Tver. C\u2019est la concr\u00e9tisation d\u2019une id\u00e9e promue en 2011 par le Pr\u00e9sident Dmitri Medvedev.<\/p>\n<p>Le rapprochement entre la Russie et l\u2019Afrique sera \u00e9galement dans le domaine culturel. Dans la r\u00e9gion de Tver, l\u2019ancienne poste du village de Gorodnya abritera le premier centre culturel africain du pays, rapporte RIAMO. Le b\u00e2timent est connu pour avoir vu des tsars, des diplomates \u00e9trangers, des po\u00e8tes et des \u00e9crivains y s\u00e9journer. De jeunes diplomates qui \u0153uvrent dans le cadre du Rassemblement international Russie-Afrique-Est ont travaill\u00e9 sur le projet.<\/p>\n<p>Le m\u00e9dia pr\u00e9cise que le travail \u00e9ducatif du centre sera d&rsquo;une grande importance. Sont pr\u00e9vues des conf\u00e9rences, des projections de longs m\u00e9trages et documentaires, des travaux p\u00e9dagogiques aupr\u00e8s des \u00e9coles ainsi que l\u2019organisation de colloques. \u00c0 terme, la r\u00e9gion de Tver peut devenir un \u00ab\u00a0berceau\u00a0\u00bb pour le d\u00e9veloppement des relations culturelles entre les pays africains et la Russie.<\/p>\n<p>Une exposition unique y est pr\u00e9vue. Les pi\u00e8ces de l\u2019exposition seront collect\u00e9es aupr\u00e8s de repr\u00e9sentants du monde des affaires et d\u2019africanistes c\u00e9l\u00e8bres. L\u2019ambassadeur tanzanien Frederik Ibrahim Kibuta pr\u00e9voit de visiter le centre culturel dans un proche avenir.<\/p>\n<p>C\u2019est en 2011 que l\u2019id\u00e9e de cr\u00e9er ce centre est apparue. Le Pr\u00e9sident de l\u2019\u00e9poque, Dmitri Medvedev, avait soutenu la proposition de ce projet culturel.<\/p>\n<p><strong>Pour plus d&rsquo;informations et d&rsquo;analyses sur la <a href=\"https:\/\/www.africa-press.net\/tchad\">Tchad<\/a>, suivez <a href=\"https:\/\/www.africa-press.net\/\">Africa-Press<\/a><\/strong><\/p>\n","protected":false},"excerpt":{"rendered":"<p>Africa-Press &#8211; Tchad. Le premier centre de la culture et de l\u2019art des peuples d\u2019Afrique va ouvrir dans la r\u00e9gion de Tver. C\u2019est la concr\u00e9tisation d\u2019une id\u00e9e promue en 2011 par le Pr\u00e9sident Dmitri Medvedev. Le rapprochement entre la Russie et l\u2019Afrique sera \u00e9galement dans le domaine culturel. Dans la r\u00e9gion de Tver, l\u2019ancienne poste [&hellip;]<\/p>\n","protected":false},"author":82,"featured_media":30431,"comment_status":"open","ping_status":"closed","sticky":false,"template":"","format":"standard","meta":{"footnotes":""},"categories":[5,11,10],"tags":[37,292,29],"class_list":["post-30432","post","type-post","status-publish","format-standard","has-post-thumbnail","hentry","category-culture-et-art","category-homepage-french","category-toutes-les-actualites","tag-africa-press","tag-africa-press-tchad","tag-tchad"],"yoast_head":"<!-- This site is optimized with the Yoast SEO Premium plugin v26.1 (Yoast SEO v27.0) - https:\/\/yoast.com\/product\/yoast-seo-premium-wordpress\/ -->\n<title>Un centre d\u2019\u00e9tude de la culture des peuples d\u2019Afrique va ouvrir en Russie - tchad<\/title>\n<meta name=\"description\" content=\"Le premier centre de la culture et de l\u2019art des peuples d\u2019Afrique va ouvrir dans la r\u00e9gion de Tver. C\u2019est la concr\u00e9tisat ...\" \/>\n<meta name=\"robots\" content=\"index, follow, max-snippet:-1, max-image-preview:large, max-video-preview:-1\" \/>\n<link rel=\"canonical\" href=\"https:\/\/www.africa-press.net\/tchad\/culture-et-art\/un-centre-detude-de-la-culture-des-peuples-dafrique-va-ouvrir-en-russie\" \/>\n<meta property=\"og:locale\" content=\"fr_FR\" \/>\n<meta property=\"og:type\" content=\"article\" \/>\n<meta property=\"og:title\" content=\"Un centre d\u2019\u00e9tude de la culture des peuples d\u2019Afrique va ouvrir en Russie\" \/>\n<meta property=\"og:description\" content=\"Le premier centre de la culture et de l\u2019art des peuples d\u2019Afrique va ouvrir dans la r\u00e9gion de Tver. C\u2019est la concr\u00e9tisat ...\" \/>\n<meta property=\"og:url\" content=\"https:\/\/www.africa-press.net\/tchad\/culture-et-art\/un-centre-detude-de-la-culture-des-peuples-dafrique-va-ouvrir-en-russie\" \/>\n<meta property=\"og:site_name\" content=\"tchad\" \/>\n<meta property=\"article:published_time\" content=\"2022-08-12T13:40:54+00:00\" \/>\n<meta property=\"article:modified_time\" content=\"2022-08-12T13:56:36+00:00\" \/>\n<meta property=\"og:image\" content=\"https:\/\/static.africa-press.net\/tchad\/sites\/41\/2022\/08\/postQueueImg_5-62f65bfe0f2fb.jpg\" \/>\n\t<meta property=\"og:image:width\" content=\"1920\" \/>\n\t<meta property=\"og:image:height\" content=\"1080\" \/>\n\t<meta property=\"og:image:type\" content=\"image\/jpeg\" \/>\n<meta name=\"author\" content=\"cfeditorfr\" \/>\n<meta name=\"twitter:card\" content=\"summary_large_image\" \/>\n<meta name=\"twitter:label1\" content=\"\u00c9crit par\" \/>\n\t<meta name=\"twitter:data1\" content=\"cfeditorfr\" \/>\n\t<meta name=\"twitter:label2\" content=\"Dur\u00e9e de lecture estim\u00e9e\" \/>\n\t<meta name=\"twitter:data2\" content=\"2 minutes\" \/>\n<script type=\"application\/ld+json\" class=\"yoast-schema-graph\">{\"@context\":\"https:\/\/schema.org\",\"@graph\":[{\"@type\":\"Article\",\"@id\":\"https:\/\/www.africa-press.net\/tchad\/culture-et-art\/un-centre-detude-de-la-culture-des-peuples-dafrique-va-ouvrir-en-russie#article\",\"isPartOf\":{\"@id\":\"https:\/\/www.africa-press.net\/tchad\/culture-et-art\/un-centre-detude-de-la-culture-des-peuples-dafrique-va-ouvrir-en-russie\"},\"author\":{\"name\":\"cfeditorfr\",\"@id\":\"https:\/\/www.africa-press.net\/tchad\/#\/schema\/person\/2b1cf3cd81a31e3cd26889ca66d677f1\"},\"headline\":\"Un centre d\u2019\u00e9tude de la culture des peuples d\u2019Afrique va ouvrir en Russie\",\"datePublished\":\"2022-08-12T13:40:54+00:00\",\"dateModified\":\"2022-08-12T13:56:36+00:00\",\"mainEntityOfPage\":{\"@id\":\"https:\/\/www.africa-press.net\/tchad\/culture-et-art\/un-centre-detude-de-la-culture-des-peuples-dafrique-va-ouvrir-en-russie\"},\"wordCount\":291,\"commentCount\":0,\"image\":{\"@id\":\"https:\/\/www.africa-press.net\/tchad\/culture-et-art\/un-centre-detude-de-la-culture-des-peuples-dafrique-va-ouvrir-en-russie#primaryimage\"},\"thumbnailUrl\":\"https:\/\/static.africa-press.net\/tchad\/sites\/41\/2022\/08\/postQueueImg_5-62f65bfe0f2fb.jpg\",\"keywords\":[\"Africa Press\",\"Africa Press-Tchad\",\"Tchad\"],\"articleSection\":[\"Culture et Art\",\"homepage-french\",\"Toutes les actualit\u00e9s\"],\"inLanguage\":\"fr-FR\",\"potentialAction\":[{\"@type\":\"CommentAction\",\"name\":\"Comment\",\"target\":[\"https:\/\/www.africa-press.net\/tchad\/culture-et-art\/un-centre-detude-de-la-culture-des-peuples-dafrique-va-ouvrir-en-russie#respond\"]}]},{\"@type\":\"WebPage\",\"@id\":\"https:\/\/www.africa-press.net\/tchad\/culture-et-art\/un-centre-detude-de-la-culture-des-peuples-dafrique-va-ouvrir-en-russie\",\"url\":\"https:\/\/www.africa-press.net\/tchad\/culture-et-art\/un-centre-detude-de-la-culture-des-peuples-dafrique-va-ouvrir-en-russie\",\"name\":\"Un centre d\u2019\u00e9tude de la culture des peuples d\u2019Afrique va ouvrir en Russie - tchad\",\"isPartOf\":{\"@id\":\"https:\/\/www.africa-press.net\/tchad\/#website\"},\"primaryImageOfPage\":{\"@id\":\"https:\/\/www.africa-press.net\/tchad\/culture-et-art\/un-centre-detude-de-la-culture-des-peuples-dafrique-va-ouvrir-en-russie#primaryimage\"},\"image\":{\"@id\":\"https:\/\/www.africa-press.net\/tchad\/culture-et-art\/un-centre-detude-de-la-culture-des-peuples-dafrique-va-ouvrir-en-russie#primaryimage\"},\"thumbnailUrl\":\"https:\/\/static.africa-press.net\/tchad\/sites\/41\/2022\/08\/postQueueImg_5-62f65bfe0f2fb.jpg\",\"datePublished\":\"2022-08-12T13:40:54+00:00\",\"dateModified\":\"2022-08-12T13:56:36+00:00\",\"author\":{\"@id\":\"https:\/\/www.africa-press.net\/tchad\/#\/schema\/person\/2b1cf3cd81a31e3cd26889ca66d677f1\"},\"description\":\"Le premier centre de la culture et de l\u2019art des peuples d\u2019Afrique va ouvrir dans la r\u00e9gion de Tver. C\u2019est la concr\u00e9tisat ...\",\"breadcrumb\":{\"@id\":\"https:\/\/www.africa-press.net\/tchad\/culture-et-art\/un-centre-detude-de-la-culture-des-peuples-dafrique-va-ouvrir-en-russie#breadcrumb\"},\"inLanguage\":\"fr-FR\",\"potentialAction\":[{\"@type\":\"ReadAction\",\"target\":[\"https:\/\/www.africa-press.net\/tchad\/culture-et-art\/un-centre-detude-de-la-culture-des-peuples-dafrique-va-ouvrir-en-russie\"]}]},{\"@type\":\"ImageObject\",\"inLanguage\":\"fr-FR\",\"@id\":\"https:\/\/www.africa-press.net\/tchad\/culture-et-art\/un-centre-detude-de-la-culture-des-peuples-dafrique-va-ouvrir-en-russie#primaryimage\",\"url\":\"https:\/\/static.africa-press.net\/tchad\/sites\/41\/2022\/08\/postQueueImg_5-62f65bfe0f2fb.jpg\",\"contentUrl\":\"https:\/\/static.africa-press.net\/tchad\/sites\/41\/2022\/08\/postQueueImg_5-62f65bfe0f2fb.jpg\",\"width\":1920,\"height\":1080,\"caption\":\"Un centre d\u2019\u00e9tude de la culture des peuples d\u2019Afrique va ouvrir en Russie\"},{\"@type\":\"BreadcrumbList\",\"@id\":\"https:\/\/www.africa-press.net\/tchad\/culture-et-art\/un-centre-detude-de-la-culture-des-peuples-dafrique-va-ouvrir-en-russie#breadcrumb\",\"itemListElement\":[{\"@type\":\"ListItem\",\"position\":1,\"name\":\"Accueil\",\"item\":\"https:\/\/www.africa-press.net\/tchad\/\"},{\"@type\":\"ListItem\",\"position\":2,\"name\":\"Un centre d\u2019\u00e9tude de la culture des peuples d\u2019Afrique va ouvrir en Russie\"}]},{\"@type\":\"WebSite\",\"@id\":\"https:\/\/www.africa-press.net\/tchad\/#website\",\"url\":\"https:\/\/www.africa-press.net\/tchad\/\",\"name\":\"tchad\",\"description\":\"Just another Africa News Agency Sites site\",\"potentialAction\":[{\"@type\":\"SearchAction\",\"target\":{\"@type\":\"EntryPoint\",\"urlTemplate\":\"https:\/\/www.africa-press.net\/tchad\/?s={search_term_string}\"},\"query-input\":{\"@type\":\"PropertyValueSpecification\",\"valueRequired\":true,\"valueName\":\"search_term_string\"}}],\"inLanguage\":\"fr-FR\"},{\"@type\":\"Person\",\"@id\":\"https:\/\/www.africa-press.net\/tchad\/#\/schema\/person\/2b1cf3cd81a31e3cd26889ca66d677f1\",\"name\":\"cfeditorfr\"}]}<\/script>\n<!-- \/ Yoast SEO Premium plugin. -->","yoast_head_json":{"title":"Un centre d\u2019\u00e9tude de la culture des peuples d\u2019Afrique va ouvrir en Russie - tchad","description":"Le premier centre de la culture et de l\u2019art des peuples d\u2019Afrique va ouvrir dans la r\u00e9gion de Tver. C\u2019est la concr\u00e9tisat ...","robots":{"index":"index","follow":"follow","max-snippet":"max-snippet:-1","max-image-preview":"max-image-preview:large","max-video-preview":"max-video-preview:-1"},"canonical":"https:\/\/www.africa-press.net\/tchad\/culture-et-art\/un-centre-detude-de-la-culture-des-peuples-dafrique-va-ouvrir-en-russie","og_locale":"fr_FR","og_type":"article","og_title":"Un centre d\u2019\u00e9tude de la culture des peuples d\u2019Afrique va ouvrir en Russie","og_description":"Le premier centre de la culture et de l\u2019art des peuples d\u2019Afrique va ouvrir dans la r\u00e9gion de Tver. C\u2019est la concr\u00e9tisat ...","og_url":"https:\/\/www.africa-press.net\/tchad\/culture-et-art\/un-centre-detude-de-la-culture-des-peuples-dafrique-va-ouvrir-en-russie","og_site_name":"tchad","article_published_time":"2022-08-12T13:40:54+00:00","article_modified_time":"2022-08-12T13:56:36+00:00","og_image":[{"width":1920,"height":1080,"url":"https:\/\/static.africa-press.net\/tchad\/sites\/41\/2022\/08\/postQueueImg_5-62f65bfe0f2fb.jpg","type":"image\/jpeg"}],"author":"cfeditorfr","twitter_card":"summary_large_image","twitter_misc":{"\u00c9crit par":"cfeditorfr","Dur\u00e9e de lecture estim\u00e9e":"2 minutes"},"schema":{"@context":"https:\/\/schema.org","@graph":[{"@type":"Article","@id":"https:\/\/www.africa-press.net\/tchad\/culture-et-art\/un-centre-detude-de-la-culture-des-peuples-dafrique-va-ouvrir-en-russie#article","isPartOf":{"@id":"https:\/\/www.africa-press.net\/tchad\/culture-et-art\/un-centre-detude-de-la-culture-des-peuples-dafrique-va-ouvrir-en-russie"},"author":{"name":"cfeditorfr","@id":"https:\/\/www.africa-press.net\/tchad\/#\/schema\/person\/2b1cf3cd81a31e3cd26889ca66d677f1"},"headline":"Un centre d\u2019\u00e9tude de la culture des peuples d\u2019Afrique va ouvrir en Russie","datePublished":"2022-08-12T13:40:54+00:00","dateModified":"2022-08-12T13:56:36+00:00","mainEntityOfPage":{"@id":"https:\/\/www.africa-press.net\/tchad\/culture-et-art\/un-centre-detude-de-la-culture-des-peuples-dafrique-va-ouvrir-en-russie"},"wordCount":291,"commentCount":0,"image":{"@id":"https:\/\/www.africa-press.net\/tchad\/culture-et-art\/un-centre-detude-de-la-culture-des-peuples-dafrique-va-ouvrir-en-russie#primaryimage"},"thumbnailUrl":"https:\/\/static.africa-press.net\/tchad\/sites\/41\/2022\/08\/postQueueImg_5-62f65bfe0f2fb.jpg","keywords":["Africa Press","Africa Press-Tchad","Tchad"],"articleSection":["Culture et Art","homepage-french","Toutes les actualit\u00e9s"],"inLanguage":"fr-FR","potentialAction":[{"@type":"CommentAction","name":"Comment","target":["https:\/\/www.africa-press.net\/tchad\/culture-et-art\/un-centre-detude-de-la-culture-des-peuples-dafrique-va-ouvrir-en-russie#respond"]}]},{"@type":"WebPage","@id":"https:\/\/www.africa-press.net\/tchad\/culture-et-art\/un-centre-detude-de-la-culture-des-peuples-dafrique-va-ouvrir-en-russie","url":"https:\/\/www.africa-press.net\/tchad\/culture-et-art\/un-centre-detude-de-la-culture-des-peuples-dafrique-va-ouvrir-en-russie","name":"Un centre d\u2019\u00e9tude de la culture des peuples d\u2019Afrique va ouvrir en Russie - tchad","isPartOf":{"@id":"https:\/\/www.africa-press.net\/tchad\/#website"},"primaryImageOfPage":{"@id":"https:\/\/www.africa-press.net\/tchad\/culture-et-art\/un-centre-detude-de-la-culture-des-peuples-dafrique-va-ouvrir-en-russie#primaryimage"},"image":{"@id":"https:\/\/www.africa-press.net\/tchad\/culture-et-art\/un-centre-detude-de-la-culture-des-peuples-dafrique-va-ouvrir-en-russie#primaryimage"},"thumbnailUrl":"https:\/\/static.africa-press.net\/tchad\/sites\/41\/2022\/08\/postQueueImg_5-62f65bfe0f2fb.jpg","datePublished":"2022-08-12T13:40:54+00:00","dateModified":"2022-08-12T13:56:36+00:00","author":{"@id":"https:\/\/www.africa-press.net\/tchad\/#\/schema\/person\/2b1cf3cd81a31e3cd26889ca66d677f1"},"description":"Le premier centre de la culture et de l\u2019art des peuples d\u2019Afrique va ouvrir dans la r\u00e9gion de Tver. C\u2019est la concr\u00e9tisat ...","breadcrumb":{"@id":"https:\/\/www.africa-press.net\/tchad\/culture-et-art\/un-centre-detude-de-la-culture-des-peuples-dafrique-va-ouvrir-en-russie#breadcrumb"},"inLanguage":"fr-FR","potentialAction":[{"@type":"ReadAction","target":["https:\/\/www.africa-press.net\/tchad\/culture-et-art\/un-centre-detude-de-la-culture-des-peuples-dafrique-va-ouvrir-en-russie"]}]},{"@type":"ImageObject","inLanguage":"fr-FR","@id":"https:\/\/www.africa-press.net\/tchad\/culture-et-art\/un-centre-detude-de-la-culture-des-peuples-dafrique-va-ouvrir-en-russie#primaryimage","url":"https:\/\/static.africa-press.net\/tchad\/sites\/41\/2022\/08\/postQueueImg_5-62f65bfe0f2fb.jpg","contentUrl":"https:\/\/static.africa-press.net\/tchad\/sites\/41\/2022\/08\/postQueueImg_5-62f65bfe0f2fb.jpg","width":1920,"height":1080,"caption":"Un centre d\u2019\u00e9tude de la culture des peuples d\u2019Afrique va ouvrir en Russie"},{"@type":"BreadcrumbList","@id":"https:\/\/www.africa-press.net\/tchad\/culture-et-art\/un-centre-detude-de-la-culture-des-peuples-dafrique-va-ouvrir-en-russie#breadcrumb","itemListElement":[{"@type":"ListItem","position":1,"name":"Accueil","item":"https:\/\/www.africa-press.net\/tchad\/"},{"@type":"ListItem","position":2,"name":"Un centre d\u2019\u00e9tude de la culture des peuples d\u2019Afrique va ouvrir en Russie"}]},{"@type":"WebSite","@id":"https:\/\/www.africa-press.net\/tchad\/#website","url":"https:\/\/www.africa-press.net\/tchad\/","name":"tchad","description":"Just another Africa News Agency Sites site","potentialAction":[{"@type":"SearchAction","target":{"@type":"EntryPoint","urlTemplate":"https:\/\/www.africa-press.net\/tchad\/?s={search_term_string}"},"query-input":{"@type":"PropertyValueSpecification","valueRequired":true,"valueName":"search_term_string"}}],"inLanguage":"fr-FR"},{"@type":"Person","@id":"https:\/\/www.africa-press.net\/tchad\/#\/schema\/person\/2b1cf3cd81a31e3cd26889ca66d677f1","name":"cfeditorfr"}]}},"_links":{"self":[{"href":"https:\/\/www.africa-press.net\/tchad\/wp-json\/wp\/v2\/posts\/30432","targetHints":{"allow":["GET"]}}],"collection":[{"href":"https:\/\/www.africa-press.net\/tchad\/wp-json\/wp\/v2\/posts"}],"about":[{"href":"https:\/\/www.africa-press.net\/tchad\/wp-json\/wp\/v2\/types\/post"}],"author":[{"embeddable":true,"href":"https:\/\/www.africa-press.net\/tchad\/wp-json\/wp\/v2\/users\/82"}],"replies":[{"embeddable":true,"href":"https:\/\/www.africa-press.net\/tchad\/wp-json\/wp\/v2\/comments?post=30432"}],"version-history":[{"count":0,"href":"https:\/\/www.africa-press.net\/tchad\/wp-json\/wp\/v2\/posts\/30432\/revisions"}],"wp:featuredmedia":[{"embeddable":true,"href":"https:\/\/www.africa-press.net\/tchad\/wp-json\/wp\/v2\/media\/30431"}],"wp:attachment":[{"href":"https:\/\/www.africa-press.net\/tchad\/wp-json\/wp\/v2\/media?parent=30432"}],"wp:term":[{"taxonomy":"category","embeddable":true,"href":"https:\/\/www.africa-press.net\/tchad\/wp-json\/wp\/v2\/categories?post=30432"},{"taxonomy":"post_tag","embeddable":true,"href":"https:\/\/www.africa-press.net\/tchad\/wp-json\/wp\/v2\/tags?post=30432"}],"curies":[{"name":"wp","href":"https:\/\/api.w.org\/{rel}","templated":true}]}}