{"id":30441,"date":"2022-08-12T16:10:05","date_gmt":"2022-08-12T16:10:05","guid":{"rendered":"https:\/\/www.africa-press.net\/tchad\/politique\/lutte-antiterroriste-en-afrique-les-dirigeants-manquent-de-sens-de-responsabilite-et-danticipation-selon-un-citoyen"},"modified":"2022-08-12T16:34:43","modified_gmt":"2022-08-12T16:34:43","slug":"lutte-antiterroriste-en-afrique-les-dirigeants-manquent-de-sens-de-responsabilite-et-danticipation-selon-un-citoyen","status":"publish","type":"post","link":"https:\/\/www.africa-press.net\/tchad\/dossiers\/lutte-antiterroriste-en-afrique-les-dirigeants-manquent-de-sens-de-responsabilite-et-danticipation-selon-un-citoyen","title":{"rendered":"Lutte antiterroriste en Afrique : Les dirigeants manquent de sens de responsabilit\u00e9 et d\u2019anticipation, selon un citoyen"},"content":{"rendered":"<p><span style=\"color: #ff6600\"><strong>Africa-Press &#8211; Tchad. <\/strong><\/span><b>Dans cette tribune parvenue ce vendredi 12 ao\u00fbt 2022 \u00e0 , un citoyen estime que le manque de sens de responsabilit\u00e9 et d\u2019anticipation des dirigeants africains est \u00e0 l\u2019origine du sous d\u00e9veloppement du continent. Mais aussi du terrorisme qui perdure dans le Sahel sans de v\u00e9ritables solutions au fl\u00e9au.<\/b><\/p>\n<p>L\u2019Afrique, notamment le sahel, est \u00e0 la crois\u00e9e des chemins en mati\u00e8re de lutte contre les violences terroristes. Le Burkina, le Mali, le Niger sont particuli\u00e8rement frapp\u00e9s ces derni\u00e8res ann\u00e9es par ce mal dont les cons\u00e9quences au plan humanitaire ne laissent partenaires internationaux et communaut\u00e9 internationale indiff\u00e9rents.<\/p>\n<p>Tous les moyens sont d\u00e9sormais bons pour ces pays pour arriver \u00e0 bout du ph\u00e9nom\u00e8ne terroriste, qui persiste et gangr\u00e8ne des pays sah\u00e9liens et gagne des Etats du littoral. Si certains citoyens africains s\u2019accrochent sur l\u2019id\u00e9e que les puissances, notamment la France, qui entretient une coop\u00e9ration militaire avec ces pays du sahel, jouent un jeu malsain dans cette lutte, une partie se ravise aujourd\u2019hui en portant un autre regard sur la situation : la difficult\u00e9 tient plus des Etats africains eux-m\u00eames, dont les dirigeants brillent par un manque du sens de responsabilit\u00e9 et d\u2019anticipation.<\/p>\n<p>Admettons que ce soit effectivement la France qui fasse un double-jeu dans cette pr\u00e9occupation terroriste, est-ce pour autant que nous devons nous avouer vaincus et ne pas chercher \u00e0 d\u00e9fendre notre territoire ? Il en est de m\u00eame pour les questions de d\u00e9veloppement pour lesquelles, c\u2019est encore l\u2019Occident qui nous exploite et nous emp\u00eache de nous d\u00e9velopper. Mais qu\u2019est-ce qui est concr\u00e8tement fait pour emp\u00eacher cette exploitation ? Puisque nous en sommes conscients !<\/p>\n<p>Certes, l\u2019outil militaire occupe une place sp\u00e9cifique dans la recomposition des liens entre la France et ses anciennes colonies africaines apr\u00e8s les ind\u00e9pendances, mais il a rarement \u00e9t\u00e9 aussi mis en exergue qu\u2019en ces temps d\u2019attaques et de menaces terroristes. Pourtant, pas moins d\u2019un demi-si\u00e8cle s\u2019est \u00e9coul\u00e9 entre les ind\u00e9pendances et l\u2019\u00e9clatement de la crise s\u00e9curitaire dans les pays qui ploient aujourd\u2019hui sous le diktat des groupes arm\u00e9s terroristes.<\/p>\n<p>Et depuis lors, la constitution \u00ab d\u2019arm\u00e9es r\u00e9publicaines \u00bb demeure au c\u0153ur de la construction des \u00c9tats et du d\u00e9veloppement durable de l\u2019Afrique, sans pour autant r\u00e9pondre, dans nombre de pays, \u00e0 l\u2019id\u00e9al recherch\u00e9. La plupart des pays africains n\u2019ont pu mettre en place un plan d\u2019anticipation des crises de ce genre. Les arm\u00e9es africaines sont plut\u00f4t rest\u00e9es clo\u00eetr\u00e9es dans leurs missions classiques.<\/p>\n<p>\u00ab On a assist\u00e9, pour ne citer que le cas burkinab\u00e8, \u00e0 des propos du genre : c\u2019est une guerre asym\u00e9trique, ce n\u2019est pas une guerre conventionnelle, ce qui rend la lutte difficile. Ces propos qui viennent des dirigeants eux-m\u00eames mettent bien \u00e0 nu l\u2019attentisme en mati\u00e8re militaire et de d\u00e9fense nationale (comme dans bien d\u2019autres domaines d\u2019ailleurs). La plupart des pays ont en r\u00e9alit\u00e9 manqu\u00e9 de courage dans l\u2019analyse de l\u2019ins\u00e9curit\u00e9 qu\u2019ils vivent \u00bb, pose un sp\u00e9cialiste de la s\u00e9curit\u00e9.<\/p>\n<p>Une lecture de la situation qui vient corroborer les propos de l\u2019expert en s\u00e9curit\u00e9, le colonel-major Auguste Denise Barry, qui, lors d\u2019un panel de l\u2019association Camillian Diasaster Service Burkina Faso (CADIS-BF), en mai 2022 \u00e0 Ouagadougou sur la s\u00e9curit\u00e9, a d\u2019abord d\u00e9plor\u00e9 : \u00ab On a laiss\u00e9 le fant\u00f4me entrer dans la maison, on ne l\u2019a pas contr\u00e9, maintenant, on veut le combattre \u00bb.<\/p>\n<p>Puis a-t-il poursuivi en d\u00e9non\u00e7ant cette posture passive \u2026 : \u00ab dans le discours, on est tomb\u00e9 dans la strat\u00e9gie des terroristes. Il vous souviendra que dans plusieurs discours politiques, on a dit que la lutte contre le terrorisme est une lutte de longue haleine. Voici une expression qu\u2019on devrait \u00f4ter de la bouche des responsables politiques. On a donc mis dans la t\u00eate que la lutte contre le terrorisme est une lutte de longue haleine. Ce qui a un impact sur notre strat\u00e9gie. Pourquoi ? Parce que si vous vous dites que c\u2019est une lutte de longue haleine, vous allez essayer de trouver les voies et moyens sur la dur\u00e9e. Or, c\u2019est cela la strat\u00e9gie de l\u2019ennemi, qui a le temps avec lui. Si vous vous mettez dans une posture de l\u2019imm\u00e9diat, vous trouverez des solutions pour cela \u00bb.<\/p>\n<p>Au cours de la m\u00eame communication relay\u00e9e par le m\u00e9dia en ligne , le colonel-major a affirm\u00e9 avoir l\u2019impression que l\u2019ennemi semble plus d\u00e9termin\u00e9 \u00e0 prendre le territoire que les Burkinab\u00e8 \u00e0 d\u00e9fendre leur territoire. \u00ab Je ne sens pas que le peuple est engag\u00e9, d\u00e9termin\u00e9 \u00e0 d\u00e9fendre son territoire \u00bb, a cit\u00e9 la publication.<\/p>\n<p>Ce diagnostic, courageux de la part de leurs auteurs, en ce sens que dans la volont\u00e9 de d\u00e9sinformation des peuples, il n\u2019est pas ais\u00e9 de tenir un contre-argument qui consiste \u00e0 plut\u00f4t se remettre en cause que de bl\u00e2mer l\u2019autre, interpelle les dirigeants et les \u00e9lites africains en ce tournant d\u00e9cisif de lutte contre le ph\u00e9nom\u00e8ne terroriste qui menace la souverainet\u00e9 m\u00eame des Etats. Il faut se poser les bonnes questions et avoir le courage de trouver les r\u00e9ponses objectives.<\/p>\n<p>Les autres ne sont pas responsables de la situation que nous, Africains. D\u00e8s lors, aucune puissance ne saurait mieux faire le travail de d\u00e9fense nationale \u00e0 la place des arm\u00e9es nationales et des nationaux. Ce n\u2019est donc pas en chargeant une puissance arm\u00e9e occidentale en faveur d\u2019une autre, que la solution sera trouv\u00e9e. C\u2019est un leurre. C\u2019est m\u00eame un rem\u00e8de qui peut se r\u00e9v\u00e9ler pire que le mal. Et les Africains et observateurs qui le tiennent pour dit n\u2019ont pas tort, car le continent africain, riche en ressources naturelles, est aujourd\u2019hui l\u2019objet de convoitise de nouvelles puissances. Ces derni\u00e8res usent de tous les stratag\u00e8mes pour pouvoir asseoir leurs bases. La situation du Mali, qui s\u2019enfonce davantage dans la violence terroriste, apr\u00e8s le d\u00e9part de la force Barkhane (pour la premi\u00e8re fois depuis la crise, le redoutable camp de Kati est attaqu\u00e9, en d\u00e9but juillet 2022) au profit des \u00e9l\u00e9ments du groupe Wagner en est bien l\u2019illustration.<\/p>\n<p>\u00ab La Russie veut jouer un r\u00f4le en Afrique, comme la Chine, mais beaucoup plus discr\u00e8tement. La Russie souhaite jouer un r\u00f4le dans son domaine \u00e0 elle qui est de mettre de la s\u00e9curit\u00e9 et des militaires. La force de la Chine se trouve surtout dans les mati\u00e8res premi\u00e8res, la construction de routes et d\u2019infrastructures. Les Russes se concentrent plus sur l\u2019armement et les transports. L\u2019ann\u00e9e derni\u00e8re la Russie a par exemple vendu quatre h\u00e9licopt\u00e8res militaires au Mali \u00bb, pr\u00e9venait, en janvier 2022, sur TV5 Monde, le journaliste sp\u00e9cialiste des \u00e9tudes africaines, Antoine Glaser.<\/p>\n<p>Il n\u2019y a donc pas de philanthropes. Il faut simplement prendre conscience de l\u2019urgence \u00e0 travailler pour sa souverainet\u00e9. Et cette souverainet\u00e9 passe avant-tout par celle s\u00e9curitaire. D\u00e9shabiller Pierre pour habiller Paul ne sera donc pas une solution \u00e0 la situation d\u2019ins\u00e9curit\u00e9 b\u00e9ante dans ces pays africains. Cela ne veut cependant pas dire qu\u2019il faut tourner dos aux coop\u00e9rations militaires. Seulement, elles doivent \u00eatre b\u00e2ties sur le renforcement des capacit\u00e9s des arm\u00e9es africaines et non sur une dynamique qui consisterait \u00e0 venir combattre \u00e0 leur place.<\/p>\n<p>La tourn\u00e9e africaine (Afrique du Sud, R\u00e9publique d\u00e9mocratique du Congo et Rwanda), du secr\u00e9taire d\u2019Etat am\u00e9ricain, Antony Blinken, sonne d\u2019ailleurs comme un appel \u00e0 la responsabilit\u00e9 de l\u2019\u00e9lite africaine, notamment les dirigeants, face aux d\u00e9fis de l\u2019heure, lorsqu\u2019il d\u00e9clare qu\u2019il veut montrer \u00ab aux pays africains qu\u2019ils ont un r\u00f4le g\u00e9o-strat\u00e9gique essentiel et sont des alli\u00e9s cruciaux sur les questions les plus br\u00fblantes de notre \u00e9poque, de la promotion d\u2019un syst\u00e8me international ouvert et stable \u00e0 la lutte contre les effets du changement climatique, l\u2019ins\u00e9curit\u00e9 alimentaire et les pand\u00e9mies mondiales \u00bb. Paulo Hassane COULIBALY Un citoyen africain, panafricaniste<\/p>\n<p><strong>Pour plus d&rsquo;informations et d&rsquo;analyses sur la <a href=\"https:\/\/www.africa-press.net\/tchad\">Tchad<\/a>, suivez <a href=\"https:\/\/www.africa-press.net\/\">Africa-Press<\/a><\/strong><\/p>\n","protected":false},"excerpt":{"rendered":"<p>Africa-Press &#8211; Tchad. Dans cette tribune parvenue ce vendredi 12 ao\u00fbt 2022 \u00e0 , un citoyen estime que le manque de sens de responsabilit\u00e9 et d\u2019anticipation des dirigeants africains est \u00e0 l\u2019origine du sous d\u00e9veloppement du continent. Mais aussi du terrorisme qui perdure dans le Sahel sans de v\u00e9ritables solutions au fl\u00e9au. L\u2019Afrique, notamment le [&hellip;]<\/p>\n","protected":false},"author":82,"featured_media":30440,"comment_status":"open","ping_status":"closed","sticky":false,"template":"","format":"standard","meta":{"footnotes":""},"categories":[7,11,10],"tags":[37,292,29],"class_list":["post-30441","post","type-post","status-publish","format-standard","has-post-thumbnail","hentry","category-dossiers","category-homepage-french","category-toutes-les-actualites","tag-africa-press","tag-africa-press-tchad","tag-tchad"],"yoast_head":"<!-- This site is optimized with the Yoast SEO Premium plugin v26.1 (Yoast SEO v27.0) - https:\/\/yoast.com\/product\/yoast-seo-premium-wordpress\/ -->\n<title>Lutte antiterroriste en Afrique : Les dirigeants manquent de sens de responsabilit\u00e9 et d\u2019anticipation, selon un citoyen - tchad<\/title>\n<meta name=\"description\" content=\"Dans cette tribune parvenue ce vendredi 12 ao\u00fbt 2022 \u00e0 , un citoyen estime que le manque de sens de responsabilit\u00e9 et ...\" \/>\n<meta name=\"robots\" content=\"index, follow, max-snippet:-1, max-image-preview:large, max-video-preview:-1\" \/>\n<link rel=\"canonical\" href=\"https:\/\/www.africa-press.net\/tchad\/dossiers\/lutte-antiterroriste-en-afrique-les-dirigeants-manquent-de-sens-de-responsabilite-et-danticipation-selon-un-citoyen\" \/>\n<meta property=\"og:locale\" content=\"fr_FR\" \/>\n<meta property=\"og:type\" content=\"article\" \/>\n<meta property=\"og:title\" content=\"Lutte antiterroriste en Afrique : Les dirigeants manquent de sens de responsabilit\u00e9 et d\u2019anticipation, selon un citoyen\" \/>\n<meta property=\"og:description\" content=\"Dans cette tribune parvenue ce vendredi 12 ao\u00fbt 2022 \u00e0 , un citoyen estime que le manque de sens de responsabilit\u00e9 et ...\" \/>\n<meta property=\"og:url\" content=\"https:\/\/www.africa-press.net\/tchad\/dossiers\/lutte-antiterroriste-en-afrique-les-dirigeants-manquent-de-sens-de-responsabilite-et-danticipation-selon-un-citoyen\" \/>\n<meta property=\"og:site_name\" content=\"tchad\" \/>\n<meta property=\"article:published_time\" content=\"2022-08-12T16:10:05+00:00\" \/>\n<meta property=\"article:modified_time\" content=\"2022-08-12T16:34:43+00:00\" \/>\n<meta property=\"og:image\" content=\"https:\/\/static.africa-press.net\/tchad\/sites\/41\/2022\/08\/postQueueImg_6-62f6810868c19.jpg\" \/>\n\t<meta property=\"og:image:width\" content=\"720\" \/>\n\t<meta property=\"og:image:height\" content=\"313\" \/>\n\t<meta property=\"og:image:type\" content=\"image\/jpeg\" \/>\n<meta name=\"author\" content=\"cfeditorfr\" \/>\n<meta name=\"twitter:card\" content=\"summary_large_image\" \/>\n<meta name=\"twitter:label1\" content=\"\u00c9crit par\" \/>\n\t<meta name=\"twitter:data1\" content=\"cfeditorfr\" \/>\n\t<meta name=\"twitter:label2\" content=\"Dur\u00e9e de lecture estim\u00e9e\" \/>\n\t<meta name=\"twitter:data2\" content=\"7 minutes\" \/>\n<script type=\"application\/ld+json\" class=\"yoast-schema-graph\">{\"@context\":\"https:\/\/schema.org\",\"@graph\":[{\"@type\":\"Article\",\"@id\":\"https:\/\/www.africa-press.net\/tchad\/dossiers\/lutte-antiterroriste-en-afrique-les-dirigeants-manquent-de-sens-de-responsabilite-et-danticipation-selon-un-citoyen#article\",\"isPartOf\":{\"@id\":\"https:\/\/www.africa-press.net\/tchad\/dossiers\/lutte-antiterroriste-en-afrique-les-dirigeants-manquent-de-sens-de-responsabilite-et-danticipation-selon-un-citoyen\"},\"author\":{\"name\":\"cfeditorfr\",\"@id\":\"https:\/\/www.africa-press.net\/tchad\/#\/schema\/person\/2b1cf3cd81a31e3cd26889ca66d677f1\"},\"headline\":\"Lutte antiterroriste en Afrique : Les dirigeants manquent de sens de responsabilit\u00e9 et d\u2019anticipation, selon un citoyen\",\"datePublished\":\"2022-08-12T16:10:05+00:00\",\"dateModified\":\"2022-08-12T16:34:43+00:00\",\"mainEntityOfPage\":{\"@id\":\"https:\/\/www.africa-press.net\/tchad\/dossiers\/lutte-antiterroriste-en-afrique-les-dirigeants-manquent-de-sens-de-responsabilite-et-danticipation-selon-un-citoyen\"},\"wordCount\":1432,\"commentCount\":0,\"image\":{\"@id\":\"https:\/\/www.africa-press.net\/tchad\/dossiers\/lutte-antiterroriste-en-afrique-les-dirigeants-manquent-de-sens-de-responsabilite-et-danticipation-selon-un-citoyen#primaryimage\"},\"thumbnailUrl\":\"https:\/\/static.africa-press.net\/tchad\/sites\/41\/2022\/08\/postQueueImg_6-62f6810868c19.jpg\",\"keywords\":[\"Africa Press\",\"Africa Press-Tchad\",\"Tchad\"],\"articleSection\":[\"Dossiers\",\"homepage-french\",\"Toutes les actualit\u00e9s\"],\"inLanguage\":\"fr-FR\",\"potentialAction\":[{\"@type\":\"CommentAction\",\"name\":\"Comment\",\"target\":[\"https:\/\/www.africa-press.net\/tchad\/dossiers\/lutte-antiterroriste-en-afrique-les-dirigeants-manquent-de-sens-de-responsabilite-et-danticipation-selon-un-citoyen#respond\"]}]},{\"@type\":\"WebPage\",\"@id\":\"https:\/\/www.africa-press.net\/tchad\/dossiers\/lutte-antiterroriste-en-afrique-les-dirigeants-manquent-de-sens-de-responsabilite-et-danticipation-selon-un-citoyen\",\"url\":\"https:\/\/www.africa-press.net\/tchad\/dossiers\/lutte-antiterroriste-en-afrique-les-dirigeants-manquent-de-sens-de-responsabilite-et-danticipation-selon-un-citoyen\",\"name\":\"Lutte antiterroriste en Afrique : Les dirigeants manquent de sens de responsabilit\u00e9 et d\u2019anticipation, selon un citoyen - tchad\",\"isPartOf\":{\"@id\":\"https:\/\/www.africa-press.net\/tchad\/#website\"},\"primaryImageOfPage\":{\"@id\":\"https:\/\/www.africa-press.net\/tchad\/dossiers\/lutte-antiterroriste-en-afrique-les-dirigeants-manquent-de-sens-de-responsabilite-et-danticipation-selon-un-citoyen#primaryimage\"},\"image\":{\"@id\":\"https:\/\/www.africa-press.net\/tchad\/dossiers\/lutte-antiterroriste-en-afrique-les-dirigeants-manquent-de-sens-de-responsabilite-et-danticipation-selon-un-citoyen#primaryimage\"},\"thumbnailUrl\":\"https:\/\/static.africa-press.net\/tchad\/sites\/41\/2022\/08\/postQueueImg_6-62f6810868c19.jpg\",\"datePublished\":\"2022-08-12T16:10:05+00:00\",\"dateModified\":\"2022-08-12T16:34:43+00:00\",\"author\":{\"@id\":\"https:\/\/www.africa-press.net\/tchad\/#\/schema\/person\/2b1cf3cd81a31e3cd26889ca66d677f1\"},\"description\":\"Dans cette tribune parvenue ce vendredi 12 ao\u00fbt 2022 \u00e0 , un citoyen estime que le manque de sens de responsabilit\u00e9 et ...\",\"breadcrumb\":{\"@id\":\"https:\/\/www.africa-press.net\/tchad\/dossiers\/lutte-antiterroriste-en-afrique-les-dirigeants-manquent-de-sens-de-responsabilite-et-danticipation-selon-un-citoyen#breadcrumb\"},\"inLanguage\":\"fr-FR\",\"potentialAction\":[{\"@type\":\"ReadAction\",\"target\":[\"https:\/\/www.africa-press.net\/tchad\/dossiers\/lutte-antiterroriste-en-afrique-les-dirigeants-manquent-de-sens-de-responsabilite-et-danticipation-selon-un-citoyen\"]}]},{\"@type\":\"ImageObject\",\"inLanguage\":\"fr-FR\",\"@id\":\"https:\/\/www.africa-press.net\/tchad\/dossiers\/lutte-antiterroriste-en-afrique-les-dirigeants-manquent-de-sens-de-responsabilite-et-danticipation-selon-un-citoyen#primaryimage\",\"url\":\"https:\/\/static.africa-press.net\/tchad\/sites\/41\/2022\/08\/postQueueImg_6-62f6810868c19.jpg\",\"contentUrl\":\"https:\/\/static.africa-press.net\/tchad\/sites\/41\/2022\/08\/postQueueImg_6-62f6810868c19.jpg\",\"width\":720,\"height\":313,\"caption\":\"Lutte antiterroriste en Afrique : Les dirigeants manquent de sens de responsabilit\u00e9 et d\u2019anticipation, selon un citoyen\"},{\"@type\":\"BreadcrumbList\",\"@id\":\"https:\/\/www.africa-press.net\/tchad\/dossiers\/lutte-antiterroriste-en-afrique-les-dirigeants-manquent-de-sens-de-responsabilite-et-danticipation-selon-un-citoyen#breadcrumb\",\"itemListElement\":[{\"@type\":\"ListItem\",\"position\":1,\"name\":\"Accueil\",\"item\":\"https:\/\/www.africa-press.net\/tchad\/\"},{\"@type\":\"ListItem\",\"position\":2,\"name\":\"Lutte antiterroriste en Afrique : Les dirigeants manquent de sens de responsabilit\u00e9 et d\u2019anticipation, selon un citoyen\"}]},{\"@type\":\"WebSite\",\"@id\":\"https:\/\/www.africa-press.net\/tchad\/#website\",\"url\":\"https:\/\/www.africa-press.net\/tchad\/\",\"name\":\"tchad\",\"description\":\"Just another Africa News Agency Sites site\",\"potentialAction\":[{\"@type\":\"SearchAction\",\"target\":{\"@type\":\"EntryPoint\",\"urlTemplate\":\"https:\/\/www.africa-press.net\/tchad\/?s={search_term_string}\"},\"query-input\":{\"@type\":\"PropertyValueSpecification\",\"valueRequired\":true,\"valueName\":\"search_term_string\"}}],\"inLanguage\":\"fr-FR\"},{\"@type\":\"Person\",\"@id\":\"https:\/\/www.africa-press.net\/tchad\/#\/schema\/person\/2b1cf3cd81a31e3cd26889ca66d677f1\",\"name\":\"cfeditorfr\"}]}<\/script>\n<!-- \/ Yoast SEO Premium plugin. -->","yoast_head_json":{"title":"Lutte antiterroriste en Afrique : Les dirigeants manquent de sens de responsabilit\u00e9 et d\u2019anticipation, selon un citoyen - tchad","description":"Dans cette tribune parvenue ce vendredi 12 ao\u00fbt 2022 \u00e0 , un citoyen estime que le manque de sens de responsabilit\u00e9 et ...","robots":{"index":"index","follow":"follow","max-snippet":"max-snippet:-1","max-image-preview":"max-image-preview:large","max-video-preview":"max-video-preview:-1"},"canonical":"https:\/\/www.africa-press.net\/tchad\/dossiers\/lutte-antiterroriste-en-afrique-les-dirigeants-manquent-de-sens-de-responsabilite-et-danticipation-selon-un-citoyen","og_locale":"fr_FR","og_type":"article","og_title":"Lutte antiterroriste en Afrique : Les dirigeants manquent de sens de responsabilit\u00e9 et d\u2019anticipation, selon un citoyen","og_description":"Dans cette tribune parvenue ce vendredi 12 ao\u00fbt 2022 \u00e0 , un citoyen estime que le manque de sens de responsabilit\u00e9 et ...","og_url":"https:\/\/www.africa-press.net\/tchad\/dossiers\/lutte-antiterroriste-en-afrique-les-dirigeants-manquent-de-sens-de-responsabilite-et-danticipation-selon-un-citoyen","og_site_name":"tchad","article_published_time":"2022-08-12T16:10:05+00:00","article_modified_time":"2022-08-12T16:34:43+00:00","og_image":[{"width":720,"height":313,"url":"https:\/\/static.africa-press.net\/tchad\/sites\/41\/2022\/08\/postQueueImg_6-62f6810868c19.jpg","type":"image\/jpeg"}],"author":"cfeditorfr","twitter_card":"summary_large_image","twitter_misc":{"\u00c9crit par":"cfeditorfr","Dur\u00e9e de lecture estim\u00e9e":"7 minutes"},"schema":{"@context":"https:\/\/schema.org","@graph":[{"@type":"Article","@id":"https:\/\/www.africa-press.net\/tchad\/dossiers\/lutte-antiterroriste-en-afrique-les-dirigeants-manquent-de-sens-de-responsabilite-et-danticipation-selon-un-citoyen#article","isPartOf":{"@id":"https:\/\/www.africa-press.net\/tchad\/dossiers\/lutte-antiterroriste-en-afrique-les-dirigeants-manquent-de-sens-de-responsabilite-et-danticipation-selon-un-citoyen"},"author":{"name":"cfeditorfr","@id":"https:\/\/www.africa-press.net\/tchad\/#\/schema\/person\/2b1cf3cd81a31e3cd26889ca66d677f1"},"headline":"Lutte antiterroriste en Afrique : Les dirigeants manquent de sens de responsabilit\u00e9 et d\u2019anticipation, selon un citoyen","datePublished":"2022-08-12T16:10:05+00:00","dateModified":"2022-08-12T16:34:43+00:00","mainEntityOfPage":{"@id":"https:\/\/www.africa-press.net\/tchad\/dossiers\/lutte-antiterroriste-en-afrique-les-dirigeants-manquent-de-sens-de-responsabilite-et-danticipation-selon-un-citoyen"},"wordCount":1432,"commentCount":0,"image":{"@id":"https:\/\/www.africa-press.net\/tchad\/dossiers\/lutte-antiterroriste-en-afrique-les-dirigeants-manquent-de-sens-de-responsabilite-et-danticipation-selon-un-citoyen#primaryimage"},"thumbnailUrl":"https:\/\/static.africa-press.net\/tchad\/sites\/41\/2022\/08\/postQueueImg_6-62f6810868c19.jpg","keywords":["Africa Press","Africa Press-Tchad","Tchad"],"articleSection":["Dossiers","homepage-french","Toutes les actualit\u00e9s"],"inLanguage":"fr-FR","potentialAction":[{"@type":"CommentAction","name":"Comment","target":["https:\/\/www.africa-press.net\/tchad\/dossiers\/lutte-antiterroriste-en-afrique-les-dirigeants-manquent-de-sens-de-responsabilite-et-danticipation-selon-un-citoyen#respond"]}]},{"@type":"WebPage","@id":"https:\/\/www.africa-press.net\/tchad\/dossiers\/lutte-antiterroriste-en-afrique-les-dirigeants-manquent-de-sens-de-responsabilite-et-danticipation-selon-un-citoyen","url":"https:\/\/www.africa-press.net\/tchad\/dossiers\/lutte-antiterroriste-en-afrique-les-dirigeants-manquent-de-sens-de-responsabilite-et-danticipation-selon-un-citoyen","name":"Lutte antiterroriste en Afrique : Les dirigeants manquent de sens de responsabilit\u00e9 et d\u2019anticipation, selon un citoyen - tchad","isPartOf":{"@id":"https:\/\/www.africa-press.net\/tchad\/#website"},"primaryImageOfPage":{"@id":"https:\/\/www.africa-press.net\/tchad\/dossiers\/lutte-antiterroriste-en-afrique-les-dirigeants-manquent-de-sens-de-responsabilite-et-danticipation-selon-un-citoyen#primaryimage"},"image":{"@id":"https:\/\/www.africa-press.net\/tchad\/dossiers\/lutte-antiterroriste-en-afrique-les-dirigeants-manquent-de-sens-de-responsabilite-et-danticipation-selon-un-citoyen#primaryimage"},"thumbnailUrl":"https:\/\/static.africa-press.net\/tchad\/sites\/41\/2022\/08\/postQueueImg_6-62f6810868c19.jpg","datePublished":"2022-08-12T16:10:05+00:00","dateModified":"2022-08-12T16:34:43+00:00","author":{"@id":"https:\/\/www.africa-press.net\/tchad\/#\/schema\/person\/2b1cf3cd81a31e3cd26889ca66d677f1"},"description":"Dans cette tribune parvenue ce vendredi 12 ao\u00fbt 2022 \u00e0 , un citoyen estime que le manque de sens de responsabilit\u00e9 et ...","breadcrumb":{"@id":"https:\/\/www.africa-press.net\/tchad\/dossiers\/lutte-antiterroriste-en-afrique-les-dirigeants-manquent-de-sens-de-responsabilite-et-danticipation-selon-un-citoyen#breadcrumb"},"inLanguage":"fr-FR","potentialAction":[{"@type":"ReadAction","target":["https:\/\/www.africa-press.net\/tchad\/dossiers\/lutte-antiterroriste-en-afrique-les-dirigeants-manquent-de-sens-de-responsabilite-et-danticipation-selon-un-citoyen"]}]},{"@type":"ImageObject","inLanguage":"fr-FR","@id":"https:\/\/www.africa-press.net\/tchad\/dossiers\/lutte-antiterroriste-en-afrique-les-dirigeants-manquent-de-sens-de-responsabilite-et-danticipation-selon-un-citoyen#primaryimage","url":"https:\/\/static.africa-press.net\/tchad\/sites\/41\/2022\/08\/postQueueImg_6-62f6810868c19.jpg","contentUrl":"https:\/\/static.africa-press.net\/tchad\/sites\/41\/2022\/08\/postQueueImg_6-62f6810868c19.jpg","width":720,"height":313,"caption":"Lutte antiterroriste en Afrique : Les dirigeants manquent de sens de responsabilit\u00e9 et d\u2019anticipation, selon un citoyen"},{"@type":"BreadcrumbList","@id":"https:\/\/www.africa-press.net\/tchad\/dossiers\/lutte-antiterroriste-en-afrique-les-dirigeants-manquent-de-sens-de-responsabilite-et-danticipation-selon-un-citoyen#breadcrumb","itemListElement":[{"@type":"ListItem","position":1,"name":"Accueil","item":"https:\/\/www.africa-press.net\/tchad\/"},{"@type":"ListItem","position":2,"name":"Lutte antiterroriste en Afrique : Les dirigeants manquent de sens de responsabilit\u00e9 et d\u2019anticipation, selon un citoyen"}]},{"@type":"WebSite","@id":"https:\/\/www.africa-press.net\/tchad\/#website","url":"https:\/\/www.africa-press.net\/tchad\/","name":"tchad","description":"Just another Africa News Agency Sites site","potentialAction":[{"@type":"SearchAction","target":{"@type":"EntryPoint","urlTemplate":"https:\/\/www.africa-press.net\/tchad\/?s={search_term_string}"},"query-input":{"@type":"PropertyValueSpecification","valueRequired":true,"valueName":"search_term_string"}}],"inLanguage":"fr-FR"},{"@type":"Person","@id":"https:\/\/www.africa-press.net\/tchad\/#\/schema\/person\/2b1cf3cd81a31e3cd26889ca66d677f1","name":"cfeditorfr"}]}},"_links":{"self":[{"href":"https:\/\/www.africa-press.net\/tchad\/wp-json\/wp\/v2\/posts\/30441","targetHints":{"allow":["GET"]}}],"collection":[{"href":"https:\/\/www.africa-press.net\/tchad\/wp-json\/wp\/v2\/posts"}],"about":[{"href":"https:\/\/www.africa-press.net\/tchad\/wp-json\/wp\/v2\/types\/post"}],"author":[{"embeddable":true,"href":"https:\/\/www.africa-press.net\/tchad\/wp-json\/wp\/v2\/users\/82"}],"replies":[{"embeddable":true,"href":"https:\/\/www.africa-press.net\/tchad\/wp-json\/wp\/v2\/comments?post=30441"}],"version-history":[{"count":0,"href":"https:\/\/www.africa-press.net\/tchad\/wp-json\/wp\/v2\/posts\/30441\/revisions"}],"wp:featuredmedia":[{"embeddable":true,"href":"https:\/\/www.africa-press.net\/tchad\/wp-json\/wp\/v2\/media\/30440"}],"wp:attachment":[{"href":"https:\/\/www.africa-press.net\/tchad\/wp-json\/wp\/v2\/media?parent=30441"}],"wp:term":[{"taxonomy":"category","embeddable":true,"href":"https:\/\/www.africa-press.net\/tchad\/wp-json\/wp\/v2\/categories?post=30441"},{"taxonomy":"post_tag","embeddable":true,"href":"https:\/\/www.africa-press.net\/tchad\/wp-json\/wp\/v2\/tags?post=30441"}],"curies":[{"name":"wp","href":"https:\/\/api.w.org\/{rel}","templated":true}]}}