{"id":30444,"date":"2022-08-12T17:35:58","date_gmt":"2022-08-12T17:35:58","guid":{"rendered":"https:\/\/www.africa-press.net\/tchad\/politique\/celebration-du-11-aout-demonstration-de-force-mais-perte-economique"},"modified":"2022-08-12T17:53:51","modified_gmt":"2022-08-12T17:53:51","slug":"celebration-du-11-aout-demonstration-de-force-mais-perte-economique","status":"publish","type":"post","link":"https:\/\/www.africa-press.net\/tchad\/politique\/celebration-du-11-aout-demonstration-de-force-mais-perte-economique","title":{"rendered":"c\u00e9l\u00e9bration du 11 ao\u00fbt, d\u00e9monstration de force mais perte \u00e9conomique"},"content":{"rendered":"<p><span style=\"color: #ff6600\"><strong>Africa-Press &#8211; Tchad. <\/strong><\/span>Cette c\u00e9l\u00e9bration qui est nationale devrait se faire sentir partout et cr\u00e9er un engouement comme nous le voyons dans d&rsquo;autres nations du monde. Curieusement, il y a eu deux f\u00eates dans la capitale tchadienne : un d\u00e9fil\u00e9 militaire \u00e0 la place de la nation et une autre c\u00e9l\u00e9bration dans les rues et coins strat\u00e9giques qui ont \u00e9t\u00e9 gard\u00e9s par la police nationale.<\/p>\n<p>Les Tchadiens sont-ils libres dans leur pays ? Cette question m\u00e9rite d&rsquo;\u00eatre pos\u00e9e. Politiquement parlant, la r\u00e9ponse est non ! Car, faut-il le rappeler : la r\u00e9union de concertation et de sensibilisation du parti Les Transformateurs dans le 6\u00e8me arrondissement a \u00e9t\u00e9 dispers\u00e9e par le Groupement mobile d&rsquo;intervention de la police (GMIP).<\/p>\n<p>Et la demande d&rsquo;autorisation de marche initi\u00e9e par le Parti R\u00e9formiste (PR) a \u00e9t\u00e9 interdite par le ministre de la S\u00e9curit\u00e9 publique. Une marche qui devrait avoir lieu ce 11 ao\u00fbt 2022. Suite \u00e0 ce mouvement d&rsquo;humeur, la police nationale et la GMIP ont \u00e9t\u00e9 d\u00e9ploy\u00e9s t\u00f4t le matin dans les art\u00e8res de la capitale.<\/p>\n<p>Sous l&rsquo;angle \u00e9conomique, la population qui vit au jour le jour en tirant son pain quotidien dans l&rsquo;informel, n&rsquo;a pas vaqu\u00e9 \u00e0 ses occupations comme il se doit. Les petits commerces qu&rsquo;exercent 80% des Ndjamenois \u00e9taient au ralenti. Le 11 ao\u00fbt de cette ann\u00e9e sur le plan infrastructurel est aussi regrettable que tout autre domaine, avec la sortie des chars de combat, de la caserne de Koundoul jusqu&rsquo;\u00e0 la place de la nation.<\/p>\n<p>Ces chars ont aggrav\u00e9 davantage l&rsquo;\u00e9tat des routes qui d\u00e9j\u00e0, \u00e9taient dans un \u00e9tat de d\u00e9gradation avanc\u00e9e. En principe, les chars de combat sont transport\u00e9s afin d&rsquo;\u00e9viter les d\u00e9gradations des voies bitum\u00e9es. Que les futurs dirigeants du Tchad comprennent, le temps des f\u00eates est pass\u00e9.<\/p>\n<p>Chaque Tchadien doit s\u2019asseoir, r\u00e9fl\u00e9chir et \u0153uvrer pour le d\u00e9veloppement du Tchad. Les 62 ans d&rsquo;ind\u00e9pendance n&rsquo;ont pas pu changer d\u2019un iota sous l&rsquo;angle du d\u00e9veloppement, mais plut\u00f4t, le Tchad est dernier sur tous les plans. L&rsquo;esprit festif est \u00e0 proscrire dans cette nouvelle g\u00e9n\u00e9ration. La c\u00e9l\u00e9bration a toujours marqu\u00e9 la fin d&rsquo;une comp\u00e9tition.<\/p>\n<p><strong>Pour plus d&rsquo;informations et d&rsquo;analyses sur la <a href=\"https:\/\/www.africa-press.net\/tchad\">Tchad<\/a>, suivez <a href=\"https:\/\/www.africa-press.net\/\">Africa-Press<\/a><\/strong><\/p>\n","protected":false},"excerpt":{"rendered":"<p>Africa-Press &#8211; Tchad. Cette c\u00e9l\u00e9bration qui est nationale devrait se faire sentir partout et cr\u00e9er un engouement comme nous le voyons dans d&rsquo;autres nations du monde. Curieusement, il y a eu deux f\u00eates dans la capitale tchadienne : un d\u00e9fil\u00e9 militaire \u00e0 la place de la nation et une autre c\u00e9l\u00e9bration dans les rues et [&hellip;]<\/p>\n","protected":false},"author":82,"featured_media":30443,"comment_status":"open","ping_status":"closed","sticky":false,"template":"","format":"standard","meta":{"footnotes":""},"categories":[11,2,10],"tags":[37,292,29],"class_list":["post-30444","post","type-post","status-publish","format-standard","has-post-thumbnail","hentry","category-homepage-french","category-politique","category-toutes-les-actualites","tag-africa-press","tag-africa-press-tchad","tag-tchad"],"yoast_head":"<!-- This site is optimized with the Yoast SEO Premium plugin v26.1 (Yoast SEO v27.0) - https:\/\/yoast.com\/product\/yoast-seo-premium-wordpress\/ -->\n<title>c\u00e9l\u00e9bration du 11 ao\u00fbt, d\u00e9monstration de force mais perte \u00e9conomique - tchad<\/title>\n<meta name=\"description\" content=\"Cette c\u00e9l\u00e9bration qui est nationale devrait se faire sentir partout et cr\u00e9er un engouement comme nous le voyons dans d&#039;a ...\" \/>\n<meta name=\"robots\" content=\"index, follow, max-snippet:-1, max-image-preview:large, max-video-preview:-1\" \/>\n<link rel=\"canonical\" href=\"https:\/\/www.africa-press.net\/tchad\/politique\/celebration-du-11-aout-demonstration-de-force-mais-perte-economique\" \/>\n<meta property=\"og:locale\" content=\"fr_FR\" \/>\n<meta property=\"og:type\" content=\"article\" \/>\n<meta property=\"og:title\" content=\"c\u00e9l\u00e9bration du 11 ao\u00fbt, d\u00e9monstration de force mais perte \u00e9conomique\" \/>\n<meta property=\"og:description\" content=\"Cette c\u00e9l\u00e9bration qui est nationale devrait se faire sentir partout et cr\u00e9er un engouement comme nous le voyons dans d&#039;a ...\" \/>\n<meta property=\"og:url\" content=\"https:\/\/www.africa-press.net\/tchad\/politique\/celebration-du-11-aout-demonstration-de-force-mais-perte-economique\" \/>\n<meta property=\"og:site_name\" content=\"tchad\" \/>\n<meta property=\"article:published_time\" content=\"2022-08-12T17:35:58+00:00\" \/>\n<meta property=\"article:modified_time\" content=\"2022-08-12T17:53:51+00:00\" \/>\n<meta property=\"og:image\" content=\"https:\/\/static.africa-press.net\/tchad\/sites\/41\/2022\/08\/postQueueImg_1-62f6936c29915.jpg\" \/>\n\t<meta property=\"og:image:width\" content=\"1080\" \/>\n\t<meta property=\"og:image:height\" content=\"718\" \/>\n\t<meta property=\"og:image:type\" content=\"image\/jpeg\" \/>\n<meta name=\"author\" content=\"cfeditorfr\" \/>\n<meta name=\"twitter:card\" content=\"summary_large_image\" \/>\n<meta name=\"twitter:label1\" content=\"\u00c9crit par\" \/>\n\t<meta name=\"twitter:data1\" content=\"cfeditorfr\" \/>\n\t<meta name=\"twitter:label2\" content=\"Dur\u00e9e de lecture estim\u00e9e\" \/>\n\t<meta name=\"twitter:data2\" content=\"2 minutes\" \/>\n<script type=\"application\/ld+json\" class=\"yoast-schema-graph\">{\"@context\":\"https:\/\/schema.org\",\"@graph\":[{\"@type\":\"Article\",\"@id\":\"https:\/\/www.africa-press.net\/tchad\/politique\/celebration-du-11-aout-demonstration-de-force-mais-perte-economique#article\",\"isPartOf\":{\"@id\":\"https:\/\/www.africa-press.net\/tchad\/politique\/celebration-du-11-aout-demonstration-de-force-mais-perte-economique\"},\"author\":{\"name\":\"cfeditorfr\",\"@id\":\"https:\/\/www.africa-press.net\/tchad\/#\/schema\/person\/2b1cf3cd81a31e3cd26889ca66d677f1\"},\"headline\":\"c\u00e9l\u00e9bration du 11 ao\u00fbt, d\u00e9monstration de force mais perte \u00e9conomique\",\"datePublished\":\"2022-08-12T17:35:58+00:00\",\"dateModified\":\"2022-08-12T17:53:51+00:00\",\"mainEntityOfPage\":{\"@id\":\"https:\/\/www.africa-press.net\/tchad\/politique\/celebration-du-11-aout-demonstration-de-force-mais-perte-economique\"},\"wordCount\":416,\"commentCount\":0,\"image\":{\"@id\":\"https:\/\/www.africa-press.net\/tchad\/politique\/celebration-du-11-aout-demonstration-de-force-mais-perte-economique#primaryimage\"},\"thumbnailUrl\":\"https:\/\/static.africa-press.net\/tchad\/sites\/41\/2022\/08\/postQueueImg_1-62f6936c29915.jpg\",\"keywords\":[\"Africa Press\",\"Africa Press-Tchad\",\"Tchad\"],\"articleSection\":[\"homepage-french\",\"Politique\",\"Toutes les actualit\u00e9s\"],\"inLanguage\":\"fr-FR\",\"potentialAction\":[{\"@type\":\"CommentAction\",\"name\":\"Comment\",\"target\":[\"https:\/\/www.africa-press.net\/tchad\/politique\/celebration-du-11-aout-demonstration-de-force-mais-perte-economique#respond\"]}]},{\"@type\":\"WebPage\",\"@id\":\"https:\/\/www.africa-press.net\/tchad\/politique\/celebration-du-11-aout-demonstration-de-force-mais-perte-economique\",\"url\":\"https:\/\/www.africa-press.net\/tchad\/politique\/celebration-du-11-aout-demonstration-de-force-mais-perte-economique\",\"name\":\"c\u00e9l\u00e9bration du 11 ao\u00fbt, d\u00e9monstration de force mais perte \u00e9conomique - tchad\",\"isPartOf\":{\"@id\":\"https:\/\/www.africa-press.net\/tchad\/#website\"},\"primaryImageOfPage\":{\"@id\":\"https:\/\/www.africa-press.net\/tchad\/politique\/celebration-du-11-aout-demonstration-de-force-mais-perte-economique#primaryimage\"},\"image\":{\"@id\":\"https:\/\/www.africa-press.net\/tchad\/politique\/celebration-du-11-aout-demonstration-de-force-mais-perte-economique#primaryimage\"},\"thumbnailUrl\":\"https:\/\/static.africa-press.net\/tchad\/sites\/41\/2022\/08\/postQueueImg_1-62f6936c29915.jpg\",\"datePublished\":\"2022-08-12T17:35:58+00:00\",\"dateModified\":\"2022-08-12T17:53:51+00:00\",\"author\":{\"@id\":\"https:\/\/www.africa-press.net\/tchad\/#\/schema\/person\/2b1cf3cd81a31e3cd26889ca66d677f1\"},\"description\":\"Cette c\u00e9l\u00e9bration qui est nationale devrait se faire sentir partout et cr\u00e9er un engouement comme nous le voyons dans d'a ...\",\"breadcrumb\":{\"@id\":\"https:\/\/www.africa-press.net\/tchad\/politique\/celebration-du-11-aout-demonstration-de-force-mais-perte-economique#breadcrumb\"},\"inLanguage\":\"fr-FR\",\"potentialAction\":[{\"@type\":\"ReadAction\",\"target\":[\"https:\/\/www.africa-press.net\/tchad\/politique\/celebration-du-11-aout-demonstration-de-force-mais-perte-economique\"]}]},{\"@type\":\"ImageObject\",\"inLanguage\":\"fr-FR\",\"@id\":\"https:\/\/www.africa-press.net\/tchad\/politique\/celebration-du-11-aout-demonstration-de-force-mais-perte-economique#primaryimage\",\"url\":\"https:\/\/static.africa-press.net\/tchad\/sites\/41\/2022\/08\/postQueueImg_1-62f6936c29915.jpg\",\"contentUrl\":\"https:\/\/static.africa-press.net\/tchad\/sites\/41\/2022\/08\/postQueueImg_1-62f6936c29915.jpg\",\"width\":1080,\"height\":718,\"caption\":\"c\u00e9l\u00e9bration du 11 ao\u00fbt, d\u00e9monstration de force mais perte \u00e9conomique\"},{\"@type\":\"BreadcrumbList\",\"@id\":\"https:\/\/www.africa-press.net\/tchad\/politique\/celebration-du-11-aout-demonstration-de-force-mais-perte-economique#breadcrumb\",\"itemListElement\":[{\"@type\":\"ListItem\",\"position\":1,\"name\":\"Accueil\",\"item\":\"https:\/\/www.africa-press.net\/tchad\/\"},{\"@type\":\"ListItem\",\"position\":2,\"name\":\"c\u00e9l\u00e9bration du 11 ao\u00fbt, d\u00e9monstration de force mais perte \u00e9conomique\"}]},{\"@type\":\"WebSite\",\"@id\":\"https:\/\/www.africa-press.net\/tchad\/#website\",\"url\":\"https:\/\/www.africa-press.net\/tchad\/\",\"name\":\"tchad\",\"description\":\"Just another Africa News Agency Sites site\",\"potentialAction\":[{\"@type\":\"SearchAction\",\"target\":{\"@type\":\"EntryPoint\",\"urlTemplate\":\"https:\/\/www.africa-press.net\/tchad\/?s={search_term_string}\"},\"query-input\":{\"@type\":\"PropertyValueSpecification\",\"valueRequired\":true,\"valueName\":\"search_term_string\"}}],\"inLanguage\":\"fr-FR\"},{\"@type\":\"Person\",\"@id\":\"https:\/\/www.africa-press.net\/tchad\/#\/schema\/person\/2b1cf3cd81a31e3cd26889ca66d677f1\",\"name\":\"cfeditorfr\"}]}<\/script>\n<!-- \/ Yoast SEO Premium plugin. -->","yoast_head_json":{"title":"c\u00e9l\u00e9bration du 11 ao\u00fbt, d\u00e9monstration de force mais perte \u00e9conomique - tchad","description":"Cette c\u00e9l\u00e9bration qui est nationale devrait se faire sentir partout et cr\u00e9er un engouement comme nous le voyons dans d'a ...","robots":{"index":"index","follow":"follow","max-snippet":"max-snippet:-1","max-image-preview":"max-image-preview:large","max-video-preview":"max-video-preview:-1"},"canonical":"https:\/\/www.africa-press.net\/tchad\/politique\/celebration-du-11-aout-demonstration-de-force-mais-perte-economique","og_locale":"fr_FR","og_type":"article","og_title":"c\u00e9l\u00e9bration du 11 ao\u00fbt, d\u00e9monstration de force mais perte \u00e9conomique","og_description":"Cette c\u00e9l\u00e9bration qui est nationale devrait se faire sentir partout et cr\u00e9er un engouement comme nous le voyons dans d'a ...","og_url":"https:\/\/www.africa-press.net\/tchad\/politique\/celebration-du-11-aout-demonstration-de-force-mais-perte-economique","og_site_name":"tchad","article_published_time":"2022-08-12T17:35:58+00:00","article_modified_time":"2022-08-12T17:53:51+00:00","og_image":[{"width":1080,"height":718,"url":"https:\/\/static.africa-press.net\/tchad\/sites\/41\/2022\/08\/postQueueImg_1-62f6936c29915.jpg","type":"image\/jpeg"}],"author":"cfeditorfr","twitter_card":"summary_large_image","twitter_misc":{"\u00c9crit par":"cfeditorfr","Dur\u00e9e de lecture estim\u00e9e":"2 minutes"},"schema":{"@context":"https:\/\/schema.org","@graph":[{"@type":"Article","@id":"https:\/\/www.africa-press.net\/tchad\/politique\/celebration-du-11-aout-demonstration-de-force-mais-perte-economique#article","isPartOf":{"@id":"https:\/\/www.africa-press.net\/tchad\/politique\/celebration-du-11-aout-demonstration-de-force-mais-perte-economique"},"author":{"name":"cfeditorfr","@id":"https:\/\/www.africa-press.net\/tchad\/#\/schema\/person\/2b1cf3cd81a31e3cd26889ca66d677f1"},"headline":"c\u00e9l\u00e9bration du 11 ao\u00fbt, d\u00e9monstration de force mais perte \u00e9conomique","datePublished":"2022-08-12T17:35:58+00:00","dateModified":"2022-08-12T17:53:51+00:00","mainEntityOfPage":{"@id":"https:\/\/www.africa-press.net\/tchad\/politique\/celebration-du-11-aout-demonstration-de-force-mais-perte-economique"},"wordCount":416,"commentCount":0,"image":{"@id":"https:\/\/www.africa-press.net\/tchad\/politique\/celebration-du-11-aout-demonstration-de-force-mais-perte-economique#primaryimage"},"thumbnailUrl":"https:\/\/static.africa-press.net\/tchad\/sites\/41\/2022\/08\/postQueueImg_1-62f6936c29915.jpg","keywords":["Africa Press","Africa Press-Tchad","Tchad"],"articleSection":["homepage-french","Politique","Toutes les actualit\u00e9s"],"inLanguage":"fr-FR","potentialAction":[{"@type":"CommentAction","name":"Comment","target":["https:\/\/www.africa-press.net\/tchad\/politique\/celebration-du-11-aout-demonstration-de-force-mais-perte-economique#respond"]}]},{"@type":"WebPage","@id":"https:\/\/www.africa-press.net\/tchad\/politique\/celebration-du-11-aout-demonstration-de-force-mais-perte-economique","url":"https:\/\/www.africa-press.net\/tchad\/politique\/celebration-du-11-aout-demonstration-de-force-mais-perte-economique","name":"c\u00e9l\u00e9bration du 11 ao\u00fbt, d\u00e9monstration de force mais perte \u00e9conomique - tchad","isPartOf":{"@id":"https:\/\/www.africa-press.net\/tchad\/#website"},"primaryImageOfPage":{"@id":"https:\/\/www.africa-press.net\/tchad\/politique\/celebration-du-11-aout-demonstration-de-force-mais-perte-economique#primaryimage"},"image":{"@id":"https:\/\/www.africa-press.net\/tchad\/politique\/celebration-du-11-aout-demonstration-de-force-mais-perte-economique#primaryimage"},"thumbnailUrl":"https:\/\/static.africa-press.net\/tchad\/sites\/41\/2022\/08\/postQueueImg_1-62f6936c29915.jpg","datePublished":"2022-08-12T17:35:58+00:00","dateModified":"2022-08-12T17:53:51+00:00","author":{"@id":"https:\/\/www.africa-press.net\/tchad\/#\/schema\/person\/2b1cf3cd81a31e3cd26889ca66d677f1"},"description":"Cette c\u00e9l\u00e9bration qui est nationale devrait se faire sentir partout et cr\u00e9er un engouement comme nous le voyons dans d'a ...","breadcrumb":{"@id":"https:\/\/www.africa-press.net\/tchad\/politique\/celebration-du-11-aout-demonstration-de-force-mais-perte-economique#breadcrumb"},"inLanguage":"fr-FR","potentialAction":[{"@type":"ReadAction","target":["https:\/\/www.africa-press.net\/tchad\/politique\/celebration-du-11-aout-demonstration-de-force-mais-perte-economique"]}]},{"@type":"ImageObject","inLanguage":"fr-FR","@id":"https:\/\/www.africa-press.net\/tchad\/politique\/celebration-du-11-aout-demonstration-de-force-mais-perte-economique#primaryimage","url":"https:\/\/static.africa-press.net\/tchad\/sites\/41\/2022\/08\/postQueueImg_1-62f6936c29915.jpg","contentUrl":"https:\/\/static.africa-press.net\/tchad\/sites\/41\/2022\/08\/postQueueImg_1-62f6936c29915.jpg","width":1080,"height":718,"caption":"c\u00e9l\u00e9bration du 11 ao\u00fbt, d\u00e9monstration de force mais perte \u00e9conomique"},{"@type":"BreadcrumbList","@id":"https:\/\/www.africa-press.net\/tchad\/politique\/celebration-du-11-aout-demonstration-de-force-mais-perte-economique#breadcrumb","itemListElement":[{"@type":"ListItem","position":1,"name":"Accueil","item":"https:\/\/www.africa-press.net\/tchad\/"},{"@type":"ListItem","position":2,"name":"c\u00e9l\u00e9bration du 11 ao\u00fbt, d\u00e9monstration de force mais perte \u00e9conomique"}]},{"@type":"WebSite","@id":"https:\/\/www.africa-press.net\/tchad\/#website","url":"https:\/\/www.africa-press.net\/tchad\/","name":"tchad","description":"Just another Africa News Agency Sites site","potentialAction":[{"@type":"SearchAction","target":{"@type":"EntryPoint","urlTemplate":"https:\/\/www.africa-press.net\/tchad\/?s={search_term_string}"},"query-input":{"@type":"PropertyValueSpecification","valueRequired":true,"valueName":"search_term_string"}}],"inLanguage":"fr-FR"},{"@type":"Person","@id":"https:\/\/www.africa-press.net\/tchad\/#\/schema\/person\/2b1cf3cd81a31e3cd26889ca66d677f1","name":"cfeditorfr"}]}},"_links":{"self":[{"href":"https:\/\/www.africa-press.net\/tchad\/wp-json\/wp\/v2\/posts\/30444","targetHints":{"allow":["GET"]}}],"collection":[{"href":"https:\/\/www.africa-press.net\/tchad\/wp-json\/wp\/v2\/posts"}],"about":[{"href":"https:\/\/www.africa-press.net\/tchad\/wp-json\/wp\/v2\/types\/post"}],"author":[{"embeddable":true,"href":"https:\/\/www.africa-press.net\/tchad\/wp-json\/wp\/v2\/users\/82"}],"replies":[{"embeddable":true,"href":"https:\/\/www.africa-press.net\/tchad\/wp-json\/wp\/v2\/comments?post=30444"}],"version-history":[{"count":0,"href":"https:\/\/www.africa-press.net\/tchad\/wp-json\/wp\/v2\/posts\/30444\/revisions"}],"wp:featuredmedia":[{"embeddable":true,"href":"https:\/\/www.africa-press.net\/tchad\/wp-json\/wp\/v2\/media\/30443"}],"wp:attachment":[{"href":"https:\/\/www.africa-press.net\/tchad\/wp-json\/wp\/v2\/media?parent=30444"}],"wp:term":[{"taxonomy":"category","embeddable":true,"href":"https:\/\/www.africa-press.net\/tchad\/wp-json\/wp\/v2\/categories?post=30444"},{"taxonomy":"post_tag","embeddable":true,"href":"https:\/\/www.africa-press.net\/tchad\/wp-json\/wp\/v2\/tags?post=30444"}],"curies":[{"name":"wp","href":"https:\/\/api.w.org\/{rel}","templated":true}]}}