{"id":30447,"date":"2022-08-12T17:38:44","date_gmt":"2022-08-12T17:38:44","guid":{"rendered":"https:\/\/www.africa-press.net\/tchad\/politique\/le-ministere-de-lelevage-prepare-laudit-cooperatif-du-bassin-du-niger"},"modified":"2022-08-12T17:55:53","modified_gmt":"2022-08-12T17:55:53","slug":"le-ministere-de-lelevage-prepare-laudit-cooperatif-du-bassin-du-niger","status":"publish","type":"post","link":"https:\/\/www.africa-press.net\/tchad\/economie\/le-ministere-de-lelevage-prepare-laudit-cooperatif-du-bassin-du-niger","title":{"rendered":"le minist\u00e8re de l\u2019Elevage pr\u00e9pare l\u2019audit coop\u00e9ratif du Bassin du Niger"},"content":{"rendered":"<p><span style=\"color: #ff6600\"><strong>Africa-Press &#8211; Tchad. <\/strong><\/span>Il s\u2019est tenu ce vendredi 12 ao\u00fbt 2022, au minist\u00e8re de l\u2019Elevage et des Productions Animales, une rencontre d\u2019\u00e9change pr\u00e9liminaire sur la r\u00e9alisation d\u2019un Audit Coop\u00e9ratif du Bassin du Niger.<\/p>\n<p>L\u2019assise a \u00e9t\u00e9 pr\u00e9sid\u00e9e par, Dr Abderrahim Awat Atteib, ministre en charge de l\u2019Elevage. L\u2019\u00e9quipe de la Chambre des Comptes de la Cour Supr\u00eame du Tchad qui a effectu\u00e9 le d\u00e9placement du minist\u00e8re \u00e9tait conduit par la pr\u00e9sidente de l\u2019institution, Zara Brahim Mahamat Itno.<\/p>\n<p>Selon la pr\u00e9sidente de la Chambre, cet audit s\u2019inscrit dans le cadre de l\u2019ex\u00e9cution du plan d\u2019action de l\u2019AFROSAI 2022-2023 et l\u2019objectif fix\u00e9 est de v\u00e9rifier si les pays membres et les acteurs concern\u00e9s respectent les normes et les meilleures pratiques de la gestion du bassin du Niger.<\/p>\n<p>Il permettra \u00e9galement de d\u00e9terminer dans quelles mesures les Etats partenaires et les parties prenantes ont mis en place un syst\u00e8me pour assurer une utilisation efficace et effective de l\u2019eau dans le bassin du Niger et de d\u00e9terminer si l\u2019autorit\u00e9 du bassin \u00e9value et contr\u00f4le les performances des Etats partenaires.<\/p>\n<p>Apr\u00e8s quelques questions d\u2019\u00e9claircissement, Dr Abderahim Awat Atteib, ministre en charge de l\u2019Elevage a rassur\u00e9 l\u2019\u00e9quipe de la disponibilit\u00e9 de son D\u00e9partement \u00e0 collaborer avec l\u2019\u00e9quipe des auditeurs afin de disposer des bonnes informations pour des bons r\u00e9sultats.<\/p>\n<p>Quatre d\u00e9partements minist\u00e9riels sont concern\u00e9s par cet Audit. Il s\u2019agit des minist\u00e8res de l\u2019Elevage, de l\u2019Environnement, de l\u2019Hydraulique et du D\u00e9veloppement Agricole. Bref, toutes les institutions intervenant dans le secteur de d\u00e9veloppement rural.<\/p>\n<p><strong>Pour plus d&rsquo;informations et d&rsquo;analyses sur la <a href=\"https:\/\/www.africa-press.net\/tchad\">Tchad<\/a>, suivez <a href=\"https:\/\/www.africa-press.net\/\">Africa-Press<\/a><\/strong><\/p>\n","protected":false},"excerpt":{"rendered":"<p>Africa-Press &#8211; Tchad. Il s\u2019est tenu ce vendredi 12 ao\u00fbt 2022, au minist\u00e8re de l\u2019Elevage et des Productions Animales, une rencontre d\u2019\u00e9change pr\u00e9liminaire sur la r\u00e9alisation d\u2019un Audit Coop\u00e9ratif du Bassin du Niger. L\u2019assise a \u00e9t\u00e9 pr\u00e9sid\u00e9e par, Dr Abderrahim Awat Atteib, ministre en charge de l\u2019Elevage. L\u2019\u00e9quipe de la Chambre des Comptes de la [&hellip;]<\/p>\n","protected":false},"author":82,"featured_media":30446,"comment_status":"open","ping_status":"closed","sticky":false,"template":"","format":"standard","meta":{"footnotes":""},"categories":[3,11,10],"tags":[37,292,29],"class_list":["post-30447","post","type-post","status-publish","format-standard","has-post-thumbnail","hentry","category-economie","category-homepage-french","category-toutes-les-actualites","tag-africa-press","tag-africa-press-tchad","tag-tchad"],"yoast_head":"<!-- This site is optimized with the Yoast SEO Premium plugin v26.1 (Yoast SEO v27.0) - https:\/\/yoast.com\/product\/yoast-seo-premium-wordpress\/ -->\n<title>le minist\u00e8re de l\u2019Elevage pr\u00e9pare l\u2019audit coop\u00e9ratif du Bassin du Niger - tchad<\/title>\n<meta name=\"description\" content=\"Il s\u2019est tenu ce vendredi 12 ao\u00fbt 2022, au minist\u00e8re de l\u2019Elevage et des Productions Animales, une rencontre d\u2019\u00e9change p ...\" \/>\n<meta name=\"robots\" content=\"index, follow, max-snippet:-1, max-image-preview:large, max-video-preview:-1\" \/>\n<link rel=\"canonical\" href=\"https:\/\/www.africa-press.net\/tchad\/economie\/le-ministere-de-lelevage-prepare-laudit-cooperatif-du-bassin-du-niger\" \/>\n<meta property=\"og:locale\" content=\"fr_FR\" \/>\n<meta property=\"og:type\" content=\"article\" \/>\n<meta property=\"og:title\" content=\"le minist\u00e8re de l\u2019Elevage pr\u00e9pare l\u2019audit coop\u00e9ratif du Bassin du Niger\" \/>\n<meta property=\"og:description\" content=\"Il s\u2019est tenu ce vendredi 12 ao\u00fbt 2022, au minist\u00e8re de l\u2019Elevage et des Productions Animales, une rencontre d\u2019\u00e9change p ...\" \/>\n<meta property=\"og:url\" content=\"https:\/\/www.africa-press.net\/tchad\/economie\/le-ministere-de-lelevage-prepare-laudit-cooperatif-du-bassin-du-niger\" \/>\n<meta property=\"og:site_name\" content=\"tchad\" \/>\n<meta property=\"article:published_time\" content=\"2022-08-12T17:38:44+00:00\" \/>\n<meta property=\"article:modified_time\" content=\"2022-08-12T17:55:53+00:00\" \/>\n<meta property=\"og:image\" content=\"https:\/\/static.africa-press.net\/tchad\/sites\/41\/2022\/08\/postQueueImg_3-62f6940da5280.jpg\" \/>\n\t<meta property=\"og:image:width\" content=\"780\" \/>\n\t<meta property=\"og:image:height\" content=\"440\" \/>\n\t<meta property=\"og:image:type\" content=\"image\/jpeg\" \/>\n<meta name=\"author\" content=\"cfeditorfr\" \/>\n<meta name=\"twitter:card\" content=\"summary_large_image\" \/>\n<meta name=\"twitter:label1\" content=\"\u00c9crit par\" \/>\n\t<meta name=\"twitter:data1\" content=\"cfeditorfr\" \/>\n\t<meta name=\"twitter:label2\" content=\"Dur\u00e9e de lecture estim\u00e9e\" \/>\n\t<meta name=\"twitter:data2\" content=\"2 minutes\" \/>\n<script type=\"application\/ld+json\" class=\"yoast-schema-graph\">{\"@context\":\"https:\/\/schema.org\",\"@graph\":[{\"@type\":\"Article\",\"@id\":\"https:\/\/www.africa-press.net\/tchad\/economie\/le-ministere-de-lelevage-prepare-laudit-cooperatif-du-bassin-du-niger#article\",\"isPartOf\":{\"@id\":\"https:\/\/www.africa-press.net\/tchad\/economie\/le-ministere-de-lelevage-prepare-laudit-cooperatif-du-bassin-du-niger\"},\"author\":{\"name\":\"cfeditorfr\",\"@id\":\"https:\/\/www.africa-press.net\/tchad\/#\/schema\/person\/2b1cf3cd81a31e3cd26889ca66d677f1\"},\"headline\":\"le minist\u00e8re de l\u2019Elevage pr\u00e9pare l\u2019audit coop\u00e9ratif du Bassin du Niger\",\"datePublished\":\"2022-08-12T17:38:44+00:00\",\"dateModified\":\"2022-08-12T17:55:53+00:00\",\"mainEntityOfPage\":{\"@id\":\"https:\/\/www.africa-press.net\/tchad\/economie\/le-ministere-de-lelevage-prepare-laudit-cooperatif-du-bassin-du-niger\"},\"wordCount\":322,\"commentCount\":0,\"image\":{\"@id\":\"https:\/\/www.africa-press.net\/tchad\/economie\/le-ministere-de-lelevage-prepare-laudit-cooperatif-du-bassin-du-niger#primaryimage\"},\"thumbnailUrl\":\"https:\/\/static.africa-press.net\/tchad\/sites\/41\/2022\/08\/postQueueImg_3-62f6940da5280.jpg\",\"keywords\":[\"Africa Press\",\"Africa Press-Tchad\",\"Tchad\"],\"articleSection\":[\"\u00c9conomie\",\"homepage-french\",\"Toutes les actualit\u00e9s\"],\"inLanguage\":\"fr-FR\",\"potentialAction\":[{\"@type\":\"CommentAction\",\"name\":\"Comment\",\"target\":[\"https:\/\/www.africa-press.net\/tchad\/economie\/le-ministere-de-lelevage-prepare-laudit-cooperatif-du-bassin-du-niger#respond\"]}]},{\"@type\":\"WebPage\",\"@id\":\"https:\/\/www.africa-press.net\/tchad\/economie\/le-ministere-de-lelevage-prepare-laudit-cooperatif-du-bassin-du-niger\",\"url\":\"https:\/\/www.africa-press.net\/tchad\/economie\/le-ministere-de-lelevage-prepare-laudit-cooperatif-du-bassin-du-niger\",\"name\":\"le minist\u00e8re de l\u2019Elevage pr\u00e9pare l\u2019audit coop\u00e9ratif du Bassin du Niger - tchad\",\"isPartOf\":{\"@id\":\"https:\/\/www.africa-press.net\/tchad\/#website\"},\"primaryImageOfPage\":{\"@id\":\"https:\/\/www.africa-press.net\/tchad\/economie\/le-ministere-de-lelevage-prepare-laudit-cooperatif-du-bassin-du-niger#primaryimage\"},\"image\":{\"@id\":\"https:\/\/www.africa-press.net\/tchad\/economie\/le-ministere-de-lelevage-prepare-laudit-cooperatif-du-bassin-du-niger#primaryimage\"},\"thumbnailUrl\":\"https:\/\/static.africa-press.net\/tchad\/sites\/41\/2022\/08\/postQueueImg_3-62f6940da5280.jpg\",\"datePublished\":\"2022-08-12T17:38:44+00:00\",\"dateModified\":\"2022-08-12T17:55:53+00:00\",\"author\":{\"@id\":\"https:\/\/www.africa-press.net\/tchad\/#\/schema\/person\/2b1cf3cd81a31e3cd26889ca66d677f1\"},\"description\":\"Il s\u2019est tenu ce vendredi 12 ao\u00fbt 2022, au minist\u00e8re de l\u2019Elevage et des Productions Animales, une rencontre d\u2019\u00e9change p ...\",\"breadcrumb\":{\"@id\":\"https:\/\/www.africa-press.net\/tchad\/economie\/le-ministere-de-lelevage-prepare-laudit-cooperatif-du-bassin-du-niger#breadcrumb\"},\"inLanguage\":\"fr-FR\",\"potentialAction\":[{\"@type\":\"ReadAction\",\"target\":[\"https:\/\/www.africa-press.net\/tchad\/economie\/le-ministere-de-lelevage-prepare-laudit-cooperatif-du-bassin-du-niger\"]}]},{\"@type\":\"ImageObject\",\"inLanguage\":\"fr-FR\",\"@id\":\"https:\/\/www.africa-press.net\/tchad\/economie\/le-ministere-de-lelevage-prepare-laudit-cooperatif-du-bassin-du-niger#primaryimage\",\"url\":\"https:\/\/static.africa-press.net\/tchad\/sites\/41\/2022\/08\/postQueueImg_3-62f6940da5280.jpg\",\"contentUrl\":\"https:\/\/static.africa-press.net\/tchad\/sites\/41\/2022\/08\/postQueueImg_3-62f6940da5280.jpg\",\"width\":780,\"height\":440,\"caption\":\"le minist\u00e8re de l\u2019Elevage pr\u00e9pare l\u2019audit coop\u00e9ratif du Bassin du Niger\"},{\"@type\":\"BreadcrumbList\",\"@id\":\"https:\/\/www.africa-press.net\/tchad\/economie\/le-ministere-de-lelevage-prepare-laudit-cooperatif-du-bassin-du-niger#breadcrumb\",\"itemListElement\":[{\"@type\":\"ListItem\",\"position\":1,\"name\":\"Accueil\",\"item\":\"https:\/\/www.africa-press.net\/tchad\/\"},{\"@type\":\"ListItem\",\"position\":2,\"name\":\"le minist\u00e8re de l\u2019Elevage pr\u00e9pare l\u2019audit coop\u00e9ratif du Bassin du Niger\"}]},{\"@type\":\"WebSite\",\"@id\":\"https:\/\/www.africa-press.net\/tchad\/#website\",\"url\":\"https:\/\/www.africa-press.net\/tchad\/\",\"name\":\"tchad\",\"description\":\"Just another Africa News Agency Sites site\",\"potentialAction\":[{\"@type\":\"SearchAction\",\"target\":{\"@type\":\"EntryPoint\",\"urlTemplate\":\"https:\/\/www.africa-press.net\/tchad\/?s={search_term_string}\"},\"query-input\":{\"@type\":\"PropertyValueSpecification\",\"valueRequired\":true,\"valueName\":\"search_term_string\"}}],\"inLanguage\":\"fr-FR\"},{\"@type\":\"Person\",\"@id\":\"https:\/\/www.africa-press.net\/tchad\/#\/schema\/person\/2b1cf3cd81a31e3cd26889ca66d677f1\",\"name\":\"cfeditorfr\"}]}<\/script>\n<!-- \/ Yoast SEO Premium plugin. -->","yoast_head_json":{"title":"le minist\u00e8re de l\u2019Elevage pr\u00e9pare l\u2019audit coop\u00e9ratif du Bassin du Niger - tchad","description":"Il s\u2019est tenu ce vendredi 12 ao\u00fbt 2022, au minist\u00e8re de l\u2019Elevage et des Productions Animales, une rencontre d\u2019\u00e9change p ...","robots":{"index":"index","follow":"follow","max-snippet":"max-snippet:-1","max-image-preview":"max-image-preview:large","max-video-preview":"max-video-preview:-1"},"canonical":"https:\/\/www.africa-press.net\/tchad\/economie\/le-ministere-de-lelevage-prepare-laudit-cooperatif-du-bassin-du-niger","og_locale":"fr_FR","og_type":"article","og_title":"le minist\u00e8re de l\u2019Elevage pr\u00e9pare l\u2019audit coop\u00e9ratif du Bassin du Niger","og_description":"Il s\u2019est tenu ce vendredi 12 ao\u00fbt 2022, au minist\u00e8re de l\u2019Elevage et des Productions Animales, une rencontre d\u2019\u00e9change p ...","og_url":"https:\/\/www.africa-press.net\/tchad\/economie\/le-ministere-de-lelevage-prepare-laudit-cooperatif-du-bassin-du-niger","og_site_name":"tchad","article_published_time":"2022-08-12T17:38:44+00:00","article_modified_time":"2022-08-12T17:55:53+00:00","og_image":[{"width":780,"height":440,"url":"https:\/\/static.africa-press.net\/tchad\/sites\/41\/2022\/08\/postQueueImg_3-62f6940da5280.jpg","type":"image\/jpeg"}],"author":"cfeditorfr","twitter_card":"summary_large_image","twitter_misc":{"\u00c9crit par":"cfeditorfr","Dur\u00e9e de lecture estim\u00e9e":"2 minutes"},"schema":{"@context":"https:\/\/schema.org","@graph":[{"@type":"Article","@id":"https:\/\/www.africa-press.net\/tchad\/economie\/le-ministere-de-lelevage-prepare-laudit-cooperatif-du-bassin-du-niger#article","isPartOf":{"@id":"https:\/\/www.africa-press.net\/tchad\/economie\/le-ministere-de-lelevage-prepare-laudit-cooperatif-du-bassin-du-niger"},"author":{"name":"cfeditorfr","@id":"https:\/\/www.africa-press.net\/tchad\/#\/schema\/person\/2b1cf3cd81a31e3cd26889ca66d677f1"},"headline":"le minist\u00e8re de l\u2019Elevage pr\u00e9pare l\u2019audit coop\u00e9ratif du Bassin du Niger","datePublished":"2022-08-12T17:38:44+00:00","dateModified":"2022-08-12T17:55:53+00:00","mainEntityOfPage":{"@id":"https:\/\/www.africa-press.net\/tchad\/economie\/le-ministere-de-lelevage-prepare-laudit-cooperatif-du-bassin-du-niger"},"wordCount":322,"commentCount":0,"image":{"@id":"https:\/\/www.africa-press.net\/tchad\/economie\/le-ministere-de-lelevage-prepare-laudit-cooperatif-du-bassin-du-niger#primaryimage"},"thumbnailUrl":"https:\/\/static.africa-press.net\/tchad\/sites\/41\/2022\/08\/postQueueImg_3-62f6940da5280.jpg","keywords":["Africa Press","Africa Press-Tchad","Tchad"],"articleSection":["\u00c9conomie","homepage-french","Toutes les actualit\u00e9s"],"inLanguage":"fr-FR","potentialAction":[{"@type":"CommentAction","name":"Comment","target":["https:\/\/www.africa-press.net\/tchad\/economie\/le-ministere-de-lelevage-prepare-laudit-cooperatif-du-bassin-du-niger#respond"]}]},{"@type":"WebPage","@id":"https:\/\/www.africa-press.net\/tchad\/economie\/le-ministere-de-lelevage-prepare-laudit-cooperatif-du-bassin-du-niger","url":"https:\/\/www.africa-press.net\/tchad\/economie\/le-ministere-de-lelevage-prepare-laudit-cooperatif-du-bassin-du-niger","name":"le minist\u00e8re de l\u2019Elevage pr\u00e9pare l\u2019audit coop\u00e9ratif du Bassin du Niger - tchad","isPartOf":{"@id":"https:\/\/www.africa-press.net\/tchad\/#website"},"primaryImageOfPage":{"@id":"https:\/\/www.africa-press.net\/tchad\/economie\/le-ministere-de-lelevage-prepare-laudit-cooperatif-du-bassin-du-niger#primaryimage"},"image":{"@id":"https:\/\/www.africa-press.net\/tchad\/economie\/le-ministere-de-lelevage-prepare-laudit-cooperatif-du-bassin-du-niger#primaryimage"},"thumbnailUrl":"https:\/\/static.africa-press.net\/tchad\/sites\/41\/2022\/08\/postQueueImg_3-62f6940da5280.jpg","datePublished":"2022-08-12T17:38:44+00:00","dateModified":"2022-08-12T17:55:53+00:00","author":{"@id":"https:\/\/www.africa-press.net\/tchad\/#\/schema\/person\/2b1cf3cd81a31e3cd26889ca66d677f1"},"description":"Il s\u2019est tenu ce vendredi 12 ao\u00fbt 2022, au minist\u00e8re de l\u2019Elevage et des Productions Animales, une rencontre d\u2019\u00e9change p ...","breadcrumb":{"@id":"https:\/\/www.africa-press.net\/tchad\/economie\/le-ministere-de-lelevage-prepare-laudit-cooperatif-du-bassin-du-niger#breadcrumb"},"inLanguage":"fr-FR","potentialAction":[{"@type":"ReadAction","target":["https:\/\/www.africa-press.net\/tchad\/economie\/le-ministere-de-lelevage-prepare-laudit-cooperatif-du-bassin-du-niger"]}]},{"@type":"ImageObject","inLanguage":"fr-FR","@id":"https:\/\/www.africa-press.net\/tchad\/economie\/le-ministere-de-lelevage-prepare-laudit-cooperatif-du-bassin-du-niger#primaryimage","url":"https:\/\/static.africa-press.net\/tchad\/sites\/41\/2022\/08\/postQueueImg_3-62f6940da5280.jpg","contentUrl":"https:\/\/static.africa-press.net\/tchad\/sites\/41\/2022\/08\/postQueueImg_3-62f6940da5280.jpg","width":780,"height":440,"caption":"le minist\u00e8re de l\u2019Elevage pr\u00e9pare l\u2019audit coop\u00e9ratif du Bassin du Niger"},{"@type":"BreadcrumbList","@id":"https:\/\/www.africa-press.net\/tchad\/economie\/le-ministere-de-lelevage-prepare-laudit-cooperatif-du-bassin-du-niger#breadcrumb","itemListElement":[{"@type":"ListItem","position":1,"name":"Accueil","item":"https:\/\/www.africa-press.net\/tchad\/"},{"@type":"ListItem","position":2,"name":"le minist\u00e8re de l\u2019Elevage pr\u00e9pare l\u2019audit coop\u00e9ratif du Bassin du Niger"}]},{"@type":"WebSite","@id":"https:\/\/www.africa-press.net\/tchad\/#website","url":"https:\/\/www.africa-press.net\/tchad\/","name":"tchad","description":"Just another Africa News Agency Sites site","potentialAction":[{"@type":"SearchAction","target":{"@type":"EntryPoint","urlTemplate":"https:\/\/www.africa-press.net\/tchad\/?s={search_term_string}"},"query-input":{"@type":"PropertyValueSpecification","valueRequired":true,"valueName":"search_term_string"}}],"inLanguage":"fr-FR"},{"@type":"Person","@id":"https:\/\/www.africa-press.net\/tchad\/#\/schema\/person\/2b1cf3cd81a31e3cd26889ca66d677f1","name":"cfeditorfr"}]}},"_links":{"self":[{"href":"https:\/\/www.africa-press.net\/tchad\/wp-json\/wp\/v2\/posts\/30447","targetHints":{"allow":["GET"]}}],"collection":[{"href":"https:\/\/www.africa-press.net\/tchad\/wp-json\/wp\/v2\/posts"}],"about":[{"href":"https:\/\/www.africa-press.net\/tchad\/wp-json\/wp\/v2\/types\/post"}],"author":[{"embeddable":true,"href":"https:\/\/www.africa-press.net\/tchad\/wp-json\/wp\/v2\/users\/82"}],"replies":[{"embeddable":true,"href":"https:\/\/www.africa-press.net\/tchad\/wp-json\/wp\/v2\/comments?post=30447"}],"version-history":[{"count":0,"href":"https:\/\/www.africa-press.net\/tchad\/wp-json\/wp\/v2\/posts\/30447\/revisions"}],"wp:featuredmedia":[{"embeddable":true,"href":"https:\/\/www.africa-press.net\/tchad\/wp-json\/wp\/v2\/media\/30446"}],"wp:attachment":[{"href":"https:\/\/www.africa-press.net\/tchad\/wp-json\/wp\/v2\/media?parent=30447"}],"wp:term":[{"taxonomy":"category","embeddable":true,"href":"https:\/\/www.africa-press.net\/tchad\/wp-json\/wp\/v2\/categories?post=30447"},{"taxonomy":"post_tag","embeddable":true,"href":"https:\/\/www.africa-press.net\/tchad\/wp-json\/wp\/v2\/tags?post=30447"}],"curies":[{"name":"wp","href":"https:\/\/api.w.org\/{rel}","templated":true}]}}