{"id":30459,"date":"2022-08-12T17:46:12","date_gmt":"2022-08-12T17:46:12","guid":{"rendered":"https:\/\/www.africa-press.net\/tchad\/politique\/oit-le-chomage-des-jeunes-dans-le-monde-devrait-passer-a-73-millions-en-2022"},"modified":"2022-08-12T18:01:36","modified_gmt":"2022-08-12T18:01:36","slug":"oit-le-chomage-des-jeunes-dans-le-monde-devrait-passer-a-73-millions-en-2022","status":"publish","type":"post","link":"https:\/\/www.africa-press.net\/tchad\/toutes-les-actualites\/oit-le-chomage-des-jeunes-dans-le-monde-devrait-passer-a-73-millions-en-2022","title":{"rendered":"OIT : le ch\u00f4mage des jeunes dans le monde devrait passer \u00e0 73 millions en 2022"},"content":{"rendered":"<p><span style=\"color: #ff6600\"><strong>Africa-Press &#8211; Tchad. <\/strong><\/span>Le nombre total mondial de jeunes ch\u00f4meurs devrait ainsi tomber \u00e0 73 millions en 2022, soit une baisse de deux millions par rapport \u00e0 l\u2019ann\u00e9e pr\u00e9c\u00e9dente, a indiqu\u00e9 jeudi cette agence de l\u2019ONU bas\u00e9e \u00e0 Gen\u00e8ve. Ce chiffre repr\u00e9sente une l\u00e9g\u00e8re am\u00e9lioration par rapport \u00e0 2021 (75 millions), mais reste sup\u00e9rieur de 6 millions au niveau de 2019, avant la pand\u00e9mie, indique ce rapport publi\u00e9 \u00e0 l\u2019occasion de la Journ\u00e9e internationale de la jeunesse.<\/p>\n<p>Entre 2019 et 2020, les personnes \u00e2g\u00e9es de 15 \u00e0 24 ans ont connu un pourcentage de perte d\u2019emploi bien plus \u00e9lev\u00e9 que le reste du march\u00e9 du travail, indique l\u2019OIT. La part des jeunes qui n\u2019ont pas d\u2019emploi, d\u2019\u00e9ducation ou de formation (NEET) en 2020 \u2013 derni\u00e8re ann\u00e9e pour laquelle une estimation mondiale est disponible \u2013 est pass\u00e9e \u00e0 23,3%.<\/p>\n<p>Les jeunes femmes moins bien loties que les jeunes hommes<\/p>\n<p>Il s\u2019agit d\u2019une augmentation de 1,5 point de pourcentage par rapport \u00e0 l\u2019ann\u00e9e pr\u00e9c\u00e9dente. Ce niveau n\u2019a jamais \u00e9t\u00e9 atteint depuis au moins 15 ans, ajoute l\u2019OIT.<\/p>\n<p>\u00ab La crise de Covid-19 a r\u00e9v\u00e9l\u00e9 un certain nombre de lacunes dans la mani\u00e8re dont les besoins des jeunes sont pris en compte, en particulier les plus vuln\u00e9rables tels que les nouveaux demandeurs d\u2019emploi, les d\u00e9crocheurs scolaires, les jeunes dipl\u00f4m\u00e9s avec peu d\u2019exp\u00e9rience et ceux qui restent inactifs non par choix \u00bb, a d\u00e9clar\u00e9 Martha Newton, Directrice g\u00e9n\u00e9rale adjointe de l\u2019OIT pour les politiques.<\/p>\n<p>Parmi ces jeunes en qu\u00eate d\u2019emploi, les femmes sont moins bien loties que les jeunes hommes. Le rapport indique que 27,4% des jeunes femmes devraient travailler en 2022, contre 40,3% des jeunes hommes. Cela signifie que les jeunes hommes ont presque 1,5 fois plus de chances que les jeunes femmes d\u2019\u00eatre employ\u00e9s.<\/p>\n<p>D\u2019une mani\u00e8re g\u00e9n\u00e9rale, l\u2019\u00e9cart entre les sexes \u00ab a montr\u00e9 peu de signes de r\u00e9duction au cours des deux derni\u00e8res d\u00e9cennies \u00bb.<\/p>\n<p>De nombreux jeunes africains ont choisi de se retirer compl\u00e8tement du march\u00e9 du travail<\/p>\n<p>Par ailleurs, le document montre de grandes diff\u00e9rences r\u00e9gionales dans les perspectives des jeunes sur le march\u00e9 du travail. En Europe et en Asie centrale, le taux de ch\u00f4mage devrait \u00eatre de 16,4%, \u00ab mais les chocs r\u00e9els et potentiels de la guerre en Ukraine risquent fort d\u2019affecter les r\u00e9sultats \u00bb.<\/p>\n<p>En Asie et dans le Pacifique, le taux devrait correspondre \u00e0 la moyenne mondiale, soit 14,9%. En Am\u00e9rique latine, il devrait atteindre un taux \u00ab inqui\u00e9tant \u00bb de 20,5%, tandis qu\u2019en Am\u00e9rique du Nord, le chiffre devrait \u00eatre de 8,3%.<\/p>\n<p>En Afrique, le taux de ch\u00f4mage des jeunes de 12,7% masque le fait que de nombreux jeunes ont choisi de se retirer compl\u00e8tement du march\u00e9 du travail. Plus d\u2019un jeune sur cinq en Afrique n\u2019\u00e9tait pas en emploi, en \u00e9ducation ou en formation (NEET) en 2020. \u00ab La tendance s\u2019est d\u00e9t\u00e9rior\u00e9e \u00bb, a fait valoir l\u2019OIT.<\/p>\n<p><strong>Pour plus d&rsquo;informations et d&rsquo;analyses sur la <a href=\"https:\/\/www.africa-press.net\/tchad\">Tchad<\/a>, suivez <a href=\"https:\/\/www.africa-press.net\/\">Africa-Press<\/a><\/strong><\/p>\n","protected":false},"excerpt":{"rendered":"<p>Africa-Press &#8211; Tchad. Le nombre total mondial de jeunes ch\u00f4meurs devrait ainsi tomber \u00e0 73 millions en 2022, soit une baisse de deux millions par rapport \u00e0 l\u2019ann\u00e9e pr\u00e9c\u00e9dente, a indiqu\u00e9 jeudi cette agence de l\u2019ONU bas\u00e9e \u00e0 Gen\u00e8ve. Ce chiffre repr\u00e9sente une l\u00e9g\u00e8re am\u00e9lioration par rapport \u00e0 2021 (75 millions), mais reste sup\u00e9rieur de [&hellip;]<\/p>\n","protected":false},"author":82,"featured_media":30458,"comment_status":"open","ping_status":"closed","sticky":false,"template":"","format":"standard","meta":{"footnotes":""},"categories":[22,11,10],"tags":[37,292,29],"class_list":["post-30459","post","type-post","status-publish","format-standard","has-post-thumbnail","hentry","category-divers","category-homepage-french","category-toutes-les-actualites","tag-africa-press","tag-africa-press-tchad","tag-tchad"],"yoast_head":"<!-- This site is optimized with the Yoast SEO Premium plugin v26.1 (Yoast SEO v27.0) - https:\/\/yoast.com\/product\/yoast-seo-premium-wordpress\/ -->\n<title>OIT : le ch\u00f4mage des jeunes dans le monde devrait passer \u00e0 73 millions en 2022 - tchad<\/title>\n<meta name=\"description\" content=\"Le nombre total mondial de jeunes ch\u00f4meurs devrait ainsi tomber \u00e0 73 millions en 2022, soit une baisse de deux millions ...\" \/>\n<meta name=\"robots\" content=\"index, follow, max-snippet:-1, max-image-preview:large, max-video-preview:-1\" \/>\n<link rel=\"canonical\" href=\"https:\/\/www.africa-press.net\/tchad\/toutes-les-actualites\/oit-le-chomage-des-jeunes-dans-le-monde-devrait-passer-a-73-millions-en-2022\" \/>\n<meta property=\"og:locale\" content=\"fr_FR\" \/>\n<meta property=\"og:type\" content=\"article\" \/>\n<meta property=\"og:title\" content=\"OIT : le ch\u00f4mage des jeunes dans le monde devrait passer \u00e0 73 millions en 2022\" \/>\n<meta property=\"og:description\" content=\"Le nombre total mondial de jeunes ch\u00f4meurs devrait ainsi tomber \u00e0 73 millions en 2022, soit une baisse de deux millions ...\" \/>\n<meta property=\"og:url\" content=\"https:\/\/www.africa-press.net\/tchad\/toutes-les-actualites\/oit-le-chomage-des-jeunes-dans-le-monde-devrait-passer-a-73-millions-en-2022\" \/>\n<meta property=\"og:site_name\" content=\"tchad\" \/>\n<meta property=\"article:published_time\" content=\"2022-08-12T17:46:12+00:00\" \/>\n<meta property=\"article:modified_time\" content=\"2022-08-12T18:01:36+00:00\" \/>\n<meta property=\"og:image\" content=\"https:\/\/static.africa-press.net\/tchad\/sites\/41\/2022\/08\/postQueueImg_7-62f695671ea0c.jpg\" \/>\n\t<meta property=\"og:image:width\" content=\"1024\" \/>\n\t<meta property=\"og:image:height\" content=\"684\" \/>\n\t<meta property=\"og:image:type\" content=\"image\/jpeg\" \/>\n<meta name=\"author\" content=\"cfeditorfr\" \/>\n<meta name=\"twitter:card\" content=\"summary_large_image\" \/>\n<meta name=\"twitter:label1\" content=\"\u00c9crit par\" \/>\n\t<meta name=\"twitter:data1\" content=\"cfeditorfr\" \/>\n\t<meta name=\"twitter:label2\" content=\"Dur\u00e9e de lecture estim\u00e9e\" \/>\n\t<meta name=\"twitter:data2\" content=\"3 minutes\" \/>\n<script type=\"application\/ld+json\" class=\"yoast-schema-graph\">{\"@context\":\"https:\/\/schema.org\",\"@graph\":[{\"@type\":\"Article\",\"@id\":\"https:\/\/www.africa-press.net\/tchad\/toutes-les-actualites\/oit-le-chomage-des-jeunes-dans-le-monde-devrait-passer-a-73-millions-en-2022#article\",\"isPartOf\":{\"@id\":\"https:\/\/www.africa-press.net\/tchad\/toutes-les-actualites\/oit-le-chomage-des-jeunes-dans-le-monde-devrait-passer-a-73-millions-en-2022\"},\"author\":{\"name\":\"cfeditorfr\",\"@id\":\"https:\/\/www.africa-press.net\/tchad\/#\/schema\/person\/2b1cf3cd81a31e3cd26889ca66d677f1\"},\"headline\":\"OIT : le ch\u00f4mage des jeunes dans le monde devrait passer \u00e0 73 millions en 2022\",\"datePublished\":\"2022-08-12T17:46:12+00:00\",\"dateModified\":\"2022-08-12T18:01:36+00:00\",\"mainEntityOfPage\":{\"@id\":\"https:\/\/www.africa-press.net\/tchad\/toutes-les-actualites\/oit-le-chomage-des-jeunes-dans-le-monde-devrait-passer-a-73-millions-en-2022\"},\"wordCount\":534,\"commentCount\":0,\"image\":{\"@id\":\"https:\/\/www.africa-press.net\/tchad\/toutes-les-actualites\/oit-le-chomage-des-jeunes-dans-le-monde-devrait-passer-a-73-millions-en-2022#primaryimage\"},\"thumbnailUrl\":\"https:\/\/static.africa-press.net\/tchad\/sites\/41\/2022\/08\/postQueueImg_7-62f695671ea0c.jpg\",\"keywords\":[\"Africa Press\",\"Africa Press-Tchad\",\"Tchad\"],\"articleSection\":[\"Divers\",\"homepage-french\",\"Toutes les actualit\u00e9s\"],\"inLanguage\":\"fr-FR\",\"potentialAction\":[{\"@type\":\"CommentAction\",\"name\":\"Comment\",\"target\":[\"https:\/\/www.africa-press.net\/tchad\/toutes-les-actualites\/oit-le-chomage-des-jeunes-dans-le-monde-devrait-passer-a-73-millions-en-2022#respond\"]}]},{\"@type\":\"WebPage\",\"@id\":\"https:\/\/www.africa-press.net\/tchad\/toutes-les-actualites\/oit-le-chomage-des-jeunes-dans-le-monde-devrait-passer-a-73-millions-en-2022\",\"url\":\"https:\/\/www.africa-press.net\/tchad\/toutes-les-actualites\/oit-le-chomage-des-jeunes-dans-le-monde-devrait-passer-a-73-millions-en-2022\",\"name\":\"OIT : le ch\u00f4mage des jeunes dans le monde devrait passer \u00e0 73 millions en 2022 - tchad\",\"isPartOf\":{\"@id\":\"https:\/\/www.africa-press.net\/tchad\/#website\"},\"primaryImageOfPage\":{\"@id\":\"https:\/\/www.africa-press.net\/tchad\/toutes-les-actualites\/oit-le-chomage-des-jeunes-dans-le-monde-devrait-passer-a-73-millions-en-2022#primaryimage\"},\"image\":{\"@id\":\"https:\/\/www.africa-press.net\/tchad\/toutes-les-actualites\/oit-le-chomage-des-jeunes-dans-le-monde-devrait-passer-a-73-millions-en-2022#primaryimage\"},\"thumbnailUrl\":\"https:\/\/static.africa-press.net\/tchad\/sites\/41\/2022\/08\/postQueueImg_7-62f695671ea0c.jpg\",\"datePublished\":\"2022-08-12T17:46:12+00:00\",\"dateModified\":\"2022-08-12T18:01:36+00:00\",\"author\":{\"@id\":\"https:\/\/www.africa-press.net\/tchad\/#\/schema\/person\/2b1cf3cd81a31e3cd26889ca66d677f1\"},\"description\":\"Le nombre total mondial de jeunes ch\u00f4meurs devrait ainsi tomber \u00e0 73 millions en 2022, soit une baisse de deux millions ...\",\"breadcrumb\":{\"@id\":\"https:\/\/www.africa-press.net\/tchad\/toutes-les-actualites\/oit-le-chomage-des-jeunes-dans-le-monde-devrait-passer-a-73-millions-en-2022#breadcrumb\"},\"inLanguage\":\"fr-FR\",\"potentialAction\":[{\"@type\":\"ReadAction\",\"target\":[\"https:\/\/www.africa-press.net\/tchad\/toutes-les-actualites\/oit-le-chomage-des-jeunes-dans-le-monde-devrait-passer-a-73-millions-en-2022\"]}]},{\"@type\":\"ImageObject\",\"inLanguage\":\"fr-FR\",\"@id\":\"https:\/\/www.africa-press.net\/tchad\/toutes-les-actualites\/oit-le-chomage-des-jeunes-dans-le-monde-devrait-passer-a-73-millions-en-2022#primaryimage\",\"url\":\"https:\/\/static.africa-press.net\/tchad\/sites\/41\/2022\/08\/postQueueImg_7-62f695671ea0c.jpg\",\"contentUrl\":\"https:\/\/static.africa-press.net\/tchad\/sites\/41\/2022\/08\/postQueueImg_7-62f695671ea0c.jpg\",\"width\":1024,\"height\":684,\"caption\":\"OIT : le ch\u00f4mage des jeunes dans le monde devrait passer \u00e0 73 millions en 2022\"},{\"@type\":\"BreadcrumbList\",\"@id\":\"https:\/\/www.africa-press.net\/tchad\/toutes-les-actualites\/oit-le-chomage-des-jeunes-dans-le-monde-devrait-passer-a-73-millions-en-2022#breadcrumb\",\"itemListElement\":[{\"@type\":\"ListItem\",\"position\":1,\"name\":\"Accueil\",\"item\":\"https:\/\/www.africa-press.net\/tchad\/\"},{\"@type\":\"ListItem\",\"position\":2,\"name\":\"OIT : le ch\u00f4mage des jeunes dans le monde devrait passer \u00e0 73 millions en 2022\"}]},{\"@type\":\"WebSite\",\"@id\":\"https:\/\/www.africa-press.net\/tchad\/#website\",\"url\":\"https:\/\/www.africa-press.net\/tchad\/\",\"name\":\"tchad\",\"description\":\"Just another Africa News Agency Sites site\",\"potentialAction\":[{\"@type\":\"SearchAction\",\"target\":{\"@type\":\"EntryPoint\",\"urlTemplate\":\"https:\/\/www.africa-press.net\/tchad\/?s={search_term_string}\"},\"query-input\":{\"@type\":\"PropertyValueSpecification\",\"valueRequired\":true,\"valueName\":\"search_term_string\"}}],\"inLanguage\":\"fr-FR\"},{\"@type\":\"Person\",\"@id\":\"https:\/\/www.africa-press.net\/tchad\/#\/schema\/person\/2b1cf3cd81a31e3cd26889ca66d677f1\",\"name\":\"cfeditorfr\"}]}<\/script>\n<!-- \/ Yoast SEO Premium plugin. -->","yoast_head_json":{"title":"OIT : le ch\u00f4mage des jeunes dans le monde devrait passer \u00e0 73 millions en 2022 - tchad","description":"Le nombre total mondial de jeunes ch\u00f4meurs devrait ainsi tomber \u00e0 73 millions en 2022, soit une baisse de deux millions ...","robots":{"index":"index","follow":"follow","max-snippet":"max-snippet:-1","max-image-preview":"max-image-preview:large","max-video-preview":"max-video-preview:-1"},"canonical":"https:\/\/www.africa-press.net\/tchad\/toutes-les-actualites\/oit-le-chomage-des-jeunes-dans-le-monde-devrait-passer-a-73-millions-en-2022","og_locale":"fr_FR","og_type":"article","og_title":"OIT : le ch\u00f4mage des jeunes dans le monde devrait passer \u00e0 73 millions en 2022","og_description":"Le nombre total mondial de jeunes ch\u00f4meurs devrait ainsi tomber \u00e0 73 millions en 2022, soit une baisse de deux millions ...","og_url":"https:\/\/www.africa-press.net\/tchad\/toutes-les-actualites\/oit-le-chomage-des-jeunes-dans-le-monde-devrait-passer-a-73-millions-en-2022","og_site_name":"tchad","article_published_time":"2022-08-12T17:46:12+00:00","article_modified_time":"2022-08-12T18:01:36+00:00","og_image":[{"width":1024,"height":684,"url":"https:\/\/static.africa-press.net\/tchad\/sites\/41\/2022\/08\/postQueueImg_7-62f695671ea0c.jpg","type":"image\/jpeg"}],"author":"cfeditorfr","twitter_card":"summary_large_image","twitter_misc":{"\u00c9crit par":"cfeditorfr","Dur\u00e9e de lecture estim\u00e9e":"3 minutes"},"schema":{"@context":"https:\/\/schema.org","@graph":[{"@type":"Article","@id":"https:\/\/www.africa-press.net\/tchad\/toutes-les-actualites\/oit-le-chomage-des-jeunes-dans-le-monde-devrait-passer-a-73-millions-en-2022#article","isPartOf":{"@id":"https:\/\/www.africa-press.net\/tchad\/toutes-les-actualites\/oit-le-chomage-des-jeunes-dans-le-monde-devrait-passer-a-73-millions-en-2022"},"author":{"name":"cfeditorfr","@id":"https:\/\/www.africa-press.net\/tchad\/#\/schema\/person\/2b1cf3cd81a31e3cd26889ca66d677f1"},"headline":"OIT : le ch\u00f4mage des jeunes dans le monde devrait passer \u00e0 73 millions en 2022","datePublished":"2022-08-12T17:46:12+00:00","dateModified":"2022-08-12T18:01:36+00:00","mainEntityOfPage":{"@id":"https:\/\/www.africa-press.net\/tchad\/toutes-les-actualites\/oit-le-chomage-des-jeunes-dans-le-monde-devrait-passer-a-73-millions-en-2022"},"wordCount":534,"commentCount":0,"image":{"@id":"https:\/\/www.africa-press.net\/tchad\/toutes-les-actualites\/oit-le-chomage-des-jeunes-dans-le-monde-devrait-passer-a-73-millions-en-2022#primaryimage"},"thumbnailUrl":"https:\/\/static.africa-press.net\/tchad\/sites\/41\/2022\/08\/postQueueImg_7-62f695671ea0c.jpg","keywords":["Africa Press","Africa Press-Tchad","Tchad"],"articleSection":["Divers","homepage-french","Toutes les actualit\u00e9s"],"inLanguage":"fr-FR","potentialAction":[{"@type":"CommentAction","name":"Comment","target":["https:\/\/www.africa-press.net\/tchad\/toutes-les-actualites\/oit-le-chomage-des-jeunes-dans-le-monde-devrait-passer-a-73-millions-en-2022#respond"]}]},{"@type":"WebPage","@id":"https:\/\/www.africa-press.net\/tchad\/toutes-les-actualites\/oit-le-chomage-des-jeunes-dans-le-monde-devrait-passer-a-73-millions-en-2022","url":"https:\/\/www.africa-press.net\/tchad\/toutes-les-actualites\/oit-le-chomage-des-jeunes-dans-le-monde-devrait-passer-a-73-millions-en-2022","name":"OIT : le ch\u00f4mage des jeunes dans le monde devrait passer \u00e0 73 millions en 2022 - tchad","isPartOf":{"@id":"https:\/\/www.africa-press.net\/tchad\/#website"},"primaryImageOfPage":{"@id":"https:\/\/www.africa-press.net\/tchad\/toutes-les-actualites\/oit-le-chomage-des-jeunes-dans-le-monde-devrait-passer-a-73-millions-en-2022#primaryimage"},"image":{"@id":"https:\/\/www.africa-press.net\/tchad\/toutes-les-actualites\/oit-le-chomage-des-jeunes-dans-le-monde-devrait-passer-a-73-millions-en-2022#primaryimage"},"thumbnailUrl":"https:\/\/static.africa-press.net\/tchad\/sites\/41\/2022\/08\/postQueueImg_7-62f695671ea0c.jpg","datePublished":"2022-08-12T17:46:12+00:00","dateModified":"2022-08-12T18:01:36+00:00","author":{"@id":"https:\/\/www.africa-press.net\/tchad\/#\/schema\/person\/2b1cf3cd81a31e3cd26889ca66d677f1"},"description":"Le nombre total mondial de jeunes ch\u00f4meurs devrait ainsi tomber \u00e0 73 millions en 2022, soit une baisse de deux millions ...","breadcrumb":{"@id":"https:\/\/www.africa-press.net\/tchad\/toutes-les-actualites\/oit-le-chomage-des-jeunes-dans-le-monde-devrait-passer-a-73-millions-en-2022#breadcrumb"},"inLanguage":"fr-FR","potentialAction":[{"@type":"ReadAction","target":["https:\/\/www.africa-press.net\/tchad\/toutes-les-actualites\/oit-le-chomage-des-jeunes-dans-le-monde-devrait-passer-a-73-millions-en-2022"]}]},{"@type":"ImageObject","inLanguage":"fr-FR","@id":"https:\/\/www.africa-press.net\/tchad\/toutes-les-actualites\/oit-le-chomage-des-jeunes-dans-le-monde-devrait-passer-a-73-millions-en-2022#primaryimage","url":"https:\/\/static.africa-press.net\/tchad\/sites\/41\/2022\/08\/postQueueImg_7-62f695671ea0c.jpg","contentUrl":"https:\/\/static.africa-press.net\/tchad\/sites\/41\/2022\/08\/postQueueImg_7-62f695671ea0c.jpg","width":1024,"height":684,"caption":"OIT : le ch\u00f4mage des jeunes dans le monde devrait passer \u00e0 73 millions en 2022"},{"@type":"BreadcrumbList","@id":"https:\/\/www.africa-press.net\/tchad\/toutes-les-actualites\/oit-le-chomage-des-jeunes-dans-le-monde-devrait-passer-a-73-millions-en-2022#breadcrumb","itemListElement":[{"@type":"ListItem","position":1,"name":"Accueil","item":"https:\/\/www.africa-press.net\/tchad\/"},{"@type":"ListItem","position":2,"name":"OIT : le ch\u00f4mage des jeunes dans le monde devrait passer \u00e0 73 millions en 2022"}]},{"@type":"WebSite","@id":"https:\/\/www.africa-press.net\/tchad\/#website","url":"https:\/\/www.africa-press.net\/tchad\/","name":"tchad","description":"Just another Africa News Agency Sites site","potentialAction":[{"@type":"SearchAction","target":{"@type":"EntryPoint","urlTemplate":"https:\/\/www.africa-press.net\/tchad\/?s={search_term_string}"},"query-input":{"@type":"PropertyValueSpecification","valueRequired":true,"valueName":"search_term_string"}}],"inLanguage":"fr-FR"},{"@type":"Person","@id":"https:\/\/www.africa-press.net\/tchad\/#\/schema\/person\/2b1cf3cd81a31e3cd26889ca66d677f1","name":"cfeditorfr"}]}},"_links":{"self":[{"href":"https:\/\/www.africa-press.net\/tchad\/wp-json\/wp\/v2\/posts\/30459","targetHints":{"allow":["GET"]}}],"collection":[{"href":"https:\/\/www.africa-press.net\/tchad\/wp-json\/wp\/v2\/posts"}],"about":[{"href":"https:\/\/www.africa-press.net\/tchad\/wp-json\/wp\/v2\/types\/post"}],"author":[{"embeddable":true,"href":"https:\/\/www.africa-press.net\/tchad\/wp-json\/wp\/v2\/users\/82"}],"replies":[{"embeddable":true,"href":"https:\/\/www.africa-press.net\/tchad\/wp-json\/wp\/v2\/comments?post=30459"}],"version-history":[{"count":0,"href":"https:\/\/www.africa-press.net\/tchad\/wp-json\/wp\/v2\/posts\/30459\/revisions"}],"wp:featuredmedia":[{"embeddable":true,"href":"https:\/\/www.africa-press.net\/tchad\/wp-json\/wp\/v2\/media\/30458"}],"wp:attachment":[{"href":"https:\/\/www.africa-press.net\/tchad\/wp-json\/wp\/v2\/media?parent=30459"}],"wp:term":[{"taxonomy":"category","embeddable":true,"href":"https:\/\/www.africa-press.net\/tchad\/wp-json\/wp\/v2\/categories?post=30459"},{"taxonomy":"post_tag","embeddable":true,"href":"https:\/\/www.africa-press.net\/tchad\/wp-json\/wp\/v2\/tags?post=30459"}],"curies":[{"name":"wp","href":"https:\/\/api.w.org\/{rel}","templated":true}]}}