{"id":30494,"date":"2022-08-13T15:09:25","date_gmt":"2022-08-13T15:09:25","guid":{"rendered":"https:\/\/www.africa-press.net\/tchad\/politique\/loms-rebaptise-les-variants-de-la-variole-du-singe-pour-ne-pas-stigmatiser-les-regions-africaines"},"modified":"2022-08-13T15:30:05","modified_gmt":"2022-08-13T15:30:05","slug":"loms-rebaptise-les-variants-de-la-variole-du-singe-pour-ne-pas-stigmatiser-les-regions-africaines","status":"publish","type":"post","link":"https:\/\/www.africa-press.net\/tchad\/toutes-les-actualites\/loms-rebaptise-les-variants-de-la-variole-du-singe-pour-ne-pas-stigmatiser-les-regions-africaines","title":{"rendered":"L&rsquo;OMS rebaptise les variants de la variole du singe pour ne pas stigmatiser les r\u00e9gions africaines"},"content":{"rendered":"<p><span style=\"color: #ff6600\"><strong>Africa-Press &#8211; Tchad. <\/strong><\/span>L&rsquo;Organisation mondiale de la sant\u00e9 (OMS) a annonc\u00e9 vendredi avoir rebaptis\u00e9 les variants de la variole du singe, en rempla\u00e7ant par des chiffres romains les noms de r\u00e9gions africaines, jug\u00e9s stigmatisants.<\/p>\n<p>Ces nouveaux noms de variants permettent de prendre acte de la r\u00e9alit\u00e9 actuelle de la maladie. Alors que celle-ci s&rsquo;est longtemps limit\u00e9e \u00e0 une dizaine de pays africains, la grande majorit\u00e9 des nouveaux cas ont \u00e9t\u00e9 d\u00e9tect\u00e9s cette ann\u00e9e ailleurs dans le monde, en particulier aux Etats-Unis, en Europe et au Br\u00e9sil.<\/p>\n<p>Dans un communiqu\u00e9, l&rsquo;OMS indique par ailleurs mener un large processus consultatif en ligne pour changer le nom de la maladie, \u00e9galement jug\u00e9 trompeur et discriminatoire, puisque le virus n&rsquo;est pas li\u00e9 uniquement aux singes mais a \u00e9t\u00e9 mis en \u00e9vidence chez de nombreux animaux et en particulier chez les rongeurs.<\/p>\n<p>Pour ce qui est des variants, \u00e9galement appel\u00e9s clades, ils \u00e9taient nomm\u00e9s jusqu&rsquo;\u00e0 pr\u00e9sent d&rsquo;apr\u00e8s des r\u00e9gions ou des pays d&rsquo;Afrique, avec la souche d&rsquo;Afrique de l&rsquo;Ouest et de celle du Bassin du Congo (Afrique centrale), la seconde \u00e9tant bien plus meurtri\u00e8re que sa cousine.<\/p>\n<p><b>Un appel publi\u00e9 en juin<\/b><\/p>\n<p>D\u00e9but juin, une trentaine de scientifiques, pour beaucoup originaires d&rsquo;Afrique, ont ainsi r\u00e9dig\u00e9 une tribune pour demander \u00e0 changer ces noms, jugeant urgent de mettre en place \u00ab\u00a0une nomenclature qui ne soit ni discriminatoire ni stigmatisante\u00a0\u00bb.<\/p>\n<p>Ils ont \u00e9t\u00e9 entendus par l&rsquo;OMS qui a r\u00e9uni le 8 ao\u00fbt des virologues et experts en sant\u00e9 publique afin de parvenir \u00e0 un consensus sur une nouvelle terminologie.<\/p>\n<p>En outre, \u00ab\u00a0il a \u00e9t\u00e9 convenu que le clade II se compose de deux sous-clades. (&#8230;) Ainsi, la nouvelle convention de d\u00e9nomination comprend le clade I, le clade IIa et le clade IIb, ce dernier se r\u00e9f\u00e9rant principalement au groupe de variants qui circulent largement dans l&rsquo;\u00e9pid\u00e9mie mondiale de 2022\u00a0\u00bb, a ajout\u00e9 l&rsquo;OMS.<\/p>\n<p>Les nouveaux noms des clades entrent en vigueur imm\u00e9diatement. Le nom de la maladie &#8211; variole du singe &#8211; est l&rsquo;h\u00e9ritage des conditions de d\u00e9couverte de la maladie, dans les ann\u00e9es 1950: des chercheurs danois l&rsquo;avaient d\u00e9couverte chez des singes de leur laboratoire.<\/p>\n<p>Dans le monde, plus de 31.665 cas et 12 d\u00e9c\u00e8s ont \u00e9t\u00e9 signal\u00e9s, selon l&rsquo;OMS qui a d\u00e9clench\u00e9 fin juillet son plus haut niveau d&rsquo;alerte afin de renforcer la lutte contre la maladie.<\/p>\n<p><strong>Pour plus d&rsquo;informations et d&rsquo;analyses sur la <a href=\"https:\/\/www.africa-press.net\/tchad\">Tchad<\/a>, suivez <a href=\"https:\/\/www.africa-press.net\/\">Africa-Press<\/a><\/strong><\/p>\n","protected":false},"excerpt":{"rendered":"<p>Africa-Press &#8211; Tchad. L&rsquo;Organisation mondiale de la sant\u00e9 (OMS) a annonc\u00e9 vendredi avoir rebaptis\u00e9 les variants de la variole du singe, en rempla\u00e7ant par des chiffres romains les noms de r\u00e9gions africaines, jug\u00e9s stigmatisants. Ces nouveaux noms de variants permettent de prendre acte de la r\u00e9alit\u00e9 actuelle de la maladie. Alors que celle-ci s&rsquo;est longtemps [&hellip;]<\/p>\n","protected":false},"author":82,"featured_media":30493,"comment_status":"open","ping_status":"closed","sticky":false,"template":"","format":"standard","meta":{"footnotes":""},"categories":[21,11,10],"tags":[37,292,29],"class_list":["post-30494","post","type-post","status-publish","format-standard","has-post-thumbnail","hentry","category-communaute","category-homepage-french","category-toutes-les-actualites","tag-africa-press","tag-africa-press-tchad","tag-tchad"],"yoast_head":"<!-- This site is optimized with the Yoast SEO Premium plugin v26.1 (Yoast SEO v27.0) - https:\/\/yoast.com\/product\/yoast-seo-premium-wordpress\/ -->\n<title>L&#039;OMS rebaptise les variants de la variole du singe pour ne pas stigmatiser les r\u00e9gions africaines - tchad<\/title>\n<meta name=\"description\" content=\"L&#039;Organisation mondiale de la sant\u00e9 (OMS) a annonc\u00e9 vendredi avoir rebaptis\u00e9 les variants de la variole du singe, en rem ...\" \/>\n<meta name=\"robots\" content=\"index, follow, max-snippet:-1, max-image-preview:large, max-video-preview:-1\" \/>\n<link rel=\"canonical\" href=\"https:\/\/www.africa-press.net\/tchad\/toutes-les-actualites\/loms-rebaptise-les-variants-de-la-variole-du-singe-pour-ne-pas-stigmatiser-les-regions-africaines\" \/>\n<meta property=\"og:locale\" content=\"fr_FR\" \/>\n<meta property=\"og:type\" content=\"article\" \/>\n<meta property=\"og:title\" content=\"L&#039;OMS rebaptise les variants de la variole du singe pour ne pas stigmatiser les r\u00e9gions africaines\" \/>\n<meta property=\"og:description\" content=\"L&#039;Organisation mondiale de la sant\u00e9 (OMS) a annonc\u00e9 vendredi avoir rebaptis\u00e9 les variants de la variole du singe, en rem ...\" \/>\n<meta property=\"og:url\" content=\"https:\/\/www.africa-press.net\/tchad\/toutes-les-actualites\/loms-rebaptise-les-variants-de-la-variole-du-singe-pour-ne-pas-stigmatiser-les-regions-africaines\" \/>\n<meta property=\"og:site_name\" content=\"tchad\" \/>\n<meta property=\"article:published_time\" content=\"2022-08-13T15:09:25+00:00\" \/>\n<meta property=\"article:modified_time\" content=\"2022-08-13T15:30:05+00:00\" \/>\n<meta property=\"og:image\" content=\"https:\/\/static.africa-press.net\/tchad\/sites\/41\/2022\/08\/postQueueImg_3-62f7c343b451e.jpg\" \/>\n\t<meta property=\"og:image:width\" content=\"1920\" \/>\n\t<meta property=\"og:image:height\" content=\"1079\" \/>\n\t<meta property=\"og:image:type\" content=\"image\/jpeg\" \/>\n<meta name=\"author\" content=\"cfeditorfr\" \/>\n<meta name=\"twitter:card\" content=\"summary_large_image\" \/>\n<meta name=\"twitter:label1\" content=\"\u00c9crit par\" \/>\n\t<meta name=\"twitter:data1\" content=\"cfeditorfr\" \/>\n\t<meta name=\"twitter:label2\" content=\"Dur\u00e9e de lecture estim\u00e9e\" \/>\n\t<meta name=\"twitter:data2\" content=\"2 minutes\" \/>\n<script type=\"application\/ld+json\" class=\"yoast-schema-graph\">{\"@context\":\"https:\/\/schema.org\",\"@graph\":[{\"@type\":\"Article\",\"@id\":\"https:\/\/www.africa-press.net\/tchad\/toutes-les-actualites\/loms-rebaptise-les-variants-de-la-variole-du-singe-pour-ne-pas-stigmatiser-les-regions-africaines#article\",\"isPartOf\":{\"@id\":\"https:\/\/www.africa-press.net\/tchad\/toutes-les-actualites\/loms-rebaptise-les-variants-de-la-variole-du-singe-pour-ne-pas-stigmatiser-les-regions-africaines\"},\"author\":{\"name\":\"cfeditorfr\",\"@id\":\"https:\/\/www.africa-press.net\/tchad\/#\/schema\/person\/2b1cf3cd81a31e3cd26889ca66d677f1\"},\"headline\":\"L&rsquo;OMS rebaptise les variants de la variole du singe pour ne pas stigmatiser les r\u00e9gions africaines\",\"datePublished\":\"2022-08-13T15:09:25+00:00\",\"dateModified\":\"2022-08-13T15:30:05+00:00\",\"mainEntityOfPage\":{\"@id\":\"https:\/\/www.africa-press.net\/tchad\/toutes-les-actualites\/loms-rebaptise-les-variants-de-la-variole-du-singe-pour-ne-pas-stigmatiser-les-regions-africaines\"},\"wordCount\":450,\"commentCount\":0,\"image\":{\"@id\":\"https:\/\/www.africa-press.net\/tchad\/toutes-les-actualites\/loms-rebaptise-les-variants-de-la-variole-du-singe-pour-ne-pas-stigmatiser-les-regions-africaines#primaryimage\"},\"thumbnailUrl\":\"https:\/\/static.africa-press.net\/tchad\/sites\/41\/2022\/08\/postQueueImg_3-62f7c343b451e.jpg\",\"keywords\":[\"Africa Press\",\"Africa Press-Tchad\",\"Tchad\"],\"articleSection\":[\"Communaut\u00e9\",\"homepage-french\",\"Toutes les actualit\u00e9s\"],\"inLanguage\":\"fr-FR\",\"potentialAction\":[{\"@type\":\"CommentAction\",\"name\":\"Comment\",\"target\":[\"https:\/\/www.africa-press.net\/tchad\/toutes-les-actualites\/loms-rebaptise-les-variants-de-la-variole-du-singe-pour-ne-pas-stigmatiser-les-regions-africaines#respond\"]}]},{\"@type\":\"WebPage\",\"@id\":\"https:\/\/www.africa-press.net\/tchad\/toutes-les-actualites\/loms-rebaptise-les-variants-de-la-variole-du-singe-pour-ne-pas-stigmatiser-les-regions-africaines\",\"url\":\"https:\/\/www.africa-press.net\/tchad\/toutes-les-actualites\/loms-rebaptise-les-variants-de-la-variole-du-singe-pour-ne-pas-stigmatiser-les-regions-africaines\",\"name\":\"L'OMS rebaptise les variants de la variole du singe pour ne pas stigmatiser les r\u00e9gions africaines - tchad\",\"isPartOf\":{\"@id\":\"https:\/\/www.africa-press.net\/tchad\/#website\"},\"primaryImageOfPage\":{\"@id\":\"https:\/\/www.africa-press.net\/tchad\/toutes-les-actualites\/loms-rebaptise-les-variants-de-la-variole-du-singe-pour-ne-pas-stigmatiser-les-regions-africaines#primaryimage\"},\"image\":{\"@id\":\"https:\/\/www.africa-press.net\/tchad\/toutes-les-actualites\/loms-rebaptise-les-variants-de-la-variole-du-singe-pour-ne-pas-stigmatiser-les-regions-africaines#primaryimage\"},\"thumbnailUrl\":\"https:\/\/static.africa-press.net\/tchad\/sites\/41\/2022\/08\/postQueueImg_3-62f7c343b451e.jpg\",\"datePublished\":\"2022-08-13T15:09:25+00:00\",\"dateModified\":\"2022-08-13T15:30:05+00:00\",\"author\":{\"@id\":\"https:\/\/www.africa-press.net\/tchad\/#\/schema\/person\/2b1cf3cd81a31e3cd26889ca66d677f1\"},\"description\":\"L'Organisation mondiale de la sant\u00e9 (OMS) a annonc\u00e9 vendredi avoir rebaptis\u00e9 les variants de la variole du singe, en rem ...\",\"breadcrumb\":{\"@id\":\"https:\/\/www.africa-press.net\/tchad\/toutes-les-actualites\/loms-rebaptise-les-variants-de-la-variole-du-singe-pour-ne-pas-stigmatiser-les-regions-africaines#breadcrumb\"},\"inLanguage\":\"fr-FR\",\"potentialAction\":[{\"@type\":\"ReadAction\",\"target\":[\"https:\/\/www.africa-press.net\/tchad\/toutes-les-actualites\/loms-rebaptise-les-variants-de-la-variole-du-singe-pour-ne-pas-stigmatiser-les-regions-africaines\"]}]},{\"@type\":\"ImageObject\",\"inLanguage\":\"fr-FR\",\"@id\":\"https:\/\/www.africa-press.net\/tchad\/toutes-les-actualites\/loms-rebaptise-les-variants-de-la-variole-du-singe-pour-ne-pas-stigmatiser-les-regions-africaines#primaryimage\",\"url\":\"https:\/\/static.africa-press.net\/tchad\/sites\/41\/2022\/08\/postQueueImg_3-62f7c343b451e.jpg\",\"contentUrl\":\"https:\/\/static.africa-press.net\/tchad\/sites\/41\/2022\/08\/postQueueImg_3-62f7c343b451e.jpg\",\"width\":1920,\"height\":1079,\"caption\":\"L'OMS rebaptise les variants de la variole du singe pour ne pas stigmatiser les r\u00e9gions africaines\"},{\"@type\":\"BreadcrumbList\",\"@id\":\"https:\/\/www.africa-press.net\/tchad\/toutes-les-actualites\/loms-rebaptise-les-variants-de-la-variole-du-singe-pour-ne-pas-stigmatiser-les-regions-africaines#breadcrumb\",\"itemListElement\":[{\"@type\":\"ListItem\",\"position\":1,\"name\":\"Accueil\",\"item\":\"https:\/\/www.africa-press.net\/tchad\/\"},{\"@type\":\"ListItem\",\"position\":2,\"name\":\"L&#8217;OMS rebaptise les variants de la variole du singe pour ne pas stigmatiser les r\u00e9gions africaines\"}]},{\"@type\":\"WebSite\",\"@id\":\"https:\/\/www.africa-press.net\/tchad\/#website\",\"url\":\"https:\/\/www.africa-press.net\/tchad\/\",\"name\":\"tchad\",\"description\":\"Just another Africa News Agency Sites site\",\"potentialAction\":[{\"@type\":\"SearchAction\",\"target\":{\"@type\":\"EntryPoint\",\"urlTemplate\":\"https:\/\/www.africa-press.net\/tchad\/?s={search_term_string}\"},\"query-input\":{\"@type\":\"PropertyValueSpecification\",\"valueRequired\":true,\"valueName\":\"search_term_string\"}}],\"inLanguage\":\"fr-FR\"},{\"@type\":\"Person\",\"@id\":\"https:\/\/www.africa-press.net\/tchad\/#\/schema\/person\/2b1cf3cd81a31e3cd26889ca66d677f1\",\"name\":\"cfeditorfr\"}]}<\/script>\n<!-- \/ Yoast SEO Premium plugin. -->","yoast_head_json":{"title":"L'OMS rebaptise les variants de la variole du singe pour ne pas stigmatiser les r\u00e9gions africaines - tchad","description":"L'Organisation mondiale de la sant\u00e9 (OMS) a annonc\u00e9 vendredi avoir rebaptis\u00e9 les variants de la variole du singe, en rem ...","robots":{"index":"index","follow":"follow","max-snippet":"max-snippet:-1","max-image-preview":"max-image-preview:large","max-video-preview":"max-video-preview:-1"},"canonical":"https:\/\/www.africa-press.net\/tchad\/toutes-les-actualites\/loms-rebaptise-les-variants-de-la-variole-du-singe-pour-ne-pas-stigmatiser-les-regions-africaines","og_locale":"fr_FR","og_type":"article","og_title":"L'OMS rebaptise les variants de la variole du singe pour ne pas stigmatiser les r\u00e9gions africaines","og_description":"L'Organisation mondiale de la sant\u00e9 (OMS) a annonc\u00e9 vendredi avoir rebaptis\u00e9 les variants de la variole du singe, en rem ...","og_url":"https:\/\/www.africa-press.net\/tchad\/toutes-les-actualites\/loms-rebaptise-les-variants-de-la-variole-du-singe-pour-ne-pas-stigmatiser-les-regions-africaines","og_site_name":"tchad","article_published_time":"2022-08-13T15:09:25+00:00","article_modified_time":"2022-08-13T15:30:05+00:00","og_image":[{"width":1920,"height":1079,"url":"https:\/\/static.africa-press.net\/tchad\/sites\/41\/2022\/08\/postQueueImg_3-62f7c343b451e.jpg","type":"image\/jpeg"}],"author":"cfeditorfr","twitter_card":"summary_large_image","twitter_misc":{"\u00c9crit par":"cfeditorfr","Dur\u00e9e de lecture estim\u00e9e":"2 minutes"},"schema":{"@context":"https:\/\/schema.org","@graph":[{"@type":"Article","@id":"https:\/\/www.africa-press.net\/tchad\/toutes-les-actualites\/loms-rebaptise-les-variants-de-la-variole-du-singe-pour-ne-pas-stigmatiser-les-regions-africaines#article","isPartOf":{"@id":"https:\/\/www.africa-press.net\/tchad\/toutes-les-actualites\/loms-rebaptise-les-variants-de-la-variole-du-singe-pour-ne-pas-stigmatiser-les-regions-africaines"},"author":{"name":"cfeditorfr","@id":"https:\/\/www.africa-press.net\/tchad\/#\/schema\/person\/2b1cf3cd81a31e3cd26889ca66d677f1"},"headline":"L&rsquo;OMS rebaptise les variants de la variole du singe pour ne pas stigmatiser les r\u00e9gions africaines","datePublished":"2022-08-13T15:09:25+00:00","dateModified":"2022-08-13T15:30:05+00:00","mainEntityOfPage":{"@id":"https:\/\/www.africa-press.net\/tchad\/toutes-les-actualites\/loms-rebaptise-les-variants-de-la-variole-du-singe-pour-ne-pas-stigmatiser-les-regions-africaines"},"wordCount":450,"commentCount":0,"image":{"@id":"https:\/\/www.africa-press.net\/tchad\/toutes-les-actualites\/loms-rebaptise-les-variants-de-la-variole-du-singe-pour-ne-pas-stigmatiser-les-regions-africaines#primaryimage"},"thumbnailUrl":"https:\/\/static.africa-press.net\/tchad\/sites\/41\/2022\/08\/postQueueImg_3-62f7c343b451e.jpg","keywords":["Africa Press","Africa Press-Tchad","Tchad"],"articleSection":["Communaut\u00e9","homepage-french","Toutes les actualit\u00e9s"],"inLanguage":"fr-FR","potentialAction":[{"@type":"CommentAction","name":"Comment","target":["https:\/\/www.africa-press.net\/tchad\/toutes-les-actualites\/loms-rebaptise-les-variants-de-la-variole-du-singe-pour-ne-pas-stigmatiser-les-regions-africaines#respond"]}]},{"@type":"WebPage","@id":"https:\/\/www.africa-press.net\/tchad\/toutes-les-actualites\/loms-rebaptise-les-variants-de-la-variole-du-singe-pour-ne-pas-stigmatiser-les-regions-africaines","url":"https:\/\/www.africa-press.net\/tchad\/toutes-les-actualites\/loms-rebaptise-les-variants-de-la-variole-du-singe-pour-ne-pas-stigmatiser-les-regions-africaines","name":"L'OMS rebaptise les variants de la variole du singe pour ne pas stigmatiser les r\u00e9gions africaines - tchad","isPartOf":{"@id":"https:\/\/www.africa-press.net\/tchad\/#website"},"primaryImageOfPage":{"@id":"https:\/\/www.africa-press.net\/tchad\/toutes-les-actualites\/loms-rebaptise-les-variants-de-la-variole-du-singe-pour-ne-pas-stigmatiser-les-regions-africaines#primaryimage"},"image":{"@id":"https:\/\/www.africa-press.net\/tchad\/toutes-les-actualites\/loms-rebaptise-les-variants-de-la-variole-du-singe-pour-ne-pas-stigmatiser-les-regions-africaines#primaryimage"},"thumbnailUrl":"https:\/\/static.africa-press.net\/tchad\/sites\/41\/2022\/08\/postQueueImg_3-62f7c343b451e.jpg","datePublished":"2022-08-13T15:09:25+00:00","dateModified":"2022-08-13T15:30:05+00:00","author":{"@id":"https:\/\/www.africa-press.net\/tchad\/#\/schema\/person\/2b1cf3cd81a31e3cd26889ca66d677f1"},"description":"L'Organisation mondiale de la sant\u00e9 (OMS) a annonc\u00e9 vendredi avoir rebaptis\u00e9 les variants de la variole du singe, en rem ...","breadcrumb":{"@id":"https:\/\/www.africa-press.net\/tchad\/toutes-les-actualites\/loms-rebaptise-les-variants-de-la-variole-du-singe-pour-ne-pas-stigmatiser-les-regions-africaines#breadcrumb"},"inLanguage":"fr-FR","potentialAction":[{"@type":"ReadAction","target":["https:\/\/www.africa-press.net\/tchad\/toutes-les-actualites\/loms-rebaptise-les-variants-de-la-variole-du-singe-pour-ne-pas-stigmatiser-les-regions-africaines"]}]},{"@type":"ImageObject","inLanguage":"fr-FR","@id":"https:\/\/www.africa-press.net\/tchad\/toutes-les-actualites\/loms-rebaptise-les-variants-de-la-variole-du-singe-pour-ne-pas-stigmatiser-les-regions-africaines#primaryimage","url":"https:\/\/static.africa-press.net\/tchad\/sites\/41\/2022\/08\/postQueueImg_3-62f7c343b451e.jpg","contentUrl":"https:\/\/static.africa-press.net\/tchad\/sites\/41\/2022\/08\/postQueueImg_3-62f7c343b451e.jpg","width":1920,"height":1079,"caption":"L'OMS rebaptise les variants de la variole du singe pour ne pas stigmatiser les r\u00e9gions africaines"},{"@type":"BreadcrumbList","@id":"https:\/\/www.africa-press.net\/tchad\/toutes-les-actualites\/loms-rebaptise-les-variants-de-la-variole-du-singe-pour-ne-pas-stigmatiser-les-regions-africaines#breadcrumb","itemListElement":[{"@type":"ListItem","position":1,"name":"Accueil","item":"https:\/\/www.africa-press.net\/tchad\/"},{"@type":"ListItem","position":2,"name":"L&#8217;OMS rebaptise les variants de la variole du singe pour ne pas stigmatiser les r\u00e9gions africaines"}]},{"@type":"WebSite","@id":"https:\/\/www.africa-press.net\/tchad\/#website","url":"https:\/\/www.africa-press.net\/tchad\/","name":"tchad","description":"Just another Africa News Agency Sites site","potentialAction":[{"@type":"SearchAction","target":{"@type":"EntryPoint","urlTemplate":"https:\/\/www.africa-press.net\/tchad\/?s={search_term_string}"},"query-input":{"@type":"PropertyValueSpecification","valueRequired":true,"valueName":"search_term_string"}}],"inLanguage":"fr-FR"},{"@type":"Person","@id":"https:\/\/www.africa-press.net\/tchad\/#\/schema\/person\/2b1cf3cd81a31e3cd26889ca66d677f1","name":"cfeditorfr"}]}},"_links":{"self":[{"href":"https:\/\/www.africa-press.net\/tchad\/wp-json\/wp\/v2\/posts\/30494","targetHints":{"allow":["GET"]}}],"collection":[{"href":"https:\/\/www.africa-press.net\/tchad\/wp-json\/wp\/v2\/posts"}],"about":[{"href":"https:\/\/www.africa-press.net\/tchad\/wp-json\/wp\/v2\/types\/post"}],"author":[{"embeddable":true,"href":"https:\/\/www.africa-press.net\/tchad\/wp-json\/wp\/v2\/users\/82"}],"replies":[{"embeddable":true,"href":"https:\/\/www.africa-press.net\/tchad\/wp-json\/wp\/v2\/comments?post=30494"}],"version-history":[{"count":0,"href":"https:\/\/www.africa-press.net\/tchad\/wp-json\/wp\/v2\/posts\/30494\/revisions"}],"wp:featuredmedia":[{"embeddable":true,"href":"https:\/\/www.africa-press.net\/tchad\/wp-json\/wp\/v2\/media\/30493"}],"wp:attachment":[{"href":"https:\/\/www.africa-press.net\/tchad\/wp-json\/wp\/v2\/media?parent=30494"}],"wp:term":[{"taxonomy":"category","embeddable":true,"href":"https:\/\/www.africa-press.net\/tchad\/wp-json\/wp\/v2\/categories?post=30494"},{"taxonomy":"post_tag","embeddable":true,"href":"https:\/\/www.africa-press.net\/tchad\/wp-json\/wp\/v2\/tags?post=30494"}],"curies":[{"name":"wp","href":"https:\/\/api.w.org\/{rel}","templated":true}]}}