{"id":30500,"date":"2022-08-13T17:05:39","date_gmt":"2022-08-13T17:05:39","guid":{"rendered":"https:\/\/www.africa-press.net\/tchad\/politique\/le-bon-filon-des-fruits-seches"},"modified":"2022-08-13T17:46:22","modified_gmt":"2022-08-13T17:46:22","slug":"le-bon-filon-des-fruits-seches","status":"publish","type":"post","link":"https:\/\/www.africa-press.net\/tchad\/economie\/le-bon-filon-des-fruits-seches","title":{"rendered":"le bon filon des fruits s\u00e9ch\u00e9s"},"content":{"rendered":"<p><span style=\"color: #ff6600\"><strong>Africa-Press &#8211; Tchad. <\/strong><\/span>Sur les \u00e9tals du march\u00e9 Taradona, \u00e0 N\u2019Djamena, par 38 degr\u00e9s \u00e0 l\u2019ombre certains fruits commencent \u00e0 piquer du nez. Dans les supermarch\u00e9s, m\u00eame constat : hormis les pommes, poires et autres produits import\u00e9s d\u2019Afrique du Sud, souvent tr\u00e8s chers, les autres, plus abordables, sont d\u00e9j\u00e0 en train de pourrir. \u00ab Les papayes, les ananas, les bananes et les mangues ne peuvent pas se conserver, confirme Haroune Warou, le patron de Tchad Bio S\u00e9ch\u00e9 (TBS). Il y en a beaucoup en ce moment, et ils se g\u00e2tent tr\u00e8s rapidement. \u00bb<\/p>\n<p>C\u2019est \u00e0 partir de ce constat que l\u2019id\u00e9e de cr\u00e9er son entreprise a germ\u00e9, en 2020, chez cet h\u00f4telier de formation. \u00ab Il y a trop de pertes sur les march\u00e9s les mois de pleine production. Dans un pays o\u00f9 s\u00e9vit la malnutrition, un tel g\u00e2chis n\u2019est pas acceptable, explique l\u2019entrepreneur de 27 ans. Alors, pour avoir des fruits toute l\u2019ann\u00e9e, j\u2019ai eu l\u2019id\u00e9e de racheter les invendus avant qu\u2019ils ne se g\u00e2tent pour les s\u00e9cher et les revendre aux p\u00e9riodes creuses \u00bb, au moment o\u00f9 ces m\u00eames fruits deviennent rares et que leurs prix s\u2019envolent. Pendant la pleine saison, Haroune Warou d\u00e9pense en moyenne 30 000 F CFA (environ 45,70 euros) par jour pour trois sacs de 50 kilos de mangues, alors que ses sachets de mangues s\u00e9ch\u00e9s s\u2019arrachent \u00e0 500 F CFA les 100 grammes, toute l\u2019ann\u00e9e.<br \/>\nDes fruits toute l\u2019ann\u00e9e, \u00e0 moindre co\u00fbt<br \/>\nUne tante lui a pr\u00eat\u00e9 une villa dans le centre de la capitale. C\u2019est dans son jardin qu\u2019il stocke les fruits, pour les s\u00e9cher au soleil. Le succ\u00e8s a \u00e9t\u00e9 imm\u00e9diat et, pour faire face \u00e0 la demande croissante, la soci\u00e9t\u00e9 a d\u00e9j\u00e0 d\u00fb acqu\u00e9rir trois s\u00e9choirs. Ces grands fours permettent de d\u00e9shydrater les fruits tout en conservant leurs valeurs nutritionnelles. \u00ab C\u2019est moins \u00e9cologique qu\u2019au soleil, mais plus efficace, explique Haroune Warou. En dix ou douze heures, j\u2019ai de quoi remplir plusieurs sachets. \u00c0 l\u2019air libre, le s\u00e9chage peut prendre plusieurs jours. \u00bb<\/p>\n<p>D\u00e9sormais, plusieurs ouvriers \u00e9pluchent et d\u00e9coupent les fruits dans la cuisine de la villa transform\u00e9e en labo. La petite entreprise tourne \u00e0 plein r\u00e9gime. \u00ab L\u2019objectif est de proposer des fruits s\u00e9ch\u00e9s toute l\u2019ann\u00e9e \u00e0 moindre co\u00fbt, alors il faut que \u00e7a aille vite. \u00bb Et la demande explose : il n\u2019y a plus de probl\u00e8me de conservation en cas de d\u00e9lestage et, alors que l\u2019inflation touche tout le monde, c\u2019est une solution qui permet de stocker et de faire des \u00e9conomies.<\/p>\n<p>Quant aux fruits trop ab\u00eem\u00e9s, ils servent de compost, un engrais naturel qui permet \u00e0 Haroune Warou de faire pousser de jeunes manguiers et papayers dans le jardin. Il esp\u00e8re en planter bient\u00f4t un peu plus au sud, \u00e0 une centaine de kilom\u00e8tres de la capitale, afin d\u2019\u00e9tendre progressivement son march\u00e9 \u00e0 l\u2019ensemble du pays.<\/p>\n<p>Enfin, pour r\u00e9pondre au probl\u00e8me crucial de l\u2019eau, Sa\u00efd Medela, directeur de Water for Tchad \u2013 une ONG cr\u00e9\u00e9e en 2018 \u00e0 Miami et qui a d\u00e9j\u00e0 r\u00e9alis\u00e9 une centaine de puits d\u2019eau potable dans le pays -, lui a propos\u00e9 son aide. \u00ab Nous essayons de rendre viable des zones d\u00e9sertiques. On fore jusqu\u2019\u00e0 40 ou 70 m\u00e8tres de profondeur pour obtenir une eau potable, test\u00e9e et certifi\u00e9e par nos soins, souligne Sa\u00efd Medela. Cette eau sert aux besoins essentiels des populations, mais aussi \u00e0 des projets agricoles, \u00e9cologiques et \u00e9thiques, comme ceux de Tchad Bio S\u00e9ch\u00e9. Et nous soutenons tout ce qui permet de cr\u00e9er de l\u2019emploi dans certaines r\u00e9gions afin de fixer les populations. \u00bb<\/p>\n<p>Une client\u00e8le locale exigeante<br \/>\n\u00c0 N\u2019Djamena, les sachets de mangues s\u00e9ch\u00e9es, poudre de citron et chips de banane douce estampill\u00e9s \u00ab naturels et d\u00e9licieux \u00bb s\u2019alignent d\u00e9sormais dans les supermarch\u00e9s et dans toutes les \u00e9piceries de l\u2019avenue Charles-de-Gaulle. \u00ab C\u2019est un v\u00e9ritable succ\u00e8s, car ce n\u2019est pas cher. Et quand il y a rupture de stock, les clients m\u2019en r\u00e9clament \u00bb, confirme le g\u00e9rant de La Belle \u00e9poque, Mahmoud Malick Sow.<\/p>\n<p>Un peu plus loin sur l\u2019avenue, la soci\u00e9t\u00e9 Khadar Market a r\u00e9cemment ouvert une boutique de fruits et l\u00e9gumes bio. La patronne, Fatim\u00e9 Souckar Terab \u2013 r\u00e9guli\u00e8rement consult\u00e9e par le pr\u00e9sident Mahamat D\u00e9by Itno en personne -, a longtemps v\u00e9cu en \u00c9thiopie. Elle y a travaill\u00e9 dans le secteur a\u00e9rien, avant de redescendre sur terre, \u00e0 N\u2019Djamena, pour cr\u00e9er son \u00ab entreprise bio \u00bb. Elle vend ses propres produits (l\u00e9gumes et fruits frais ou secs) et proposera prochainement ceux de TBS.<\/p>\n<p>\u00ab Il y a une vraie demande au Tchad pour des produits de meilleure qualit\u00e9, plus respectueux de l\u2019environnement, plus sains pour la sant\u00e9, 100 % tchadiens, et qui soient abordables, reconna\u00eet-elle. Nous avons une client\u00e8le locale de plus en plus exigeante. Avec ma marque, je promeus le travail des femmes dans les campagnes, mais j\u2019essaye aussi de soutenir tous les jeunes qui veulent tirer le pays vers le haut. \u00bb Et pour que cette fili\u00e8re fruiti\u00e8re se d\u00e9veloppe davantage, Haroune Waroun continue de faire go\u00fbter ses produits. \u00ab C\u2019est amusant car beaucoup de clients me disent qu\u2019ils pr\u00e9f\u00e8rent mes mangues s\u00e9ch\u00e9es aux mangues tout court \u00bb, sourit-il, s\u00fbr de son entreprise.<\/p>\n<p><strong>Pour plus d&rsquo;informations et d&rsquo;analyses sur la <a href=\"https:\/\/www.africa-press.net\/tchad\">Tchad<\/a>, suivez <a href=\"https:\/\/www.africa-press.net\/\">Africa-Press<\/a><\/strong><\/p>\n","protected":false},"excerpt":{"rendered":"<p>Africa-Press &#8211; Tchad. Sur les \u00e9tals du march\u00e9 Taradona, \u00e0 N\u2019Djamena, par 38 degr\u00e9s \u00e0 l\u2019ombre certains fruits commencent \u00e0 piquer du nez. Dans les supermarch\u00e9s, m\u00eame constat : hormis les pommes, poires et autres produits import\u00e9s d\u2019Afrique du Sud, souvent tr\u00e8s chers, les autres, plus abordables, sont d\u00e9j\u00e0 en train de pourrir. \u00ab Les [&hellip;]<\/p>\n","protected":false},"author":82,"featured_media":30499,"comment_status":"open","ping_status":"closed","sticky":false,"template":"","format":"standard","meta":{"footnotes":""},"categories":[7,3,11,10],"tags":[37,292,29],"class_list":["post-30500","post","type-post","status-publish","format-standard","has-post-thumbnail","hentry","category-dossiers","category-economie","category-homepage-french","category-toutes-les-actualites","tag-africa-press","tag-africa-press-tchad","tag-tchad"],"yoast_head":"<!-- This site is optimized with the Yoast SEO Premium plugin v26.1 (Yoast SEO v27.0) - https:\/\/yoast.com\/product\/yoast-seo-premium-wordpress\/ -->\n<title>le bon filon des fruits s\u00e9ch\u00e9s - tchad<\/title>\n<meta name=\"description\" content=\"Sur les \u00e9tals du march\u00e9 Taradona, \u00e0 N\u2019Djamena, par 38 degr\u00e9s \u00e0 l\u2019ombre certains fruits commencent \u00e0 piquer du nez. Dans ...\" \/>\n<meta name=\"robots\" content=\"index, follow, max-snippet:-1, max-image-preview:large, max-video-preview:-1\" \/>\n<link rel=\"canonical\" href=\"https:\/\/www.africa-press.net\/tchad\/economie\/le-bon-filon-des-fruits-seches\" \/>\n<meta property=\"og:locale\" content=\"fr_FR\" \/>\n<meta property=\"og:type\" content=\"article\" \/>\n<meta property=\"og:title\" content=\"le bon filon des fruits s\u00e9ch\u00e9s\" \/>\n<meta property=\"og:description\" content=\"Sur les \u00e9tals du march\u00e9 Taradona, \u00e0 N\u2019Djamena, par 38 degr\u00e9s \u00e0 l\u2019ombre certains fruits commencent \u00e0 piquer du nez. Dans ...\" \/>\n<meta property=\"og:url\" content=\"https:\/\/www.africa-press.net\/tchad\/economie\/le-bon-filon-des-fruits-seches\" \/>\n<meta property=\"og:site_name\" content=\"tchad\" \/>\n<meta property=\"article:published_time\" content=\"2022-08-13T17:05:39+00:00\" \/>\n<meta property=\"article:modified_time\" content=\"2022-08-13T17:46:22+00:00\" \/>\n<meta property=\"og:image\" content=\"https:\/\/static.africa-press.net\/tchad\/sites\/41\/2022\/08\/postQueueImg_11-62f7e35b612f3.jpg\" \/>\n\t<meta property=\"og:image:width\" content=\"1128\" \/>\n\t<meta property=\"og:image:height\" content=\"664\" \/>\n\t<meta property=\"og:image:type\" content=\"image\/jpeg\" \/>\n<meta name=\"author\" content=\"cfeditorfr\" \/>\n<meta name=\"twitter:card\" content=\"summary_large_image\" \/>\n<meta name=\"twitter:label1\" content=\"\u00c9crit par\" \/>\n\t<meta name=\"twitter:data1\" content=\"cfeditorfr\" \/>\n\t<meta name=\"twitter:label2\" content=\"Dur\u00e9e de lecture estim\u00e9e\" \/>\n\t<meta name=\"twitter:data2\" content=\"5 minutes\" \/>\n<script type=\"application\/ld+json\" class=\"yoast-schema-graph\">{\"@context\":\"https:\/\/schema.org\",\"@graph\":[{\"@type\":\"Article\",\"@id\":\"https:\/\/www.africa-press.net\/tchad\/economie\/le-bon-filon-des-fruits-seches#article\",\"isPartOf\":{\"@id\":\"https:\/\/www.africa-press.net\/tchad\/economie\/le-bon-filon-des-fruits-seches\"},\"author\":{\"name\":\"cfeditorfr\",\"@id\":\"https:\/\/www.africa-press.net\/tchad\/#\/schema\/person\/2b1cf3cd81a31e3cd26889ca66d677f1\"},\"headline\":\"le bon filon des fruits s\u00e9ch\u00e9s\",\"datePublished\":\"2022-08-13T17:05:39+00:00\",\"dateModified\":\"2022-08-13T17:46:22+00:00\",\"mainEntityOfPage\":{\"@id\":\"https:\/\/www.africa-press.net\/tchad\/economie\/le-bon-filon-des-fruits-seches\"},\"wordCount\":960,\"commentCount\":0,\"image\":{\"@id\":\"https:\/\/www.africa-press.net\/tchad\/economie\/le-bon-filon-des-fruits-seches#primaryimage\"},\"thumbnailUrl\":\"https:\/\/static.africa-press.net\/tchad\/sites\/41\/2022\/08\/postQueueImg_11-62f7e35b612f3.jpg\",\"keywords\":[\"Africa Press\",\"Africa Press-Tchad\",\"Tchad\"],\"articleSection\":[\"Dossiers\",\"\u00c9conomie\",\"homepage-french\",\"Toutes les actualit\u00e9s\"],\"inLanguage\":\"fr-FR\",\"potentialAction\":[{\"@type\":\"CommentAction\",\"name\":\"Comment\",\"target\":[\"https:\/\/www.africa-press.net\/tchad\/economie\/le-bon-filon-des-fruits-seches#respond\"]}]},{\"@type\":\"WebPage\",\"@id\":\"https:\/\/www.africa-press.net\/tchad\/economie\/le-bon-filon-des-fruits-seches\",\"url\":\"https:\/\/www.africa-press.net\/tchad\/economie\/le-bon-filon-des-fruits-seches\",\"name\":\"le bon filon des fruits s\u00e9ch\u00e9s - tchad\",\"isPartOf\":{\"@id\":\"https:\/\/www.africa-press.net\/tchad\/#website\"},\"primaryImageOfPage\":{\"@id\":\"https:\/\/www.africa-press.net\/tchad\/economie\/le-bon-filon-des-fruits-seches#primaryimage\"},\"image\":{\"@id\":\"https:\/\/www.africa-press.net\/tchad\/economie\/le-bon-filon-des-fruits-seches#primaryimage\"},\"thumbnailUrl\":\"https:\/\/static.africa-press.net\/tchad\/sites\/41\/2022\/08\/postQueueImg_11-62f7e35b612f3.jpg\",\"datePublished\":\"2022-08-13T17:05:39+00:00\",\"dateModified\":\"2022-08-13T17:46:22+00:00\",\"author\":{\"@id\":\"https:\/\/www.africa-press.net\/tchad\/#\/schema\/person\/2b1cf3cd81a31e3cd26889ca66d677f1\"},\"description\":\"Sur les \u00e9tals du march\u00e9 Taradona, \u00e0 N\u2019Djamena, par 38 degr\u00e9s \u00e0 l\u2019ombre certains fruits commencent \u00e0 piquer du nez. Dans ...\",\"breadcrumb\":{\"@id\":\"https:\/\/www.africa-press.net\/tchad\/economie\/le-bon-filon-des-fruits-seches#breadcrumb\"},\"inLanguage\":\"fr-FR\",\"potentialAction\":[{\"@type\":\"ReadAction\",\"target\":[\"https:\/\/www.africa-press.net\/tchad\/economie\/le-bon-filon-des-fruits-seches\"]}]},{\"@type\":\"ImageObject\",\"inLanguage\":\"fr-FR\",\"@id\":\"https:\/\/www.africa-press.net\/tchad\/economie\/le-bon-filon-des-fruits-seches#primaryimage\",\"url\":\"https:\/\/static.africa-press.net\/tchad\/sites\/41\/2022\/08\/postQueueImg_11-62f7e35b612f3.jpg\",\"contentUrl\":\"https:\/\/static.africa-press.net\/tchad\/sites\/41\/2022\/08\/postQueueImg_11-62f7e35b612f3.jpg\",\"width\":1128,\"height\":664,\"caption\":\"le bon filon des fruits s\u00e9ch\u00e9s\"},{\"@type\":\"BreadcrumbList\",\"@id\":\"https:\/\/www.africa-press.net\/tchad\/economie\/le-bon-filon-des-fruits-seches#breadcrumb\",\"itemListElement\":[{\"@type\":\"ListItem\",\"position\":1,\"name\":\"Accueil\",\"item\":\"https:\/\/www.africa-press.net\/tchad\/\"},{\"@type\":\"ListItem\",\"position\":2,\"name\":\"le bon filon des fruits s\u00e9ch\u00e9s\"}]},{\"@type\":\"WebSite\",\"@id\":\"https:\/\/www.africa-press.net\/tchad\/#website\",\"url\":\"https:\/\/www.africa-press.net\/tchad\/\",\"name\":\"tchad\",\"description\":\"Just another Africa News Agency Sites site\",\"potentialAction\":[{\"@type\":\"SearchAction\",\"target\":{\"@type\":\"EntryPoint\",\"urlTemplate\":\"https:\/\/www.africa-press.net\/tchad\/?s={search_term_string}\"},\"query-input\":{\"@type\":\"PropertyValueSpecification\",\"valueRequired\":true,\"valueName\":\"search_term_string\"}}],\"inLanguage\":\"fr-FR\"},{\"@type\":\"Person\",\"@id\":\"https:\/\/www.africa-press.net\/tchad\/#\/schema\/person\/2b1cf3cd81a31e3cd26889ca66d677f1\",\"name\":\"cfeditorfr\"}]}<\/script>\n<!-- \/ Yoast SEO Premium plugin. -->","yoast_head_json":{"title":"le bon filon des fruits s\u00e9ch\u00e9s - tchad","description":"Sur les \u00e9tals du march\u00e9 Taradona, \u00e0 N\u2019Djamena, par 38 degr\u00e9s \u00e0 l\u2019ombre certains fruits commencent \u00e0 piquer du nez. Dans ...","robots":{"index":"index","follow":"follow","max-snippet":"max-snippet:-1","max-image-preview":"max-image-preview:large","max-video-preview":"max-video-preview:-1"},"canonical":"https:\/\/www.africa-press.net\/tchad\/economie\/le-bon-filon-des-fruits-seches","og_locale":"fr_FR","og_type":"article","og_title":"le bon filon des fruits s\u00e9ch\u00e9s","og_description":"Sur les \u00e9tals du march\u00e9 Taradona, \u00e0 N\u2019Djamena, par 38 degr\u00e9s \u00e0 l\u2019ombre certains fruits commencent \u00e0 piquer du nez. Dans ...","og_url":"https:\/\/www.africa-press.net\/tchad\/economie\/le-bon-filon-des-fruits-seches","og_site_name":"tchad","article_published_time":"2022-08-13T17:05:39+00:00","article_modified_time":"2022-08-13T17:46:22+00:00","og_image":[{"width":1128,"height":664,"url":"https:\/\/static.africa-press.net\/tchad\/sites\/41\/2022\/08\/postQueueImg_11-62f7e35b612f3.jpg","type":"image\/jpeg"}],"author":"cfeditorfr","twitter_card":"summary_large_image","twitter_misc":{"\u00c9crit par":"cfeditorfr","Dur\u00e9e de lecture estim\u00e9e":"5 minutes"},"schema":{"@context":"https:\/\/schema.org","@graph":[{"@type":"Article","@id":"https:\/\/www.africa-press.net\/tchad\/economie\/le-bon-filon-des-fruits-seches#article","isPartOf":{"@id":"https:\/\/www.africa-press.net\/tchad\/economie\/le-bon-filon-des-fruits-seches"},"author":{"name":"cfeditorfr","@id":"https:\/\/www.africa-press.net\/tchad\/#\/schema\/person\/2b1cf3cd81a31e3cd26889ca66d677f1"},"headline":"le bon filon des fruits s\u00e9ch\u00e9s","datePublished":"2022-08-13T17:05:39+00:00","dateModified":"2022-08-13T17:46:22+00:00","mainEntityOfPage":{"@id":"https:\/\/www.africa-press.net\/tchad\/economie\/le-bon-filon-des-fruits-seches"},"wordCount":960,"commentCount":0,"image":{"@id":"https:\/\/www.africa-press.net\/tchad\/economie\/le-bon-filon-des-fruits-seches#primaryimage"},"thumbnailUrl":"https:\/\/static.africa-press.net\/tchad\/sites\/41\/2022\/08\/postQueueImg_11-62f7e35b612f3.jpg","keywords":["Africa Press","Africa Press-Tchad","Tchad"],"articleSection":["Dossiers","\u00c9conomie","homepage-french","Toutes les actualit\u00e9s"],"inLanguage":"fr-FR","potentialAction":[{"@type":"CommentAction","name":"Comment","target":["https:\/\/www.africa-press.net\/tchad\/economie\/le-bon-filon-des-fruits-seches#respond"]}]},{"@type":"WebPage","@id":"https:\/\/www.africa-press.net\/tchad\/economie\/le-bon-filon-des-fruits-seches","url":"https:\/\/www.africa-press.net\/tchad\/economie\/le-bon-filon-des-fruits-seches","name":"le bon filon des fruits s\u00e9ch\u00e9s - tchad","isPartOf":{"@id":"https:\/\/www.africa-press.net\/tchad\/#website"},"primaryImageOfPage":{"@id":"https:\/\/www.africa-press.net\/tchad\/economie\/le-bon-filon-des-fruits-seches#primaryimage"},"image":{"@id":"https:\/\/www.africa-press.net\/tchad\/economie\/le-bon-filon-des-fruits-seches#primaryimage"},"thumbnailUrl":"https:\/\/static.africa-press.net\/tchad\/sites\/41\/2022\/08\/postQueueImg_11-62f7e35b612f3.jpg","datePublished":"2022-08-13T17:05:39+00:00","dateModified":"2022-08-13T17:46:22+00:00","author":{"@id":"https:\/\/www.africa-press.net\/tchad\/#\/schema\/person\/2b1cf3cd81a31e3cd26889ca66d677f1"},"description":"Sur les \u00e9tals du march\u00e9 Taradona, \u00e0 N\u2019Djamena, par 38 degr\u00e9s \u00e0 l\u2019ombre certains fruits commencent \u00e0 piquer du nez. Dans ...","breadcrumb":{"@id":"https:\/\/www.africa-press.net\/tchad\/economie\/le-bon-filon-des-fruits-seches#breadcrumb"},"inLanguage":"fr-FR","potentialAction":[{"@type":"ReadAction","target":["https:\/\/www.africa-press.net\/tchad\/economie\/le-bon-filon-des-fruits-seches"]}]},{"@type":"ImageObject","inLanguage":"fr-FR","@id":"https:\/\/www.africa-press.net\/tchad\/economie\/le-bon-filon-des-fruits-seches#primaryimage","url":"https:\/\/static.africa-press.net\/tchad\/sites\/41\/2022\/08\/postQueueImg_11-62f7e35b612f3.jpg","contentUrl":"https:\/\/static.africa-press.net\/tchad\/sites\/41\/2022\/08\/postQueueImg_11-62f7e35b612f3.jpg","width":1128,"height":664,"caption":"le bon filon des fruits s\u00e9ch\u00e9s"},{"@type":"BreadcrumbList","@id":"https:\/\/www.africa-press.net\/tchad\/economie\/le-bon-filon-des-fruits-seches#breadcrumb","itemListElement":[{"@type":"ListItem","position":1,"name":"Accueil","item":"https:\/\/www.africa-press.net\/tchad\/"},{"@type":"ListItem","position":2,"name":"le bon filon des fruits s\u00e9ch\u00e9s"}]},{"@type":"WebSite","@id":"https:\/\/www.africa-press.net\/tchad\/#website","url":"https:\/\/www.africa-press.net\/tchad\/","name":"tchad","description":"Just another Africa News Agency Sites site","potentialAction":[{"@type":"SearchAction","target":{"@type":"EntryPoint","urlTemplate":"https:\/\/www.africa-press.net\/tchad\/?s={search_term_string}"},"query-input":{"@type":"PropertyValueSpecification","valueRequired":true,"valueName":"search_term_string"}}],"inLanguage":"fr-FR"},{"@type":"Person","@id":"https:\/\/www.africa-press.net\/tchad\/#\/schema\/person\/2b1cf3cd81a31e3cd26889ca66d677f1","name":"cfeditorfr"}]}},"_links":{"self":[{"href":"https:\/\/www.africa-press.net\/tchad\/wp-json\/wp\/v2\/posts\/30500","targetHints":{"allow":["GET"]}}],"collection":[{"href":"https:\/\/www.africa-press.net\/tchad\/wp-json\/wp\/v2\/posts"}],"about":[{"href":"https:\/\/www.africa-press.net\/tchad\/wp-json\/wp\/v2\/types\/post"}],"author":[{"embeddable":true,"href":"https:\/\/www.africa-press.net\/tchad\/wp-json\/wp\/v2\/users\/82"}],"replies":[{"embeddable":true,"href":"https:\/\/www.africa-press.net\/tchad\/wp-json\/wp\/v2\/comments?post=30500"}],"version-history":[{"count":0,"href":"https:\/\/www.africa-press.net\/tchad\/wp-json\/wp\/v2\/posts\/30500\/revisions"}],"wp:featuredmedia":[{"embeddable":true,"href":"https:\/\/www.africa-press.net\/tchad\/wp-json\/wp\/v2\/media\/30499"}],"wp:attachment":[{"href":"https:\/\/www.africa-press.net\/tchad\/wp-json\/wp\/v2\/media?parent=30500"}],"wp:term":[{"taxonomy":"category","embeddable":true,"href":"https:\/\/www.africa-press.net\/tchad\/wp-json\/wp\/v2\/categories?post=30500"},{"taxonomy":"post_tag","embeddable":true,"href":"https:\/\/www.africa-press.net\/tchad\/wp-json\/wp\/v2\/tags?post=30500"}],"curies":[{"name":"wp","href":"https:\/\/api.w.org\/{rel}","templated":true}]}}