{"id":30503,"date":"2022-08-13T17:07:06","date_gmt":"2022-08-13T17:07:06","guid":{"rendered":"https:\/\/www.africa-press.net\/tchad\/politique\/valerie-levkov-edf-lafrique-peut-pourvoir-a-ses-besoins-energetiques-mais-aussi-exporter"},"modified":"2022-08-13T17:47:33","modified_gmt":"2022-08-13T17:47:33","slug":"valerie-levkov-edf-lafrique-peut-pourvoir-a-ses-besoins-energetiques-mais-aussi-exporter","status":"publish","type":"post","link":"https:\/\/www.africa-press.net\/tchad\/economie\/valerie-levkov-edf-lafrique-peut-pourvoir-a-ses-besoins-energetiques-mais-aussi-exporter","title":{"rendered":"Val\u00e9rie Levkov (EDF) : \u00ab L\u2019Afrique peut pourvoir \u00e0 ses besoins \u00e9nerg\u00e9tiques, mais aussi exporter\u00a0\u00bb"},"content":{"rendered":"<p><span style=\"color: #ff6600\"><strong>Africa-Press &#8211; Tchad. <\/strong><\/span>Aux commandes de l\u2019unit\u00e9 Afrique, Moyen-Orient et M\u00e9diterran\u00e9e orientale d\u2019EDF depuis 2015, Val\u00e9rie Levkov est au c\u0153ur de la strat\u00e9gie du g\u00e9ant mondial de l\u2019\u00e9lectricit\u00e9 sur le continent, au moment o\u00f9 celui-ci fait l\u2019objet d\u2019un plan de renationalisation \u00e0 hauteur de 9,7 milliards d\u2019euros. En sept ans, EDF, auparavant pr\u00e9sent uniquement au Maroc, en \u00c9gypte et en Afrique du Sud, s\u2019est d\u00e9ploy\u00e9e en C\u00f4te d\u2019Ivoire, au Ghana et au S\u00e9n\u00e9gal, ainsi qu\u2019au Cameroun, avec le projet de la centrale hydro\u00e9lectrique Nachtigal.<br \/>\nEntre nucl\u00e9aire, thermique, gaz, hydraulique, \u00e9olien, biomasse et solaire, l\u2019\u00e9nerg\u00e9ticien fran\u00e7ais varie son offre et renforce sa pr\u00e9sence sur le continent. Rencontr\u00e9e \u00e0 Abidjan, en marge de l\u2019Africa CEO Forum 2022 (13-14 juin), la directrice Afrique de l\u2019\u00e9nerg\u00e9ticien fran\u00e7ais revient sur les dossiers prioritaires.<\/p>\n<p>\u00c9nergies \u00ab propres \u00bb<br \/>\nPour Val\u00e9rie Levkov, il appara\u00eet tr\u00e8s important de miser sur le continent africain : \u00ab D\u2019abord, parce que c\u2019est un grand continent en plein essor avec une d\u00e9mographie tr\u00e8s importante. D\u00e9sormais, il est essentiel de l\u2019accompagner dans sa transition \u00e9nerg\u00e9tique et de contribuer \u00e0 donner acc\u00e8s \u00e0 l\u2019\u00e9nergie aux 650 millions de citoyens africains qui en sont priv\u00e9s. \u00bb Consciente des fortes pr\u00e9visions de croissance, de la dynamique du secteur et de sa rentabilit\u00e9 potentielle, la directrice Afrique de l\u2019\u00e9lectricien fran\u00e7ais met en avant le potentiel \u00ab \u00e9norme \u00bb du continent. Au-del\u00e0 du temps d\u2019ensoleillement tr\u00e8s \u00e9lev\u00e9, le continent regorge \u00e9galement de multiples ressources \u00e9nerg\u00e9tiques, \u00ab propres \u00bb, notamment hydrauliques, \u00e9oliennes et biomasse.<\/p>\n<p>\u00ab L\u2019Afrique dispose de tous les moyens et de toutes les ressources naturelles pour d\u00e9velopper son \u00e9lectricit\u00e9 et r\u00e9ussir sa transition avec des \u00e9nergies d\u00e9carbon\u00e9es \u00bb, souligne Val\u00e9rie Levkov. Alors qu\u2019elle pr\u00f4ne le mix \u00e9nerg\u00e9tique et l\u2019usage paritairement local, cette ing\u00e9nieure de formation n\u2019\u00e9carte pas l\u2019option d\u2019exportation vers l\u2019Europe. \u00ab L\u2019Afrique est capable de pourvoir \u00e0 ses besoins, mais aussi d\u2019exporter \u00bb, affirme-t-elle.<\/p>\n<p>S\u00e9curiser les projets importants<br \/>\nDans un contexte tr\u00e8s comp\u00e9titif, la cheffe de l\u2019unit\u00e9 Afrique d\u2019EDF veut acc\u00e9l\u00e9rer l\u2019acc\u00e8s \u00e0 l\u2019\u00e9lectricit\u00e9. \u00ab Chaque pays poss\u00e8de des ressources naturelles qui se distinguent. Pour les d\u00e9velopper toutes en parall\u00e8le, il faut s\u2019adapter aux conditions locales et faire passer tous les voyants au vert \u00bb, insiste Val\u00e9rie Levokov. Et de r\u00e9it\u00e9rer : \u00ab Le continent a besoin, en toute urgence, de l\u2019\u00e9nergie. \u00bb Avec l\u2019appui des bailleurs de fonds internationaux et des grands d\u00e9veloppeurs, qui peuvent apporter leurs capacit\u00e9s techniques et financi\u00e8res, l\u2019\u00e9lectrification m\u00e8nera rapidement au d\u00e9veloppement industriel de l\u2019Afrique. \u00ab Sans \u00e9nergie, il n\u2019y aura pas de stabilit\u00e9 et la pauvret\u00e9 risque de perdurer \u00bb, met-elle en garde.<\/p>\n<p>Si elle se veut optimiste pour la suite, gr\u00e2ce au soutien des banques de d\u00e9veloppement et des grands fonds multilat\u00e9raux, la responsable s\u2019interroge sur la s\u00e9curisation de ces projets \u00ab importants \u00bb. \u00ab Dans un contexte d\u2019instabilit\u00e9, la question qui se pose est comment proc\u00e9der dans des conditions de s\u00e9curit\u00e9 humaine. Pour des d\u00e9veloppeurs comme nous, l\u2019un des soucis majeurs est la s\u00e9curit\u00e9 de notre personnel et de tous les gens travaillant avec nous dans ce projet \u00bb, conclut Val\u00e9rie Levkov.<\/p>\n<p><strong>Pour plus d&rsquo;informations et d&rsquo;analyses sur la <a href=\"https:\/\/www.africa-press.net\/tchad\">Tchad<\/a>, suivez <a href=\"https:\/\/www.africa-press.net\/\">Africa-Press<\/a><\/strong><\/p>\n","protected":false},"excerpt":{"rendered":"<p>Africa-Press &#8211; Tchad. Aux commandes de l\u2019unit\u00e9 Afrique, Moyen-Orient et M\u00e9diterran\u00e9e orientale d\u2019EDF depuis 2015, Val\u00e9rie Levkov est au c\u0153ur de la strat\u00e9gie du g\u00e9ant mondial de l\u2019\u00e9lectricit\u00e9 sur le continent, au moment o\u00f9 celui-ci fait l\u2019objet d\u2019un plan de renationalisation \u00e0 hauteur de 9,7 milliards d\u2019euros. En sept ans, EDF, auparavant pr\u00e9sent uniquement au [&hellip;]<\/p>\n","protected":false},"author":82,"featured_media":30502,"comment_status":"open","ping_status":"closed","sticky":false,"template":"","format":"standard","meta":{"footnotes":""},"categories":[3,11,10],"tags":[37,292,29],"class_list":["post-30503","post","type-post","status-publish","format-standard","has-post-thumbnail","hentry","category-economie","category-homepage-french","category-toutes-les-actualites","tag-africa-press","tag-africa-press-tchad","tag-tchad"],"yoast_head":"<!-- This site is optimized with the Yoast SEO Premium plugin v26.1 (Yoast SEO v27.0) - https:\/\/yoast.com\/product\/yoast-seo-premium-wordpress\/ -->\n<title>Val\u00e9rie Levkov (EDF) : \u00ab L\u2019Afrique peut pourvoir \u00e0 ses besoins \u00e9nerg\u00e9tiques, mais aussi exporter\u00a0\u00bb - tchad<\/title>\n<meta name=\"description\" content=\"Aux commandes de l\u2019unit\u00e9 Afrique, Moyen-Orient et M\u00e9diterran\u00e9e orientale d\u2019EDF depuis 2015, Val\u00e9rie Levkov est au c\u0153ur d ...\" \/>\n<meta name=\"robots\" content=\"index, follow, max-snippet:-1, max-image-preview:large, max-video-preview:-1\" \/>\n<link rel=\"canonical\" href=\"https:\/\/www.africa-press.net\/tchad\/economie\/valerie-levkov-edf-lafrique-peut-pourvoir-a-ses-besoins-energetiques-mais-aussi-exporter\" \/>\n<meta property=\"og:locale\" content=\"fr_FR\" \/>\n<meta property=\"og:type\" content=\"article\" \/>\n<meta property=\"og:title\" content=\"Val\u00e9rie Levkov (EDF) : \u00ab L\u2019Afrique peut pourvoir \u00e0 ses besoins \u00e9nerg\u00e9tiques, mais aussi exporter\u00a0\u00bb\" \/>\n<meta property=\"og:description\" content=\"Aux commandes de l\u2019unit\u00e9 Afrique, Moyen-Orient et M\u00e9diterran\u00e9e orientale d\u2019EDF depuis 2015, Val\u00e9rie Levkov est au c\u0153ur d ...\" \/>\n<meta property=\"og:url\" content=\"https:\/\/www.africa-press.net\/tchad\/economie\/valerie-levkov-edf-lafrique-peut-pourvoir-a-ses-besoins-energetiques-mais-aussi-exporter\" \/>\n<meta property=\"og:site_name\" content=\"tchad\" \/>\n<meta property=\"article:published_time\" content=\"2022-08-13T17:07:06+00:00\" \/>\n<meta property=\"article:modified_time\" content=\"2022-08-13T17:47:33+00:00\" \/>\n<meta property=\"og:image\" content=\"https:\/\/static.africa-press.net\/tchad\/sites\/41\/2022\/08\/postQueueImg_12-62f7e3a2ef319.jpg\" \/>\n\t<meta property=\"og:image:width\" content=\"1256\" \/>\n\t<meta property=\"og:image:height\" content=\"628\" \/>\n\t<meta property=\"og:image:type\" content=\"image\/jpeg\" \/>\n<meta name=\"author\" content=\"cfeditorfr\" \/>\n<meta name=\"twitter:card\" content=\"summary_large_image\" \/>\n<meta name=\"twitter:label1\" content=\"\u00c9crit par\" \/>\n\t<meta name=\"twitter:data1\" content=\"cfeditorfr\" \/>\n\t<meta name=\"twitter:label2\" content=\"Dur\u00e9e de lecture estim\u00e9e\" \/>\n\t<meta name=\"twitter:data2\" content=\"3 minutes\" \/>\n<script type=\"application\/ld+json\" class=\"yoast-schema-graph\">{\"@context\":\"https:\/\/schema.org\",\"@graph\":[{\"@type\":\"Article\",\"@id\":\"https:\/\/www.africa-press.net\/tchad\/economie\/valerie-levkov-edf-lafrique-peut-pourvoir-a-ses-besoins-energetiques-mais-aussi-exporter#article\",\"isPartOf\":{\"@id\":\"https:\/\/www.africa-press.net\/tchad\/economie\/valerie-levkov-edf-lafrique-peut-pourvoir-a-ses-besoins-energetiques-mais-aussi-exporter\"},\"author\":{\"name\":\"cfeditorfr\",\"@id\":\"https:\/\/www.africa-press.net\/tchad\/#\/schema\/person\/2b1cf3cd81a31e3cd26889ca66d677f1\"},\"headline\":\"Val\u00e9rie Levkov (EDF) : \u00ab L\u2019Afrique peut pourvoir \u00e0 ses besoins \u00e9nerg\u00e9tiques, mais aussi exporter\u00a0\u00bb\",\"datePublished\":\"2022-08-13T17:07:06+00:00\",\"dateModified\":\"2022-08-13T17:47:33+00:00\",\"mainEntityOfPage\":{\"@id\":\"https:\/\/www.africa-press.net\/tchad\/economie\/valerie-levkov-edf-lafrique-peut-pourvoir-a-ses-besoins-energetiques-mais-aussi-exporter\"},\"wordCount\":604,\"commentCount\":0,\"image\":{\"@id\":\"https:\/\/www.africa-press.net\/tchad\/economie\/valerie-levkov-edf-lafrique-peut-pourvoir-a-ses-besoins-energetiques-mais-aussi-exporter#primaryimage\"},\"thumbnailUrl\":\"https:\/\/static.africa-press.net\/tchad\/sites\/41\/2022\/08\/postQueueImg_12-62f7e3a2ef319.jpg\",\"keywords\":[\"Africa Press\",\"Africa Press-Tchad\",\"Tchad\"],\"articleSection\":[\"\u00c9conomie\",\"homepage-french\",\"Toutes les actualit\u00e9s\"],\"inLanguage\":\"fr-FR\",\"potentialAction\":[{\"@type\":\"CommentAction\",\"name\":\"Comment\",\"target\":[\"https:\/\/www.africa-press.net\/tchad\/economie\/valerie-levkov-edf-lafrique-peut-pourvoir-a-ses-besoins-energetiques-mais-aussi-exporter#respond\"]}]},{\"@type\":\"WebPage\",\"@id\":\"https:\/\/www.africa-press.net\/tchad\/economie\/valerie-levkov-edf-lafrique-peut-pourvoir-a-ses-besoins-energetiques-mais-aussi-exporter\",\"url\":\"https:\/\/www.africa-press.net\/tchad\/economie\/valerie-levkov-edf-lafrique-peut-pourvoir-a-ses-besoins-energetiques-mais-aussi-exporter\",\"name\":\"Val\u00e9rie Levkov (EDF) : \u00ab L\u2019Afrique peut pourvoir \u00e0 ses besoins \u00e9nerg\u00e9tiques, mais aussi exporter\u00a0\u00bb - tchad\",\"isPartOf\":{\"@id\":\"https:\/\/www.africa-press.net\/tchad\/#website\"},\"primaryImageOfPage\":{\"@id\":\"https:\/\/www.africa-press.net\/tchad\/economie\/valerie-levkov-edf-lafrique-peut-pourvoir-a-ses-besoins-energetiques-mais-aussi-exporter#primaryimage\"},\"image\":{\"@id\":\"https:\/\/www.africa-press.net\/tchad\/economie\/valerie-levkov-edf-lafrique-peut-pourvoir-a-ses-besoins-energetiques-mais-aussi-exporter#primaryimage\"},\"thumbnailUrl\":\"https:\/\/static.africa-press.net\/tchad\/sites\/41\/2022\/08\/postQueueImg_12-62f7e3a2ef319.jpg\",\"datePublished\":\"2022-08-13T17:07:06+00:00\",\"dateModified\":\"2022-08-13T17:47:33+00:00\",\"author\":{\"@id\":\"https:\/\/www.africa-press.net\/tchad\/#\/schema\/person\/2b1cf3cd81a31e3cd26889ca66d677f1\"},\"description\":\"Aux commandes de l\u2019unit\u00e9 Afrique, Moyen-Orient et M\u00e9diterran\u00e9e orientale d\u2019EDF depuis 2015, Val\u00e9rie Levkov est au c\u0153ur d ...\",\"breadcrumb\":{\"@id\":\"https:\/\/www.africa-press.net\/tchad\/economie\/valerie-levkov-edf-lafrique-peut-pourvoir-a-ses-besoins-energetiques-mais-aussi-exporter#breadcrumb\"},\"inLanguage\":\"fr-FR\",\"potentialAction\":[{\"@type\":\"ReadAction\",\"target\":[\"https:\/\/www.africa-press.net\/tchad\/economie\/valerie-levkov-edf-lafrique-peut-pourvoir-a-ses-besoins-energetiques-mais-aussi-exporter\"]}]},{\"@type\":\"ImageObject\",\"inLanguage\":\"fr-FR\",\"@id\":\"https:\/\/www.africa-press.net\/tchad\/economie\/valerie-levkov-edf-lafrique-peut-pourvoir-a-ses-besoins-energetiques-mais-aussi-exporter#primaryimage\",\"url\":\"https:\/\/static.africa-press.net\/tchad\/sites\/41\/2022\/08\/postQueueImg_12-62f7e3a2ef319.jpg\",\"contentUrl\":\"https:\/\/static.africa-press.net\/tchad\/sites\/41\/2022\/08\/postQueueImg_12-62f7e3a2ef319.jpg\",\"width\":1256,\"height\":628,\"caption\":\"Val\u00e9rie Levkov (EDF) : \u00ab L\u2019Afrique peut pourvoir \u00e0 ses besoins \u00e9nerg\u00e9tiques, mais aussi exporter\u00a0\u00bb\"},{\"@type\":\"BreadcrumbList\",\"@id\":\"https:\/\/www.africa-press.net\/tchad\/economie\/valerie-levkov-edf-lafrique-peut-pourvoir-a-ses-besoins-energetiques-mais-aussi-exporter#breadcrumb\",\"itemListElement\":[{\"@type\":\"ListItem\",\"position\":1,\"name\":\"Accueil\",\"item\":\"https:\/\/www.africa-press.net\/tchad\/\"},{\"@type\":\"ListItem\",\"position\":2,\"name\":\"Val\u00e9rie Levkov (EDF) : \u00ab L\u2019Afrique peut pourvoir \u00e0 ses besoins \u00e9nerg\u00e9tiques, mais aussi exporter\u00a0\u00bb\"}]},{\"@type\":\"WebSite\",\"@id\":\"https:\/\/www.africa-press.net\/tchad\/#website\",\"url\":\"https:\/\/www.africa-press.net\/tchad\/\",\"name\":\"tchad\",\"description\":\"Just another Africa News Agency Sites site\",\"potentialAction\":[{\"@type\":\"SearchAction\",\"target\":{\"@type\":\"EntryPoint\",\"urlTemplate\":\"https:\/\/www.africa-press.net\/tchad\/?s={search_term_string}\"},\"query-input\":{\"@type\":\"PropertyValueSpecification\",\"valueRequired\":true,\"valueName\":\"search_term_string\"}}],\"inLanguage\":\"fr-FR\"},{\"@type\":\"Person\",\"@id\":\"https:\/\/www.africa-press.net\/tchad\/#\/schema\/person\/2b1cf3cd81a31e3cd26889ca66d677f1\",\"name\":\"cfeditorfr\"}]}<\/script>\n<!-- \/ Yoast SEO Premium plugin. -->","yoast_head_json":{"title":"Val\u00e9rie Levkov (EDF) : \u00ab L\u2019Afrique peut pourvoir \u00e0 ses besoins \u00e9nerg\u00e9tiques, mais aussi exporter\u00a0\u00bb - tchad","description":"Aux commandes de l\u2019unit\u00e9 Afrique, Moyen-Orient et M\u00e9diterran\u00e9e orientale d\u2019EDF depuis 2015, Val\u00e9rie Levkov est au c\u0153ur d ...","robots":{"index":"index","follow":"follow","max-snippet":"max-snippet:-1","max-image-preview":"max-image-preview:large","max-video-preview":"max-video-preview:-1"},"canonical":"https:\/\/www.africa-press.net\/tchad\/economie\/valerie-levkov-edf-lafrique-peut-pourvoir-a-ses-besoins-energetiques-mais-aussi-exporter","og_locale":"fr_FR","og_type":"article","og_title":"Val\u00e9rie Levkov (EDF) : \u00ab L\u2019Afrique peut pourvoir \u00e0 ses besoins \u00e9nerg\u00e9tiques, mais aussi exporter\u00a0\u00bb","og_description":"Aux commandes de l\u2019unit\u00e9 Afrique, Moyen-Orient et M\u00e9diterran\u00e9e orientale d\u2019EDF depuis 2015, Val\u00e9rie Levkov est au c\u0153ur d ...","og_url":"https:\/\/www.africa-press.net\/tchad\/economie\/valerie-levkov-edf-lafrique-peut-pourvoir-a-ses-besoins-energetiques-mais-aussi-exporter","og_site_name":"tchad","article_published_time":"2022-08-13T17:07:06+00:00","article_modified_time":"2022-08-13T17:47:33+00:00","og_image":[{"width":1256,"height":628,"url":"https:\/\/static.africa-press.net\/tchad\/sites\/41\/2022\/08\/postQueueImg_12-62f7e3a2ef319.jpg","type":"image\/jpeg"}],"author":"cfeditorfr","twitter_card":"summary_large_image","twitter_misc":{"\u00c9crit par":"cfeditorfr","Dur\u00e9e de lecture estim\u00e9e":"3 minutes"},"schema":{"@context":"https:\/\/schema.org","@graph":[{"@type":"Article","@id":"https:\/\/www.africa-press.net\/tchad\/economie\/valerie-levkov-edf-lafrique-peut-pourvoir-a-ses-besoins-energetiques-mais-aussi-exporter#article","isPartOf":{"@id":"https:\/\/www.africa-press.net\/tchad\/economie\/valerie-levkov-edf-lafrique-peut-pourvoir-a-ses-besoins-energetiques-mais-aussi-exporter"},"author":{"name":"cfeditorfr","@id":"https:\/\/www.africa-press.net\/tchad\/#\/schema\/person\/2b1cf3cd81a31e3cd26889ca66d677f1"},"headline":"Val\u00e9rie Levkov (EDF) : \u00ab L\u2019Afrique peut pourvoir \u00e0 ses besoins \u00e9nerg\u00e9tiques, mais aussi exporter\u00a0\u00bb","datePublished":"2022-08-13T17:07:06+00:00","dateModified":"2022-08-13T17:47:33+00:00","mainEntityOfPage":{"@id":"https:\/\/www.africa-press.net\/tchad\/economie\/valerie-levkov-edf-lafrique-peut-pourvoir-a-ses-besoins-energetiques-mais-aussi-exporter"},"wordCount":604,"commentCount":0,"image":{"@id":"https:\/\/www.africa-press.net\/tchad\/economie\/valerie-levkov-edf-lafrique-peut-pourvoir-a-ses-besoins-energetiques-mais-aussi-exporter#primaryimage"},"thumbnailUrl":"https:\/\/static.africa-press.net\/tchad\/sites\/41\/2022\/08\/postQueueImg_12-62f7e3a2ef319.jpg","keywords":["Africa Press","Africa Press-Tchad","Tchad"],"articleSection":["\u00c9conomie","homepage-french","Toutes les actualit\u00e9s"],"inLanguage":"fr-FR","potentialAction":[{"@type":"CommentAction","name":"Comment","target":["https:\/\/www.africa-press.net\/tchad\/economie\/valerie-levkov-edf-lafrique-peut-pourvoir-a-ses-besoins-energetiques-mais-aussi-exporter#respond"]}]},{"@type":"WebPage","@id":"https:\/\/www.africa-press.net\/tchad\/economie\/valerie-levkov-edf-lafrique-peut-pourvoir-a-ses-besoins-energetiques-mais-aussi-exporter","url":"https:\/\/www.africa-press.net\/tchad\/economie\/valerie-levkov-edf-lafrique-peut-pourvoir-a-ses-besoins-energetiques-mais-aussi-exporter","name":"Val\u00e9rie Levkov (EDF) : \u00ab L\u2019Afrique peut pourvoir \u00e0 ses besoins \u00e9nerg\u00e9tiques, mais aussi exporter\u00a0\u00bb - tchad","isPartOf":{"@id":"https:\/\/www.africa-press.net\/tchad\/#website"},"primaryImageOfPage":{"@id":"https:\/\/www.africa-press.net\/tchad\/economie\/valerie-levkov-edf-lafrique-peut-pourvoir-a-ses-besoins-energetiques-mais-aussi-exporter#primaryimage"},"image":{"@id":"https:\/\/www.africa-press.net\/tchad\/economie\/valerie-levkov-edf-lafrique-peut-pourvoir-a-ses-besoins-energetiques-mais-aussi-exporter#primaryimage"},"thumbnailUrl":"https:\/\/static.africa-press.net\/tchad\/sites\/41\/2022\/08\/postQueueImg_12-62f7e3a2ef319.jpg","datePublished":"2022-08-13T17:07:06+00:00","dateModified":"2022-08-13T17:47:33+00:00","author":{"@id":"https:\/\/www.africa-press.net\/tchad\/#\/schema\/person\/2b1cf3cd81a31e3cd26889ca66d677f1"},"description":"Aux commandes de l\u2019unit\u00e9 Afrique, Moyen-Orient et M\u00e9diterran\u00e9e orientale d\u2019EDF depuis 2015, Val\u00e9rie Levkov est au c\u0153ur d ...","breadcrumb":{"@id":"https:\/\/www.africa-press.net\/tchad\/economie\/valerie-levkov-edf-lafrique-peut-pourvoir-a-ses-besoins-energetiques-mais-aussi-exporter#breadcrumb"},"inLanguage":"fr-FR","potentialAction":[{"@type":"ReadAction","target":["https:\/\/www.africa-press.net\/tchad\/economie\/valerie-levkov-edf-lafrique-peut-pourvoir-a-ses-besoins-energetiques-mais-aussi-exporter"]}]},{"@type":"ImageObject","inLanguage":"fr-FR","@id":"https:\/\/www.africa-press.net\/tchad\/economie\/valerie-levkov-edf-lafrique-peut-pourvoir-a-ses-besoins-energetiques-mais-aussi-exporter#primaryimage","url":"https:\/\/static.africa-press.net\/tchad\/sites\/41\/2022\/08\/postQueueImg_12-62f7e3a2ef319.jpg","contentUrl":"https:\/\/static.africa-press.net\/tchad\/sites\/41\/2022\/08\/postQueueImg_12-62f7e3a2ef319.jpg","width":1256,"height":628,"caption":"Val\u00e9rie Levkov (EDF) : \u00ab L\u2019Afrique peut pourvoir \u00e0 ses besoins \u00e9nerg\u00e9tiques, mais aussi exporter\u00a0\u00bb"},{"@type":"BreadcrumbList","@id":"https:\/\/www.africa-press.net\/tchad\/economie\/valerie-levkov-edf-lafrique-peut-pourvoir-a-ses-besoins-energetiques-mais-aussi-exporter#breadcrumb","itemListElement":[{"@type":"ListItem","position":1,"name":"Accueil","item":"https:\/\/www.africa-press.net\/tchad\/"},{"@type":"ListItem","position":2,"name":"Val\u00e9rie Levkov (EDF) : \u00ab L\u2019Afrique peut pourvoir \u00e0 ses besoins \u00e9nerg\u00e9tiques, mais aussi exporter\u00a0\u00bb"}]},{"@type":"WebSite","@id":"https:\/\/www.africa-press.net\/tchad\/#website","url":"https:\/\/www.africa-press.net\/tchad\/","name":"tchad","description":"Just another Africa News Agency Sites site","potentialAction":[{"@type":"SearchAction","target":{"@type":"EntryPoint","urlTemplate":"https:\/\/www.africa-press.net\/tchad\/?s={search_term_string}"},"query-input":{"@type":"PropertyValueSpecification","valueRequired":true,"valueName":"search_term_string"}}],"inLanguage":"fr-FR"},{"@type":"Person","@id":"https:\/\/www.africa-press.net\/tchad\/#\/schema\/person\/2b1cf3cd81a31e3cd26889ca66d677f1","name":"cfeditorfr"}]}},"_links":{"self":[{"href":"https:\/\/www.africa-press.net\/tchad\/wp-json\/wp\/v2\/posts\/30503","targetHints":{"allow":["GET"]}}],"collection":[{"href":"https:\/\/www.africa-press.net\/tchad\/wp-json\/wp\/v2\/posts"}],"about":[{"href":"https:\/\/www.africa-press.net\/tchad\/wp-json\/wp\/v2\/types\/post"}],"author":[{"embeddable":true,"href":"https:\/\/www.africa-press.net\/tchad\/wp-json\/wp\/v2\/users\/82"}],"replies":[{"embeddable":true,"href":"https:\/\/www.africa-press.net\/tchad\/wp-json\/wp\/v2\/comments?post=30503"}],"version-history":[{"count":0,"href":"https:\/\/www.africa-press.net\/tchad\/wp-json\/wp\/v2\/posts\/30503\/revisions"}],"wp:featuredmedia":[{"embeddable":true,"href":"https:\/\/www.africa-press.net\/tchad\/wp-json\/wp\/v2\/media\/30502"}],"wp:attachment":[{"href":"https:\/\/www.africa-press.net\/tchad\/wp-json\/wp\/v2\/media?parent=30503"}],"wp:term":[{"taxonomy":"category","embeddable":true,"href":"https:\/\/www.africa-press.net\/tchad\/wp-json\/wp\/v2\/categories?post=30503"},{"taxonomy":"post_tag","embeddable":true,"href":"https:\/\/www.africa-press.net\/tchad\/wp-json\/wp\/v2\/tags?post=30503"}],"curies":[{"name":"wp","href":"https:\/\/api.w.org\/{rel}","templated":true}]}}