{"id":30506,"date":"2022-08-13T17:10:46","date_gmt":"2022-08-13T17:10:46","guid":{"rendered":"https:\/\/www.africa-press.net\/tchad\/politique\/kaleidoscope-dakar-et-kinshasa-dans-loeil-dartistes-africains"},"modified":"2022-08-13T17:49:33","modified_gmt":"2022-08-13T17:49:33","slug":"kaleidoscope-dakar-et-kinshasa-dans-loeil-dartistes-africains","status":"publish","type":"post","link":"https:\/\/www.africa-press.net\/tchad\/culture-et-art\/kaleidoscope-dakar-et-kinshasa-dans-loeil-dartistes-africains","title":{"rendered":"\u00ab Kaleidoscope \u00bb : Dakar et Kinshasa dans l&rsquo;\u0153il d&rsquo;artistes africains"},"content":{"rendered":"<p><span style=\"color: #ff6600\"><strong>Africa-Press &#8211; Tchad. <\/strong><\/span>Dans la lumi\u00e8re insolente de la Provence, un espace sombre o\u00f9 seules les \u0153uvres sont \u00e9clair\u00e9es. Nous sommes \u00e0 Apt, en plein Luberon, cette belle r\u00e9gion de France o\u00f9 se donne \u00e0 voir l&rsquo;exposition Kal\u00e9idoscope &#8211; Dakar &amp; Kinshasa, une v\u00e9ritable plong\u00e9e artistique dans le tumulte des capitales respectives du S\u00e9n\u00e9gal et de la R\u00e9publique d\u00e9mocratique du Congo.<\/p>\n<p>Centr\u00e9e sur l&rsquo;art contemporain africain, la Fondation Blach\u00e8re, cr\u00e9\u00e9e en 2003, adoss\u00e9e \u00e0 l&rsquo;entreprise du m\u00eame nom et sp\u00e9cialis\u00e9e dans les illuminations de No\u00ebl, propose deux fois par an des expositions. Elle s&rsquo;appuie principalement sur le fonds qu&rsquo;elle a constitu\u00e9 au fil des ans.<\/p>\n<p>Une plong\u00e9e dans l&rsquo;ambiance urbaine de l&rsquo;Afrique<\/p>\n<p>Avec Kal\u00e9idoscope, on entre dans la ville africaine. Chaque artiste interpr\u00e8te \u00e0 sa mani\u00e8re la cit\u00e9, tour \u00e0 tour joyeuse, inqui\u00e9tante, color\u00e9e, bruyante et vibrante. Sculptures, maquettes, street-art, peintures, photographies, mais aussi bande sonore et musique plongent le visiteur dans l&rsquo;ambiance de ces deux capitales, \u00ab refl\u00e9tant l&rsquo;exp\u00e9rience kal\u00e9idoscopique et multisensorielle des villes par les artistes \u00bb, d\u00e9taille Jean Michel Massing, professeur au King&rsquo;s Coll\u00e8ge de Cambridge, commissaire de l&rsquo;exposition.<\/p>\n<p>Les \u0153uvres de 27 artistes*, dont beaucoup de S\u00e9n\u00e9galais et de Congolais, nous entra\u00eenent dans la ville qu&rsquo;ils per\u00e7oivent. D\u00e8s l&rsquo;entr\u00e9e, le regard est accroch\u00e9 par une maquette tr\u00e8s color\u00e9e de Jeancy Nsumbu, Limboma, Limboma, un fou, vraiment fou en lingala, qui enchev\u00eatre homme, instruments de musique, pelle m\u00e9canique, avec des yeux partout.<\/p>\n<p>Puis le regard est capt\u00e9 par l&rsquo;intrigante sculpture murale de caoutchouc de Patrick Bongoy qui fait penser \u00e0 la coiffure d&rsquo;une femme. Il utilise des mat\u00e9riaux d&rsquo;origine locale et charg\u00e9s d&rsquo;histoire, comme le caoutchouc recycl\u00e9, pour d\u00e9noncer le pass\u00e9 colonial en Afrique.<\/p>\n<p>De mani\u00e8re plus figurative, dans sa peinture, Jean David Nkot place ses personnages sur des cartographies imaginaires qu&rsquo;il relie \u00e0 l&rsquo;exploitation mini\u00e8re dont il d\u00e9nonce les impacts \u00e9cologiques et humains. On d\u00e9couvre aussi une s\u00e9rie de photos d&rsquo;Adama Bamba, en noir et blanc : des b\u00e2timents en construction, sans pr\u00e9sence humaine, o\u00f9 la g\u00e9om\u00e9trie prend le pas sur tout.<\/p>\n<p>Dans la grande salle, avec sa fresque sur toile Yes ! Dakar, Yagor Yahaut invite \u00e0 entrer dans la capitale s\u00e9n\u00e9galaise, fa\u00e7on plan\u00e8te des singes avec des \u00ab cars rapides \u00bb en fond. Mamadou Ciss\u00e9, lui, nous plonge, vue du ciel, dans un monde de d\u00e9tails et de fourmillement de la capitale s\u00e9n\u00e9galaise avec son tableau Renaissance africaine qui met en sc\u00e8ne l&rsquo;incontournable sculpture nord-cor\u00e9enne, dans une ville ultra moderne, avec des gratte-ciel et des voitures en file indienne. Ses toiles semblent dialoguer avec celles de Vincent Mich\u00e9a, qui opte pour un r\u00e9alisme proche de la photo, tout en \u00e9pure et en espace, comme le triptyque du mausol\u00e9e de Seydou Nourou Tall.<\/p>\n<p>D\u00e9couvrir Dakar par son embl\u00e9matique march\u00e9 : Sandaga<\/p>\n<p>Le march\u00e9 appara\u00eet comme un lieu incontournable des grandes ville, l\u00e0 o\u00f9 tout se passe. \u00c0 Dakar, la star des march\u00e9s, Sandaga, construit en 1933 et qui a scandaleusement \u00e9t\u00e9 br\u00fbl\u00e9 par un promoteur immobilier en 2021, se retrouve sur les murs de l&rsquo;expo, photographi\u00e9 en contre-plong\u00e9e par Boubacar Tour\u00e9 Mandemory ou peint par Vincent Mich\u00e9a.<\/p>\n<p>Dans les rues de Dakar, les artistes urbains \u00e0 l&rsquo;assaut des murs<\/p>\n<p>\u00c0 Dakar, le street-art souvent porteur de messages se veut social et responsable. Le mouvement du street-art n\u00e9 dans les ann\u00e9es 1960 aux \u00c9tats-Unis, sous la forme des graffitis, port\u00e9 par l&rsquo;\u00e9mergence de la culture hip-hop, s&rsquo;est r\u00e9pandu dans le monde. Ainsi Docta, un artiste s\u00e9n\u00e9galais pr\u00e9curseur du mouvement dans son pays, explique : \u00ab J&rsquo;\u00e9gaie un environnement pour le rendre plus viable, plus beau \u00e0 voir\u2026 Les M\u00e9dinois, les habitants de la M\u00e9dina, un quartier de Dakar, l&rsquo;appr\u00e9cient. Les gens viennent me voir et me disent : Il y a un mur chez moi, je te le donne \u00bb, explique Jean Michel Massing dans le catalogue de l&rsquo;exposition.<\/p>\n<p>\u00c0 Kinshasa, le festival Kin Graff habille les murs<\/p>\n<p>Les deux \u0153uvres expos\u00e9es de Docta, une esquisse et un tableau, racontent l&rsquo;histoire de l&rsquo;immigration et de ses dangers : au premier plan, une barque, au loin, une ville et, entre les deux, un cimeti\u00e8re. Si le street-art est une pratique plus r\u00e9cente qu&rsquo;\u00e0 Dakar, Kinshasa a son festival, Kin Graff, dont la quatri\u00e8me \u00e9dition vient de se d\u00e9rouler en juin avec une quinzaine d&rsquo;artistes, dont Tata Nizzoo Kobo qui a peint le portrait d&rsquo;une femme africaine sur les murs de la fondation.<\/p>\n<p>Les sapeurs de Kinshasa photographi\u00e9s par Baudouin Mouanda<\/p>\n<p>Kinshasa, la ville de tous les superlatifs, est aussi celle des sapeurs, des dandys modernes qui s&rsquo;habillent de fa\u00e7on excentrique et \u00e9l\u00e9gante. Les photographies de Baudoin Mouanda saisissent les attitudes et le jeu de ces sapeurs qui friment dans les rues de la ville, montrant la marque du costume, arborant des chapeaux, des cannes, des lunettes de soleil. De quoi inspirer le peintre JP Mika qui a r\u00e9alis\u00e9 un tableau intitul\u00e9 \u00ab \u00c9l\u00e9gance \u00bb, qui montre une femme congolaise appr\u00eat\u00e9e.<\/p>\n<p>Les villes du futur aussi<\/p>\n<p>Les maquettes du Congolais Bodys Isek Kingelez nous plongent dans les villes du futur, et notamment celle de S\u00e8te, en 3009. On retrouve les canaux, un tournoi de joutes nautiques. Pour les b\u00e2timents, l&rsquo;imaginaire prend le dessus. Ils sortent de la mer, se parent de lumi\u00e8res et scintillent sous les paillettes.<\/p>\n<p>\u00c0 c\u00f4t\u00e9, les \u0153uvres de Rigobert Nimi ressemblent \u00e0 des Lego g\u00e9ants. Avec des mati\u00e8res et des objets qu&rsquo;il recycle, il construit un \u00ab Drone voyageur \u00bb qui s&rsquo;\u00e9claire. Jean Katambayi Mukendi, lui, veut montrer le beau gr\u00e2ce \u00e0 l&rsquo;\u00e9lectricit\u00e9 et la lumi\u00e8re. Il construit des installations complexes et myst\u00e9rieuses qui fonctionnent gr\u00e2ce \u00e0 des circuits \u00e9lectriques. \u00c0 c\u00f4t\u00e9, il y a les grands et fascinants dessins de Dieuleveut Matula Kiangala. Architecte, il \u00e9labore sur le papier des projets futuristes, utopiques, fa\u00e7on dessin industriel.<\/p>\n<p>En perp\u00e9tuel mouvement, la ville, dans cette exposition, se transforme, s&rsquo;\u00e9tend et se distend. \u00ab Elle appara\u00eet comme le lieu de tous les possibles, le lieu de tous les r\u00eaves \u00e9veill\u00e9s \u00bb, commente Claude Agnel, administrateur de la fondation.<\/p>\n<p>Au travers de leurs \u0153uvres, les artistes ont ainsi r\u00e9ussi \u00e0 t\u00e9moigner de leur regard sur la ville, celui sur leur ville. Et cette exposition Blach\u00e8re leur a servi de terrain de partage.<\/p>\n<p>**Les artistes pr\u00e9sent\u00e9s : Dawit Abebe (\u00c9thiopie), Daouda Ba (S\u00e9n\u00e9gal), Adama Bamba (Mali), Patrick Bongoy (RDC), Jean-Marie Bruce (S\u00e9n\u00e9gal), Mamadou Ciss\u00e9 (S\u00e9n\u00e9gal), Docta (S\u00e9n\u00e9gal), Douts (S\u00e9n\u00e9gal), Lou Escobar (France), Ablade Glover (Ghana), Jean Katambayi Mukendi (RDC), Kiripi Katembo (RDC), Bodys Isek Kingelez (RDC), Jems Robert Kokobi (C\u00f4te d&rsquo;Ivoire), Boubacar Toure Mandemory (S\u00e9n\u00e9gal), Dieuleveut Matula Kiangala (RDC), Serigne Mbaye Camara (S\u00e9n\u00e9gal), Vincent Mich\u00e9a (France), JP Mika (RDC), Baudouin Mouanda (Congo), Cheikh Ndiaye (S\u00e9n\u00e9gal), Rigobert Nimi (RDC), Jean David Nkot (Cameroun), Jeancy Nsumbu (RDC), Tata Nizzoo Kobo (RDC), Ing\u00e9nieur Vancy (RDC), Shaka Fumu (RDC), Yagor Yahaut (C\u00f4te d&rsquo;Ivoire).<\/p>\n<p>* Exposition \u00e0 voir \u00e0 la Fondation Blach\u00e8re, \u00e0 Apt, jusqu&rsquo;au 24 septembre.<\/p>\n<p><strong>Pour plus d&rsquo;informations et d&rsquo;analyses sur la <a href=\"https:\/\/www.africa-press.net\/tchad\">Tchad<\/a>, suivez <a href=\"https:\/\/www.africa-press.net\/\">Africa-Press<\/a><\/strong><\/p>\n","protected":false},"excerpt":{"rendered":"<p>Africa-Press &#8211; Tchad. Dans la lumi\u00e8re insolente de la Provence, un espace sombre o\u00f9 seules les \u0153uvres sont \u00e9clair\u00e9es. Nous sommes \u00e0 Apt, en plein Luberon, cette belle r\u00e9gion de France o\u00f9 se donne \u00e0 voir l&rsquo;exposition Kal\u00e9idoscope &#8211; Dakar &amp; Kinshasa, une v\u00e9ritable plong\u00e9e artistique dans le tumulte des capitales respectives du S\u00e9n\u00e9gal et [&hellip;]<\/p>\n","protected":false},"author":82,"featured_media":30505,"comment_status":"open","ping_status":"closed","sticky":false,"template":"","format":"standard","meta":{"footnotes":""},"categories":[5,11,10],"tags":[37,292,29],"class_list":["post-30506","post","type-post","status-publish","format-standard","has-post-thumbnail","hentry","category-culture-et-art","category-homepage-french","category-toutes-les-actualites","tag-africa-press","tag-africa-press-tchad","tag-tchad"],"yoast_head":"<!-- This site is optimized with the Yoast SEO Premium plugin v26.1 (Yoast SEO v27.0) - https:\/\/yoast.com\/product\/yoast-seo-premium-wordpress\/ -->\n<title>\u00ab Kaleidoscope \u00bb : Dakar et Kinshasa dans l&#039;\u0153il d&#039;artistes africains - tchad<\/title>\n<meta name=\"description\" content=\"Dans la lumi\u00e8re insolente de la Provence, un espace sombre o\u00f9 seules les \u0153uvres sont \u00e9clair\u00e9es. Nous sommes \u00e0 Apt, en pl ...\" \/>\n<meta name=\"robots\" content=\"index, follow, max-snippet:-1, max-image-preview:large, max-video-preview:-1\" \/>\n<link rel=\"canonical\" href=\"https:\/\/www.africa-press.net\/tchad\/culture-et-art\/kaleidoscope-dakar-et-kinshasa-dans-loeil-dartistes-africains\" \/>\n<meta property=\"og:locale\" content=\"fr_FR\" \/>\n<meta property=\"og:type\" content=\"article\" \/>\n<meta property=\"og:title\" content=\"\u00ab Kaleidoscope \u00bb : Dakar et Kinshasa dans l&#039;\u0153il d&#039;artistes africains\" \/>\n<meta property=\"og:description\" content=\"Dans la lumi\u00e8re insolente de la Provence, un espace sombre o\u00f9 seules les \u0153uvres sont \u00e9clair\u00e9es. Nous sommes \u00e0 Apt, en pl ...\" \/>\n<meta property=\"og:url\" content=\"https:\/\/www.africa-press.net\/tchad\/culture-et-art\/kaleidoscope-dakar-et-kinshasa-dans-loeil-dartistes-africains\" \/>\n<meta property=\"og:site_name\" content=\"tchad\" \/>\n<meta property=\"article:published_time\" content=\"2022-08-13T17:10:46+00:00\" \/>\n<meta property=\"article:modified_time\" content=\"2022-08-13T17:49:33+00:00\" \/>\n<meta property=\"og:image\" content=\"https:\/\/static.africa-press.net\/tchad\/sites\/41\/2022\/08\/postQueueImg_13-62f7e41b0be29.jpg\" \/>\n\t<meta property=\"og:image:width\" content=\"1250\" \/>\n\t<meta property=\"og:image:height\" content=\"625\" \/>\n\t<meta property=\"og:image:type\" content=\"image\/jpeg\" \/>\n<meta name=\"author\" content=\"cfeditorfr\" \/>\n<meta name=\"twitter:card\" content=\"summary_large_image\" \/>\n<meta name=\"twitter:label1\" content=\"\u00c9crit par\" \/>\n\t<meta name=\"twitter:data1\" content=\"cfeditorfr\" \/>\n\t<meta name=\"twitter:label2\" content=\"Dur\u00e9e de lecture estim\u00e9e\" \/>\n\t<meta name=\"twitter:data2\" content=\"6 minutes\" \/>\n<script type=\"application\/ld+json\" class=\"yoast-schema-graph\">{\"@context\":\"https:\/\/schema.org\",\"@graph\":[{\"@type\":\"Article\",\"@id\":\"https:\/\/www.africa-press.net\/tchad\/culture-et-art\/kaleidoscope-dakar-et-kinshasa-dans-loeil-dartistes-africains#article\",\"isPartOf\":{\"@id\":\"https:\/\/www.africa-press.net\/tchad\/culture-et-art\/kaleidoscope-dakar-et-kinshasa-dans-loeil-dartistes-africains\"},\"author\":{\"name\":\"cfeditorfr\",\"@id\":\"https:\/\/www.africa-press.net\/tchad\/#\/schema\/person\/2b1cf3cd81a31e3cd26889ca66d677f1\"},\"headline\":\"\u00ab Kaleidoscope \u00bb : Dakar et Kinshasa dans l&rsquo;\u0153il d&rsquo;artistes africains\",\"datePublished\":\"2022-08-13T17:10:46+00:00\",\"dateModified\":\"2022-08-13T17:49:33+00:00\",\"mainEntityOfPage\":{\"@id\":\"https:\/\/www.africa-press.net\/tchad\/culture-et-art\/kaleidoscope-dakar-et-kinshasa-dans-loeil-dartistes-africains\"},\"wordCount\":1280,\"commentCount\":0,\"image\":{\"@id\":\"https:\/\/www.africa-press.net\/tchad\/culture-et-art\/kaleidoscope-dakar-et-kinshasa-dans-loeil-dartistes-africains#primaryimage\"},\"thumbnailUrl\":\"https:\/\/static.africa-press.net\/tchad\/sites\/41\/2022\/08\/postQueueImg_13-62f7e41b0be29.jpg\",\"keywords\":[\"Africa Press\",\"Africa Press-Tchad\",\"Tchad\"],\"articleSection\":[\"Culture et Art\",\"homepage-french\",\"Toutes les actualit\u00e9s\"],\"inLanguage\":\"fr-FR\",\"potentialAction\":[{\"@type\":\"CommentAction\",\"name\":\"Comment\",\"target\":[\"https:\/\/www.africa-press.net\/tchad\/culture-et-art\/kaleidoscope-dakar-et-kinshasa-dans-loeil-dartistes-africains#respond\"]}]},{\"@type\":\"WebPage\",\"@id\":\"https:\/\/www.africa-press.net\/tchad\/culture-et-art\/kaleidoscope-dakar-et-kinshasa-dans-loeil-dartistes-africains\",\"url\":\"https:\/\/www.africa-press.net\/tchad\/culture-et-art\/kaleidoscope-dakar-et-kinshasa-dans-loeil-dartistes-africains\",\"name\":\"\u00ab Kaleidoscope \u00bb : Dakar et Kinshasa dans l'\u0153il d'artistes africains - tchad\",\"isPartOf\":{\"@id\":\"https:\/\/www.africa-press.net\/tchad\/#website\"},\"primaryImageOfPage\":{\"@id\":\"https:\/\/www.africa-press.net\/tchad\/culture-et-art\/kaleidoscope-dakar-et-kinshasa-dans-loeil-dartistes-africains#primaryimage\"},\"image\":{\"@id\":\"https:\/\/www.africa-press.net\/tchad\/culture-et-art\/kaleidoscope-dakar-et-kinshasa-dans-loeil-dartistes-africains#primaryimage\"},\"thumbnailUrl\":\"https:\/\/static.africa-press.net\/tchad\/sites\/41\/2022\/08\/postQueueImg_13-62f7e41b0be29.jpg\",\"datePublished\":\"2022-08-13T17:10:46+00:00\",\"dateModified\":\"2022-08-13T17:49:33+00:00\",\"author\":{\"@id\":\"https:\/\/www.africa-press.net\/tchad\/#\/schema\/person\/2b1cf3cd81a31e3cd26889ca66d677f1\"},\"description\":\"Dans la lumi\u00e8re insolente de la Provence, un espace sombre o\u00f9 seules les \u0153uvres sont \u00e9clair\u00e9es. Nous sommes \u00e0 Apt, en pl ...\",\"breadcrumb\":{\"@id\":\"https:\/\/www.africa-press.net\/tchad\/culture-et-art\/kaleidoscope-dakar-et-kinshasa-dans-loeil-dartistes-africains#breadcrumb\"},\"inLanguage\":\"fr-FR\",\"potentialAction\":[{\"@type\":\"ReadAction\",\"target\":[\"https:\/\/www.africa-press.net\/tchad\/culture-et-art\/kaleidoscope-dakar-et-kinshasa-dans-loeil-dartistes-africains\"]}]},{\"@type\":\"ImageObject\",\"inLanguage\":\"fr-FR\",\"@id\":\"https:\/\/www.africa-press.net\/tchad\/culture-et-art\/kaleidoscope-dakar-et-kinshasa-dans-loeil-dartistes-africains#primaryimage\",\"url\":\"https:\/\/static.africa-press.net\/tchad\/sites\/41\/2022\/08\/postQueueImg_13-62f7e41b0be29.jpg\",\"contentUrl\":\"https:\/\/static.africa-press.net\/tchad\/sites\/41\/2022\/08\/postQueueImg_13-62f7e41b0be29.jpg\",\"width\":1250,\"height\":625,\"caption\":\"\u00ab Kaleidoscope \u00bb : Dakar et Kinshasa dans l'\u0153il d'artistes africains\"},{\"@type\":\"BreadcrumbList\",\"@id\":\"https:\/\/www.africa-press.net\/tchad\/culture-et-art\/kaleidoscope-dakar-et-kinshasa-dans-loeil-dartistes-africains#breadcrumb\",\"itemListElement\":[{\"@type\":\"ListItem\",\"position\":1,\"name\":\"Accueil\",\"item\":\"https:\/\/www.africa-press.net\/tchad\/\"},{\"@type\":\"ListItem\",\"position\":2,\"name\":\"\u00ab Kaleidoscope \u00bb : Dakar et Kinshasa dans l&#8217;\u0153il d&#8217;artistes africains\"}]},{\"@type\":\"WebSite\",\"@id\":\"https:\/\/www.africa-press.net\/tchad\/#website\",\"url\":\"https:\/\/www.africa-press.net\/tchad\/\",\"name\":\"tchad\",\"description\":\"Just another Africa News Agency Sites site\",\"potentialAction\":[{\"@type\":\"SearchAction\",\"target\":{\"@type\":\"EntryPoint\",\"urlTemplate\":\"https:\/\/www.africa-press.net\/tchad\/?s={search_term_string}\"},\"query-input\":{\"@type\":\"PropertyValueSpecification\",\"valueRequired\":true,\"valueName\":\"search_term_string\"}}],\"inLanguage\":\"fr-FR\"},{\"@type\":\"Person\",\"@id\":\"https:\/\/www.africa-press.net\/tchad\/#\/schema\/person\/2b1cf3cd81a31e3cd26889ca66d677f1\",\"name\":\"cfeditorfr\"}]}<\/script>\n<!-- \/ Yoast SEO Premium plugin. -->","yoast_head_json":{"title":"\u00ab Kaleidoscope \u00bb : Dakar et Kinshasa dans l'\u0153il d'artistes africains - tchad","description":"Dans la lumi\u00e8re insolente de la Provence, un espace sombre o\u00f9 seules les \u0153uvres sont \u00e9clair\u00e9es. Nous sommes \u00e0 Apt, en pl ...","robots":{"index":"index","follow":"follow","max-snippet":"max-snippet:-1","max-image-preview":"max-image-preview:large","max-video-preview":"max-video-preview:-1"},"canonical":"https:\/\/www.africa-press.net\/tchad\/culture-et-art\/kaleidoscope-dakar-et-kinshasa-dans-loeil-dartistes-africains","og_locale":"fr_FR","og_type":"article","og_title":"\u00ab Kaleidoscope \u00bb : Dakar et Kinshasa dans l'\u0153il d'artistes africains","og_description":"Dans la lumi\u00e8re insolente de la Provence, un espace sombre o\u00f9 seules les \u0153uvres sont \u00e9clair\u00e9es. Nous sommes \u00e0 Apt, en pl ...","og_url":"https:\/\/www.africa-press.net\/tchad\/culture-et-art\/kaleidoscope-dakar-et-kinshasa-dans-loeil-dartistes-africains","og_site_name":"tchad","article_published_time":"2022-08-13T17:10:46+00:00","article_modified_time":"2022-08-13T17:49:33+00:00","og_image":[{"width":1250,"height":625,"url":"https:\/\/static.africa-press.net\/tchad\/sites\/41\/2022\/08\/postQueueImg_13-62f7e41b0be29.jpg","type":"image\/jpeg"}],"author":"cfeditorfr","twitter_card":"summary_large_image","twitter_misc":{"\u00c9crit par":"cfeditorfr","Dur\u00e9e de lecture estim\u00e9e":"6 minutes"},"schema":{"@context":"https:\/\/schema.org","@graph":[{"@type":"Article","@id":"https:\/\/www.africa-press.net\/tchad\/culture-et-art\/kaleidoscope-dakar-et-kinshasa-dans-loeil-dartistes-africains#article","isPartOf":{"@id":"https:\/\/www.africa-press.net\/tchad\/culture-et-art\/kaleidoscope-dakar-et-kinshasa-dans-loeil-dartistes-africains"},"author":{"name":"cfeditorfr","@id":"https:\/\/www.africa-press.net\/tchad\/#\/schema\/person\/2b1cf3cd81a31e3cd26889ca66d677f1"},"headline":"\u00ab Kaleidoscope \u00bb : Dakar et Kinshasa dans l&rsquo;\u0153il d&rsquo;artistes africains","datePublished":"2022-08-13T17:10:46+00:00","dateModified":"2022-08-13T17:49:33+00:00","mainEntityOfPage":{"@id":"https:\/\/www.africa-press.net\/tchad\/culture-et-art\/kaleidoscope-dakar-et-kinshasa-dans-loeil-dartistes-africains"},"wordCount":1280,"commentCount":0,"image":{"@id":"https:\/\/www.africa-press.net\/tchad\/culture-et-art\/kaleidoscope-dakar-et-kinshasa-dans-loeil-dartistes-africains#primaryimage"},"thumbnailUrl":"https:\/\/static.africa-press.net\/tchad\/sites\/41\/2022\/08\/postQueueImg_13-62f7e41b0be29.jpg","keywords":["Africa Press","Africa Press-Tchad","Tchad"],"articleSection":["Culture et Art","homepage-french","Toutes les actualit\u00e9s"],"inLanguage":"fr-FR","potentialAction":[{"@type":"CommentAction","name":"Comment","target":["https:\/\/www.africa-press.net\/tchad\/culture-et-art\/kaleidoscope-dakar-et-kinshasa-dans-loeil-dartistes-africains#respond"]}]},{"@type":"WebPage","@id":"https:\/\/www.africa-press.net\/tchad\/culture-et-art\/kaleidoscope-dakar-et-kinshasa-dans-loeil-dartistes-africains","url":"https:\/\/www.africa-press.net\/tchad\/culture-et-art\/kaleidoscope-dakar-et-kinshasa-dans-loeil-dartistes-africains","name":"\u00ab Kaleidoscope \u00bb : Dakar et Kinshasa dans l'\u0153il d'artistes africains - tchad","isPartOf":{"@id":"https:\/\/www.africa-press.net\/tchad\/#website"},"primaryImageOfPage":{"@id":"https:\/\/www.africa-press.net\/tchad\/culture-et-art\/kaleidoscope-dakar-et-kinshasa-dans-loeil-dartistes-africains#primaryimage"},"image":{"@id":"https:\/\/www.africa-press.net\/tchad\/culture-et-art\/kaleidoscope-dakar-et-kinshasa-dans-loeil-dartistes-africains#primaryimage"},"thumbnailUrl":"https:\/\/static.africa-press.net\/tchad\/sites\/41\/2022\/08\/postQueueImg_13-62f7e41b0be29.jpg","datePublished":"2022-08-13T17:10:46+00:00","dateModified":"2022-08-13T17:49:33+00:00","author":{"@id":"https:\/\/www.africa-press.net\/tchad\/#\/schema\/person\/2b1cf3cd81a31e3cd26889ca66d677f1"},"description":"Dans la lumi\u00e8re insolente de la Provence, un espace sombre o\u00f9 seules les \u0153uvres sont \u00e9clair\u00e9es. Nous sommes \u00e0 Apt, en pl ...","breadcrumb":{"@id":"https:\/\/www.africa-press.net\/tchad\/culture-et-art\/kaleidoscope-dakar-et-kinshasa-dans-loeil-dartistes-africains#breadcrumb"},"inLanguage":"fr-FR","potentialAction":[{"@type":"ReadAction","target":["https:\/\/www.africa-press.net\/tchad\/culture-et-art\/kaleidoscope-dakar-et-kinshasa-dans-loeil-dartistes-africains"]}]},{"@type":"ImageObject","inLanguage":"fr-FR","@id":"https:\/\/www.africa-press.net\/tchad\/culture-et-art\/kaleidoscope-dakar-et-kinshasa-dans-loeil-dartistes-africains#primaryimage","url":"https:\/\/static.africa-press.net\/tchad\/sites\/41\/2022\/08\/postQueueImg_13-62f7e41b0be29.jpg","contentUrl":"https:\/\/static.africa-press.net\/tchad\/sites\/41\/2022\/08\/postQueueImg_13-62f7e41b0be29.jpg","width":1250,"height":625,"caption":"\u00ab Kaleidoscope \u00bb : Dakar et Kinshasa dans l'\u0153il d'artistes africains"},{"@type":"BreadcrumbList","@id":"https:\/\/www.africa-press.net\/tchad\/culture-et-art\/kaleidoscope-dakar-et-kinshasa-dans-loeil-dartistes-africains#breadcrumb","itemListElement":[{"@type":"ListItem","position":1,"name":"Accueil","item":"https:\/\/www.africa-press.net\/tchad\/"},{"@type":"ListItem","position":2,"name":"\u00ab Kaleidoscope \u00bb : Dakar et Kinshasa dans l&#8217;\u0153il d&#8217;artistes africains"}]},{"@type":"WebSite","@id":"https:\/\/www.africa-press.net\/tchad\/#website","url":"https:\/\/www.africa-press.net\/tchad\/","name":"tchad","description":"Just another Africa News Agency Sites site","potentialAction":[{"@type":"SearchAction","target":{"@type":"EntryPoint","urlTemplate":"https:\/\/www.africa-press.net\/tchad\/?s={search_term_string}"},"query-input":{"@type":"PropertyValueSpecification","valueRequired":true,"valueName":"search_term_string"}}],"inLanguage":"fr-FR"},{"@type":"Person","@id":"https:\/\/www.africa-press.net\/tchad\/#\/schema\/person\/2b1cf3cd81a31e3cd26889ca66d677f1","name":"cfeditorfr"}]}},"_links":{"self":[{"href":"https:\/\/www.africa-press.net\/tchad\/wp-json\/wp\/v2\/posts\/30506","targetHints":{"allow":["GET"]}}],"collection":[{"href":"https:\/\/www.africa-press.net\/tchad\/wp-json\/wp\/v2\/posts"}],"about":[{"href":"https:\/\/www.africa-press.net\/tchad\/wp-json\/wp\/v2\/types\/post"}],"author":[{"embeddable":true,"href":"https:\/\/www.africa-press.net\/tchad\/wp-json\/wp\/v2\/users\/82"}],"replies":[{"embeddable":true,"href":"https:\/\/www.africa-press.net\/tchad\/wp-json\/wp\/v2\/comments?post=30506"}],"version-history":[{"count":0,"href":"https:\/\/www.africa-press.net\/tchad\/wp-json\/wp\/v2\/posts\/30506\/revisions"}],"wp:featuredmedia":[{"embeddable":true,"href":"https:\/\/www.africa-press.net\/tchad\/wp-json\/wp\/v2\/media\/30505"}],"wp:attachment":[{"href":"https:\/\/www.africa-press.net\/tchad\/wp-json\/wp\/v2\/media?parent=30506"}],"wp:term":[{"taxonomy":"category","embeddable":true,"href":"https:\/\/www.africa-press.net\/tchad\/wp-json\/wp\/v2\/categories?post=30506"},{"taxonomy":"post_tag","embeddable":true,"href":"https:\/\/www.africa-press.net\/tchad\/wp-json\/wp\/v2\/tags?post=30506"}],"curies":[{"name":"wp","href":"https:\/\/api.w.org\/{rel}","templated":true}]}}