{"id":3051,"date":"2021-02-19T19:32:00","date_gmt":"2021-02-19T19:32:00","guid":{"rendered":"https:\/\/www.africa-press.net\/tchad\/?p=3051"},"modified":"2021-02-19T18:21:51","modified_gmt":"2021-02-19T18:21:51","slug":"tchad-les-etudiants-annoncent-un-forum-national-pacifique","status":"publish","type":"post","link":"https:\/\/www.africa-press.net\/tchad\/culture-et-art\/tchad-les-etudiants-annoncent-un-forum-national-pacifique","title":{"rendered":"les \u00e9tudiants annoncent un forum national pacifique"},"content":{"rendered":"<p><span style=\"color: #ff6600\"><strong><a href=\"https:\/\/www.africa-press.net\/\">Africa-Press<\/a> &#8211; <a href=\"https:\/\/www.africa-press.net\/tchad\">Tchad<\/a>. <\/strong><\/span><b>Il se tiendra du 10 au 13 mars 2021, le forum pacifique des \u00e9tudiants chr\u00e9tiens et musulmans des universit\u00e9s du Tchad. L\u2019annonce a \u00e9t\u00e9 faite le jeudi 18 f\u00e9vrier 2021 par le bureau ex\u00e9cutif<\/b><\/p>\n<p>Plac\u00e9 sous le th\u00e8me : \u00ab la jeunesse estudiantine face aux d\u00e9fis de d\u00e9veloppement socio-\u00e9conomique et culturel, gages de la paix et de l\u2019unit\u00e9 national \u00bb, le forum de l\u2019Union nationale des jeunes \u00e9tudiants chr\u00e9tiens et musulmans des universit\u00e9s du Tchad (UNJECMUT), entend impulser une nouvelle dynamique.<\/p>\n<p>Le vice-pr\u00e9sident de L\u2019UNJECMUT, Issangwai Doumro invite les \u00e9tudiants \u00e0 participer massivement \u00e0 ce forum, qui permettra d\u2019\u00e9baucher une feuille de route en faveur de l\u2019\u00e9tudiant tchadien pour les ann\u00e9es \u00e0 venir. Il explique que leur mission est ax\u00e9e sur la cohabitation pacifique, l\u2019unit\u00e9 nationale, le dialogue interg\u00e9n\u00e9rationnel et interreligieux, le dynamisme croissant pour la promotion et le d\u00e9veloppement de la jeunesse estudiantine et d\u2019autres valeurs humaines.<\/p>\n<p>Des activit\u00e9s favorables \u00e0 la promotion de la culture de la paix, de l\u2019unit\u00e9 nationale et du d\u00e9veloppement de l\u2019\u00e9lite estudiantine, sont \u00e9galement pr\u00e9vues.<\/p>\n","protected":false},"excerpt":{"rendered":"<p>Africa-Press &#8211; Tchad. Il se tiendra du 10 au 13 mars 2021, le forum pacifique des \u00e9tudiants chr\u00e9tiens et musulmans des universit\u00e9s du Tchad. L\u2019annonce a \u00e9t\u00e9 faite le jeudi 18 f\u00e9vrier 2021 par le bureau ex\u00e9cutif Plac\u00e9 sous le th\u00e8me : \u00ab la jeunesse estudiantine face aux d\u00e9fis de d\u00e9veloppement socio-\u00e9conomique et culturel, gages [&hellip;]<\/p>\n","protected":false},"author":82,"featured_media":3050,"comment_status":"open","ping_status":"closed","sticky":false,"template":"","format":"standard","meta":{"footnotes":""},"categories":[5,7,11,10],"tags":[37,292,554,555,29],"class_list":["post-3051","post","type-post","status-publish","format-standard","has-post-thumbnail","hentry","category-culture-et-art","category-dossiers","category-homepage-french","category-toutes-les-actualites","tag-africa-press","tag-africa-press-tchad","tag-etudiants","tag-forum","tag-tchad"],"yoast_head":"<!-- This site is optimized with the Yoast SEO Premium plugin v26.1 (Yoast SEO v27.0) - https:\/\/yoast.com\/product\/yoast-seo-premium-wordpress\/ -->\n<title>les \u00e9tudiants annoncent un forum national pacifique - tchad<\/title>\n<meta name=\"description\" content=\"Il se tiendra du 10 au 13 mars 2021, le forum pacifique des \u00e9tudiants chr\u00e9tiens et musulmans des universit\u00e9s du Tchad ...\" \/>\n<meta name=\"robots\" content=\"index, follow, max-snippet:-1, max-image-preview:large, max-video-preview:-1\" \/>\n<link rel=\"canonical\" href=\"https:\/\/www.africa-press.net\/tchad\/culture-et-art\/tchad-les-etudiants-annoncent-un-forum-national-pacifique\" \/>\n<meta property=\"og:locale\" content=\"fr_FR\" \/>\n<meta property=\"og:type\" content=\"article\" \/>\n<meta property=\"og:title\" content=\"les \u00e9tudiants annoncent un forum national pacifique\" \/>\n<meta property=\"og:description\" content=\"Il se tiendra du 10 au 13 mars 2021, le forum pacifique des \u00e9tudiants chr\u00e9tiens et musulmans des universit\u00e9s du Tchad ...\" \/>\n<meta property=\"og:url\" content=\"https:\/\/www.africa-press.net\/tchad\/culture-et-art\/tchad-les-etudiants-annoncent-un-forum-national-pacifique\" \/>\n<meta property=\"og:site_name\" content=\"tchad\" \/>\n<meta property=\"article:published_time\" content=\"2021-02-19T19:32:00+00:00\" \/>\n<meta property=\"og:image\" content=\"https:\/\/static.africa-press.net\/tchad\/sites\/41\/2021\/02\/img-602ffe2b4d514.jpg\" \/>\n\t<meta property=\"og:image:width\" content=\"780\" \/>\n\t<meta property=\"og:image:height\" content=\"440\" \/>\n\t<meta property=\"og:image:type\" content=\"image\/jpeg\" \/>\n<meta name=\"author\" content=\"cfeditorfr\" \/>\n<meta name=\"twitter:card\" content=\"summary_large_image\" \/>\n<meta name=\"twitter:label1\" content=\"\u00c9crit par\" \/>\n\t<meta name=\"twitter:data1\" content=\"cfeditorfr\" \/>\n\t<meta name=\"twitter:label2\" content=\"Dur\u00e9e de lecture estim\u00e9e\" \/>\n\t<meta name=\"twitter:data2\" content=\"1 minute\" \/>\n<script type=\"application\/ld+json\" class=\"yoast-schema-graph\">{\"@context\":\"https:\/\/schema.org\",\"@graph\":[{\"@type\":\"Article\",\"@id\":\"https:\/\/www.africa-press.net\/tchad\/culture-et-art\/tchad-les-etudiants-annoncent-un-forum-national-pacifique#article\",\"isPartOf\":{\"@id\":\"https:\/\/www.africa-press.net\/tchad\/culture-et-art\/tchad-les-etudiants-annoncent-un-forum-national-pacifique\"},\"author\":{\"name\":\"cfeditorfr\",\"@id\":\"https:\/\/www.africa-press.net\/tchad\/#\/schema\/person\/2b1cf3cd81a31e3cd26889ca66d677f1\"},\"headline\":\"les \u00e9tudiants annoncent un forum national pacifique\",\"datePublished\":\"2021-02-19T19:32:00+00:00\",\"mainEntityOfPage\":{\"@id\":\"https:\/\/www.africa-press.net\/tchad\/culture-et-art\/tchad-les-etudiants-annoncent-un-forum-national-pacifique\"},\"wordCount\":199,\"commentCount\":0,\"image\":{\"@id\":\"https:\/\/www.africa-press.net\/tchad\/culture-et-art\/tchad-les-etudiants-annoncent-un-forum-national-pacifique#primaryimage\"},\"thumbnailUrl\":\"https:\/\/static.africa-press.net\/tchad\/sites\/41\/2021\/02\/img-602ffe2b4d514.jpg\",\"keywords\":[\"Africa Press\",\"Africa Press-Tchad\",\"Etudiants\",\"forum\",\"Tchad\"],\"articleSection\":[\"Culture et Art\",\"Dossiers\",\"homepage-french\",\"Toutes les actualit\u00e9s\"],\"inLanguage\":\"fr-FR\",\"potentialAction\":[{\"@type\":\"CommentAction\",\"name\":\"Comment\",\"target\":[\"https:\/\/www.africa-press.net\/tchad\/culture-et-art\/tchad-les-etudiants-annoncent-un-forum-national-pacifique#respond\"]}]},{\"@type\":\"WebPage\",\"@id\":\"https:\/\/www.africa-press.net\/tchad\/culture-et-art\/tchad-les-etudiants-annoncent-un-forum-national-pacifique\",\"url\":\"https:\/\/www.africa-press.net\/tchad\/culture-et-art\/tchad-les-etudiants-annoncent-un-forum-national-pacifique\",\"name\":\"les \u00e9tudiants annoncent un forum national pacifique - tchad\",\"isPartOf\":{\"@id\":\"https:\/\/www.africa-press.net\/tchad\/#website\"},\"primaryImageOfPage\":{\"@id\":\"https:\/\/www.africa-press.net\/tchad\/culture-et-art\/tchad-les-etudiants-annoncent-un-forum-national-pacifique#primaryimage\"},\"image\":{\"@id\":\"https:\/\/www.africa-press.net\/tchad\/culture-et-art\/tchad-les-etudiants-annoncent-un-forum-national-pacifique#primaryimage\"},\"thumbnailUrl\":\"https:\/\/static.africa-press.net\/tchad\/sites\/41\/2021\/02\/img-602ffe2b4d514.jpg\",\"datePublished\":\"2021-02-19T19:32:00+00:00\",\"author\":{\"@id\":\"https:\/\/www.africa-press.net\/tchad\/#\/schema\/person\/2b1cf3cd81a31e3cd26889ca66d677f1\"},\"description\":\"Il se tiendra du 10 au 13 mars 2021, le forum pacifique des \u00e9tudiants chr\u00e9tiens et musulmans des universit\u00e9s du Tchad ...\",\"breadcrumb\":{\"@id\":\"https:\/\/www.africa-press.net\/tchad\/culture-et-art\/tchad-les-etudiants-annoncent-un-forum-national-pacifique#breadcrumb\"},\"inLanguage\":\"fr-FR\",\"potentialAction\":[{\"@type\":\"ReadAction\",\"target\":[\"https:\/\/www.africa-press.net\/tchad\/culture-et-art\/tchad-les-etudiants-annoncent-un-forum-national-pacifique\"]}]},{\"@type\":\"ImageObject\",\"inLanguage\":\"fr-FR\",\"@id\":\"https:\/\/www.africa-press.net\/tchad\/culture-et-art\/tchad-les-etudiants-annoncent-un-forum-national-pacifique#primaryimage\",\"url\":\"https:\/\/static.africa-press.net\/tchad\/sites\/41\/2021\/02\/img-602ffe2b4d514.jpg\",\"contentUrl\":\"https:\/\/static.africa-press.net\/tchad\/sites\/41\/2021\/02\/img-602ffe2b4d514.jpg\",\"width\":780,\"height\":440,\"caption\":\"Tchad : les \u00e9tudiants annoncent un forum national pacifique\"},{\"@type\":\"BreadcrumbList\",\"@id\":\"https:\/\/www.africa-press.net\/tchad\/culture-et-art\/tchad-les-etudiants-annoncent-un-forum-national-pacifique#breadcrumb\",\"itemListElement\":[{\"@type\":\"ListItem\",\"position\":1,\"name\":\"Accueil\",\"item\":\"https:\/\/www.africa-press.net\/tchad\/\"},{\"@type\":\"ListItem\",\"position\":2,\"name\":\"les \u00e9tudiants annoncent un forum national pacifique\"}]},{\"@type\":\"WebSite\",\"@id\":\"https:\/\/www.africa-press.net\/tchad\/#website\",\"url\":\"https:\/\/www.africa-press.net\/tchad\/\",\"name\":\"tchad\",\"description\":\"Just another Africa News Agency Sites site\",\"potentialAction\":[{\"@type\":\"SearchAction\",\"target\":{\"@type\":\"EntryPoint\",\"urlTemplate\":\"https:\/\/www.africa-press.net\/tchad\/?s={search_term_string}\"},\"query-input\":{\"@type\":\"PropertyValueSpecification\",\"valueRequired\":true,\"valueName\":\"search_term_string\"}}],\"inLanguage\":\"fr-FR\"},{\"@type\":\"Person\",\"@id\":\"https:\/\/www.africa-press.net\/tchad\/#\/schema\/person\/2b1cf3cd81a31e3cd26889ca66d677f1\",\"name\":\"cfeditorfr\"}]}<\/script>\n<!-- \/ Yoast SEO Premium plugin. -->","yoast_head_json":{"title":"les \u00e9tudiants annoncent un forum national pacifique - tchad","description":"Il se tiendra du 10 au 13 mars 2021, le forum pacifique des \u00e9tudiants chr\u00e9tiens et musulmans des universit\u00e9s du Tchad ...","robots":{"index":"index","follow":"follow","max-snippet":"max-snippet:-1","max-image-preview":"max-image-preview:large","max-video-preview":"max-video-preview:-1"},"canonical":"https:\/\/www.africa-press.net\/tchad\/culture-et-art\/tchad-les-etudiants-annoncent-un-forum-national-pacifique","og_locale":"fr_FR","og_type":"article","og_title":"les \u00e9tudiants annoncent un forum national pacifique","og_description":"Il se tiendra du 10 au 13 mars 2021, le forum pacifique des \u00e9tudiants chr\u00e9tiens et musulmans des universit\u00e9s du Tchad ...","og_url":"https:\/\/www.africa-press.net\/tchad\/culture-et-art\/tchad-les-etudiants-annoncent-un-forum-national-pacifique","og_site_name":"tchad","article_published_time":"2021-02-19T19:32:00+00:00","og_image":[{"width":780,"height":440,"url":"https:\/\/static.africa-press.net\/tchad\/sites\/41\/2021\/02\/img-602ffe2b4d514.jpg","type":"image\/jpeg"}],"author":"cfeditorfr","twitter_card":"summary_large_image","twitter_misc":{"\u00c9crit par":"cfeditorfr","Dur\u00e9e de lecture estim\u00e9e":"1 minute"},"schema":{"@context":"https:\/\/schema.org","@graph":[{"@type":"Article","@id":"https:\/\/www.africa-press.net\/tchad\/culture-et-art\/tchad-les-etudiants-annoncent-un-forum-national-pacifique#article","isPartOf":{"@id":"https:\/\/www.africa-press.net\/tchad\/culture-et-art\/tchad-les-etudiants-annoncent-un-forum-national-pacifique"},"author":{"name":"cfeditorfr","@id":"https:\/\/www.africa-press.net\/tchad\/#\/schema\/person\/2b1cf3cd81a31e3cd26889ca66d677f1"},"headline":"les \u00e9tudiants annoncent un forum national pacifique","datePublished":"2021-02-19T19:32:00+00:00","mainEntityOfPage":{"@id":"https:\/\/www.africa-press.net\/tchad\/culture-et-art\/tchad-les-etudiants-annoncent-un-forum-national-pacifique"},"wordCount":199,"commentCount":0,"image":{"@id":"https:\/\/www.africa-press.net\/tchad\/culture-et-art\/tchad-les-etudiants-annoncent-un-forum-national-pacifique#primaryimage"},"thumbnailUrl":"https:\/\/static.africa-press.net\/tchad\/sites\/41\/2021\/02\/img-602ffe2b4d514.jpg","keywords":["Africa Press","Africa Press-Tchad","Etudiants","forum","Tchad"],"articleSection":["Culture et Art","Dossiers","homepage-french","Toutes les actualit\u00e9s"],"inLanguage":"fr-FR","potentialAction":[{"@type":"CommentAction","name":"Comment","target":["https:\/\/www.africa-press.net\/tchad\/culture-et-art\/tchad-les-etudiants-annoncent-un-forum-national-pacifique#respond"]}]},{"@type":"WebPage","@id":"https:\/\/www.africa-press.net\/tchad\/culture-et-art\/tchad-les-etudiants-annoncent-un-forum-national-pacifique","url":"https:\/\/www.africa-press.net\/tchad\/culture-et-art\/tchad-les-etudiants-annoncent-un-forum-national-pacifique","name":"les \u00e9tudiants annoncent un forum national pacifique - tchad","isPartOf":{"@id":"https:\/\/www.africa-press.net\/tchad\/#website"},"primaryImageOfPage":{"@id":"https:\/\/www.africa-press.net\/tchad\/culture-et-art\/tchad-les-etudiants-annoncent-un-forum-national-pacifique#primaryimage"},"image":{"@id":"https:\/\/www.africa-press.net\/tchad\/culture-et-art\/tchad-les-etudiants-annoncent-un-forum-national-pacifique#primaryimage"},"thumbnailUrl":"https:\/\/static.africa-press.net\/tchad\/sites\/41\/2021\/02\/img-602ffe2b4d514.jpg","datePublished":"2021-02-19T19:32:00+00:00","author":{"@id":"https:\/\/www.africa-press.net\/tchad\/#\/schema\/person\/2b1cf3cd81a31e3cd26889ca66d677f1"},"description":"Il se tiendra du 10 au 13 mars 2021, le forum pacifique des \u00e9tudiants chr\u00e9tiens et musulmans des universit\u00e9s du Tchad ...","breadcrumb":{"@id":"https:\/\/www.africa-press.net\/tchad\/culture-et-art\/tchad-les-etudiants-annoncent-un-forum-national-pacifique#breadcrumb"},"inLanguage":"fr-FR","potentialAction":[{"@type":"ReadAction","target":["https:\/\/www.africa-press.net\/tchad\/culture-et-art\/tchad-les-etudiants-annoncent-un-forum-national-pacifique"]}]},{"@type":"ImageObject","inLanguage":"fr-FR","@id":"https:\/\/www.africa-press.net\/tchad\/culture-et-art\/tchad-les-etudiants-annoncent-un-forum-national-pacifique#primaryimage","url":"https:\/\/static.africa-press.net\/tchad\/sites\/41\/2021\/02\/img-602ffe2b4d514.jpg","contentUrl":"https:\/\/static.africa-press.net\/tchad\/sites\/41\/2021\/02\/img-602ffe2b4d514.jpg","width":780,"height":440,"caption":"Tchad : les \u00e9tudiants annoncent un forum national pacifique"},{"@type":"BreadcrumbList","@id":"https:\/\/www.africa-press.net\/tchad\/culture-et-art\/tchad-les-etudiants-annoncent-un-forum-national-pacifique#breadcrumb","itemListElement":[{"@type":"ListItem","position":1,"name":"Accueil","item":"https:\/\/www.africa-press.net\/tchad\/"},{"@type":"ListItem","position":2,"name":"les \u00e9tudiants annoncent un forum national pacifique"}]},{"@type":"WebSite","@id":"https:\/\/www.africa-press.net\/tchad\/#website","url":"https:\/\/www.africa-press.net\/tchad\/","name":"tchad","description":"Just another Africa News Agency Sites site","potentialAction":[{"@type":"SearchAction","target":{"@type":"EntryPoint","urlTemplate":"https:\/\/www.africa-press.net\/tchad\/?s={search_term_string}"},"query-input":{"@type":"PropertyValueSpecification","valueRequired":true,"valueName":"search_term_string"}}],"inLanguage":"fr-FR"},{"@type":"Person","@id":"https:\/\/www.africa-press.net\/tchad\/#\/schema\/person\/2b1cf3cd81a31e3cd26889ca66d677f1","name":"cfeditorfr"}]}},"_links":{"self":[{"href":"https:\/\/www.africa-press.net\/tchad\/wp-json\/wp\/v2\/posts\/3051","targetHints":{"allow":["GET"]}}],"collection":[{"href":"https:\/\/www.africa-press.net\/tchad\/wp-json\/wp\/v2\/posts"}],"about":[{"href":"https:\/\/www.africa-press.net\/tchad\/wp-json\/wp\/v2\/types\/post"}],"author":[{"embeddable":true,"href":"https:\/\/www.africa-press.net\/tchad\/wp-json\/wp\/v2\/users\/82"}],"replies":[{"embeddable":true,"href":"https:\/\/www.africa-press.net\/tchad\/wp-json\/wp\/v2\/comments?post=3051"}],"version-history":[{"count":0,"href":"https:\/\/www.africa-press.net\/tchad\/wp-json\/wp\/v2\/posts\/3051\/revisions"}],"wp:featuredmedia":[{"embeddable":true,"href":"https:\/\/www.africa-press.net\/tchad\/wp-json\/wp\/v2\/media\/3050"}],"wp:attachment":[{"href":"https:\/\/www.africa-press.net\/tchad\/wp-json\/wp\/v2\/media?parent=3051"}],"wp:term":[{"taxonomy":"category","embeddable":true,"href":"https:\/\/www.africa-press.net\/tchad\/wp-json\/wp\/v2\/categories?post=3051"},{"taxonomy":"post_tag","embeddable":true,"href":"https:\/\/www.africa-press.net\/tchad\/wp-json\/wp\/v2\/tags?post=3051"}],"curies":[{"name":"wp","href":"https:\/\/api.w.org\/{rel}","templated":true}]}}