{"id":30512,"date":"2022-08-13T17:23:01","date_gmt":"2022-08-13T17:23:01","guid":{"rendered":"https:\/\/www.africa-press.net\/tchad\/politique\/tchad-gabon-mahamat-idriss-deby-attendu-a-libreville"},"modified":"2022-08-13T17:55:21","modified_gmt":"2022-08-13T17:55:21","slug":"tchad-gabon-mahamat-idriss-deby-attendu-a-libreville","status":"publish","type":"post","link":"https:\/\/www.africa-press.net\/tchad\/politique\/tchad-gabon-mahamat-idriss-deby-attendu-a-libreville","title":{"rendered":"Tchad-Gabon : Mahamat Idriss Deby attendu \u00e0 Libreville"},"content":{"rendered":"<p><span style=\"color: #ff6600\"><strong>Africa-Press &#8211; Tchad. <\/strong><\/span>Le ge\u0301ne\u0301ral Mahamat Idriss Deby Itno, pre\u0301sident du Conseil militaire de transition, effectuera une visite de travail et d\u2019amitie\u0301 a\u0300 Libreville le 13 aou\u0302t 2022.<\/p>\n<p>La visite du Pre\u0301sident tchadien en terre gabonaise, la toute premie\u0300re depuis qu\u2019il dirige son pays, s\u2019inscrit dans le cadre des consultations re\u0301gulie\u0300res et amicales que Ali Bongo Ondimba, pre\u0301sident de la Re\u0301publique, entretient avec l\u2019ensemble de ses Homologues.<\/p>\n<p>Le de\u0301placement du nume\u0301ro un tchadien dans notre pays sera l\u2019occasion d\u2019e\u0301changer avec son Homologue gabonais des questions d\u2019inte\u0301re\u0302t commun, notamment celles relatives a\u0300 la Paix et a\u0300 la Se\u0301curite\u0301 dans la Sous-re\u0301gion et sur le Continent, ainsi que sur le raffermissement des liens multiformes de coope\u0301ration entre le Gabon et le Tchad.<\/p>\n<p>La visite du pre\u0301sident tchadien a\u0300 Libreville intervient apre\u0300s celles des Pre\u0301sidents de Sao Tome\u0301-et-Principe et de la Re\u0301publique Centrafricaine.<\/p>\n<p><strong>Pour plus d&rsquo;informations et d&rsquo;analyses sur la <a href=\"https:\/\/www.africa-press.net\/tchad\">Tchad<\/a>, suivez <a href=\"https:\/\/www.africa-press.net\/\">Africa-Press<\/a><\/strong><\/p>\n","protected":false},"excerpt":{"rendered":"<p>Africa-Press &#8211; Tchad. Le ge\u0301ne\u0301ral Mahamat Idriss Deby Itno, pre\u0301sident du Conseil militaire de transition, effectuera une visite de travail et d\u2019amitie\u0301 a\u0300 Libreville le 13 aou\u0302t 2022. La visite du Pre\u0301sident tchadien en terre gabonaise, la toute premie\u0300re depuis qu\u2019il dirige son pays, s\u2019inscrit dans le cadre des consultations re\u0301gulie\u0300res et amicales que Ali [&hellip;]<\/p>\n","protected":false},"author":82,"featured_media":30511,"comment_status":"open","ping_status":"closed","sticky":false,"template":"","format":"standard","meta":{"footnotes":""},"categories":[11,2,20,10],"tags":[37,292,29],"class_list":["post-30512","post","type-post","status-publish","format-standard","has-post-thumbnail","hentry","category-homepage-french","category-politique","category-top-nouvelles","category-toutes-les-actualites","tag-africa-press","tag-africa-press-tchad","tag-tchad"],"yoast_head":"<!-- This site is optimized with the Yoast SEO Premium plugin v26.1 (Yoast SEO v27.0) - https:\/\/yoast.com\/product\/yoast-seo-premium-wordpress\/ -->\n<title>Tchad-Gabon : Mahamat Idriss Deby attendu \u00e0 Libreville - tchad<\/title>\n<meta name=\"description\" content=\"Le ge\u0301ne\u0301ral Mahamat Idriss Deby Itno, pre\u0301sident du Conseil militaire de transition, effectuera une visite de travail e ...\" \/>\n<meta name=\"robots\" content=\"index, follow, max-snippet:-1, max-image-preview:large, max-video-preview:-1\" \/>\n<link rel=\"canonical\" href=\"https:\/\/www.africa-press.net\/tchad\/politique\/tchad-gabon-mahamat-idriss-deby-attendu-a-libreville\" \/>\n<meta property=\"og:locale\" content=\"fr_FR\" \/>\n<meta property=\"og:type\" content=\"article\" \/>\n<meta property=\"og:title\" content=\"Tchad-Gabon : Mahamat Idriss Deby attendu \u00e0 Libreville\" \/>\n<meta property=\"og:description\" content=\"Le ge\u0301ne\u0301ral Mahamat Idriss Deby Itno, pre\u0301sident du Conseil militaire de transition, effectuera une visite de travail e ...\" \/>\n<meta property=\"og:url\" content=\"https:\/\/www.africa-press.net\/tchad\/politique\/tchad-gabon-mahamat-idriss-deby-attendu-a-libreville\" \/>\n<meta property=\"og:site_name\" content=\"tchad\" \/>\n<meta property=\"article:published_time\" content=\"2022-08-13T17:23:01+00:00\" \/>\n<meta property=\"article:modified_time\" content=\"2022-08-13T17:55:21+00:00\" \/>\n<meta property=\"og:image\" content=\"https:\/\/static.africa-press.net\/tchad\/sites\/41\/2022\/08\/postQueueImg_24-62f7e575863a7.jpg\" \/>\n\t<meta property=\"og:image:width\" content=\"960\" \/>\n\t<meta property=\"og:image:height\" content=\"636\" \/>\n\t<meta property=\"og:image:type\" content=\"image\/jpeg\" \/>\n<meta name=\"author\" content=\"cfeditorfr\" \/>\n<meta name=\"twitter:card\" content=\"summary_large_image\" \/>\n<meta name=\"twitter:label1\" content=\"\u00c9crit par\" \/>\n\t<meta name=\"twitter:data1\" content=\"cfeditorfr\" \/>\n\t<meta name=\"twitter:label2\" content=\"Dur\u00e9e de lecture estim\u00e9e\" \/>\n\t<meta name=\"twitter:data2\" content=\"1 minute\" \/>\n<script type=\"application\/ld+json\" class=\"yoast-schema-graph\">{\"@context\":\"https:\/\/schema.org\",\"@graph\":[{\"@type\":\"Article\",\"@id\":\"https:\/\/www.africa-press.net\/tchad\/politique\/tchad-gabon-mahamat-idriss-deby-attendu-a-libreville#article\",\"isPartOf\":{\"@id\":\"https:\/\/www.africa-press.net\/tchad\/politique\/tchad-gabon-mahamat-idriss-deby-attendu-a-libreville\"},\"author\":{\"name\":\"cfeditorfr\",\"@id\":\"https:\/\/www.africa-press.net\/tchad\/#\/schema\/person\/2b1cf3cd81a31e3cd26889ca66d677f1\"},\"headline\":\"Tchad-Gabon : Mahamat Idriss Deby attendu \u00e0 Libreville\",\"datePublished\":\"2022-08-13T17:23:01+00:00\",\"dateModified\":\"2022-08-13T17:55:21+00:00\",\"mainEntityOfPage\":{\"@id\":\"https:\/\/www.africa-press.net\/tchad\/politique\/tchad-gabon-mahamat-idriss-deby-attendu-a-libreville\"},\"wordCount\":186,\"commentCount\":0,\"image\":{\"@id\":\"https:\/\/www.africa-press.net\/tchad\/politique\/tchad-gabon-mahamat-idriss-deby-attendu-a-libreville#primaryimage\"},\"thumbnailUrl\":\"https:\/\/static.africa-press.net\/tchad\/sites\/41\/2022\/08\/postQueueImg_24-62f7e575863a7.jpg\",\"keywords\":[\"Africa Press\",\"Africa Press-Tchad\",\"Tchad\"],\"articleSection\":[\"homepage-french\",\"Politique\",\"Top Nouvelles\",\"Toutes les actualit\u00e9s\"],\"inLanguage\":\"fr-FR\",\"potentialAction\":[{\"@type\":\"CommentAction\",\"name\":\"Comment\",\"target\":[\"https:\/\/www.africa-press.net\/tchad\/politique\/tchad-gabon-mahamat-idriss-deby-attendu-a-libreville#respond\"]}]},{\"@type\":\"WebPage\",\"@id\":\"https:\/\/www.africa-press.net\/tchad\/politique\/tchad-gabon-mahamat-idriss-deby-attendu-a-libreville\",\"url\":\"https:\/\/www.africa-press.net\/tchad\/politique\/tchad-gabon-mahamat-idriss-deby-attendu-a-libreville\",\"name\":\"Tchad-Gabon : Mahamat Idriss Deby attendu \u00e0 Libreville - tchad\",\"isPartOf\":{\"@id\":\"https:\/\/www.africa-press.net\/tchad\/#website\"},\"primaryImageOfPage\":{\"@id\":\"https:\/\/www.africa-press.net\/tchad\/politique\/tchad-gabon-mahamat-idriss-deby-attendu-a-libreville#primaryimage\"},\"image\":{\"@id\":\"https:\/\/www.africa-press.net\/tchad\/politique\/tchad-gabon-mahamat-idriss-deby-attendu-a-libreville#primaryimage\"},\"thumbnailUrl\":\"https:\/\/static.africa-press.net\/tchad\/sites\/41\/2022\/08\/postQueueImg_24-62f7e575863a7.jpg\",\"datePublished\":\"2022-08-13T17:23:01+00:00\",\"dateModified\":\"2022-08-13T17:55:21+00:00\",\"author\":{\"@id\":\"https:\/\/www.africa-press.net\/tchad\/#\/schema\/person\/2b1cf3cd81a31e3cd26889ca66d677f1\"},\"description\":\"Le ge\u0301ne\u0301ral Mahamat Idriss Deby Itno, pre\u0301sident du Conseil militaire de transition, effectuera une visite de travail e ...\",\"breadcrumb\":{\"@id\":\"https:\/\/www.africa-press.net\/tchad\/politique\/tchad-gabon-mahamat-idriss-deby-attendu-a-libreville#breadcrumb\"},\"inLanguage\":\"fr-FR\",\"potentialAction\":[{\"@type\":\"ReadAction\",\"target\":[\"https:\/\/www.africa-press.net\/tchad\/politique\/tchad-gabon-mahamat-idriss-deby-attendu-a-libreville\"]}]},{\"@type\":\"ImageObject\",\"inLanguage\":\"fr-FR\",\"@id\":\"https:\/\/www.africa-press.net\/tchad\/politique\/tchad-gabon-mahamat-idriss-deby-attendu-a-libreville#primaryimage\",\"url\":\"https:\/\/static.africa-press.net\/tchad\/sites\/41\/2022\/08\/postQueueImg_24-62f7e575863a7.jpg\",\"contentUrl\":\"https:\/\/static.africa-press.net\/tchad\/sites\/41\/2022\/08\/postQueueImg_24-62f7e575863a7.jpg\",\"width\":960,\"height\":636,\"caption\":\"Tchad-Gabon : Mahamat Idriss Deby attendu \u00e0 Libreville\"},{\"@type\":\"BreadcrumbList\",\"@id\":\"https:\/\/www.africa-press.net\/tchad\/politique\/tchad-gabon-mahamat-idriss-deby-attendu-a-libreville#breadcrumb\",\"itemListElement\":[{\"@type\":\"ListItem\",\"position\":1,\"name\":\"Accueil\",\"item\":\"https:\/\/www.africa-press.net\/tchad\/\"},{\"@type\":\"ListItem\",\"position\":2,\"name\":\"Tchad-Gabon : Mahamat Idriss Deby attendu \u00e0 Libreville\"}]},{\"@type\":\"WebSite\",\"@id\":\"https:\/\/www.africa-press.net\/tchad\/#website\",\"url\":\"https:\/\/www.africa-press.net\/tchad\/\",\"name\":\"tchad\",\"description\":\"Just another Africa News Agency Sites site\",\"potentialAction\":[{\"@type\":\"SearchAction\",\"target\":{\"@type\":\"EntryPoint\",\"urlTemplate\":\"https:\/\/www.africa-press.net\/tchad\/?s={search_term_string}\"},\"query-input\":{\"@type\":\"PropertyValueSpecification\",\"valueRequired\":true,\"valueName\":\"search_term_string\"}}],\"inLanguage\":\"fr-FR\"},{\"@type\":\"Person\",\"@id\":\"https:\/\/www.africa-press.net\/tchad\/#\/schema\/person\/2b1cf3cd81a31e3cd26889ca66d677f1\",\"name\":\"cfeditorfr\"}]}<\/script>\n<!-- \/ Yoast SEO Premium plugin. -->","yoast_head_json":{"title":"Tchad-Gabon : Mahamat Idriss Deby attendu \u00e0 Libreville - tchad","description":"Le ge\u0301ne\u0301ral Mahamat Idriss Deby Itno, pre\u0301sident du Conseil militaire de transition, effectuera une visite de travail e ...","robots":{"index":"index","follow":"follow","max-snippet":"max-snippet:-1","max-image-preview":"max-image-preview:large","max-video-preview":"max-video-preview:-1"},"canonical":"https:\/\/www.africa-press.net\/tchad\/politique\/tchad-gabon-mahamat-idriss-deby-attendu-a-libreville","og_locale":"fr_FR","og_type":"article","og_title":"Tchad-Gabon : Mahamat Idriss Deby attendu \u00e0 Libreville","og_description":"Le ge\u0301ne\u0301ral Mahamat Idriss Deby Itno, pre\u0301sident du Conseil militaire de transition, effectuera une visite de travail e ...","og_url":"https:\/\/www.africa-press.net\/tchad\/politique\/tchad-gabon-mahamat-idriss-deby-attendu-a-libreville","og_site_name":"tchad","article_published_time":"2022-08-13T17:23:01+00:00","article_modified_time":"2022-08-13T17:55:21+00:00","og_image":[{"width":960,"height":636,"url":"https:\/\/static.africa-press.net\/tchad\/sites\/41\/2022\/08\/postQueueImg_24-62f7e575863a7.jpg","type":"image\/jpeg"}],"author":"cfeditorfr","twitter_card":"summary_large_image","twitter_misc":{"\u00c9crit par":"cfeditorfr","Dur\u00e9e de lecture estim\u00e9e":"1 minute"},"schema":{"@context":"https:\/\/schema.org","@graph":[{"@type":"Article","@id":"https:\/\/www.africa-press.net\/tchad\/politique\/tchad-gabon-mahamat-idriss-deby-attendu-a-libreville#article","isPartOf":{"@id":"https:\/\/www.africa-press.net\/tchad\/politique\/tchad-gabon-mahamat-idriss-deby-attendu-a-libreville"},"author":{"name":"cfeditorfr","@id":"https:\/\/www.africa-press.net\/tchad\/#\/schema\/person\/2b1cf3cd81a31e3cd26889ca66d677f1"},"headline":"Tchad-Gabon : Mahamat Idriss Deby attendu \u00e0 Libreville","datePublished":"2022-08-13T17:23:01+00:00","dateModified":"2022-08-13T17:55:21+00:00","mainEntityOfPage":{"@id":"https:\/\/www.africa-press.net\/tchad\/politique\/tchad-gabon-mahamat-idriss-deby-attendu-a-libreville"},"wordCount":186,"commentCount":0,"image":{"@id":"https:\/\/www.africa-press.net\/tchad\/politique\/tchad-gabon-mahamat-idriss-deby-attendu-a-libreville#primaryimage"},"thumbnailUrl":"https:\/\/static.africa-press.net\/tchad\/sites\/41\/2022\/08\/postQueueImg_24-62f7e575863a7.jpg","keywords":["Africa Press","Africa Press-Tchad","Tchad"],"articleSection":["homepage-french","Politique","Top Nouvelles","Toutes les actualit\u00e9s"],"inLanguage":"fr-FR","potentialAction":[{"@type":"CommentAction","name":"Comment","target":["https:\/\/www.africa-press.net\/tchad\/politique\/tchad-gabon-mahamat-idriss-deby-attendu-a-libreville#respond"]}]},{"@type":"WebPage","@id":"https:\/\/www.africa-press.net\/tchad\/politique\/tchad-gabon-mahamat-idriss-deby-attendu-a-libreville","url":"https:\/\/www.africa-press.net\/tchad\/politique\/tchad-gabon-mahamat-idriss-deby-attendu-a-libreville","name":"Tchad-Gabon : Mahamat Idriss Deby attendu \u00e0 Libreville - tchad","isPartOf":{"@id":"https:\/\/www.africa-press.net\/tchad\/#website"},"primaryImageOfPage":{"@id":"https:\/\/www.africa-press.net\/tchad\/politique\/tchad-gabon-mahamat-idriss-deby-attendu-a-libreville#primaryimage"},"image":{"@id":"https:\/\/www.africa-press.net\/tchad\/politique\/tchad-gabon-mahamat-idriss-deby-attendu-a-libreville#primaryimage"},"thumbnailUrl":"https:\/\/static.africa-press.net\/tchad\/sites\/41\/2022\/08\/postQueueImg_24-62f7e575863a7.jpg","datePublished":"2022-08-13T17:23:01+00:00","dateModified":"2022-08-13T17:55:21+00:00","author":{"@id":"https:\/\/www.africa-press.net\/tchad\/#\/schema\/person\/2b1cf3cd81a31e3cd26889ca66d677f1"},"description":"Le ge\u0301ne\u0301ral Mahamat Idriss Deby Itno, pre\u0301sident du Conseil militaire de transition, effectuera une visite de travail e ...","breadcrumb":{"@id":"https:\/\/www.africa-press.net\/tchad\/politique\/tchad-gabon-mahamat-idriss-deby-attendu-a-libreville#breadcrumb"},"inLanguage":"fr-FR","potentialAction":[{"@type":"ReadAction","target":["https:\/\/www.africa-press.net\/tchad\/politique\/tchad-gabon-mahamat-idriss-deby-attendu-a-libreville"]}]},{"@type":"ImageObject","inLanguage":"fr-FR","@id":"https:\/\/www.africa-press.net\/tchad\/politique\/tchad-gabon-mahamat-idriss-deby-attendu-a-libreville#primaryimage","url":"https:\/\/static.africa-press.net\/tchad\/sites\/41\/2022\/08\/postQueueImg_24-62f7e575863a7.jpg","contentUrl":"https:\/\/static.africa-press.net\/tchad\/sites\/41\/2022\/08\/postQueueImg_24-62f7e575863a7.jpg","width":960,"height":636,"caption":"Tchad-Gabon : Mahamat Idriss Deby attendu \u00e0 Libreville"},{"@type":"BreadcrumbList","@id":"https:\/\/www.africa-press.net\/tchad\/politique\/tchad-gabon-mahamat-idriss-deby-attendu-a-libreville#breadcrumb","itemListElement":[{"@type":"ListItem","position":1,"name":"Accueil","item":"https:\/\/www.africa-press.net\/tchad\/"},{"@type":"ListItem","position":2,"name":"Tchad-Gabon : Mahamat Idriss Deby attendu \u00e0 Libreville"}]},{"@type":"WebSite","@id":"https:\/\/www.africa-press.net\/tchad\/#website","url":"https:\/\/www.africa-press.net\/tchad\/","name":"tchad","description":"Just another Africa News Agency Sites site","potentialAction":[{"@type":"SearchAction","target":{"@type":"EntryPoint","urlTemplate":"https:\/\/www.africa-press.net\/tchad\/?s={search_term_string}"},"query-input":{"@type":"PropertyValueSpecification","valueRequired":true,"valueName":"search_term_string"}}],"inLanguage":"fr-FR"},{"@type":"Person","@id":"https:\/\/www.africa-press.net\/tchad\/#\/schema\/person\/2b1cf3cd81a31e3cd26889ca66d677f1","name":"cfeditorfr"}]}},"_links":{"self":[{"href":"https:\/\/www.africa-press.net\/tchad\/wp-json\/wp\/v2\/posts\/30512","targetHints":{"allow":["GET"]}}],"collection":[{"href":"https:\/\/www.africa-press.net\/tchad\/wp-json\/wp\/v2\/posts"}],"about":[{"href":"https:\/\/www.africa-press.net\/tchad\/wp-json\/wp\/v2\/types\/post"}],"author":[{"embeddable":true,"href":"https:\/\/www.africa-press.net\/tchad\/wp-json\/wp\/v2\/users\/82"}],"replies":[{"embeddable":true,"href":"https:\/\/www.africa-press.net\/tchad\/wp-json\/wp\/v2\/comments?post=30512"}],"version-history":[{"count":0,"href":"https:\/\/www.africa-press.net\/tchad\/wp-json\/wp\/v2\/posts\/30512\/revisions"}],"wp:featuredmedia":[{"embeddable":true,"href":"https:\/\/www.africa-press.net\/tchad\/wp-json\/wp\/v2\/media\/30511"}],"wp:attachment":[{"href":"https:\/\/www.africa-press.net\/tchad\/wp-json\/wp\/v2\/media?parent=30512"}],"wp:term":[{"taxonomy":"category","embeddable":true,"href":"https:\/\/www.africa-press.net\/tchad\/wp-json\/wp\/v2\/categories?post=30512"},{"taxonomy":"post_tag","embeddable":true,"href":"https:\/\/www.africa-press.net\/tchad\/wp-json\/wp\/v2\/tags?post=30512"}],"curies":[{"name":"wp","href":"https:\/\/api.w.org\/{rel}","templated":true}]}}