{"id":30527,"date":"2022-08-13T17:29:31","date_gmt":"2022-08-13T17:29:31","guid":{"rendered":"https:\/\/www.africa-press.net\/tchad\/politique\/un-sabotage-a-lorigine-de-la-panne-dinternet-selon-sudachad"},"modified":"2022-08-13T17:57:53","modified_gmt":"2022-08-13T17:57:53","slug":"un-sabotage-a-lorigine-de-la-panne-dinternet-selon-sudachad","status":"publish","type":"post","link":"https:\/\/www.africa-press.net\/tchad\/politique\/un-sabotage-a-lorigine-de-la-panne-dinternet-selon-sudachad","title":{"rendered":"un \u00ab\u00a0sabotage\u00a0\u00bb \u00e0 l\u2019origine de la panne d\u2019Internet, selon SudaChad"},"content":{"rendered":"<p><span style=\"color: #ff6600\"><strong>Africa-Press &#8211; Tchad. <\/strong><\/span>La soci\u00e9t\u00e9 SudaChad en charge du r\u00e9seau \u00e0 fibre optique a expliqu\u00e9 ce 13 ao\u00fbt l\u2019origine de la panne d\u2019Internet.<\/p>\n<p>\u00ab Nous avons connu une coupure entre Mongo et Mangalme (71 km de Mongo en allant vers Mangalme) due \u00e0 un sabotage op\u00e9r\u00e9 par un objet tranchant sur le c\u00e2ble d\u00e8s 10h52. Aussi, notre liaison backup venant du Cameroun \u00e9tait \u00e9galement coup\u00e9 a 60 km apr\u00e8s Maroua) d\u00e8s 13h11 \u00bb, indique la soci\u00e9t\u00e9.<\/p>\n<p>Toutes les villes de Mongo \u00e0 N\u2019Djamena \u00e9taient impact\u00e9es par l\u2019isolation de la liaison de 13h11 mn \u00e0 16h09 mn soit 2h58 mn.<\/p>\n<p><strong>Pour plus d&rsquo;informations et d&rsquo;analyses sur la <a href=\"https:\/\/www.africa-press.net\/tchad\">Tchad<\/a>, suivez <a href=\"https:\/\/www.africa-press.net\/\">Africa-Press<\/a><\/strong><\/p>\n","protected":false},"excerpt":{"rendered":"<p>Africa-Press &#8211; Tchad. La soci\u00e9t\u00e9 SudaChad en charge du r\u00e9seau \u00e0 fibre optique a expliqu\u00e9 ce 13 ao\u00fbt l\u2019origine de la panne d\u2019Internet. \u00ab Nous avons connu une coupure entre Mongo et Mangalme (71 km de Mongo en allant vers Mangalme) due \u00e0 un sabotage op\u00e9r\u00e9 par un objet tranchant sur le c\u00e2ble d\u00e8s 10h52. [&hellip;]<\/p>\n","protected":false},"author":82,"featured_media":30526,"comment_status":"open","ping_status":"closed","sticky":false,"template":"","format":"standard","meta":{"footnotes":""},"categories":[11,2,10],"tags":[37,292,29],"class_list":["post-30527","post","type-post","status-publish","format-standard","has-post-thumbnail","hentry","category-homepage-french","category-politique","category-toutes-les-actualites","tag-africa-press","tag-africa-press-tchad","tag-tchad"],"yoast_head":"<!-- This site is optimized with the Yoast SEO Premium plugin v26.1 (Yoast SEO v27.0) - https:\/\/yoast.com\/product\/yoast-seo-premium-wordpress\/ -->\n<title>un &quot;sabotage&quot; \u00e0 l\u2019origine de la panne d\u2019Internet, selon SudaChad - tchad<\/title>\n<meta name=\"description\" content=\"La soci\u00e9t\u00e9 SudaChad en charge du r\u00e9seau \u00e0 fibre optique a expliqu\u00e9 ce 13 ao\u00fbt l\u2019origine de la panne d\u2019Internet. \u00ab Nous ...\" \/>\n<meta name=\"robots\" content=\"index, follow, max-snippet:-1, max-image-preview:large, max-video-preview:-1\" \/>\n<link rel=\"canonical\" href=\"https:\/\/www.africa-press.net\/tchad\/politique\/un-sabotage-a-lorigine-de-la-panne-dinternet-selon-sudachad\" \/>\n<meta property=\"og:locale\" content=\"fr_FR\" \/>\n<meta property=\"og:type\" content=\"article\" \/>\n<meta property=\"og:title\" content=\"un &quot;sabotage&quot; \u00e0 l\u2019origine de la panne d\u2019Internet, selon SudaChad\" \/>\n<meta property=\"og:description\" content=\"La soci\u00e9t\u00e9 SudaChad en charge du r\u00e9seau \u00e0 fibre optique a expliqu\u00e9 ce 13 ao\u00fbt l\u2019origine de la panne d\u2019Internet. \u00ab Nous ...\" \/>\n<meta property=\"og:url\" content=\"https:\/\/www.africa-press.net\/tchad\/politique\/un-sabotage-a-lorigine-de-la-panne-dinternet-selon-sudachad\" \/>\n<meta property=\"og:site_name\" content=\"tchad\" \/>\n<meta property=\"article:published_time\" content=\"2022-08-13T17:29:31+00:00\" \/>\n<meta property=\"article:modified_time\" content=\"2022-08-13T17:57:53+00:00\" \/>\n<meta property=\"og:image\" content=\"https:\/\/static.africa-press.net\/tchad\/sites\/41\/2022\/08\/postQueueImg_30-62f7e60fe4e48.jpg\" \/>\n\t<meta property=\"og:image:width\" content=\"959\" \/>\n\t<meta property=\"og:image:height\" content=\"637\" \/>\n\t<meta property=\"og:image:type\" content=\"image\/jpeg\" \/>\n<meta name=\"author\" content=\"cfeditorfr\" \/>\n<meta name=\"twitter:card\" content=\"summary_large_image\" \/>\n<meta name=\"twitter:label1\" content=\"\u00c9crit par\" \/>\n\t<meta name=\"twitter:data1\" content=\"cfeditorfr\" \/>\n\t<meta name=\"twitter:label2\" content=\"Dur\u00e9e de lecture estim\u00e9e\" \/>\n\t<meta name=\"twitter:data2\" content=\"1 minute\" \/>\n<script type=\"application\/ld+json\" class=\"yoast-schema-graph\">{\"@context\":\"https:\/\/schema.org\",\"@graph\":[{\"@type\":\"Article\",\"@id\":\"https:\/\/www.africa-press.net\/tchad\/politique\/un-sabotage-a-lorigine-de-la-panne-dinternet-selon-sudachad#article\",\"isPartOf\":{\"@id\":\"https:\/\/www.africa-press.net\/tchad\/politique\/un-sabotage-a-lorigine-de-la-panne-dinternet-selon-sudachad\"},\"author\":{\"name\":\"cfeditorfr\",\"@id\":\"https:\/\/www.africa-press.net\/tchad\/#\/schema\/person\/2b1cf3cd81a31e3cd26889ca66d677f1\"},\"headline\":\"un \u00ab\u00a0sabotage\u00a0\u00bb \u00e0 l\u2019origine de la panne d\u2019Internet, selon SudaChad\",\"datePublished\":\"2022-08-13T17:29:31+00:00\",\"dateModified\":\"2022-08-13T17:57:53+00:00\",\"mainEntityOfPage\":{\"@id\":\"https:\/\/www.africa-press.net\/tchad\/politique\/un-sabotage-a-lorigine-de-la-panne-dinternet-selon-sudachad\"},\"wordCount\":127,\"commentCount\":0,\"image\":{\"@id\":\"https:\/\/www.africa-press.net\/tchad\/politique\/un-sabotage-a-lorigine-de-la-panne-dinternet-selon-sudachad#primaryimage\"},\"thumbnailUrl\":\"https:\/\/static.africa-press.net\/tchad\/sites\/41\/2022\/08\/postQueueImg_30-62f7e60fe4e48.jpg\",\"keywords\":[\"Africa Press\",\"Africa Press-Tchad\",\"Tchad\"],\"articleSection\":[\"homepage-french\",\"Politique\",\"Toutes les actualit\u00e9s\"],\"inLanguage\":\"fr-FR\",\"potentialAction\":[{\"@type\":\"CommentAction\",\"name\":\"Comment\",\"target\":[\"https:\/\/www.africa-press.net\/tchad\/politique\/un-sabotage-a-lorigine-de-la-panne-dinternet-selon-sudachad#respond\"]}]},{\"@type\":\"WebPage\",\"@id\":\"https:\/\/www.africa-press.net\/tchad\/politique\/un-sabotage-a-lorigine-de-la-panne-dinternet-selon-sudachad\",\"url\":\"https:\/\/www.africa-press.net\/tchad\/politique\/un-sabotage-a-lorigine-de-la-panne-dinternet-selon-sudachad\",\"name\":\"un \\\"sabotage\\\" \u00e0 l\u2019origine de la panne d\u2019Internet, selon SudaChad - tchad\",\"isPartOf\":{\"@id\":\"https:\/\/www.africa-press.net\/tchad\/#website\"},\"primaryImageOfPage\":{\"@id\":\"https:\/\/www.africa-press.net\/tchad\/politique\/un-sabotage-a-lorigine-de-la-panne-dinternet-selon-sudachad#primaryimage\"},\"image\":{\"@id\":\"https:\/\/www.africa-press.net\/tchad\/politique\/un-sabotage-a-lorigine-de-la-panne-dinternet-selon-sudachad#primaryimage\"},\"thumbnailUrl\":\"https:\/\/static.africa-press.net\/tchad\/sites\/41\/2022\/08\/postQueueImg_30-62f7e60fe4e48.jpg\",\"datePublished\":\"2022-08-13T17:29:31+00:00\",\"dateModified\":\"2022-08-13T17:57:53+00:00\",\"author\":{\"@id\":\"https:\/\/www.africa-press.net\/tchad\/#\/schema\/person\/2b1cf3cd81a31e3cd26889ca66d677f1\"},\"description\":\"La soci\u00e9t\u00e9 SudaChad en charge du r\u00e9seau \u00e0 fibre optique a expliqu\u00e9 ce 13 ao\u00fbt l\u2019origine de la panne d\u2019Internet. \u00ab Nous ...\",\"breadcrumb\":{\"@id\":\"https:\/\/www.africa-press.net\/tchad\/politique\/un-sabotage-a-lorigine-de-la-panne-dinternet-selon-sudachad#breadcrumb\"},\"inLanguage\":\"fr-FR\",\"potentialAction\":[{\"@type\":\"ReadAction\",\"target\":[\"https:\/\/www.africa-press.net\/tchad\/politique\/un-sabotage-a-lorigine-de-la-panne-dinternet-selon-sudachad\"]}]},{\"@type\":\"ImageObject\",\"inLanguage\":\"fr-FR\",\"@id\":\"https:\/\/www.africa-press.net\/tchad\/politique\/un-sabotage-a-lorigine-de-la-panne-dinternet-selon-sudachad#primaryimage\",\"url\":\"https:\/\/static.africa-press.net\/tchad\/sites\/41\/2022\/08\/postQueueImg_30-62f7e60fe4e48.jpg\",\"contentUrl\":\"https:\/\/static.africa-press.net\/tchad\/sites\/41\/2022\/08\/postQueueImg_30-62f7e60fe4e48.jpg\",\"width\":959,\"height\":637,\"caption\":\"un \\\"sabotage\\\" \u00e0 l\u2019origine de la panne d\u2019Internet, selon SudaChad\"},{\"@type\":\"BreadcrumbList\",\"@id\":\"https:\/\/www.africa-press.net\/tchad\/politique\/un-sabotage-a-lorigine-de-la-panne-dinternet-selon-sudachad#breadcrumb\",\"itemListElement\":[{\"@type\":\"ListItem\",\"position\":1,\"name\":\"Accueil\",\"item\":\"https:\/\/www.africa-press.net\/tchad\/\"},{\"@type\":\"ListItem\",\"position\":2,\"name\":\"un &#8220;sabotage&#8221; \u00e0 l\u2019origine de la panne d\u2019Internet, selon SudaChad\"}]},{\"@type\":\"WebSite\",\"@id\":\"https:\/\/www.africa-press.net\/tchad\/#website\",\"url\":\"https:\/\/www.africa-press.net\/tchad\/\",\"name\":\"tchad\",\"description\":\"Just another Africa News Agency Sites site\",\"potentialAction\":[{\"@type\":\"SearchAction\",\"target\":{\"@type\":\"EntryPoint\",\"urlTemplate\":\"https:\/\/www.africa-press.net\/tchad\/?s={search_term_string}\"},\"query-input\":{\"@type\":\"PropertyValueSpecification\",\"valueRequired\":true,\"valueName\":\"search_term_string\"}}],\"inLanguage\":\"fr-FR\"},{\"@type\":\"Person\",\"@id\":\"https:\/\/www.africa-press.net\/tchad\/#\/schema\/person\/2b1cf3cd81a31e3cd26889ca66d677f1\",\"name\":\"cfeditorfr\"}]}<\/script>\n<!-- \/ Yoast SEO Premium plugin. -->","yoast_head_json":{"title":"un \"sabotage\" \u00e0 l\u2019origine de la panne d\u2019Internet, selon SudaChad - tchad","description":"La soci\u00e9t\u00e9 SudaChad en charge du r\u00e9seau \u00e0 fibre optique a expliqu\u00e9 ce 13 ao\u00fbt l\u2019origine de la panne d\u2019Internet. \u00ab Nous ...","robots":{"index":"index","follow":"follow","max-snippet":"max-snippet:-1","max-image-preview":"max-image-preview:large","max-video-preview":"max-video-preview:-1"},"canonical":"https:\/\/www.africa-press.net\/tchad\/politique\/un-sabotage-a-lorigine-de-la-panne-dinternet-selon-sudachad","og_locale":"fr_FR","og_type":"article","og_title":"un \"sabotage\" \u00e0 l\u2019origine de la panne d\u2019Internet, selon SudaChad","og_description":"La soci\u00e9t\u00e9 SudaChad en charge du r\u00e9seau \u00e0 fibre optique a expliqu\u00e9 ce 13 ao\u00fbt l\u2019origine de la panne d\u2019Internet. \u00ab Nous ...","og_url":"https:\/\/www.africa-press.net\/tchad\/politique\/un-sabotage-a-lorigine-de-la-panne-dinternet-selon-sudachad","og_site_name":"tchad","article_published_time":"2022-08-13T17:29:31+00:00","article_modified_time":"2022-08-13T17:57:53+00:00","og_image":[{"width":959,"height":637,"url":"https:\/\/static.africa-press.net\/tchad\/sites\/41\/2022\/08\/postQueueImg_30-62f7e60fe4e48.jpg","type":"image\/jpeg"}],"author":"cfeditorfr","twitter_card":"summary_large_image","twitter_misc":{"\u00c9crit par":"cfeditorfr","Dur\u00e9e de lecture estim\u00e9e":"1 minute"},"schema":{"@context":"https:\/\/schema.org","@graph":[{"@type":"Article","@id":"https:\/\/www.africa-press.net\/tchad\/politique\/un-sabotage-a-lorigine-de-la-panne-dinternet-selon-sudachad#article","isPartOf":{"@id":"https:\/\/www.africa-press.net\/tchad\/politique\/un-sabotage-a-lorigine-de-la-panne-dinternet-selon-sudachad"},"author":{"name":"cfeditorfr","@id":"https:\/\/www.africa-press.net\/tchad\/#\/schema\/person\/2b1cf3cd81a31e3cd26889ca66d677f1"},"headline":"un \u00ab\u00a0sabotage\u00a0\u00bb \u00e0 l\u2019origine de la panne d\u2019Internet, selon SudaChad","datePublished":"2022-08-13T17:29:31+00:00","dateModified":"2022-08-13T17:57:53+00:00","mainEntityOfPage":{"@id":"https:\/\/www.africa-press.net\/tchad\/politique\/un-sabotage-a-lorigine-de-la-panne-dinternet-selon-sudachad"},"wordCount":127,"commentCount":0,"image":{"@id":"https:\/\/www.africa-press.net\/tchad\/politique\/un-sabotage-a-lorigine-de-la-panne-dinternet-selon-sudachad#primaryimage"},"thumbnailUrl":"https:\/\/static.africa-press.net\/tchad\/sites\/41\/2022\/08\/postQueueImg_30-62f7e60fe4e48.jpg","keywords":["Africa Press","Africa Press-Tchad","Tchad"],"articleSection":["homepage-french","Politique","Toutes les actualit\u00e9s"],"inLanguage":"fr-FR","potentialAction":[{"@type":"CommentAction","name":"Comment","target":["https:\/\/www.africa-press.net\/tchad\/politique\/un-sabotage-a-lorigine-de-la-panne-dinternet-selon-sudachad#respond"]}]},{"@type":"WebPage","@id":"https:\/\/www.africa-press.net\/tchad\/politique\/un-sabotage-a-lorigine-de-la-panne-dinternet-selon-sudachad","url":"https:\/\/www.africa-press.net\/tchad\/politique\/un-sabotage-a-lorigine-de-la-panne-dinternet-selon-sudachad","name":"un \"sabotage\" \u00e0 l\u2019origine de la panne d\u2019Internet, selon SudaChad - tchad","isPartOf":{"@id":"https:\/\/www.africa-press.net\/tchad\/#website"},"primaryImageOfPage":{"@id":"https:\/\/www.africa-press.net\/tchad\/politique\/un-sabotage-a-lorigine-de-la-panne-dinternet-selon-sudachad#primaryimage"},"image":{"@id":"https:\/\/www.africa-press.net\/tchad\/politique\/un-sabotage-a-lorigine-de-la-panne-dinternet-selon-sudachad#primaryimage"},"thumbnailUrl":"https:\/\/static.africa-press.net\/tchad\/sites\/41\/2022\/08\/postQueueImg_30-62f7e60fe4e48.jpg","datePublished":"2022-08-13T17:29:31+00:00","dateModified":"2022-08-13T17:57:53+00:00","author":{"@id":"https:\/\/www.africa-press.net\/tchad\/#\/schema\/person\/2b1cf3cd81a31e3cd26889ca66d677f1"},"description":"La soci\u00e9t\u00e9 SudaChad en charge du r\u00e9seau \u00e0 fibre optique a expliqu\u00e9 ce 13 ao\u00fbt l\u2019origine de la panne d\u2019Internet. \u00ab Nous ...","breadcrumb":{"@id":"https:\/\/www.africa-press.net\/tchad\/politique\/un-sabotage-a-lorigine-de-la-panne-dinternet-selon-sudachad#breadcrumb"},"inLanguage":"fr-FR","potentialAction":[{"@type":"ReadAction","target":["https:\/\/www.africa-press.net\/tchad\/politique\/un-sabotage-a-lorigine-de-la-panne-dinternet-selon-sudachad"]}]},{"@type":"ImageObject","inLanguage":"fr-FR","@id":"https:\/\/www.africa-press.net\/tchad\/politique\/un-sabotage-a-lorigine-de-la-panne-dinternet-selon-sudachad#primaryimage","url":"https:\/\/static.africa-press.net\/tchad\/sites\/41\/2022\/08\/postQueueImg_30-62f7e60fe4e48.jpg","contentUrl":"https:\/\/static.africa-press.net\/tchad\/sites\/41\/2022\/08\/postQueueImg_30-62f7e60fe4e48.jpg","width":959,"height":637,"caption":"un \"sabotage\" \u00e0 l\u2019origine de la panne d\u2019Internet, selon SudaChad"},{"@type":"BreadcrumbList","@id":"https:\/\/www.africa-press.net\/tchad\/politique\/un-sabotage-a-lorigine-de-la-panne-dinternet-selon-sudachad#breadcrumb","itemListElement":[{"@type":"ListItem","position":1,"name":"Accueil","item":"https:\/\/www.africa-press.net\/tchad\/"},{"@type":"ListItem","position":2,"name":"un &#8220;sabotage&#8221; \u00e0 l\u2019origine de la panne d\u2019Internet, selon SudaChad"}]},{"@type":"WebSite","@id":"https:\/\/www.africa-press.net\/tchad\/#website","url":"https:\/\/www.africa-press.net\/tchad\/","name":"tchad","description":"Just another Africa News Agency Sites site","potentialAction":[{"@type":"SearchAction","target":{"@type":"EntryPoint","urlTemplate":"https:\/\/www.africa-press.net\/tchad\/?s={search_term_string}"},"query-input":{"@type":"PropertyValueSpecification","valueRequired":true,"valueName":"search_term_string"}}],"inLanguage":"fr-FR"},{"@type":"Person","@id":"https:\/\/www.africa-press.net\/tchad\/#\/schema\/person\/2b1cf3cd81a31e3cd26889ca66d677f1","name":"cfeditorfr"}]}},"_links":{"self":[{"href":"https:\/\/www.africa-press.net\/tchad\/wp-json\/wp\/v2\/posts\/30527","targetHints":{"allow":["GET"]}}],"collection":[{"href":"https:\/\/www.africa-press.net\/tchad\/wp-json\/wp\/v2\/posts"}],"about":[{"href":"https:\/\/www.africa-press.net\/tchad\/wp-json\/wp\/v2\/types\/post"}],"author":[{"embeddable":true,"href":"https:\/\/www.africa-press.net\/tchad\/wp-json\/wp\/v2\/users\/82"}],"replies":[{"embeddable":true,"href":"https:\/\/www.africa-press.net\/tchad\/wp-json\/wp\/v2\/comments?post=30527"}],"version-history":[{"count":0,"href":"https:\/\/www.africa-press.net\/tchad\/wp-json\/wp\/v2\/posts\/30527\/revisions"}],"wp:featuredmedia":[{"embeddable":true,"href":"https:\/\/www.africa-press.net\/tchad\/wp-json\/wp\/v2\/media\/30526"}],"wp:attachment":[{"href":"https:\/\/www.africa-press.net\/tchad\/wp-json\/wp\/v2\/media?parent=30527"}],"wp:term":[{"taxonomy":"category","embeddable":true,"href":"https:\/\/www.africa-press.net\/tchad\/wp-json\/wp\/v2\/categories?post=30527"},{"taxonomy":"post_tag","embeddable":true,"href":"https:\/\/www.africa-press.net\/tchad\/wp-json\/wp\/v2\/tags?post=30527"}],"curies":[{"name":"wp","href":"https:\/\/api.w.org\/{rel}","templated":true}]}}