{"id":30547,"date":"2022-08-14T18:15:08","date_gmt":"2022-08-14T18:15:08","guid":{"rendered":"https:\/\/www.africa-press.net\/tchad\/politique\/etats-unis-quand-washington-repart-a-la-conquete-du-continent"},"modified":"2022-08-14T18:20:39","modified_gmt":"2022-08-14T18:20:39","slug":"etats-unis-quand-washington-repart-a-la-conquete-du-continent","status":"publish","type":"post","link":"https:\/\/www.africa-press.net\/tchad\/dossiers\/etats-unis-quand-washington-repart-a-la-conquete-du-continent","title":{"rendered":"\u00c9tats-Unis : quand Washington repart \u00e0 la conqu\u00eate du continent"},"content":{"rendered":"<p><span style=\"color: #ff6600\"><strong>Africa-Press &#8211; Tchad. <\/strong><\/span>Durant quatre ans, l\u2019Afrique a \u00e9t\u00e9 le cadet des soucis du pr\u00e9sident am\u00e9ricain. Entre son d\u00e9sengagement militaire et ses d\u00e9clarations humiliantes, Donald Trump s\u2019en est tenu \u00e0 son slogan : \u00ab America first \u00bb, et qu\u2019importe le reste du monde.<\/p>\n<p>Changement de style, de ligne, et d\u00e9sormais de politique. Avec l\u2019arriv\u00e9e de Joe Biden \u00e0 la Maison Blanche en 2021, l\u2019administration am\u00e9ricaine tente de renforcer son influence sur le continent africain. Pour preuve, la visite d\u00e9but ao\u00fbt d\u2019Antony Blinken \u2013 la premi\u00e8re du secr\u00e9taire d\u2019\u00c9tat am\u00e9ricain sur le continent \u2013 en Afrique du Sud, en R\u00e9publique d\u00e9mocratique du Congo et au Rwanda.<\/p>\n<p><b>\u00ab Soft power \u00bb<\/b><\/p>\n<p>Port\u00e9e sur les int\u00e9r\u00eats \u00e9conomiques comme sur les enjeux politiques, cette visite avait pour but de relancer le \u00ab soft power \u00bb am\u00e9ricain autant que de s\u2019emparer des dossiers qui comptent parmi les plus difficiles. Antony Blinken a ainsi d\u00e9plor\u00e9 \u00ab les rapports faisant \u00e9tat de soutien de la RDC aux FDLR, comme de ceux faisant \u00e9tat du soutien du Rwanda au M23 \u00bb, appelant \u00e0 ce que ces soutiens cessent de part et d\u2019autre.<\/p>\n<p>Cette visite intervient alors que les \u00c9tats-Unis viennent d\u2019annoncer la tenue d\u2019un sommet avec les dirigeants africains, qui se tiendra du 13 au 15 d\u00e9cembre \u00e0 Washington. Joe Biden, \u00e2g\u00e9 de 79 ans, a rendu visite aux alli\u00e9s des \u00c9tats-Unis en Europe, en Asie et au Moyen-Orient au cours des dix-huit premiers mois de son mandat, mais pas en l\u2019Afrique, de sorte que le sommet marquera son engagement le plus significatif avec le continent \u00e0 ce jour.<br \/>\n\u00ab Le pr\u00e9sident Biden est convaincu que la collaboration des \u00c9tats-Unis avec les dirigeants africains ainsi qu\u2019avec la soci\u00e9t\u00e9 civile, les entreprises, la diaspora et les jeunes est essentielle pour relever les d\u00e9fis communs et saisir les opportunit\u00e9s \u00bb, d\u00e9clare un porte-parole du Conseil national de s\u00e9curit\u00e9, concernant notamment l\u2019augmentation de la production alimentaire durable, la lutte contre la pand\u00e9mie de Covid-19, la r\u00e9ponse \u00e0 la crise climatique, la construction d\u2019une \u00e9conomie mondiale forte et inclusive, la fourniture d\u2019une aide humanitaire vitale et le renforcement des institutions et de l\u2019\u00c9tat de droit.<\/p>\n<p>L\u2019objectif principal du sommet est de positionner les \u00c9tats-Unis comme le partenaire naturel d\u2019une Afrique jeune et d\u00e9mocratique. \u00ab Ce sommet d\u00e9montrera l\u2019engagement durable de l\u2019Am\u00e9rique envers nos partenaires africains, et il sera fond\u00e9 sur des principes de respect mutuel et de partage des int\u00e9r\u00eats et des valeurs \u00bb, a d\u00e9clar\u00e9 la vice-pr\u00e9sidente, Kamala Harris. \u00ab Un \u00e9l\u00e9ment essentiel de ce sommet sera le renforcement de nos relations \u00e9conomiques. \u00bb L\u2019administration am\u00e9ricaine reconna\u00eet implicitement qu\u2019en Afrique, elle a pris un important retard par rapport \u00e0 d\u2019autres puissances mondiales.<\/p>\n<p>Perte de terrain<br \/>\nC\u2019est Barack Obama qui, le premier, a organis\u00e9 un sommet des dirigeants am\u00e9ricano-africains, en ao\u00fbt 2014, avec l\u2019intention d\u00e9clar\u00e9e de \u00ab contribuer \u00e0 lancer un nouveau chapitre dans les relations am\u00e9ricano-africaines. \u00bb Immens\u00e9ment populaire sur le continent, le premier pr\u00e9sident noir des \u00c9tats-Unis avait accueilli pr\u00e8s de 50 chefs d\u2019\u00c9tat pour un \u00e9v\u00e9nement historique de trois jours visant \u00e0 \u00ab envoyer le signal tr\u00e8s clair que nous renfor\u00e7ons notre engagement avec l\u2019Afrique. \u00bb<\/p>\n<p>Huit ans plus tard, les \u00c9tats-Unis n\u2019ont fait que perdre du terrain face \u00e0 leurs concurrents en Afrique. La Chine est le premier partenaire commercial du continent depuis 2009.<\/p>\n<p>Moscou a \u00e9galement fait des perc\u00e9es, les mercenaires du groupe Wagner, soutenus par le Kremlin, op\u00e9rant d\u00e9sormais dans pas moins de dix-huit pays africains, selon le Centre d\u2019\u00e9tudes strat\u00e9giques et internationales de Washington. La diplomatie russe est \u00e9galement mobilis\u00e9e, le ministre des Affaires \u00e9trang\u00e8res, Sergue\u00ef Lavrov, ayant effectu\u00e9 en juillet une tourn\u00e9e en \u00c9gypte, en R\u00e9publique du Congo, en Ouganda et en \u00c9thiopie.<\/p>\n<p>D\u2019ici \u00e0 l\u2019\u00e9v\u00e9nement am\u00e9ricain de d\u00e9cembre 2022, l\u2019Union europ\u00e9enne, le Royaume-Uni, la Turquie, l\u2019Inde et le Japon auront tous tenu leur sommet. La Russie devrait tenir son deuxi\u00e8me sommet africain au milieu de l\u2019ann\u00e9e prochaine, tandis que la Chine a organis\u00e9 son quatri\u00e8me Forum triennal sur la coop\u00e9ration sino-africaine (FOCAC) au S\u00e9n\u00e9gal en novembre 2021.<\/p>\n<p>\u00ab Honn\u00eatement, je pense que la d\u00e9cision d\u2019organiser \u00e0 nouveau un sommet des chefs d\u2019\u00c9tat tient en partie au fait que tout le monde le fait \u00bb, d\u00e9clare Tibor Nagy, ancien secr\u00e9taire d\u2019\u00c9tat adjoint aux affaires africaines, aujourd\u2019hui vice doyen pour les affaires internationales \u00e0 la Texas Tech University. L\u2019objectif de l\u2019administration Biden, dit-il, est que les sommets soient \u00ab le fondement de l\u2019attention que l\u2019Am\u00e9rique porte non seulement \u00e0 l\u2019Afrique, mais aussi aux Africains \u00bb.<\/p>\n<p>Trump et les \u00ab pays de merde \u00bb<br \/>\nObama a partag\u00e9 des pens\u00e9es similaires en 2014 lorsqu\u2019il a d\u00e9crit le sommet comme un \u00ab m\u00e9canisme de mise en oeuvre des d\u00e9cisions et des actions \u00bb pour une bureaucratie am\u00e9ricaine qui a longtemps n\u00e9glig\u00e9 l\u2019Afrique par rapport aux autres r\u00e9gions du monde.<\/p>\n<p>\u00ab Nous avons convenu que le sommet des dirigeants am\u00e9ricains et africains sera un \u00e9v\u00e9nement r\u00e9current pour nous tenir responsables de nos engagements et pour soutenir notre \u00e9lan \u00bb, a d\u00e9clar\u00e9 Obama lors d\u2019une conf\u00e9rence de presse apr\u00e8s le sommet. \u00ab Et j\u2019encouragerai vivement mon successeur \u00e0 poursuivre ce travail, car l\u2019Afrique doit savoir qu\u2019elle aura toujours un partenaire solide et fiable en la personne des \u00c9tats-Unis d\u2019Am\u00e9rique. \u00bb Cependant, il n\u2019en a rien \u00e9t\u00e9.<\/p>\n<p>Les relations avec l\u2019Afrique se sont distendues sous la pr\u00e9sidence de Donald Trump, qui n\u2019a pas mis une seule fois les pieds sur le continent et en a irrit\u00e9 plus d\u2019un avec ses remarques sur les \u00ab pays de merde \u00bb.<\/p>\n<p>\u00ab L\u2019id\u00e9e \u00e9tait de renforcer les relations avec l\u2019Afrique. Mais la politique s\u2019en est m\u00eal\u00e9e, les \u00e9lections aussi, et l\u2019administration qui a suivi celle d\u2019Obama a eu, disons, un int\u00e9r\u00eat diplomatique tr\u00e8s limit\u00e9 pour l\u2019Afrique \u00bb, explique Stephen Nolan, ancien ambassadeur au Botswana, qui est l\u2019un des trois anciens fonctionnaires du d\u00e9partement d\u2019\u00c9tat sortis de leur retraite pour aider \u00e0 organiser le sommet d\u2019Obama. \u00ab C\u2019est donc une bonne chose de voir l\u2019Afrique revenir en pleine lumi\u00e8re aux \u00c9tats-Unis plut\u00f4t que de rester dans les coulisses diplomatiques. \u00bb<\/p>\n<p>Face \u00e0 face avec P\u00e9kin et Moscou<br \/>\nL\u2019administration Biden tient \u00e0 ne pas prendre l\u2019Afrique pour acquise dans sa rivalit\u00e9 avec la Chine, affirme Cameron Hudson, un ancien fonctionnaire de la Maison Blanche aujourd\u2019hui au CSIS. Beaucoup de gens sur le continent, dit-il, \u00ab n\u2019ont pas appr\u00e9ci\u00e9 \u00bb le discours sur la politique africaine que le conseiller \u00e0 la s\u00e9curit\u00e9 nationale de Trump, John Bolton, a prononc\u00e9 \u00e0 la conservatrice Heritage Foundation en 2018 sur la pr\u00e9tendue \u00ab utilisation strat\u00e9gique de la dette par la Chine pour tenir les \u00c9tats d\u2019Afrique captifs des souhaits et des exigences de P\u00e9kin \u00bb.<\/p>\n<p>En revanche, les responsables de l\u2019administration Biden insistent sur le fait que \u00ab nous ne demandons pas \u00e0 nos partenaires africains de choisir \u00bb entre les \u00c9tats-Unis et la Chine. L\u2019ordre g\u00e9opolitique a cependant radicalement chang\u00e9 au cours des quinze derniers mois.<\/p>\n<p>La Chine n\u2019a fait qu\u2019approfondir ses relations avec le continent, le commerce bilat\u00e9ral ayant bondi de 35 % en 2021 pour atteindre un sommet de 254 milliards de dollars (pr\u00e8s de 225 milliards d\u2019euros).<\/p>\n<p>Pendant ce temps, la guerre en Ukraine accentue l\u2019\u00e9preuve de force avec la Russie en Afrique, les \u00c9tats-Unis envoyant tout le monde sur le continent, de l\u2019administratrice de l\u2019Agence am\u00e9ricaine pour le d\u00e9veloppement international (USAID), Samantha Power, \u00e0 l\u2019ambassadrice aupr\u00e8s des Nations unies, Linda Thomas-Greenfield, pour consid\u00e9rer Moscou responsable de la flamb\u00e9e des prix des denr\u00e9es alimentaires et tenter de convaincre les Africains de condamner l\u2019invasion.<\/p>\n<p>\u00ab Que l\u2019on parle de guerre froide ou de concurrence strat\u00e9gique, les faits sur le terrain ont vraiment chang\u00e9 depuis que l\u2019id\u00e9e de ce sommet a vu le jour, au tout d\u00e9but de l\u2019administration Biden, dit Hudson. La r\u00e9ponse du gouvernement am\u00e9ricain est de souligner quelles sont nos valeurs, de faire la diff\u00e9rence entre [les \u00c9tats-Unis] d\u2019une part et les Russes et les Chinois de l\u2019autre. \u00bb<\/p>\n<p><strong>Pour plus d&rsquo;informations et d&rsquo;analyses sur la <a href=\"https:\/\/www.africa-press.net\/tchad\">Tchad<\/a>, suivez <a href=\"https:\/\/www.africa-press.net\/\">Africa-Press<\/a><\/strong><\/p>\n","protected":false},"excerpt":{"rendered":"<p>Africa-Press &#8211; Tchad. Durant quatre ans, l\u2019Afrique a \u00e9t\u00e9 le cadet des soucis du pr\u00e9sident am\u00e9ricain. Entre son d\u00e9sengagement militaire et ses d\u00e9clarations humiliantes, Donald Trump s\u2019en est tenu \u00e0 son slogan : \u00ab America first \u00bb, et qu\u2019importe le reste du monde. Changement de style, de ligne, et d\u00e9sormais de politique. Avec l\u2019arriv\u00e9e de [&hellip;]<\/p>\n","protected":false},"author":82,"featured_media":30546,"comment_status":"open","ping_status":"closed","sticky":false,"template":"","format":"standard","meta":{"footnotes":""},"categories":[7,11,10],"tags":[37,292,29],"class_list":["post-30547","post","type-post","status-publish","format-standard","has-post-thumbnail","hentry","category-dossiers","category-homepage-french","category-toutes-les-actualites","tag-africa-press","tag-africa-press-tchad","tag-tchad"],"yoast_head":"<!-- This site is optimized with the Yoast SEO Premium plugin v26.1 (Yoast SEO v27.0) - https:\/\/yoast.com\/product\/yoast-seo-premium-wordpress\/ -->\n<title>\u00c9tats-Unis : quand Washington repart \u00e0 la conqu\u00eate du continent - tchad<\/title>\n<meta name=\"description\" content=\"Durant quatre ans, l\u2019Afrique a \u00e9t\u00e9 le cadet des soucis du pr\u00e9sident am\u00e9ricain. Entre son d\u00e9sengagement militaire et ses ...\" \/>\n<meta name=\"robots\" content=\"index, follow, max-snippet:-1, max-image-preview:large, max-video-preview:-1\" \/>\n<link rel=\"canonical\" href=\"https:\/\/www.africa-press.net\/tchad\/dossiers\/etats-unis-quand-washington-repart-a-la-conquete-du-continent\" \/>\n<meta property=\"og:locale\" content=\"fr_FR\" \/>\n<meta property=\"og:type\" content=\"article\" \/>\n<meta property=\"og:title\" content=\"\u00c9tats-Unis : quand Washington repart \u00e0 la conqu\u00eate du continent\" \/>\n<meta property=\"og:description\" content=\"Durant quatre ans, l\u2019Afrique a \u00e9t\u00e9 le cadet des soucis du pr\u00e9sident am\u00e9ricain. Entre son d\u00e9sengagement militaire et ses ...\" \/>\n<meta property=\"og:url\" content=\"https:\/\/www.africa-press.net\/tchad\/dossiers\/etats-unis-quand-washington-repart-a-la-conquete-du-continent\" \/>\n<meta property=\"og:site_name\" content=\"tchad\" \/>\n<meta property=\"article:published_time\" content=\"2022-08-14T18:15:08+00:00\" \/>\n<meta property=\"article:modified_time\" content=\"2022-08-14T18:20:39+00:00\" \/>\n<meta property=\"og:image\" content=\"https:\/\/static.africa-press.net\/tchad\/sites\/41\/2022\/08\/postQueueImg_1-62f93cd2874db.jpg\" \/>\n\t<meta property=\"og:image:width\" content=\"1256\" \/>\n\t<meta property=\"og:image:height\" content=\"628\" \/>\n\t<meta property=\"og:image:type\" content=\"image\/jpeg\" \/>\n<meta name=\"author\" content=\"cfeditorfr\" \/>\n<meta name=\"twitter:card\" content=\"summary_large_image\" \/>\n<meta name=\"twitter:label1\" content=\"\u00c9crit par\" \/>\n\t<meta name=\"twitter:data1\" content=\"cfeditorfr\" \/>\n\t<meta name=\"twitter:label2\" content=\"Dur\u00e9e de lecture estim\u00e9e\" \/>\n\t<meta name=\"twitter:data2\" content=\"7 minutes\" \/>\n<script type=\"application\/ld+json\" class=\"yoast-schema-graph\">{\"@context\":\"https:\/\/schema.org\",\"@graph\":[{\"@type\":\"Article\",\"@id\":\"https:\/\/www.africa-press.net\/tchad\/dossiers\/etats-unis-quand-washington-repart-a-la-conquete-du-continent#article\",\"isPartOf\":{\"@id\":\"https:\/\/www.africa-press.net\/tchad\/dossiers\/etats-unis-quand-washington-repart-a-la-conquete-du-continent\"},\"author\":{\"name\":\"cfeditorfr\",\"@id\":\"https:\/\/www.africa-press.net\/tchad\/#\/schema\/person\/2b1cf3cd81a31e3cd26889ca66d677f1\"},\"headline\":\"\u00c9tats-Unis : quand Washington repart \u00e0 la conqu\u00eate du continent\",\"datePublished\":\"2022-08-14T18:15:08+00:00\",\"dateModified\":\"2022-08-14T18:20:39+00:00\",\"mainEntityOfPage\":{\"@id\":\"https:\/\/www.africa-press.net\/tchad\/dossiers\/etats-unis-quand-washington-repart-a-la-conquete-du-continent\"},\"wordCount\":1444,\"commentCount\":0,\"image\":{\"@id\":\"https:\/\/www.africa-press.net\/tchad\/dossiers\/etats-unis-quand-washington-repart-a-la-conquete-du-continent#primaryimage\"},\"thumbnailUrl\":\"https:\/\/static.africa-press.net\/tchad\/sites\/41\/2022\/08\/postQueueImg_1-62f93cd2874db.jpg\",\"keywords\":[\"Africa Press\",\"Africa Press-Tchad\",\"Tchad\"],\"articleSection\":[\"Dossiers\",\"homepage-french\",\"Toutes les actualit\u00e9s\"],\"inLanguage\":\"fr-FR\",\"potentialAction\":[{\"@type\":\"CommentAction\",\"name\":\"Comment\",\"target\":[\"https:\/\/www.africa-press.net\/tchad\/dossiers\/etats-unis-quand-washington-repart-a-la-conquete-du-continent#respond\"]}]},{\"@type\":\"WebPage\",\"@id\":\"https:\/\/www.africa-press.net\/tchad\/dossiers\/etats-unis-quand-washington-repart-a-la-conquete-du-continent\",\"url\":\"https:\/\/www.africa-press.net\/tchad\/dossiers\/etats-unis-quand-washington-repart-a-la-conquete-du-continent\",\"name\":\"\u00c9tats-Unis : quand Washington repart \u00e0 la conqu\u00eate du continent - tchad\",\"isPartOf\":{\"@id\":\"https:\/\/www.africa-press.net\/tchad\/#website\"},\"primaryImageOfPage\":{\"@id\":\"https:\/\/www.africa-press.net\/tchad\/dossiers\/etats-unis-quand-washington-repart-a-la-conquete-du-continent#primaryimage\"},\"image\":{\"@id\":\"https:\/\/www.africa-press.net\/tchad\/dossiers\/etats-unis-quand-washington-repart-a-la-conquete-du-continent#primaryimage\"},\"thumbnailUrl\":\"https:\/\/static.africa-press.net\/tchad\/sites\/41\/2022\/08\/postQueueImg_1-62f93cd2874db.jpg\",\"datePublished\":\"2022-08-14T18:15:08+00:00\",\"dateModified\":\"2022-08-14T18:20:39+00:00\",\"author\":{\"@id\":\"https:\/\/www.africa-press.net\/tchad\/#\/schema\/person\/2b1cf3cd81a31e3cd26889ca66d677f1\"},\"description\":\"Durant quatre ans, l\u2019Afrique a \u00e9t\u00e9 le cadet des soucis du pr\u00e9sident am\u00e9ricain. Entre son d\u00e9sengagement militaire et ses ...\",\"breadcrumb\":{\"@id\":\"https:\/\/www.africa-press.net\/tchad\/dossiers\/etats-unis-quand-washington-repart-a-la-conquete-du-continent#breadcrumb\"},\"inLanguage\":\"fr-FR\",\"potentialAction\":[{\"@type\":\"ReadAction\",\"target\":[\"https:\/\/www.africa-press.net\/tchad\/dossiers\/etats-unis-quand-washington-repart-a-la-conquete-du-continent\"]}]},{\"@type\":\"ImageObject\",\"inLanguage\":\"fr-FR\",\"@id\":\"https:\/\/www.africa-press.net\/tchad\/dossiers\/etats-unis-quand-washington-repart-a-la-conquete-du-continent#primaryimage\",\"url\":\"https:\/\/static.africa-press.net\/tchad\/sites\/41\/2022\/08\/postQueueImg_1-62f93cd2874db.jpg\",\"contentUrl\":\"https:\/\/static.africa-press.net\/tchad\/sites\/41\/2022\/08\/postQueueImg_1-62f93cd2874db.jpg\",\"width\":1256,\"height\":628,\"caption\":\"\u00c9tats-Unis : quand Washington repart \u00e0 la conqu\u00eate du continent\"},{\"@type\":\"BreadcrumbList\",\"@id\":\"https:\/\/www.africa-press.net\/tchad\/dossiers\/etats-unis-quand-washington-repart-a-la-conquete-du-continent#breadcrumb\",\"itemListElement\":[{\"@type\":\"ListItem\",\"position\":1,\"name\":\"Accueil\",\"item\":\"https:\/\/www.africa-press.net\/tchad\/\"},{\"@type\":\"ListItem\",\"position\":2,\"name\":\"\u00c9tats-Unis : quand Washington repart \u00e0 la conqu\u00eate du continent\"}]},{\"@type\":\"WebSite\",\"@id\":\"https:\/\/www.africa-press.net\/tchad\/#website\",\"url\":\"https:\/\/www.africa-press.net\/tchad\/\",\"name\":\"tchad\",\"description\":\"Just another Africa News Agency Sites site\",\"potentialAction\":[{\"@type\":\"SearchAction\",\"target\":{\"@type\":\"EntryPoint\",\"urlTemplate\":\"https:\/\/www.africa-press.net\/tchad\/?s={search_term_string}\"},\"query-input\":{\"@type\":\"PropertyValueSpecification\",\"valueRequired\":true,\"valueName\":\"search_term_string\"}}],\"inLanguage\":\"fr-FR\"},{\"@type\":\"Person\",\"@id\":\"https:\/\/www.africa-press.net\/tchad\/#\/schema\/person\/2b1cf3cd81a31e3cd26889ca66d677f1\",\"name\":\"cfeditorfr\"}]}<\/script>\n<!-- \/ Yoast SEO Premium plugin. -->","yoast_head_json":{"title":"\u00c9tats-Unis : quand Washington repart \u00e0 la conqu\u00eate du continent - tchad","description":"Durant quatre ans, l\u2019Afrique a \u00e9t\u00e9 le cadet des soucis du pr\u00e9sident am\u00e9ricain. Entre son d\u00e9sengagement militaire et ses ...","robots":{"index":"index","follow":"follow","max-snippet":"max-snippet:-1","max-image-preview":"max-image-preview:large","max-video-preview":"max-video-preview:-1"},"canonical":"https:\/\/www.africa-press.net\/tchad\/dossiers\/etats-unis-quand-washington-repart-a-la-conquete-du-continent","og_locale":"fr_FR","og_type":"article","og_title":"\u00c9tats-Unis : quand Washington repart \u00e0 la conqu\u00eate du continent","og_description":"Durant quatre ans, l\u2019Afrique a \u00e9t\u00e9 le cadet des soucis du pr\u00e9sident am\u00e9ricain. Entre son d\u00e9sengagement militaire et ses ...","og_url":"https:\/\/www.africa-press.net\/tchad\/dossiers\/etats-unis-quand-washington-repart-a-la-conquete-du-continent","og_site_name":"tchad","article_published_time":"2022-08-14T18:15:08+00:00","article_modified_time":"2022-08-14T18:20:39+00:00","og_image":[{"width":1256,"height":628,"url":"https:\/\/static.africa-press.net\/tchad\/sites\/41\/2022\/08\/postQueueImg_1-62f93cd2874db.jpg","type":"image\/jpeg"}],"author":"cfeditorfr","twitter_card":"summary_large_image","twitter_misc":{"\u00c9crit par":"cfeditorfr","Dur\u00e9e de lecture estim\u00e9e":"7 minutes"},"schema":{"@context":"https:\/\/schema.org","@graph":[{"@type":"Article","@id":"https:\/\/www.africa-press.net\/tchad\/dossiers\/etats-unis-quand-washington-repart-a-la-conquete-du-continent#article","isPartOf":{"@id":"https:\/\/www.africa-press.net\/tchad\/dossiers\/etats-unis-quand-washington-repart-a-la-conquete-du-continent"},"author":{"name":"cfeditorfr","@id":"https:\/\/www.africa-press.net\/tchad\/#\/schema\/person\/2b1cf3cd81a31e3cd26889ca66d677f1"},"headline":"\u00c9tats-Unis : quand Washington repart \u00e0 la conqu\u00eate du continent","datePublished":"2022-08-14T18:15:08+00:00","dateModified":"2022-08-14T18:20:39+00:00","mainEntityOfPage":{"@id":"https:\/\/www.africa-press.net\/tchad\/dossiers\/etats-unis-quand-washington-repart-a-la-conquete-du-continent"},"wordCount":1444,"commentCount":0,"image":{"@id":"https:\/\/www.africa-press.net\/tchad\/dossiers\/etats-unis-quand-washington-repart-a-la-conquete-du-continent#primaryimage"},"thumbnailUrl":"https:\/\/static.africa-press.net\/tchad\/sites\/41\/2022\/08\/postQueueImg_1-62f93cd2874db.jpg","keywords":["Africa Press","Africa Press-Tchad","Tchad"],"articleSection":["Dossiers","homepage-french","Toutes les actualit\u00e9s"],"inLanguage":"fr-FR","potentialAction":[{"@type":"CommentAction","name":"Comment","target":["https:\/\/www.africa-press.net\/tchad\/dossiers\/etats-unis-quand-washington-repart-a-la-conquete-du-continent#respond"]}]},{"@type":"WebPage","@id":"https:\/\/www.africa-press.net\/tchad\/dossiers\/etats-unis-quand-washington-repart-a-la-conquete-du-continent","url":"https:\/\/www.africa-press.net\/tchad\/dossiers\/etats-unis-quand-washington-repart-a-la-conquete-du-continent","name":"\u00c9tats-Unis : quand Washington repart \u00e0 la conqu\u00eate du continent - tchad","isPartOf":{"@id":"https:\/\/www.africa-press.net\/tchad\/#website"},"primaryImageOfPage":{"@id":"https:\/\/www.africa-press.net\/tchad\/dossiers\/etats-unis-quand-washington-repart-a-la-conquete-du-continent#primaryimage"},"image":{"@id":"https:\/\/www.africa-press.net\/tchad\/dossiers\/etats-unis-quand-washington-repart-a-la-conquete-du-continent#primaryimage"},"thumbnailUrl":"https:\/\/static.africa-press.net\/tchad\/sites\/41\/2022\/08\/postQueueImg_1-62f93cd2874db.jpg","datePublished":"2022-08-14T18:15:08+00:00","dateModified":"2022-08-14T18:20:39+00:00","author":{"@id":"https:\/\/www.africa-press.net\/tchad\/#\/schema\/person\/2b1cf3cd81a31e3cd26889ca66d677f1"},"description":"Durant quatre ans, l\u2019Afrique a \u00e9t\u00e9 le cadet des soucis du pr\u00e9sident am\u00e9ricain. Entre son d\u00e9sengagement militaire et ses ...","breadcrumb":{"@id":"https:\/\/www.africa-press.net\/tchad\/dossiers\/etats-unis-quand-washington-repart-a-la-conquete-du-continent#breadcrumb"},"inLanguage":"fr-FR","potentialAction":[{"@type":"ReadAction","target":["https:\/\/www.africa-press.net\/tchad\/dossiers\/etats-unis-quand-washington-repart-a-la-conquete-du-continent"]}]},{"@type":"ImageObject","inLanguage":"fr-FR","@id":"https:\/\/www.africa-press.net\/tchad\/dossiers\/etats-unis-quand-washington-repart-a-la-conquete-du-continent#primaryimage","url":"https:\/\/static.africa-press.net\/tchad\/sites\/41\/2022\/08\/postQueueImg_1-62f93cd2874db.jpg","contentUrl":"https:\/\/static.africa-press.net\/tchad\/sites\/41\/2022\/08\/postQueueImg_1-62f93cd2874db.jpg","width":1256,"height":628,"caption":"\u00c9tats-Unis : quand Washington repart \u00e0 la conqu\u00eate du continent"},{"@type":"BreadcrumbList","@id":"https:\/\/www.africa-press.net\/tchad\/dossiers\/etats-unis-quand-washington-repart-a-la-conquete-du-continent#breadcrumb","itemListElement":[{"@type":"ListItem","position":1,"name":"Accueil","item":"https:\/\/www.africa-press.net\/tchad\/"},{"@type":"ListItem","position":2,"name":"\u00c9tats-Unis : quand Washington repart \u00e0 la conqu\u00eate du continent"}]},{"@type":"WebSite","@id":"https:\/\/www.africa-press.net\/tchad\/#website","url":"https:\/\/www.africa-press.net\/tchad\/","name":"tchad","description":"Just another Africa News Agency Sites site","potentialAction":[{"@type":"SearchAction","target":{"@type":"EntryPoint","urlTemplate":"https:\/\/www.africa-press.net\/tchad\/?s={search_term_string}"},"query-input":{"@type":"PropertyValueSpecification","valueRequired":true,"valueName":"search_term_string"}}],"inLanguage":"fr-FR"},{"@type":"Person","@id":"https:\/\/www.africa-press.net\/tchad\/#\/schema\/person\/2b1cf3cd81a31e3cd26889ca66d677f1","name":"cfeditorfr"}]}},"_links":{"self":[{"href":"https:\/\/www.africa-press.net\/tchad\/wp-json\/wp\/v2\/posts\/30547","targetHints":{"allow":["GET"]}}],"collection":[{"href":"https:\/\/www.africa-press.net\/tchad\/wp-json\/wp\/v2\/posts"}],"about":[{"href":"https:\/\/www.africa-press.net\/tchad\/wp-json\/wp\/v2\/types\/post"}],"author":[{"embeddable":true,"href":"https:\/\/www.africa-press.net\/tchad\/wp-json\/wp\/v2\/users\/82"}],"replies":[{"embeddable":true,"href":"https:\/\/www.africa-press.net\/tchad\/wp-json\/wp\/v2\/comments?post=30547"}],"version-history":[{"count":0,"href":"https:\/\/www.africa-press.net\/tchad\/wp-json\/wp\/v2\/posts\/30547\/revisions"}],"wp:featuredmedia":[{"embeddable":true,"href":"https:\/\/www.africa-press.net\/tchad\/wp-json\/wp\/v2\/media\/30546"}],"wp:attachment":[{"href":"https:\/\/www.africa-press.net\/tchad\/wp-json\/wp\/v2\/media?parent=30547"}],"wp:term":[{"taxonomy":"category","embeddable":true,"href":"https:\/\/www.africa-press.net\/tchad\/wp-json\/wp\/v2\/categories?post=30547"},{"taxonomy":"post_tag","embeddable":true,"href":"https:\/\/www.africa-press.net\/tchad\/wp-json\/wp\/v2\/tags?post=30547"}],"curies":[{"name":"wp","href":"https:\/\/api.w.org\/{rel}","templated":true}]}}