{"id":30550,"date":"2022-08-14T17:43:16","date_gmt":"2022-08-14T17:43:16","guid":{"rendered":"https:\/\/www.africa-press.net\/tchad\/politique\/gabon-tchad-ali-bongo-et-mahamat-idriss-deby-se-sont-entretenus-a-libreville"},"modified":"2022-08-14T18:21:08","modified_gmt":"2022-08-14T18:21:08","slug":"gabon-tchad-ali-bongo-et-mahamat-idriss-deby-se-sont-entretenus-a-libreville","status":"publish","type":"post","link":"https:\/\/www.africa-press.net\/tchad\/politique\/gabon-tchad-ali-bongo-et-mahamat-idriss-deby-se-sont-entretenus-a-libreville","title":{"rendered":"Gabon-Tchad : Ali Bongo et Mahamat Idriss Deby se sont entretenus \u00e0 Libreville"},"content":{"rendered":"<p><span style=\"color: #ff6600\"><strong>Africa-Press &#8211; Tchad. <\/strong><\/span><b>\u00ab\u00a0Nous sommes d\u00e9termin\u00e9s \u00e0 renforcer les relations diplomatiques et multiformes entre nos deux pays\u00a0\u00bb<\/b>, a affirm\u00e9 Ali Bongo.<\/p>\n<p><b>\u00ab\u00a0Le Tchad peut en outre compter sur le Gabon, membre non permanent du Conseil de s\u00e9curit\u00e9 des Nations Unies, pour \u0153uvrer en faveur de la paix, de la s\u00e9curit\u00e9 et de la stabilit\u00e9\u00a0\u00bb<\/b>, a-t-il ajout\u00e9.<\/p>\n<p>Le pr\u00e9sident de la transition Mahamat Idriss Deby a regagn\u00e9 N&rsquo;Djamena cet apr\u00e8s-midi apr\u00e8s une visite de quelques heures \u00e0 Libreville.<\/p>\n<p><strong>Pour plus d&rsquo;informations et d&rsquo;analyses sur la <a href=\"https:\/\/www.africa-press.net\/tchad\">Tchad<\/a>, suivez <a href=\"https:\/\/www.africa-press.net\/\">Africa-Press<\/a><\/strong><\/p>\n","protected":false},"excerpt":{"rendered":"<p>Africa-Press &#8211; Tchad. \u00ab\u00a0Nous sommes d\u00e9termin\u00e9s \u00e0 renforcer les relations diplomatiques et multiformes entre nos deux pays\u00a0\u00bb, a affirm\u00e9 Ali Bongo. \u00ab\u00a0Le Tchad peut en outre compter sur le Gabon, membre non permanent du Conseil de s\u00e9curit\u00e9 des Nations Unies, pour \u0153uvrer en faveur de la paix, de la s\u00e9curit\u00e9 et de la stabilit\u00e9\u00a0\u00bb, a-t-il [&hellip;]<\/p>\n","protected":false},"author":82,"featured_media":30549,"comment_status":"open","ping_status":"closed","sticky":false,"template":"","format":"standard","meta":{"footnotes":""},"categories":[11,2,10],"tags":[37,292,29],"class_list":["post-30550","post","type-post","status-publish","format-standard","has-post-thumbnail","hentry","category-homepage-french","category-politique","category-toutes-les-actualites","tag-africa-press","tag-africa-press-tchad","tag-tchad"],"yoast_head":"<!-- This site is optimized with the Yoast SEO Premium plugin v26.1 (Yoast SEO v27.0) - https:\/\/yoast.com\/product\/yoast-seo-premium-wordpress\/ -->\n<title>Gabon-Tchad : Ali Bongo et Mahamat Idriss Deby se sont entretenus \u00e0 Libreville - tchad<\/title>\n<meta name=\"description\" content=\"&quot;Nous sommes d\u00e9termin\u00e9s \u00e0 renforcer les relations diplomatiques et multiformes entre nos deux pays&quot;, a affirm\u00e9 Al ...\" \/>\n<meta name=\"robots\" content=\"index, follow, max-snippet:-1, max-image-preview:large, max-video-preview:-1\" \/>\n<link rel=\"canonical\" href=\"https:\/\/www.africa-press.net\/tchad\/politique\/gabon-tchad-ali-bongo-et-mahamat-idriss-deby-se-sont-entretenus-a-libreville\" \/>\n<meta property=\"og:locale\" content=\"fr_FR\" \/>\n<meta property=\"og:type\" content=\"article\" \/>\n<meta property=\"og:title\" content=\"Gabon-Tchad : Ali Bongo et Mahamat Idriss Deby se sont entretenus \u00e0 Libreville\" \/>\n<meta property=\"og:description\" content=\"&quot;Nous sommes d\u00e9termin\u00e9s \u00e0 renforcer les relations diplomatiques et multiformes entre nos deux pays&quot;, a affirm\u00e9 Al ...\" \/>\n<meta property=\"og:url\" content=\"https:\/\/www.africa-press.net\/tchad\/politique\/gabon-tchad-ali-bongo-et-mahamat-idriss-deby-se-sont-entretenus-a-libreville\" \/>\n<meta property=\"og:site_name\" content=\"tchad\" \/>\n<meta property=\"article:published_time\" content=\"2022-08-14T17:43:16+00:00\" \/>\n<meta property=\"article:modified_time\" content=\"2022-08-14T18:21:08+00:00\" \/>\n<meta property=\"og:image\" content=\"https:\/\/static.africa-press.net\/tchad\/sites\/41\/2022\/08\/postQueueImg_11-62f93cf87ea32.jpg\" \/>\n\t<meta property=\"og:image:width\" content=\"960\" \/>\n\t<meta property=\"og:image:height\" content=\"640\" \/>\n\t<meta property=\"og:image:type\" content=\"image\/jpeg\" \/>\n<meta name=\"author\" content=\"cfeditorfr\" \/>\n<meta name=\"twitter:card\" content=\"summary_large_image\" \/>\n<meta name=\"twitter:label1\" content=\"\u00c9crit par\" \/>\n\t<meta name=\"twitter:data1\" content=\"cfeditorfr\" \/>\n\t<meta name=\"twitter:label2\" content=\"Dur\u00e9e de lecture estim\u00e9e\" \/>\n\t<meta name=\"twitter:data2\" content=\"1 minute\" \/>\n<script type=\"application\/ld+json\" class=\"yoast-schema-graph\">{\"@context\":\"https:\/\/schema.org\",\"@graph\":[{\"@type\":\"Article\",\"@id\":\"https:\/\/www.africa-press.net\/tchad\/politique\/gabon-tchad-ali-bongo-et-mahamat-idriss-deby-se-sont-entretenus-a-libreville#article\",\"isPartOf\":{\"@id\":\"https:\/\/www.africa-press.net\/tchad\/politique\/gabon-tchad-ali-bongo-et-mahamat-idriss-deby-se-sont-entretenus-a-libreville\"},\"author\":{\"name\":\"cfeditorfr\",\"@id\":\"https:\/\/www.africa-press.net\/tchad\/#\/schema\/person\/2b1cf3cd81a31e3cd26889ca66d677f1\"},\"headline\":\"Gabon-Tchad : Ali Bongo et Mahamat Idriss Deby se sont entretenus \u00e0 Libreville\",\"datePublished\":\"2022-08-14T17:43:16+00:00\",\"dateModified\":\"2022-08-14T18:21:08+00:00\",\"mainEntityOfPage\":{\"@id\":\"https:\/\/www.africa-press.net\/tchad\/politique\/gabon-tchad-ali-bongo-et-mahamat-idriss-deby-se-sont-entretenus-a-libreville\"},\"wordCount\":106,\"commentCount\":0,\"image\":{\"@id\":\"https:\/\/www.africa-press.net\/tchad\/politique\/gabon-tchad-ali-bongo-et-mahamat-idriss-deby-se-sont-entretenus-a-libreville#primaryimage\"},\"thumbnailUrl\":\"https:\/\/static.africa-press.net\/tchad\/sites\/41\/2022\/08\/postQueueImg_11-62f93cf87ea32.jpg\",\"keywords\":[\"Africa Press\",\"Africa Press-Tchad\",\"Tchad\"],\"articleSection\":[\"homepage-french\",\"Politique\",\"Toutes les actualit\u00e9s\"],\"inLanguage\":\"fr-FR\",\"potentialAction\":[{\"@type\":\"CommentAction\",\"name\":\"Comment\",\"target\":[\"https:\/\/www.africa-press.net\/tchad\/politique\/gabon-tchad-ali-bongo-et-mahamat-idriss-deby-se-sont-entretenus-a-libreville#respond\"]}]},{\"@type\":\"WebPage\",\"@id\":\"https:\/\/www.africa-press.net\/tchad\/politique\/gabon-tchad-ali-bongo-et-mahamat-idriss-deby-se-sont-entretenus-a-libreville\",\"url\":\"https:\/\/www.africa-press.net\/tchad\/politique\/gabon-tchad-ali-bongo-et-mahamat-idriss-deby-se-sont-entretenus-a-libreville\",\"name\":\"Gabon-Tchad : Ali Bongo et Mahamat Idriss Deby se sont entretenus \u00e0 Libreville - tchad\",\"isPartOf\":{\"@id\":\"https:\/\/www.africa-press.net\/tchad\/#website\"},\"primaryImageOfPage\":{\"@id\":\"https:\/\/www.africa-press.net\/tchad\/politique\/gabon-tchad-ali-bongo-et-mahamat-idriss-deby-se-sont-entretenus-a-libreville#primaryimage\"},\"image\":{\"@id\":\"https:\/\/www.africa-press.net\/tchad\/politique\/gabon-tchad-ali-bongo-et-mahamat-idriss-deby-se-sont-entretenus-a-libreville#primaryimage\"},\"thumbnailUrl\":\"https:\/\/static.africa-press.net\/tchad\/sites\/41\/2022\/08\/postQueueImg_11-62f93cf87ea32.jpg\",\"datePublished\":\"2022-08-14T17:43:16+00:00\",\"dateModified\":\"2022-08-14T18:21:08+00:00\",\"author\":{\"@id\":\"https:\/\/www.africa-press.net\/tchad\/#\/schema\/person\/2b1cf3cd81a31e3cd26889ca66d677f1\"},\"description\":\"\\\"Nous sommes d\u00e9termin\u00e9s \u00e0 renforcer les relations diplomatiques et multiformes entre nos deux pays\\\", a affirm\u00e9 Al ...\",\"breadcrumb\":{\"@id\":\"https:\/\/www.africa-press.net\/tchad\/politique\/gabon-tchad-ali-bongo-et-mahamat-idriss-deby-se-sont-entretenus-a-libreville#breadcrumb\"},\"inLanguage\":\"fr-FR\",\"potentialAction\":[{\"@type\":\"ReadAction\",\"target\":[\"https:\/\/www.africa-press.net\/tchad\/politique\/gabon-tchad-ali-bongo-et-mahamat-idriss-deby-se-sont-entretenus-a-libreville\"]}]},{\"@type\":\"ImageObject\",\"inLanguage\":\"fr-FR\",\"@id\":\"https:\/\/www.africa-press.net\/tchad\/politique\/gabon-tchad-ali-bongo-et-mahamat-idriss-deby-se-sont-entretenus-a-libreville#primaryimage\",\"url\":\"https:\/\/static.africa-press.net\/tchad\/sites\/41\/2022\/08\/postQueueImg_11-62f93cf87ea32.jpg\",\"contentUrl\":\"https:\/\/static.africa-press.net\/tchad\/sites\/41\/2022\/08\/postQueueImg_11-62f93cf87ea32.jpg\",\"width\":960,\"height\":640,\"caption\":\"Gabon-Tchad : Ali Bongo et Mahamat Idriss Deby se sont entretenus \u00e0 Libreville\"},{\"@type\":\"BreadcrumbList\",\"@id\":\"https:\/\/www.africa-press.net\/tchad\/politique\/gabon-tchad-ali-bongo-et-mahamat-idriss-deby-se-sont-entretenus-a-libreville#breadcrumb\",\"itemListElement\":[{\"@type\":\"ListItem\",\"position\":1,\"name\":\"Accueil\",\"item\":\"https:\/\/www.africa-press.net\/tchad\/\"},{\"@type\":\"ListItem\",\"position\":2,\"name\":\"Gabon-Tchad : Ali Bongo et Mahamat Idriss Deby se sont entretenus \u00e0 Libreville\"}]},{\"@type\":\"WebSite\",\"@id\":\"https:\/\/www.africa-press.net\/tchad\/#website\",\"url\":\"https:\/\/www.africa-press.net\/tchad\/\",\"name\":\"tchad\",\"description\":\"Just another Africa News Agency Sites site\",\"potentialAction\":[{\"@type\":\"SearchAction\",\"target\":{\"@type\":\"EntryPoint\",\"urlTemplate\":\"https:\/\/www.africa-press.net\/tchad\/?s={search_term_string}\"},\"query-input\":{\"@type\":\"PropertyValueSpecification\",\"valueRequired\":true,\"valueName\":\"search_term_string\"}}],\"inLanguage\":\"fr-FR\"},{\"@type\":\"Person\",\"@id\":\"https:\/\/www.africa-press.net\/tchad\/#\/schema\/person\/2b1cf3cd81a31e3cd26889ca66d677f1\",\"name\":\"cfeditorfr\"}]}<\/script>\n<!-- \/ Yoast SEO Premium plugin. -->","yoast_head_json":{"title":"Gabon-Tchad : Ali Bongo et Mahamat Idriss Deby se sont entretenus \u00e0 Libreville - tchad","description":"\"Nous sommes d\u00e9termin\u00e9s \u00e0 renforcer les relations diplomatiques et multiformes entre nos deux pays\", a affirm\u00e9 Al ...","robots":{"index":"index","follow":"follow","max-snippet":"max-snippet:-1","max-image-preview":"max-image-preview:large","max-video-preview":"max-video-preview:-1"},"canonical":"https:\/\/www.africa-press.net\/tchad\/politique\/gabon-tchad-ali-bongo-et-mahamat-idriss-deby-se-sont-entretenus-a-libreville","og_locale":"fr_FR","og_type":"article","og_title":"Gabon-Tchad : Ali Bongo et Mahamat Idriss Deby se sont entretenus \u00e0 Libreville","og_description":"\"Nous sommes d\u00e9termin\u00e9s \u00e0 renforcer les relations diplomatiques et multiformes entre nos deux pays\", a affirm\u00e9 Al ...","og_url":"https:\/\/www.africa-press.net\/tchad\/politique\/gabon-tchad-ali-bongo-et-mahamat-idriss-deby-se-sont-entretenus-a-libreville","og_site_name":"tchad","article_published_time":"2022-08-14T17:43:16+00:00","article_modified_time":"2022-08-14T18:21:08+00:00","og_image":[{"width":960,"height":640,"url":"https:\/\/static.africa-press.net\/tchad\/sites\/41\/2022\/08\/postQueueImg_11-62f93cf87ea32.jpg","type":"image\/jpeg"}],"author":"cfeditorfr","twitter_card":"summary_large_image","twitter_misc":{"\u00c9crit par":"cfeditorfr","Dur\u00e9e de lecture estim\u00e9e":"1 minute"},"schema":{"@context":"https:\/\/schema.org","@graph":[{"@type":"Article","@id":"https:\/\/www.africa-press.net\/tchad\/politique\/gabon-tchad-ali-bongo-et-mahamat-idriss-deby-se-sont-entretenus-a-libreville#article","isPartOf":{"@id":"https:\/\/www.africa-press.net\/tchad\/politique\/gabon-tchad-ali-bongo-et-mahamat-idriss-deby-se-sont-entretenus-a-libreville"},"author":{"name":"cfeditorfr","@id":"https:\/\/www.africa-press.net\/tchad\/#\/schema\/person\/2b1cf3cd81a31e3cd26889ca66d677f1"},"headline":"Gabon-Tchad : Ali Bongo et Mahamat Idriss Deby se sont entretenus \u00e0 Libreville","datePublished":"2022-08-14T17:43:16+00:00","dateModified":"2022-08-14T18:21:08+00:00","mainEntityOfPage":{"@id":"https:\/\/www.africa-press.net\/tchad\/politique\/gabon-tchad-ali-bongo-et-mahamat-idriss-deby-se-sont-entretenus-a-libreville"},"wordCount":106,"commentCount":0,"image":{"@id":"https:\/\/www.africa-press.net\/tchad\/politique\/gabon-tchad-ali-bongo-et-mahamat-idriss-deby-se-sont-entretenus-a-libreville#primaryimage"},"thumbnailUrl":"https:\/\/static.africa-press.net\/tchad\/sites\/41\/2022\/08\/postQueueImg_11-62f93cf87ea32.jpg","keywords":["Africa Press","Africa Press-Tchad","Tchad"],"articleSection":["homepage-french","Politique","Toutes les actualit\u00e9s"],"inLanguage":"fr-FR","potentialAction":[{"@type":"CommentAction","name":"Comment","target":["https:\/\/www.africa-press.net\/tchad\/politique\/gabon-tchad-ali-bongo-et-mahamat-idriss-deby-se-sont-entretenus-a-libreville#respond"]}]},{"@type":"WebPage","@id":"https:\/\/www.africa-press.net\/tchad\/politique\/gabon-tchad-ali-bongo-et-mahamat-idriss-deby-se-sont-entretenus-a-libreville","url":"https:\/\/www.africa-press.net\/tchad\/politique\/gabon-tchad-ali-bongo-et-mahamat-idriss-deby-se-sont-entretenus-a-libreville","name":"Gabon-Tchad : Ali Bongo et Mahamat Idriss Deby se sont entretenus \u00e0 Libreville - tchad","isPartOf":{"@id":"https:\/\/www.africa-press.net\/tchad\/#website"},"primaryImageOfPage":{"@id":"https:\/\/www.africa-press.net\/tchad\/politique\/gabon-tchad-ali-bongo-et-mahamat-idriss-deby-se-sont-entretenus-a-libreville#primaryimage"},"image":{"@id":"https:\/\/www.africa-press.net\/tchad\/politique\/gabon-tchad-ali-bongo-et-mahamat-idriss-deby-se-sont-entretenus-a-libreville#primaryimage"},"thumbnailUrl":"https:\/\/static.africa-press.net\/tchad\/sites\/41\/2022\/08\/postQueueImg_11-62f93cf87ea32.jpg","datePublished":"2022-08-14T17:43:16+00:00","dateModified":"2022-08-14T18:21:08+00:00","author":{"@id":"https:\/\/www.africa-press.net\/tchad\/#\/schema\/person\/2b1cf3cd81a31e3cd26889ca66d677f1"},"description":"\"Nous sommes d\u00e9termin\u00e9s \u00e0 renforcer les relations diplomatiques et multiformes entre nos deux pays\", a affirm\u00e9 Al ...","breadcrumb":{"@id":"https:\/\/www.africa-press.net\/tchad\/politique\/gabon-tchad-ali-bongo-et-mahamat-idriss-deby-se-sont-entretenus-a-libreville#breadcrumb"},"inLanguage":"fr-FR","potentialAction":[{"@type":"ReadAction","target":["https:\/\/www.africa-press.net\/tchad\/politique\/gabon-tchad-ali-bongo-et-mahamat-idriss-deby-se-sont-entretenus-a-libreville"]}]},{"@type":"ImageObject","inLanguage":"fr-FR","@id":"https:\/\/www.africa-press.net\/tchad\/politique\/gabon-tchad-ali-bongo-et-mahamat-idriss-deby-se-sont-entretenus-a-libreville#primaryimage","url":"https:\/\/static.africa-press.net\/tchad\/sites\/41\/2022\/08\/postQueueImg_11-62f93cf87ea32.jpg","contentUrl":"https:\/\/static.africa-press.net\/tchad\/sites\/41\/2022\/08\/postQueueImg_11-62f93cf87ea32.jpg","width":960,"height":640,"caption":"Gabon-Tchad : Ali Bongo et Mahamat Idriss Deby se sont entretenus \u00e0 Libreville"},{"@type":"BreadcrumbList","@id":"https:\/\/www.africa-press.net\/tchad\/politique\/gabon-tchad-ali-bongo-et-mahamat-idriss-deby-se-sont-entretenus-a-libreville#breadcrumb","itemListElement":[{"@type":"ListItem","position":1,"name":"Accueil","item":"https:\/\/www.africa-press.net\/tchad\/"},{"@type":"ListItem","position":2,"name":"Gabon-Tchad : Ali Bongo et Mahamat Idriss Deby se sont entretenus \u00e0 Libreville"}]},{"@type":"WebSite","@id":"https:\/\/www.africa-press.net\/tchad\/#website","url":"https:\/\/www.africa-press.net\/tchad\/","name":"tchad","description":"Just another Africa News Agency Sites site","potentialAction":[{"@type":"SearchAction","target":{"@type":"EntryPoint","urlTemplate":"https:\/\/www.africa-press.net\/tchad\/?s={search_term_string}"},"query-input":{"@type":"PropertyValueSpecification","valueRequired":true,"valueName":"search_term_string"}}],"inLanguage":"fr-FR"},{"@type":"Person","@id":"https:\/\/www.africa-press.net\/tchad\/#\/schema\/person\/2b1cf3cd81a31e3cd26889ca66d677f1","name":"cfeditorfr"}]}},"_links":{"self":[{"href":"https:\/\/www.africa-press.net\/tchad\/wp-json\/wp\/v2\/posts\/30550","targetHints":{"allow":["GET"]}}],"collection":[{"href":"https:\/\/www.africa-press.net\/tchad\/wp-json\/wp\/v2\/posts"}],"about":[{"href":"https:\/\/www.africa-press.net\/tchad\/wp-json\/wp\/v2\/types\/post"}],"author":[{"embeddable":true,"href":"https:\/\/www.africa-press.net\/tchad\/wp-json\/wp\/v2\/users\/82"}],"replies":[{"embeddable":true,"href":"https:\/\/www.africa-press.net\/tchad\/wp-json\/wp\/v2\/comments?post=30550"}],"version-history":[{"count":0,"href":"https:\/\/www.africa-press.net\/tchad\/wp-json\/wp\/v2\/posts\/30550\/revisions"}],"wp:featuredmedia":[{"embeddable":true,"href":"https:\/\/www.africa-press.net\/tchad\/wp-json\/wp\/v2\/media\/30549"}],"wp:attachment":[{"href":"https:\/\/www.africa-press.net\/tchad\/wp-json\/wp\/v2\/media?parent=30550"}],"wp:term":[{"taxonomy":"category","embeddable":true,"href":"https:\/\/www.africa-press.net\/tchad\/wp-json\/wp\/v2\/categories?post=30550"},{"taxonomy":"post_tag","embeddable":true,"href":"https:\/\/www.africa-press.net\/tchad\/wp-json\/wp\/v2\/tags?post=30550"}],"curies":[{"name":"wp","href":"https:\/\/api.w.org\/{rel}","templated":true}]}}