{"id":30556,"date":"2022-08-14T17:44:09","date_gmt":"2022-08-14T17:44:09","guid":{"rendered":"https:\/\/www.africa-press.net\/tchad\/politique\/le-mps-en-seminaire-politique-pour-une-participation-efficace-au-dialogue"},"modified":"2022-08-14T18:22:19","modified_gmt":"2022-08-14T18:22:19","slug":"le-mps-en-seminaire-politique-pour-une-participation-efficace-au-dialogue","status":"publish","type":"post","link":"https:\/\/www.africa-press.net\/tchad\/parties\/le-mps-en-seminaire-politique-pour-une-participation-efficace-au-dialogue","title":{"rendered":"le MPS en s\u00e9minaire politique pour une participation efficace au dialogue"},"content":{"rendered":"<p><span style=\"color: #ff6600\"><strong>Africa-Press &#8211; Tchad. <\/strong><\/span>Le s\u00e9minaire, recommand\u00e9 par la direction du MPS, vise \u00e0 donner l&rsquo;occasion au parti de sensibiliser et de conscientiser ses militants sur les enjeux du dialogue national inclusif et souverain. Le s\u00e9minaire vise \u00e9galement \u00e0 cadrer la strat\u00e9gie du parti pour une participation efficace pour la r\u00e9ussite du dialogue.<\/p>\n<p>Dr. David Houdeingar explique que le MPS est le premier parti sur l&rsquo;\u00e9chiquier national. Avec le d\u00e9c\u00e8s du mar\u00e9chal du Tchad, il reconna\u00eet que les temps ont chang\u00e9 et que le parti doit s&rsquo;adapter pour ne pas laisser le champ libre \u00e0 ses d\u00e9tracteurs. Dr. David Houdeingar appelle \u00e0 mettre en place des outils de communication efficace dans le cadre de la mutation du parti, \u00e0 cr\u00e9er des archives, un journal et un laboratoire d&rsquo;id\u00e9es.<\/p>\n<p><strong>Pour plus d&rsquo;informations et d&rsquo;analyses sur la <a href=\"https:\/\/www.africa-press.net\/tchad\">Tchad<\/a>, suivez <a href=\"https:\/\/www.africa-press.net\/\">Africa-Press<\/a><\/strong><\/p>\n","protected":false},"excerpt":{"rendered":"<p>Africa-Press &#8211; Tchad. Le s\u00e9minaire, recommand\u00e9 par la direction du MPS, vise \u00e0 donner l&rsquo;occasion au parti de sensibiliser et de conscientiser ses militants sur les enjeux du dialogue national inclusif et souverain. Le s\u00e9minaire vise \u00e9galement \u00e0 cadrer la strat\u00e9gie du parti pour une participation efficace pour la r\u00e9ussite du dialogue. Dr. David Houdeingar [&hellip;]<\/p>\n","protected":false},"author":82,"featured_media":30555,"comment_status":"open","ping_status":"closed","sticky":false,"template":"","format":"standard","meta":{"footnotes":""},"categories":[11,4,10],"tags":[37,292,29],"class_list":["post-30556","post","type-post","status-publish","format-standard","has-post-thumbnail","hentry","category-homepage-french","category-parties","category-toutes-les-actualites","tag-africa-press","tag-africa-press-tchad","tag-tchad"],"yoast_head":"<!-- This site is optimized with the Yoast SEO Premium plugin v26.1 (Yoast SEO v27.0) - https:\/\/yoast.com\/product\/yoast-seo-premium-wordpress\/ -->\n<title>le MPS en s\u00e9minaire politique pour une participation efficace au dialogue - tchad<\/title>\n<meta name=\"description\" content=\"Le s\u00e9minaire, recommand\u00e9 par la direction du MPS, vise \u00e0 donner l&#039;occasion au parti de sensibiliser et de conscientiser ...\" \/>\n<meta name=\"robots\" content=\"index, follow, max-snippet:-1, max-image-preview:large, max-video-preview:-1\" \/>\n<link rel=\"canonical\" href=\"https:\/\/www.africa-press.net\/tchad\/parties\/le-mps-en-seminaire-politique-pour-une-participation-efficace-au-dialogue\" \/>\n<meta property=\"og:locale\" content=\"fr_FR\" \/>\n<meta property=\"og:type\" content=\"article\" \/>\n<meta property=\"og:title\" content=\"le MPS en s\u00e9minaire politique pour une participation efficace au dialogue\" \/>\n<meta property=\"og:description\" content=\"Le s\u00e9minaire, recommand\u00e9 par la direction du MPS, vise \u00e0 donner l&#039;occasion au parti de sensibiliser et de conscientiser ...\" \/>\n<meta property=\"og:url\" content=\"https:\/\/www.africa-press.net\/tchad\/parties\/le-mps-en-seminaire-politique-pour-une-participation-efficace-au-dialogue\" \/>\n<meta property=\"og:site_name\" content=\"tchad\" \/>\n<meta property=\"article:published_time\" content=\"2022-08-14T17:44:09+00:00\" \/>\n<meta property=\"article:modified_time\" content=\"2022-08-14T18:22:19+00:00\" \/>\n<meta property=\"og:image\" content=\"https:\/\/static.africa-press.net\/tchad\/sites\/41\/2022\/08\/postQueueImg_13-62f93d3ea0dc9.jpg\" \/>\n\t<meta property=\"og:image:width\" content=\"1280\" \/>\n\t<meta property=\"og:image:height\" content=\"960\" \/>\n\t<meta property=\"og:image:type\" content=\"image\/jpeg\" \/>\n<meta name=\"author\" content=\"cfeditorfr\" \/>\n<meta name=\"twitter:card\" content=\"summary_large_image\" \/>\n<meta name=\"twitter:label1\" content=\"\u00c9crit par\" \/>\n\t<meta name=\"twitter:data1\" content=\"cfeditorfr\" \/>\n\t<meta name=\"twitter:label2\" content=\"Dur\u00e9e de lecture estim\u00e9e\" \/>\n\t<meta name=\"twitter:data2\" content=\"1 minute\" \/>\n<script type=\"application\/ld+json\" class=\"yoast-schema-graph\">{\"@context\":\"https:\/\/schema.org\",\"@graph\":[{\"@type\":\"Article\",\"@id\":\"https:\/\/www.africa-press.net\/tchad\/parties\/le-mps-en-seminaire-politique-pour-une-participation-efficace-au-dialogue#article\",\"isPartOf\":{\"@id\":\"https:\/\/www.africa-press.net\/tchad\/parties\/le-mps-en-seminaire-politique-pour-une-participation-efficace-au-dialogue\"},\"author\":{\"name\":\"cfeditorfr\",\"@id\":\"https:\/\/www.africa-press.net\/tchad\/#\/schema\/person\/2b1cf3cd81a31e3cd26889ca66d677f1\"},\"headline\":\"le MPS en s\u00e9minaire politique pour une participation efficace au dialogue\",\"datePublished\":\"2022-08-14T17:44:09+00:00\",\"dateModified\":\"2022-08-14T18:22:19+00:00\",\"mainEntityOfPage\":{\"@id\":\"https:\/\/www.africa-press.net\/tchad\/parties\/le-mps-en-seminaire-politique-pour-une-participation-efficace-au-dialogue\"},\"wordCount\":161,\"commentCount\":0,\"image\":{\"@id\":\"https:\/\/www.africa-press.net\/tchad\/parties\/le-mps-en-seminaire-politique-pour-une-participation-efficace-au-dialogue#primaryimage\"},\"thumbnailUrl\":\"https:\/\/static.africa-press.net\/tchad\/sites\/41\/2022\/08\/postQueueImg_13-62f93d3ea0dc9.jpg\",\"keywords\":[\"Africa Press\",\"Africa Press-Tchad\",\"Tchad\"],\"articleSection\":[\"homepage-french\",\"Parties\",\"Toutes les actualit\u00e9s\"],\"inLanguage\":\"fr-FR\",\"potentialAction\":[{\"@type\":\"CommentAction\",\"name\":\"Comment\",\"target\":[\"https:\/\/www.africa-press.net\/tchad\/parties\/le-mps-en-seminaire-politique-pour-une-participation-efficace-au-dialogue#respond\"]}]},{\"@type\":\"WebPage\",\"@id\":\"https:\/\/www.africa-press.net\/tchad\/parties\/le-mps-en-seminaire-politique-pour-une-participation-efficace-au-dialogue\",\"url\":\"https:\/\/www.africa-press.net\/tchad\/parties\/le-mps-en-seminaire-politique-pour-une-participation-efficace-au-dialogue\",\"name\":\"le MPS en s\u00e9minaire politique pour une participation efficace au dialogue - tchad\",\"isPartOf\":{\"@id\":\"https:\/\/www.africa-press.net\/tchad\/#website\"},\"primaryImageOfPage\":{\"@id\":\"https:\/\/www.africa-press.net\/tchad\/parties\/le-mps-en-seminaire-politique-pour-une-participation-efficace-au-dialogue#primaryimage\"},\"image\":{\"@id\":\"https:\/\/www.africa-press.net\/tchad\/parties\/le-mps-en-seminaire-politique-pour-une-participation-efficace-au-dialogue#primaryimage\"},\"thumbnailUrl\":\"https:\/\/static.africa-press.net\/tchad\/sites\/41\/2022\/08\/postQueueImg_13-62f93d3ea0dc9.jpg\",\"datePublished\":\"2022-08-14T17:44:09+00:00\",\"dateModified\":\"2022-08-14T18:22:19+00:00\",\"author\":{\"@id\":\"https:\/\/www.africa-press.net\/tchad\/#\/schema\/person\/2b1cf3cd81a31e3cd26889ca66d677f1\"},\"description\":\"Le s\u00e9minaire, recommand\u00e9 par la direction du MPS, vise \u00e0 donner l'occasion au parti de sensibiliser et de conscientiser ...\",\"breadcrumb\":{\"@id\":\"https:\/\/www.africa-press.net\/tchad\/parties\/le-mps-en-seminaire-politique-pour-une-participation-efficace-au-dialogue#breadcrumb\"},\"inLanguage\":\"fr-FR\",\"potentialAction\":[{\"@type\":\"ReadAction\",\"target\":[\"https:\/\/www.africa-press.net\/tchad\/parties\/le-mps-en-seminaire-politique-pour-une-participation-efficace-au-dialogue\"]}]},{\"@type\":\"ImageObject\",\"inLanguage\":\"fr-FR\",\"@id\":\"https:\/\/www.africa-press.net\/tchad\/parties\/le-mps-en-seminaire-politique-pour-une-participation-efficace-au-dialogue#primaryimage\",\"url\":\"https:\/\/static.africa-press.net\/tchad\/sites\/41\/2022\/08\/postQueueImg_13-62f93d3ea0dc9.jpg\",\"contentUrl\":\"https:\/\/static.africa-press.net\/tchad\/sites\/41\/2022\/08\/postQueueImg_13-62f93d3ea0dc9.jpg\",\"width\":1280,\"height\":960,\"caption\":\"le MPS en s\u00e9minaire politique pour une participation efficace au dialogue\"},{\"@type\":\"BreadcrumbList\",\"@id\":\"https:\/\/www.africa-press.net\/tchad\/parties\/le-mps-en-seminaire-politique-pour-une-participation-efficace-au-dialogue#breadcrumb\",\"itemListElement\":[{\"@type\":\"ListItem\",\"position\":1,\"name\":\"Accueil\",\"item\":\"https:\/\/www.africa-press.net\/tchad\/\"},{\"@type\":\"ListItem\",\"position\":2,\"name\":\"le MPS en s\u00e9minaire politique pour une participation efficace au dialogue\"}]},{\"@type\":\"WebSite\",\"@id\":\"https:\/\/www.africa-press.net\/tchad\/#website\",\"url\":\"https:\/\/www.africa-press.net\/tchad\/\",\"name\":\"tchad\",\"description\":\"Just another Africa News Agency Sites site\",\"potentialAction\":[{\"@type\":\"SearchAction\",\"target\":{\"@type\":\"EntryPoint\",\"urlTemplate\":\"https:\/\/www.africa-press.net\/tchad\/?s={search_term_string}\"},\"query-input\":{\"@type\":\"PropertyValueSpecification\",\"valueRequired\":true,\"valueName\":\"search_term_string\"}}],\"inLanguage\":\"fr-FR\"},{\"@type\":\"Person\",\"@id\":\"https:\/\/www.africa-press.net\/tchad\/#\/schema\/person\/2b1cf3cd81a31e3cd26889ca66d677f1\",\"name\":\"cfeditorfr\"}]}<\/script>\n<!-- \/ Yoast SEO Premium plugin. -->","yoast_head_json":{"title":"le MPS en s\u00e9minaire politique pour une participation efficace au dialogue - tchad","description":"Le s\u00e9minaire, recommand\u00e9 par la direction du MPS, vise \u00e0 donner l'occasion au parti de sensibiliser et de conscientiser ...","robots":{"index":"index","follow":"follow","max-snippet":"max-snippet:-1","max-image-preview":"max-image-preview:large","max-video-preview":"max-video-preview:-1"},"canonical":"https:\/\/www.africa-press.net\/tchad\/parties\/le-mps-en-seminaire-politique-pour-une-participation-efficace-au-dialogue","og_locale":"fr_FR","og_type":"article","og_title":"le MPS en s\u00e9minaire politique pour une participation efficace au dialogue","og_description":"Le s\u00e9minaire, recommand\u00e9 par la direction du MPS, vise \u00e0 donner l'occasion au parti de sensibiliser et de conscientiser ...","og_url":"https:\/\/www.africa-press.net\/tchad\/parties\/le-mps-en-seminaire-politique-pour-une-participation-efficace-au-dialogue","og_site_name":"tchad","article_published_time":"2022-08-14T17:44:09+00:00","article_modified_time":"2022-08-14T18:22:19+00:00","og_image":[{"width":1280,"height":960,"url":"https:\/\/static.africa-press.net\/tchad\/sites\/41\/2022\/08\/postQueueImg_13-62f93d3ea0dc9.jpg","type":"image\/jpeg"}],"author":"cfeditorfr","twitter_card":"summary_large_image","twitter_misc":{"\u00c9crit par":"cfeditorfr","Dur\u00e9e de lecture estim\u00e9e":"1 minute"},"schema":{"@context":"https:\/\/schema.org","@graph":[{"@type":"Article","@id":"https:\/\/www.africa-press.net\/tchad\/parties\/le-mps-en-seminaire-politique-pour-une-participation-efficace-au-dialogue#article","isPartOf":{"@id":"https:\/\/www.africa-press.net\/tchad\/parties\/le-mps-en-seminaire-politique-pour-une-participation-efficace-au-dialogue"},"author":{"name":"cfeditorfr","@id":"https:\/\/www.africa-press.net\/tchad\/#\/schema\/person\/2b1cf3cd81a31e3cd26889ca66d677f1"},"headline":"le MPS en s\u00e9minaire politique pour une participation efficace au dialogue","datePublished":"2022-08-14T17:44:09+00:00","dateModified":"2022-08-14T18:22:19+00:00","mainEntityOfPage":{"@id":"https:\/\/www.africa-press.net\/tchad\/parties\/le-mps-en-seminaire-politique-pour-une-participation-efficace-au-dialogue"},"wordCount":161,"commentCount":0,"image":{"@id":"https:\/\/www.africa-press.net\/tchad\/parties\/le-mps-en-seminaire-politique-pour-une-participation-efficace-au-dialogue#primaryimage"},"thumbnailUrl":"https:\/\/static.africa-press.net\/tchad\/sites\/41\/2022\/08\/postQueueImg_13-62f93d3ea0dc9.jpg","keywords":["Africa Press","Africa Press-Tchad","Tchad"],"articleSection":["homepage-french","Parties","Toutes les actualit\u00e9s"],"inLanguage":"fr-FR","potentialAction":[{"@type":"CommentAction","name":"Comment","target":["https:\/\/www.africa-press.net\/tchad\/parties\/le-mps-en-seminaire-politique-pour-une-participation-efficace-au-dialogue#respond"]}]},{"@type":"WebPage","@id":"https:\/\/www.africa-press.net\/tchad\/parties\/le-mps-en-seminaire-politique-pour-une-participation-efficace-au-dialogue","url":"https:\/\/www.africa-press.net\/tchad\/parties\/le-mps-en-seminaire-politique-pour-une-participation-efficace-au-dialogue","name":"le MPS en s\u00e9minaire politique pour une participation efficace au dialogue - tchad","isPartOf":{"@id":"https:\/\/www.africa-press.net\/tchad\/#website"},"primaryImageOfPage":{"@id":"https:\/\/www.africa-press.net\/tchad\/parties\/le-mps-en-seminaire-politique-pour-une-participation-efficace-au-dialogue#primaryimage"},"image":{"@id":"https:\/\/www.africa-press.net\/tchad\/parties\/le-mps-en-seminaire-politique-pour-une-participation-efficace-au-dialogue#primaryimage"},"thumbnailUrl":"https:\/\/static.africa-press.net\/tchad\/sites\/41\/2022\/08\/postQueueImg_13-62f93d3ea0dc9.jpg","datePublished":"2022-08-14T17:44:09+00:00","dateModified":"2022-08-14T18:22:19+00:00","author":{"@id":"https:\/\/www.africa-press.net\/tchad\/#\/schema\/person\/2b1cf3cd81a31e3cd26889ca66d677f1"},"description":"Le s\u00e9minaire, recommand\u00e9 par la direction du MPS, vise \u00e0 donner l'occasion au parti de sensibiliser et de conscientiser ...","breadcrumb":{"@id":"https:\/\/www.africa-press.net\/tchad\/parties\/le-mps-en-seminaire-politique-pour-une-participation-efficace-au-dialogue#breadcrumb"},"inLanguage":"fr-FR","potentialAction":[{"@type":"ReadAction","target":["https:\/\/www.africa-press.net\/tchad\/parties\/le-mps-en-seminaire-politique-pour-une-participation-efficace-au-dialogue"]}]},{"@type":"ImageObject","inLanguage":"fr-FR","@id":"https:\/\/www.africa-press.net\/tchad\/parties\/le-mps-en-seminaire-politique-pour-une-participation-efficace-au-dialogue#primaryimage","url":"https:\/\/static.africa-press.net\/tchad\/sites\/41\/2022\/08\/postQueueImg_13-62f93d3ea0dc9.jpg","contentUrl":"https:\/\/static.africa-press.net\/tchad\/sites\/41\/2022\/08\/postQueueImg_13-62f93d3ea0dc9.jpg","width":1280,"height":960,"caption":"le MPS en s\u00e9minaire politique pour une participation efficace au dialogue"},{"@type":"BreadcrumbList","@id":"https:\/\/www.africa-press.net\/tchad\/parties\/le-mps-en-seminaire-politique-pour-une-participation-efficace-au-dialogue#breadcrumb","itemListElement":[{"@type":"ListItem","position":1,"name":"Accueil","item":"https:\/\/www.africa-press.net\/tchad\/"},{"@type":"ListItem","position":2,"name":"le MPS en s\u00e9minaire politique pour une participation efficace au dialogue"}]},{"@type":"WebSite","@id":"https:\/\/www.africa-press.net\/tchad\/#website","url":"https:\/\/www.africa-press.net\/tchad\/","name":"tchad","description":"Just another Africa News Agency Sites site","potentialAction":[{"@type":"SearchAction","target":{"@type":"EntryPoint","urlTemplate":"https:\/\/www.africa-press.net\/tchad\/?s={search_term_string}"},"query-input":{"@type":"PropertyValueSpecification","valueRequired":true,"valueName":"search_term_string"}}],"inLanguage":"fr-FR"},{"@type":"Person","@id":"https:\/\/www.africa-press.net\/tchad\/#\/schema\/person\/2b1cf3cd81a31e3cd26889ca66d677f1","name":"cfeditorfr"}]}},"_links":{"self":[{"href":"https:\/\/www.africa-press.net\/tchad\/wp-json\/wp\/v2\/posts\/30556","targetHints":{"allow":["GET"]}}],"collection":[{"href":"https:\/\/www.africa-press.net\/tchad\/wp-json\/wp\/v2\/posts"}],"about":[{"href":"https:\/\/www.africa-press.net\/tchad\/wp-json\/wp\/v2\/types\/post"}],"author":[{"embeddable":true,"href":"https:\/\/www.africa-press.net\/tchad\/wp-json\/wp\/v2\/users\/82"}],"replies":[{"embeddable":true,"href":"https:\/\/www.africa-press.net\/tchad\/wp-json\/wp\/v2\/comments?post=30556"}],"version-history":[{"count":0,"href":"https:\/\/www.africa-press.net\/tchad\/wp-json\/wp\/v2\/posts\/30556\/revisions"}],"wp:featuredmedia":[{"embeddable":true,"href":"https:\/\/www.africa-press.net\/tchad\/wp-json\/wp\/v2\/media\/30555"}],"wp:attachment":[{"href":"https:\/\/www.africa-press.net\/tchad\/wp-json\/wp\/v2\/media?parent=30556"}],"wp:term":[{"taxonomy":"category","embeddable":true,"href":"https:\/\/www.africa-press.net\/tchad\/wp-json\/wp\/v2\/categories?post=30556"},{"taxonomy":"post_tag","embeddable":true,"href":"https:\/\/www.africa-press.net\/tchad\/wp-json\/wp\/v2\/tags?post=30556"}],"curies":[{"name":"wp","href":"https:\/\/api.w.org\/{rel}","templated":true}]}}