{"id":30559,"date":"2022-08-14T17:44:53","date_gmt":"2022-08-14T17:44:53","guid":{"rendered":"https:\/\/www.africa-press.net\/tchad\/politique\/retour-de-la-delegation-gouvernementale-et-des-politico-militaires-de-doha"},"modified":"2022-08-14T18:22:48","modified_gmt":"2022-08-14T18:22:48","slug":"retour-de-la-delegation-gouvernementale-et-des-politico-militaires-de-doha","status":"publish","type":"post","link":"https:\/\/www.africa-press.net\/tchad\/politique\/retour-de-la-delegation-gouvernementale-et-des-politico-militaires-de-doha","title":{"rendered":"retour de la d\u00e9l\u00e9gation gouvernementale et des politico-militaires de Doha"},"content":{"rendered":"<p><span style=\"color: #ff6600\"><strong>Africa-Press &#8211; Tchad. <\/strong><\/span><b>\u00ab\u00a0C&rsquo;est pour la premi\u00e8re fois qu&rsquo;une quarantaine de mouvements discutent pendant cinq mois pour aboutir \u00e0 un accord devant permettre aux politico-militaires de participer au dialogue national inclusif\u00a0\u00bb<\/b>, s&rsquo;est f\u00e9licit\u00e9 Cherif Mahamat Zene, chef de la diplomatie et pr\u00e9sident du comit\u00e9 sp\u00e9cial charg\u00e9 des n\u00e9gociations.<\/p>\n<p>De nombreux citoyens se sont mobilis\u00e9s tout au long de la journ\u00e9e pour r\u00e9server un accueil chaleureux aux politico-militaires.<\/p>\n<p>La pr\u00e9sence des forces de d\u00e9fense et de s\u00e9curit\u00e9 a \u00e9t\u00e9 renforc\u00e9e aux abords de l&rsquo;a\u00e9roport pour contenir la foule.<\/p>\n<p><strong>Pour plus d&rsquo;informations et d&rsquo;analyses sur la <a href=\"https:\/\/www.africa-press.net\/tchad\">Tchad<\/a>, suivez <a href=\"https:\/\/www.africa-press.net\/\">Africa-Press<\/a><\/strong><\/p>\n","protected":false},"excerpt":{"rendered":"<p>Africa-Press &#8211; Tchad. \u00ab\u00a0C&rsquo;est pour la premi\u00e8re fois qu&rsquo;une quarantaine de mouvements discutent pendant cinq mois pour aboutir \u00e0 un accord devant permettre aux politico-militaires de participer au dialogue national inclusif\u00a0\u00bb, s&rsquo;est f\u00e9licit\u00e9 Cherif Mahamat Zene, chef de la diplomatie et pr\u00e9sident du comit\u00e9 sp\u00e9cial charg\u00e9 des n\u00e9gociations. De nombreux citoyens se sont mobilis\u00e9s tout [&hellip;]<\/p>\n","protected":false},"author":82,"featured_media":30558,"comment_status":"open","ping_status":"closed","sticky":false,"template":"","format":"standard","meta":{"footnotes":""},"categories":[11,2,10],"tags":[37,292,29],"class_list":["post-30559","post","type-post","status-publish","format-standard","has-post-thumbnail","hentry","category-homepage-french","category-politique","category-toutes-les-actualites","tag-africa-press","tag-africa-press-tchad","tag-tchad"],"yoast_head":"<!-- This site is optimized with the Yoast SEO Premium plugin v26.1 (Yoast SEO v27.0) - https:\/\/yoast.com\/product\/yoast-seo-premium-wordpress\/ -->\n<title>retour de la d\u00e9l\u00e9gation gouvernementale et des politico-militaires de Doha - tchad<\/title>\n<meta name=\"description\" content=\"&quot;C&#039;est pour la premi\u00e8re fois qu&#039;une quarantaine de mouvements discutent pendant cinq mois pour aboutir \u00e0 un accord de ...\" \/>\n<meta name=\"robots\" content=\"index, follow, max-snippet:-1, max-image-preview:large, max-video-preview:-1\" \/>\n<link rel=\"canonical\" href=\"https:\/\/www.africa-press.net\/tchad\/politique\/retour-de-la-delegation-gouvernementale-et-des-politico-militaires-de-doha\" \/>\n<meta property=\"og:locale\" content=\"fr_FR\" \/>\n<meta property=\"og:type\" content=\"article\" \/>\n<meta property=\"og:title\" content=\"retour de la d\u00e9l\u00e9gation gouvernementale et des politico-militaires de Doha\" \/>\n<meta property=\"og:description\" content=\"&quot;C&#039;est pour la premi\u00e8re fois qu&#039;une quarantaine de mouvements discutent pendant cinq mois pour aboutir \u00e0 un accord de ...\" \/>\n<meta property=\"og:url\" content=\"https:\/\/www.africa-press.net\/tchad\/politique\/retour-de-la-delegation-gouvernementale-et-des-politico-militaires-de-doha\" \/>\n<meta property=\"og:site_name\" content=\"tchad\" \/>\n<meta property=\"article:published_time\" content=\"2022-08-14T17:44:53+00:00\" \/>\n<meta property=\"article:modified_time\" content=\"2022-08-14T18:22:48+00:00\" \/>\n<meta property=\"og:image\" content=\"https:\/\/static.africa-press.net\/tchad\/sites\/41\/2022\/08\/postQueueImg_14-62f93d61e9e81.jpg\" \/>\n\t<meta property=\"og:image:width\" content=\"1008\" \/>\n\t<meta property=\"og:image:height\" content=\"454\" \/>\n\t<meta property=\"og:image:type\" content=\"image\/jpeg\" \/>\n<meta name=\"author\" content=\"cfeditorfr\" \/>\n<meta name=\"twitter:card\" content=\"summary_large_image\" \/>\n<meta name=\"twitter:label1\" content=\"\u00c9crit par\" \/>\n\t<meta name=\"twitter:data1\" content=\"cfeditorfr\" \/>\n\t<meta name=\"twitter:label2\" content=\"Dur\u00e9e de lecture estim\u00e9e\" \/>\n\t<meta name=\"twitter:data2\" content=\"1 minute\" \/>\n<script type=\"application\/ld+json\" class=\"yoast-schema-graph\">{\"@context\":\"https:\/\/schema.org\",\"@graph\":[{\"@type\":\"Article\",\"@id\":\"https:\/\/www.africa-press.net\/tchad\/politique\/retour-de-la-delegation-gouvernementale-et-des-politico-militaires-de-doha#article\",\"isPartOf\":{\"@id\":\"https:\/\/www.africa-press.net\/tchad\/politique\/retour-de-la-delegation-gouvernementale-et-des-politico-militaires-de-doha\"},\"author\":{\"name\":\"cfeditorfr\",\"@id\":\"https:\/\/www.africa-press.net\/tchad\/#\/schema\/person\/2b1cf3cd81a31e3cd26889ca66d677f1\"},\"headline\":\"retour de la d\u00e9l\u00e9gation gouvernementale et des politico-militaires de Doha\",\"datePublished\":\"2022-08-14T17:44:53+00:00\",\"dateModified\":\"2022-08-14T18:22:48+00:00\",\"mainEntityOfPage\":{\"@id\":\"https:\/\/www.africa-press.net\/tchad\/politique\/retour-de-la-delegation-gouvernementale-et-des-politico-militaires-de-doha\"},\"wordCount\":127,\"commentCount\":0,\"image\":{\"@id\":\"https:\/\/www.africa-press.net\/tchad\/politique\/retour-de-la-delegation-gouvernementale-et-des-politico-militaires-de-doha#primaryimage\"},\"thumbnailUrl\":\"https:\/\/static.africa-press.net\/tchad\/sites\/41\/2022\/08\/postQueueImg_14-62f93d61e9e81.jpg\",\"keywords\":[\"Africa Press\",\"Africa Press-Tchad\",\"Tchad\"],\"articleSection\":[\"homepage-french\",\"Politique\",\"Toutes les actualit\u00e9s\"],\"inLanguage\":\"fr-FR\",\"potentialAction\":[{\"@type\":\"CommentAction\",\"name\":\"Comment\",\"target\":[\"https:\/\/www.africa-press.net\/tchad\/politique\/retour-de-la-delegation-gouvernementale-et-des-politico-militaires-de-doha#respond\"]}]},{\"@type\":\"WebPage\",\"@id\":\"https:\/\/www.africa-press.net\/tchad\/politique\/retour-de-la-delegation-gouvernementale-et-des-politico-militaires-de-doha\",\"url\":\"https:\/\/www.africa-press.net\/tchad\/politique\/retour-de-la-delegation-gouvernementale-et-des-politico-militaires-de-doha\",\"name\":\"retour de la d\u00e9l\u00e9gation gouvernementale et des politico-militaires de Doha - tchad\",\"isPartOf\":{\"@id\":\"https:\/\/www.africa-press.net\/tchad\/#website\"},\"primaryImageOfPage\":{\"@id\":\"https:\/\/www.africa-press.net\/tchad\/politique\/retour-de-la-delegation-gouvernementale-et-des-politico-militaires-de-doha#primaryimage\"},\"image\":{\"@id\":\"https:\/\/www.africa-press.net\/tchad\/politique\/retour-de-la-delegation-gouvernementale-et-des-politico-militaires-de-doha#primaryimage\"},\"thumbnailUrl\":\"https:\/\/static.africa-press.net\/tchad\/sites\/41\/2022\/08\/postQueueImg_14-62f93d61e9e81.jpg\",\"datePublished\":\"2022-08-14T17:44:53+00:00\",\"dateModified\":\"2022-08-14T18:22:48+00:00\",\"author\":{\"@id\":\"https:\/\/www.africa-press.net\/tchad\/#\/schema\/person\/2b1cf3cd81a31e3cd26889ca66d677f1\"},\"description\":\"\\\"C'est pour la premi\u00e8re fois qu'une quarantaine de mouvements discutent pendant cinq mois pour aboutir \u00e0 un accord de ...\",\"breadcrumb\":{\"@id\":\"https:\/\/www.africa-press.net\/tchad\/politique\/retour-de-la-delegation-gouvernementale-et-des-politico-militaires-de-doha#breadcrumb\"},\"inLanguage\":\"fr-FR\",\"potentialAction\":[{\"@type\":\"ReadAction\",\"target\":[\"https:\/\/www.africa-press.net\/tchad\/politique\/retour-de-la-delegation-gouvernementale-et-des-politico-militaires-de-doha\"]}]},{\"@type\":\"ImageObject\",\"inLanguage\":\"fr-FR\",\"@id\":\"https:\/\/www.africa-press.net\/tchad\/politique\/retour-de-la-delegation-gouvernementale-et-des-politico-militaires-de-doha#primaryimage\",\"url\":\"https:\/\/static.africa-press.net\/tchad\/sites\/41\/2022\/08\/postQueueImg_14-62f93d61e9e81.jpg\",\"contentUrl\":\"https:\/\/static.africa-press.net\/tchad\/sites\/41\/2022\/08\/postQueueImg_14-62f93d61e9e81.jpg\",\"width\":1008,\"height\":454,\"caption\":\"retour de la d\u00e9l\u00e9gation gouvernementale et des politico-militaires de Doha\"},{\"@type\":\"BreadcrumbList\",\"@id\":\"https:\/\/www.africa-press.net\/tchad\/politique\/retour-de-la-delegation-gouvernementale-et-des-politico-militaires-de-doha#breadcrumb\",\"itemListElement\":[{\"@type\":\"ListItem\",\"position\":1,\"name\":\"Accueil\",\"item\":\"https:\/\/www.africa-press.net\/tchad\/\"},{\"@type\":\"ListItem\",\"position\":2,\"name\":\"retour de la d\u00e9l\u00e9gation gouvernementale et des politico-militaires de Doha\"}]},{\"@type\":\"WebSite\",\"@id\":\"https:\/\/www.africa-press.net\/tchad\/#website\",\"url\":\"https:\/\/www.africa-press.net\/tchad\/\",\"name\":\"tchad\",\"description\":\"Just another Africa News Agency Sites site\",\"potentialAction\":[{\"@type\":\"SearchAction\",\"target\":{\"@type\":\"EntryPoint\",\"urlTemplate\":\"https:\/\/www.africa-press.net\/tchad\/?s={search_term_string}\"},\"query-input\":{\"@type\":\"PropertyValueSpecification\",\"valueRequired\":true,\"valueName\":\"search_term_string\"}}],\"inLanguage\":\"fr-FR\"},{\"@type\":\"Person\",\"@id\":\"https:\/\/www.africa-press.net\/tchad\/#\/schema\/person\/2b1cf3cd81a31e3cd26889ca66d677f1\",\"name\":\"cfeditorfr\"}]}<\/script>\n<!-- \/ Yoast SEO Premium plugin. -->","yoast_head_json":{"title":"retour de la d\u00e9l\u00e9gation gouvernementale et des politico-militaires de Doha - tchad","description":"\"C'est pour la premi\u00e8re fois qu'une quarantaine de mouvements discutent pendant cinq mois pour aboutir \u00e0 un accord de ...","robots":{"index":"index","follow":"follow","max-snippet":"max-snippet:-1","max-image-preview":"max-image-preview:large","max-video-preview":"max-video-preview:-1"},"canonical":"https:\/\/www.africa-press.net\/tchad\/politique\/retour-de-la-delegation-gouvernementale-et-des-politico-militaires-de-doha","og_locale":"fr_FR","og_type":"article","og_title":"retour de la d\u00e9l\u00e9gation gouvernementale et des politico-militaires de Doha","og_description":"\"C'est pour la premi\u00e8re fois qu'une quarantaine de mouvements discutent pendant cinq mois pour aboutir \u00e0 un accord de ...","og_url":"https:\/\/www.africa-press.net\/tchad\/politique\/retour-de-la-delegation-gouvernementale-et-des-politico-militaires-de-doha","og_site_name":"tchad","article_published_time":"2022-08-14T17:44:53+00:00","article_modified_time":"2022-08-14T18:22:48+00:00","og_image":[{"width":1008,"height":454,"url":"https:\/\/static.africa-press.net\/tchad\/sites\/41\/2022\/08\/postQueueImg_14-62f93d61e9e81.jpg","type":"image\/jpeg"}],"author":"cfeditorfr","twitter_card":"summary_large_image","twitter_misc":{"\u00c9crit par":"cfeditorfr","Dur\u00e9e de lecture estim\u00e9e":"1 minute"},"schema":{"@context":"https:\/\/schema.org","@graph":[{"@type":"Article","@id":"https:\/\/www.africa-press.net\/tchad\/politique\/retour-de-la-delegation-gouvernementale-et-des-politico-militaires-de-doha#article","isPartOf":{"@id":"https:\/\/www.africa-press.net\/tchad\/politique\/retour-de-la-delegation-gouvernementale-et-des-politico-militaires-de-doha"},"author":{"name":"cfeditorfr","@id":"https:\/\/www.africa-press.net\/tchad\/#\/schema\/person\/2b1cf3cd81a31e3cd26889ca66d677f1"},"headline":"retour de la d\u00e9l\u00e9gation gouvernementale et des politico-militaires de Doha","datePublished":"2022-08-14T17:44:53+00:00","dateModified":"2022-08-14T18:22:48+00:00","mainEntityOfPage":{"@id":"https:\/\/www.africa-press.net\/tchad\/politique\/retour-de-la-delegation-gouvernementale-et-des-politico-militaires-de-doha"},"wordCount":127,"commentCount":0,"image":{"@id":"https:\/\/www.africa-press.net\/tchad\/politique\/retour-de-la-delegation-gouvernementale-et-des-politico-militaires-de-doha#primaryimage"},"thumbnailUrl":"https:\/\/static.africa-press.net\/tchad\/sites\/41\/2022\/08\/postQueueImg_14-62f93d61e9e81.jpg","keywords":["Africa Press","Africa Press-Tchad","Tchad"],"articleSection":["homepage-french","Politique","Toutes les actualit\u00e9s"],"inLanguage":"fr-FR","potentialAction":[{"@type":"CommentAction","name":"Comment","target":["https:\/\/www.africa-press.net\/tchad\/politique\/retour-de-la-delegation-gouvernementale-et-des-politico-militaires-de-doha#respond"]}]},{"@type":"WebPage","@id":"https:\/\/www.africa-press.net\/tchad\/politique\/retour-de-la-delegation-gouvernementale-et-des-politico-militaires-de-doha","url":"https:\/\/www.africa-press.net\/tchad\/politique\/retour-de-la-delegation-gouvernementale-et-des-politico-militaires-de-doha","name":"retour de la d\u00e9l\u00e9gation gouvernementale et des politico-militaires de Doha - tchad","isPartOf":{"@id":"https:\/\/www.africa-press.net\/tchad\/#website"},"primaryImageOfPage":{"@id":"https:\/\/www.africa-press.net\/tchad\/politique\/retour-de-la-delegation-gouvernementale-et-des-politico-militaires-de-doha#primaryimage"},"image":{"@id":"https:\/\/www.africa-press.net\/tchad\/politique\/retour-de-la-delegation-gouvernementale-et-des-politico-militaires-de-doha#primaryimage"},"thumbnailUrl":"https:\/\/static.africa-press.net\/tchad\/sites\/41\/2022\/08\/postQueueImg_14-62f93d61e9e81.jpg","datePublished":"2022-08-14T17:44:53+00:00","dateModified":"2022-08-14T18:22:48+00:00","author":{"@id":"https:\/\/www.africa-press.net\/tchad\/#\/schema\/person\/2b1cf3cd81a31e3cd26889ca66d677f1"},"description":"\"C'est pour la premi\u00e8re fois qu'une quarantaine de mouvements discutent pendant cinq mois pour aboutir \u00e0 un accord de ...","breadcrumb":{"@id":"https:\/\/www.africa-press.net\/tchad\/politique\/retour-de-la-delegation-gouvernementale-et-des-politico-militaires-de-doha#breadcrumb"},"inLanguage":"fr-FR","potentialAction":[{"@type":"ReadAction","target":["https:\/\/www.africa-press.net\/tchad\/politique\/retour-de-la-delegation-gouvernementale-et-des-politico-militaires-de-doha"]}]},{"@type":"ImageObject","inLanguage":"fr-FR","@id":"https:\/\/www.africa-press.net\/tchad\/politique\/retour-de-la-delegation-gouvernementale-et-des-politico-militaires-de-doha#primaryimage","url":"https:\/\/static.africa-press.net\/tchad\/sites\/41\/2022\/08\/postQueueImg_14-62f93d61e9e81.jpg","contentUrl":"https:\/\/static.africa-press.net\/tchad\/sites\/41\/2022\/08\/postQueueImg_14-62f93d61e9e81.jpg","width":1008,"height":454,"caption":"retour de la d\u00e9l\u00e9gation gouvernementale et des politico-militaires de Doha"},{"@type":"BreadcrumbList","@id":"https:\/\/www.africa-press.net\/tchad\/politique\/retour-de-la-delegation-gouvernementale-et-des-politico-militaires-de-doha#breadcrumb","itemListElement":[{"@type":"ListItem","position":1,"name":"Accueil","item":"https:\/\/www.africa-press.net\/tchad\/"},{"@type":"ListItem","position":2,"name":"retour de la d\u00e9l\u00e9gation gouvernementale et des politico-militaires de Doha"}]},{"@type":"WebSite","@id":"https:\/\/www.africa-press.net\/tchad\/#website","url":"https:\/\/www.africa-press.net\/tchad\/","name":"tchad","description":"Just another Africa News Agency Sites site","potentialAction":[{"@type":"SearchAction","target":{"@type":"EntryPoint","urlTemplate":"https:\/\/www.africa-press.net\/tchad\/?s={search_term_string}"},"query-input":{"@type":"PropertyValueSpecification","valueRequired":true,"valueName":"search_term_string"}}],"inLanguage":"fr-FR"},{"@type":"Person","@id":"https:\/\/www.africa-press.net\/tchad\/#\/schema\/person\/2b1cf3cd81a31e3cd26889ca66d677f1","name":"cfeditorfr"}]}},"_links":{"self":[{"href":"https:\/\/www.africa-press.net\/tchad\/wp-json\/wp\/v2\/posts\/30559","targetHints":{"allow":["GET"]}}],"collection":[{"href":"https:\/\/www.africa-press.net\/tchad\/wp-json\/wp\/v2\/posts"}],"about":[{"href":"https:\/\/www.africa-press.net\/tchad\/wp-json\/wp\/v2\/types\/post"}],"author":[{"embeddable":true,"href":"https:\/\/www.africa-press.net\/tchad\/wp-json\/wp\/v2\/users\/82"}],"replies":[{"embeddable":true,"href":"https:\/\/www.africa-press.net\/tchad\/wp-json\/wp\/v2\/comments?post=30559"}],"version-history":[{"count":0,"href":"https:\/\/www.africa-press.net\/tchad\/wp-json\/wp\/v2\/posts\/30559\/revisions"}],"wp:featuredmedia":[{"embeddable":true,"href":"https:\/\/www.africa-press.net\/tchad\/wp-json\/wp\/v2\/media\/30558"}],"wp:attachment":[{"href":"https:\/\/www.africa-press.net\/tchad\/wp-json\/wp\/v2\/media?parent=30559"}],"wp:term":[{"taxonomy":"category","embeddable":true,"href":"https:\/\/www.africa-press.net\/tchad\/wp-json\/wp\/v2\/categories?post=30559"},{"taxonomy":"post_tag","embeddable":true,"href":"https:\/\/www.africa-press.net\/tchad\/wp-json\/wp\/v2\/tags?post=30559"}],"curies":[{"name":"wp","href":"https:\/\/api.w.org\/{rel}","templated":true}]}}