{"id":30568,"date":"2022-08-14T17:47:32","date_gmt":"2022-08-14T17:47:32","guid":{"rendered":"https:\/\/www.africa-press.net\/tchad\/politique\/dialogue-au-tchad-elle-demissionne-du-comite-de-selection-des-representants-des-jeunes"},"modified":"2022-08-14T18:24:14","modified_gmt":"2022-08-14T18:24:14","slug":"dialogue-au-tchad-elle-demissionne-du-comite-de-selection-des-representants-des-jeunes","status":"publish","type":"post","link":"https:\/\/www.africa-press.net\/tchad\/politique\/dialogue-au-tchad-elle-demissionne-du-comite-de-selection-des-representants-des-jeunes","title":{"rendered":"Dialogue au Tchad : elle d\u00e9missionne du comit\u00e9 de s\u00e9lection des repr\u00e9sentants des jeunes"},"content":{"rendered":"<p><span style=\"color: #ff6600\"><strong>Africa-Press &#8211; Tchad. <\/strong><\/span><b>\u00ab\u00a0Nous avons travaill\u00e9 en toute transparence mettant en avant l&rsquo;int\u00e9r\u00eat supr\u00eame de la Jeunesse et de notre pays. Ce travail je l&rsquo;ai accompli avec fiert\u00e9 et honneur. Malheureusement, j&rsquo;ai constat\u00e9 des choses regrettables qui sont pr\u00e9par\u00e9es\u00a0\u00bb<\/b>, affirme-t-elle. Macka Cherif n&rsquo;a pas donn\u00e9 de pr\u00e9cisions sur les pratiques \u00ab\u00a0regrettables\u00a0\u00bb qu&rsquo;elle dit avoir constat\u00e9. Selon certaines informations, la liste des 70 jeunes retenus aurait \u00e9t\u00e9 remplac\u00e9e par une autre liste.<\/p>\n<p>Samedi, le Conseil national de la jeunesse du Tchad (CNJT) a annonc\u00e9 que 183 dossiers ont \u00e9t\u00e9 r\u00e9ceptionn\u00e9s par le comit\u00e9.<\/p>\n<p><b>\u00ab\u00a0Pour ne pas trahir la jeunesse que j&rsquo;ai servie en toute loyaut\u00e9 et conform\u00e9ment \u00e0 l&rsquo;engagement que j&rsquo;ai pris pour travailler dans la transparence afin de contribuer efficacement \u00e0 la refondation de notre nation, je d\u00e9missionne du comit\u00e9 et l&rsquo;histoire t\u00e9moignera que je n&rsquo;ai ni vendu ma conscience ni vendu la jeunesse\u00a0\u00bb<\/b>, ajoute Macka Cherif Mahamat.<\/p>\n<p>Sur les 183 candidats, 70 jeunes ont \u00e9t\u00e9 retenus par le comit\u00e9, suivant le crit\u00e8re d&rsquo;\u00e2ge, d&rsquo;exp\u00e9rience associative, de comp\u00e9tence, de probit\u00e9 et de niveau d&rsquo;\u00e9tude, le tout not\u00e9 sur 25 points, d\u00e9taille le CNJT.<\/p>\n<p><strong>Pour plus d&rsquo;informations et d&rsquo;analyses sur la <a href=\"https:\/\/www.africa-press.net\/tchad\">Tchad<\/a>, suivez <a href=\"https:\/\/www.africa-press.net\/\">Africa-Press<\/a><\/strong><\/p>\n","protected":false},"excerpt":{"rendered":"<p>Africa-Press &#8211; Tchad. \u00ab\u00a0Nous avons travaill\u00e9 en toute transparence mettant en avant l&rsquo;int\u00e9r\u00eat supr\u00eame de la Jeunesse et de notre pays. Ce travail je l&rsquo;ai accompli avec fiert\u00e9 et honneur. Malheureusement, j&rsquo;ai constat\u00e9 des choses regrettables qui sont pr\u00e9par\u00e9es\u00a0\u00bb, affirme-t-elle. Macka Cherif n&rsquo;a pas donn\u00e9 de pr\u00e9cisions sur les pratiques \u00ab\u00a0regrettables\u00a0\u00bb qu&rsquo;elle dit avoir constat\u00e9. [&hellip;]<\/p>\n","protected":false},"author":82,"featured_media":30567,"comment_status":"open","ping_status":"closed","sticky":false,"template":"","format":"standard","meta":{"footnotes":""},"categories":[11,2,10],"tags":[37,292,29],"class_list":["post-30568","post","type-post","status-publish","format-standard","has-post-thumbnail","hentry","category-homepage-french","category-politique","category-toutes-les-actualites","tag-africa-press","tag-africa-press-tchad","tag-tchad"],"yoast_head":"<!-- This site is optimized with the Yoast SEO Premium plugin v26.1 (Yoast SEO v27.0) - https:\/\/yoast.com\/product\/yoast-seo-premium-wordpress\/ -->\n<title>Dialogue au Tchad : elle d\u00e9missionne du comit\u00e9 de s\u00e9lection des repr\u00e9sentants des jeunes - tchad<\/title>\n<meta name=\"description\" content=\"&quot;Nous avons travaill\u00e9 en toute transparence mettant en avant l&#039;int\u00e9r\u00eat supr\u00eame de la Jeunesse et de notre pays. Ce tr ...\" \/>\n<meta name=\"robots\" content=\"index, follow, max-snippet:-1, max-image-preview:large, max-video-preview:-1\" \/>\n<link rel=\"canonical\" href=\"https:\/\/www.africa-press.net\/tchad\/politique\/dialogue-au-tchad-elle-demissionne-du-comite-de-selection-des-representants-des-jeunes\" \/>\n<meta property=\"og:locale\" content=\"fr_FR\" \/>\n<meta property=\"og:type\" content=\"article\" \/>\n<meta property=\"og:title\" content=\"Dialogue au Tchad : elle d\u00e9missionne du comit\u00e9 de s\u00e9lection des repr\u00e9sentants des jeunes\" \/>\n<meta property=\"og:description\" content=\"&quot;Nous avons travaill\u00e9 en toute transparence mettant en avant l&#039;int\u00e9r\u00eat supr\u00eame de la Jeunesse et de notre pays. Ce tr ...\" \/>\n<meta property=\"og:url\" content=\"https:\/\/www.africa-press.net\/tchad\/politique\/dialogue-au-tchad-elle-demissionne-du-comite-de-selection-des-representants-des-jeunes\" \/>\n<meta property=\"og:site_name\" content=\"tchad\" \/>\n<meta property=\"article:published_time\" content=\"2022-08-14T17:47:32+00:00\" \/>\n<meta property=\"article:modified_time\" content=\"2022-08-14T18:24:14+00:00\" \/>\n<meta property=\"og:image\" content=\"https:\/\/static.africa-press.net\/tchad\/sites\/41\/2022\/08\/postQueueImg_17-62f93dbb24177.jpg\" \/>\n\t<meta property=\"og:image:width\" content=\"960\" \/>\n\t<meta property=\"og:image:height\" content=\"640\" \/>\n\t<meta property=\"og:image:type\" content=\"image\/jpeg\" \/>\n<meta name=\"author\" content=\"cfeditorfr\" \/>\n<meta name=\"twitter:card\" content=\"summary_large_image\" \/>\n<meta name=\"twitter:label1\" content=\"\u00c9crit par\" \/>\n\t<meta name=\"twitter:data1\" content=\"cfeditorfr\" \/>\n\t<meta name=\"twitter:label2\" content=\"Dur\u00e9e de lecture estim\u00e9e\" \/>\n\t<meta name=\"twitter:data2\" content=\"1 minute\" \/>\n<script type=\"application\/ld+json\" class=\"yoast-schema-graph\">{\"@context\":\"https:\/\/schema.org\",\"@graph\":[{\"@type\":\"Article\",\"@id\":\"https:\/\/www.africa-press.net\/tchad\/politique\/dialogue-au-tchad-elle-demissionne-du-comite-de-selection-des-representants-des-jeunes#article\",\"isPartOf\":{\"@id\":\"https:\/\/www.africa-press.net\/tchad\/politique\/dialogue-au-tchad-elle-demissionne-du-comite-de-selection-des-representants-des-jeunes\"},\"author\":{\"name\":\"cfeditorfr\",\"@id\":\"https:\/\/www.africa-press.net\/tchad\/#\/schema\/person\/2b1cf3cd81a31e3cd26889ca66d677f1\"},\"headline\":\"Dialogue au Tchad : elle d\u00e9missionne du comit\u00e9 de s\u00e9lection des repr\u00e9sentants des jeunes\",\"datePublished\":\"2022-08-14T17:47:32+00:00\",\"dateModified\":\"2022-08-14T18:24:14+00:00\",\"mainEntityOfPage\":{\"@id\":\"https:\/\/www.africa-press.net\/tchad\/politique\/dialogue-au-tchad-elle-demissionne-du-comite-de-selection-des-representants-des-jeunes\"},\"wordCount\":233,\"commentCount\":0,\"image\":{\"@id\":\"https:\/\/www.africa-press.net\/tchad\/politique\/dialogue-au-tchad-elle-demissionne-du-comite-de-selection-des-representants-des-jeunes#primaryimage\"},\"thumbnailUrl\":\"https:\/\/static.africa-press.net\/tchad\/sites\/41\/2022\/08\/postQueueImg_17-62f93dbb24177.jpg\",\"keywords\":[\"Africa Press\",\"Africa Press-Tchad\",\"Tchad\"],\"articleSection\":[\"homepage-french\",\"Politique\",\"Toutes les actualit\u00e9s\"],\"inLanguage\":\"fr-FR\",\"potentialAction\":[{\"@type\":\"CommentAction\",\"name\":\"Comment\",\"target\":[\"https:\/\/www.africa-press.net\/tchad\/politique\/dialogue-au-tchad-elle-demissionne-du-comite-de-selection-des-representants-des-jeunes#respond\"]}]},{\"@type\":\"WebPage\",\"@id\":\"https:\/\/www.africa-press.net\/tchad\/politique\/dialogue-au-tchad-elle-demissionne-du-comite-de-selection-des-representants-des-jeunes\",\"url\":\"https:\/\/www.africa-press.net\/tchad\/politique\/dialogue-au-tchad-elle-demissionne-du-comite-de-selection-des-representants-des-jeunes\",\"name\":\"Dialogue au Tchad : elle d\u00e9missionne du comit\u00e9 de s\u00e9lection des repr\u00e9sentants des jeunes - tchad\",\"isPartOf\":{\"@id\":\"https:\/\/www.africa-press.net\/tchad\/#website\"},\"primaryImageOfPage\":{\"@id\":\"https:\/\/www.africa-press.net\/tchad\/politique\/dialogue-au-tchad-elle-demissionne-du-comite-de-selection-des-representants-des-jeunes#primaryimage\"},\"image\":{\"@id\":\"https:\/\/www.africa-press.net\/tchad\/politique\/dialogue-au-tchad-elle-demissionne-du-comite-de-selection-des-representants-des-jeunes#primaryimage\"},\"thumbnailUrl\":\"https:\/\/static.africa-press.net\/tchad\/sites\/41\/2022\/08\/postQueueImg_17-62f93dbb24177.jpg\",\"datePublished\":\"2022-08-14T17:47:32+00:00\",\"dateModified\":\"2022-08-14T18:24:14+00:00\",\"author\":{\"@id\":\"https:\/\/www.africa-press.net\/tchad\/#\/schema\/person\/2b1cf3cd81a31e3cd26889ca66d677f1\"},\"description\":\"\\\"Nous avons travaill\u00e9 en toute transparence mettant en avant l'int\u00e9r\u00eat supr\u00eame de la Jeunesse et de notre pays. Ce tr ...\",\"breadcrumb\":{\"@id\":\"https:\/\/www.africa-press.net\/tchad\/politique\/dialogue-au-tchad-elle-demissionne-du-comite-de-selection-des-representants-des-jeunes#breadcrumb\"},\"inLanguage\":\"fr-FR\",\"potentialAction\":[{\"@type\":\"ReadAction\",\"target\":[\"https:\/\/www.africa-press.net\/tchad\/politique\/dialogue-au-tchad-elle-demissionne-du-comite-de-selection-des-representants-des-jeunes\"]}]},{\"@type\":\"ImageObject\",\"inLanguage\":\"fr-FR\",\"@id\":\"https:\/\/www.africa-press.net\/tchad\/politique\/dialogue-au-tchad-elle-demissionne-du-comite-de-selection-des-representants-des-jeunes#primaryimage\",\"url\":\"https:\/\/static.africa-press.net\/tchad\/sites\/41\/2022\/08\/postQueueImg_17-62f93dbb24177.jpg\",\"contentUrl\":\"https:\/\/static.africa-press.net\/tchad\/sites\/41\/2022\/08\/postQueueImg_17-62f93dbb24177.jpg\",\"width\":960,\"height\":640,\"caption\":\"Dialogue au Tchad : elle d\u00e9missionne du comit\u00e9 de s\u00e9lection des repr\u00e9sentants des jeunes\"},{\"@type\":\"BreadcrumbList\",\"@id\":\"https:\/\/www.africa-press.net\/tchad\/politique\/dialogue-au-tchad-elle-demissionne-du-comite-de-selection-des-representants-des-jeunes#breadcrumb\",\"itemListElement\":[{\"@type\":\"ListItem\",\"position\":1,\"name\":\"Accueil\",\"item\":\"https:\/\/www.africa-press.net\/tchad\/\"},{\"@type\":\"ListItem\",\"position\":2,\"name\":\"Dialogue au Tchad : elle d\u00e9missionne du comit\u00e9 de s\u00e9lection des repr\u00e9sentants des jeunes\"}]},{\"@type\":\"WebSite\",\"@id\":\"https:\/\/www.africa-press.net\/tchad\/#website\",\"url\":\"https:\/\/www.africa-press.net\/tchad\/\",\"name\":\"tchad\",\"description\":\"Just another Africa News Agency Sites site\",\"potentialAction\":[{\"@type\":\"SearchAction\",\"target\":{\"@type\":\"EntryPoint\",\"urlTemplate\":\"https:\/\/www.africa-press.net\/tchad\/?s={search_term_string}\"},\"query-input\":{\"@type\":\"PropertyValueSpecification\",\"valueRequired\":true,\"valueName\":\"search_term_string\"}}],\"inLanguage\":\"fr-FR\"},{\"@type\":\"Person\",\"@id\":\"https:\/\/www.africa-press.net\/tchad\/#\/schema\/person\/2b1cf3cd81a31e3cd26889ca66d677f1\",\"name\":\"cfeditorfr\"}]}<\/script>\n<!-- \/ Yoast SEO Premium plugin. -->","yoast_head_json":{"title":"Dialogue au Tchad : elle d\u00e9missionne du comit\u00e9 de s\u00e9lection des repr\u00e9sentants des jeunes - tchad","description":"\"Nous avons travaill\u00e9 en toute transparence mettant en avant l'int\u00e9r\u00eat supr\u00eame de la Jeunesse et de notre pays. Ce tr ...","robots":{"index":"index","follow":"follow","max-snippet":"max-snippet:-1","max-image-preview":"max-image-preview:large","max-video-preview":"max-video-preview:-1"},"canonical":"https:\/\/www.africa-press.net\/tchad\/politique\/dialogue-au-tchad-elle-demissionne-du-comite-de-selection-des-representants-des-jeunes","og_locale":"fr_FR","og_type":"article","og_title":"Dialogue au Tchad : elle d\u00e9missionne du comit\u00e9 de s\u00e9lection des repr\u00e9sentants des jeunes","og_description":"\"Nous avons travaill\u00e9 en toute transparence mettant en avant l'int\u00e9r\u00eat supr\u00eame de la Jeunesse et de notre pays. Ce tr ...","og_url":"https:\/\/www.africa-press.net\/tchad\/politique\/dialogue-au-tchad-elle-demissionne-du-comite-de-selection-des-representants-des-jeunes","og_site_name":"tchad","article_published_time":"2022-08-14T17:47:32+00:00","article_modified_time":"2022-08-14T18:24:14+00:00","og_image":[{"width":960,"height":640,"url":"https:\/\/static.africa-press.net\/tchad\/sites\/41\/2022\/08\/postQueueImg_17-62f93dbb24177.jpg","type":"image\/jpeg"}],"author":"cfeditorfr","twitter_card":"summary_large_image","twitter_misc":{"\u00c9crit par":"cfeditorfr","Dur\u00e9e de lecture estim\u00e9e":"1 minute"},"schema":{"@context":"https:\/\/schema.org","@graph":[{"@type":"Article","@id":"https:\/\/www.africa-press.net\/tchad\/politique\/dialogue-au-tchad-elle-demissionne-du-comite-de-selection-des-representants-des-jeunes#article","isPartOf":{"@id":"https:\/\/www.africa-press.net\/tchad\/politique\/dialogue-au-tchad-elle-demissionne-du-comite-de-selection-des-representants-des-jeunes"},"author":{"name":"cfeditorfr","@id":"https:\/\/www.africa-press.net\/tchad\/#\/schema\/person\/2b1cf3cd81a31e3cd26889ca66d677f1"},"headline":"Dialogue au Tchad : elle d\u00e9missionne du comit\u00e9 de s\u00e9lection des repr\u00e9sentants des jeunes","datePublished":"2022-08-14T17:47:32+00:00","dateModified":"2022-08-14T18:24:14+00:00","mainEntityOfPage":{"@id":"https:\/\/www.africa-press.net\/tchad\/politique\/dialogue-au-tchad-elle-demissionne-du-comite-de-selection-des-representants-des-jeunes"},"wordCount":233,"commentCount":0,"image":{"@id":"https:\/\/www.africa-press.net\/tchad\/politique\/dialogue-au-tchad-elle-demissionne-du-comite-de-selection-des-representants-des-jeunes#primaryimage"},"thumbnailUrl":"https:\/\/static.africa-press.net\/tchad\/sites\/41\/2022\/08\/postQueueImg_17-62f93dbb24177.jpg","keywords":["Africa Press","Africa Press-Tchad","Tchad"],"articleSection":["homepage-french","Politique","Toutes les actualit\u00e9s"],"inLanguage":"fr-FR","potentialAction":[{"@type":"CommentAction","name":"Comment","target":["https:\/\/www.africa-press.net\/tchad\/politique\/dialogue-au-tchad-elle-demissionne-du-comite-de-selection-des-representants-des-jeunes#respond"]}]},{"@type":"WebPage","@id":"https:\/\/www.africa-press.net\/tchad\/politique\/dialogue-au-tchad-elle-demissionne-du-comite-de-selection-des-representants-des-jeunes","url":"https:\/\/www.africa-press.net\/tchad\/politique\/dialogue-au-tchad-elle-demissionne-du-comite-de-selection-des-representants-des-jeunes","name":"Dialogue au Tchad : elle d\u00e9missionne du comit\u00e9 de s\u00e9lection des repr\u00e9sentants des jeunes - tchad","isPartOf":{"@id":"https:\/\/www.africa-press.net\/tchad\/#website"},"primaryImageOfPage":{"@id":"https:\/\/www.africa-press.net\/tchad\/politique\/dialogue-au-tchad-elle-demissionne-du-comite-de-selection-des-representants-des-jeunes#primaryimage"},"image":{"@id":"https:\/\/www.africa-press.net\/tchad\/politique\/dialogue-au-tchad-elle-demissionne-du-comite-de-selection-des-representants-des-jeunes#primaryimage"},"thumbnailUrl":"https:\/\/static.africa-press.net\/tchad\/sites\/41\/2022\/08\/postQueueImg_17-62f93dbb24177.jpg","datePublished":"2022-08-14T17:47:32+00:00","dateModified":"2022-08-14T18:24:14+00:00","author":{"@id":"https:\/\/www.africa-press.net\/tchad\/#\/schema\/person\/2b1cf3cd81a31e3cd26889ca66d677f1"},"description":"\"Nous avons travaill\u00e9 en toute transparence mettant en avant l'int\u00e9r\u00eat supr\u00eame de la Jeunesse et de notre pays. Ce tr ...","breadcrumb":{"@id":"https:\/\/www.africa-press.net\/tchad\/politique\/dialogue-au-tchad-elle-demissionne-du-comite-de-selection-des-representants-des-jeunes#breadcrumb"},"inLanguage":"fr-FR","potentialAction":[{"@type":"ReadAction","target":["https:\/\/www.africa-press.net\/tchad\/politique\/dialogue-au-tchad-elle-demissionne-du-comite-de-selection-des-representants-des-jeunes"]}]},{"@type":"ImageObject","inLanguage":"fr-FR","@id":"https:\/\/www.africa-press.net\/tchad\/politique\/dialogue-au-tchad-elle-demissionne-du-comite-de-selection-des-representants-des-jeunes#primaryimage","url":"https:\/\/static.africa-press.net\/tchad\/sites\/41\/2022\/08\/postQueueImg_17-62f93dbb24177.jpg","contentUrl":"https:\/\/static.africa-press.net\/tchad\/sites\/41\/2022\/08\/postQueueImg_17-62f93dbb24177.jpg","width":960,"height":640,"caption":"Dialogue au Tchad : elle d\u00e9missionne du comit\u00e9 de s\u00e9lection des repr\u00e9sentants des jeunes"},{"@type":"BreadcrumbList","@id":"https:\/\/www.africa-press.net\/tchad\/politique\/dialogue-au-tchad-elle-demissionne-du-comite-de-selection-des-representants-des-jeunes#breadcrumb","itemListElement":[{"@type":"ListItem","position":1,"name":"Accueil","item":"https:\/\/www.africa-press.net\/tchad\/"},{"@type":"ListItem","position":2,"name":"Dialogue au Tchad : elle d\u00e9missionne du comit\u00e9 de s\u00e9lection des repr\u00e9sentants des jeunes"}]},{"@type":"WebSite","@id":"https:\/\/www.africa-press.net\/tchad\/#website","url":"https:\/\/www.africa-press.net\/tchad\/","name":"tchad","description":"Just another Africa News Agency Sites site","potentialAction":[{"@type":"SearchAction","target":{"@type":"EntryPoint","urlTemplate":"https:\/\/www.africa-press.net\/tchad\/?s={search_term_string}"},"query-input":{"@type":"PropertyValueSpecification","valueRequired":true,"valueName":"search_term_string"}}],"inLanguage":"fr-FR"},{"@type":"Person","@id":"https:\/\/www.africa-press.net\/tchad\/#\/schema\/person\/2b1cf3cd81a31e3cd26889ca66d677f1","name":"cfeditorfr"}]}},"_links":{"self":[{"href":"https:\/\/www.africa-press.net\/tchad\/wp-json\/wp\/v2\/posts\/30568","targetHints":{"allow":["GET"]}}],"collection":[{"href":"https:\/\/www.africa-press.net\/tchad\/wp-json\/wp\/v2\/posts"}],"about":[{"href":"https:\/\/www.africa-press.net\/tchad\/wp-json\/wp\/v2\/types\/post"}],"author":[{"embeddable":true,"href":"https:\/\/www.africa-press.net\/tchad\/wp-json\/wp\/v2\/users\/82"}],"replies":[{"embeddable":true,"href":"https:\/\/www.africa-press.net\/tchad\/wp-json\/wp\/v2\/comments?post=30568"}],"version-history":[{"count":0,"href":"https:\/\/www.africa-press.net\/tchad\/wp-json\/wp\/v2\/posts\/30568\/revisions"}],"wp:featuredmedia":[{"embeddable":true,"href":"https:\/\/www.africa-press.net\/tchad\/wp-json\/wp\/v2\/media\/30567"}],"wp:attachment":[{"href":"https:\/\/www.africa-press.net\/tchad\/wp-json\/wp\/v2\/media?parent=30568"}],"wp:term":[{"taxonomy":"category","embeddable":true,"href":"https:\/\/www.africa-press.net\/tchad\/wp-json\/wp\/v2\/categories?post=30568"},{"taxonomy":"post_tag","embeddable":true,"href":"https:\/\/www.africa-press.net\/tchad\/wp-json\/wp\/v2\/tags?post=30568"}],"curies":[{"name":"wp","href":"https:\/\/api.w.org\/{rel}","templated":true}]}}