{"id":30577,"date":"2022-08-14T17:50:29","date_gmt":"2022-08-14T17:50:29","guid":{"rendered":"https:\/\/www.africa-press.net\/tchad\/politique\/dr-kabadi-soppose-a-letat-federal-et-ne-comprend-pas-lagitation-pour-la-division"},"modified":"2022-08-14T18:25:39","modified_gmt":"2022-08-14T18:25:39","slug":"dr-kabadi-soppose-a-letat-federal-et-ne-comprend-pas-lagitation-pour-la-division","status":"publish","type":"post","link":"https:\/\/www.africa-press.net\/tchad\/parties\/dr-kabadi-soppose-a-letat-federal-et-ne-comprend-pas-lagitation-pour-la-division","title":{"rendered":"Dr. Kabadi s&rsquo;oppose \u00e0 l&rsquo;\u00c9tat f\u00e9d\u00e9ral et ne comprend pas \u00ab\u00a0l&rsquo;agitation pour la division\u00a0\u00bb"},"content":{"rendered":"<p><span style=\"color: #ff6600\"><strong>Africa-Press &#8211; Tchad. <\/strong><\/span>Le n\u00b01 du MPS affirme \u00eatre contre l&rsquo;\u00c9tat f\u00e9d\u00e9ral car le pays est encore fragile. Il ne voit pas \u00ab\u00a0pourquoi les autres sont agit\u00e9s pour diviser le Tchad\u00a0\u00bb. L&rsquo;Alliance 43 -derri\u00e8re le MPS- soutient un \u00c9tat fortement d\u00e9centralis\u00e9.<\/p>\n<p>Dr. Haroun Kabadi souligne que le MPS et ses alli\u00e9s viennent au dialogue avec un esprit tr\u00e8s ouvert, avec de l&rsquo;amour pour les autres tchadiens puis avec conviction. \u00ab\u00a0Il n&rsquo;est pas question de reculer\u00a0\u00bb, dit-il. Le MPS et ses alli\u00e9s seront l\u00e0 pour briser les cha\u00eenes du sous d\u00e9veloppement. <b>\u00ab\u00a0Si les politico-militaires sont l\u00e0, c&rsquo;est pour le pardon et non pour baisser la t\u00eate\u00a0\u00bb<\/b>, rel\u00e8ve Dr. Kabadi.<\/p>\n<p><strong>Pour plus d&rsquo;informations et d&rsquo;analyses sur la <a href=\"https:\/\/www.africa-press.net\/tchad\">Tchad<\/a>, suivez <a href=\"https:\/\/www.africa-press.net\/\">Africa-Press<\/a><\/strong><\/p>\n","protected":false},"excerpt":{"rendered":"<p>Africa-Press &#8211; Tchad. Le n\u00b01 du MPS affirme \u00eatre contre l&rsquo;\u00c9tat f\u00e9d\u00e9ral car le pays est encore fragile. Il ne voit pas \u00ab\u00a0pourquoi les autres sont agit\u00e9s pour diviser le Tchad\u00a0\u00bb. L&rsquo;Alliance 43 -derri\u00e8re le MPS- soutient un \u00c9tat fortement d\u00e9centralis\u00e9. Dr. Haroun Kabadi souligne que le MPS et ses alli\u00e9s viennent au dialogue avec [&hellip;]<\/p>\n","protected":false},"author":82,"featured_media":30576,"comment_status":"open","ping_status":"closed","sticky":false,"template":"","format":"standard","meta":{"footnotes":""},"categories":[11,4,10],"tags":[37,292,29],"class_list":["post-30577","post","type-post","status-publish","format-standard","has-post-thumbnail","hentry","category-homepage-french","category-parties","category-toutes-les-actualites","tag-africa-press","tag-africa-press-tchad","tag-tchad"],"yoast_head":"<!-- This site is optimized with the Yoast SEO Premium plugin v26.1 (Yoast SEO v27.0) - https:\/\/yoast.com\/product\/yoast-seo-premium-wordpress\/ -->\n<title>Dr. Kabadi s&#039;oppose \u00e0 l&#039;\u00c9tat f\u00e9d\u00e9ral et ne comprend pas &quot;l&#039;agitation pour la division&quot; - tchad<\/title>\n<meta name=\"description\" content=\"Le n\u00b01 du MPS affirme \u00eatre contre l&#039;\u00c9tat f\u00e9d\u00e9ral car le pays est encore fragile. Il ne voit pas &quot;pourquoi les autres son ...\" \/>\n<meta name=\"robots\" content=\"index, follow, max-snippet:-1, max-image-preview:large, max-video-preview:-1\" \/>\n<link rel=\"canonical\" href=\"https:\/\/www.africa-press.net\/tchad\/parties\/dr-kabadi-soppose-a-letat-federal-et-ne-comprend-pas-lagitation-pour-la-division\" \/>\n<meta property=\"og:locale\" content=\"fr_FR\" \/>\n<meta property=\"og:type\" content=\"article\" \/>\n<meta property=\"og:title\" content=\"Dr. Kabadi s&#039;oppose \u00e0 l&#039;\u00c9tat f\u00e9d\u00e9ral et ne comprend pas &quot;l&#039;agitation pour la division&quot;\" \/>\n<meta property=\"og:description\" content=\"Le n\u00b01 du MPS affirme \u00eatre contre l&#039;\u00c9tat f\u00e9d\u00e9ral car le pays est encore fragile. Il ne voit pas &quot;pourquoi les autres son ...\" \/>\n<meta property=\"og:url\" content=\"https:\/\/www.africa-press.net\/tchad\/parties\/dr-kabadi-soppose-a-letat-federal-et-ne-comprend-pas-lagitation-pour-la-division\" \/>\n<meta property=\"og:site_name\" content=\"tchad\" \/>\n<meta property=\"article:published_time\" content=\"2022-08-14T17:50:29+00:00\" \/>\n<meta property=\"article:modified_time\" content=\"2022-08-14T18:25:39+00:00\" \/>\n<meta property=\"og:image\" content=\"https:\/\/static.africa-press.net\/tchad\/sites\/41\/2022\/08\/postQueueImg_20-62f93e0f0b821.jpg\" \/>\n\t<meta property=\"og:image:width\" content=\"960\" \/>\n\t<meta property=\"og:image:height\" content=\"692\" \/>\n\t<meta property=\"og:image:type\" content=\"image\/jpeg\" \/>\n<meta name=\"author\" content=\"cfeditorfr\" \/>\n<meta name=\"twitter:card\" content=\"summary_large_image\" \/>\n<meta name=\"twitter:label1\" content=\"\u00c9crit par\" \/>\n\t<meta name=\"twitter:data1\" content=\"cfeditorfr\" \/>\n\t<meta name=\"twitter:label2\" content=\"Dur\u00e9e de lecture estim\u00e9e\" \/>\n\t<meta name=\"twitter:data2\" content=\"1 minute\" \/>\n<script type=\"application\/ld+json\" class=\"yoast-schema-graph\">{\"@context\":\"https:\/\/schema.org\",\"@graph\":[{\"@type\":\"Article\",\"@id\":\"https:\/\/www.africa-press.net\/tchad\/parties\/dr-kabadi-soppose-a-letat-federal-et-ne-comprend-pas-lagitation-pour-la-division#article\",\"isPartOf\":{\"@id\":\"https:\/\/www.africa-press.net\/tchad\/parties\/dr-kabadi-soppose-a-letat-federal-et-ne-comprend-pas-lagitation-pour-la-division\"},\"author\":{\"name\":\"cfeditorfr\",\"@id\":\"https:\/\/www.africa-press.net\/tchad\/#\/schema\/person\/2b1cf3cd81a31e3cd26889ca66d677f1\"},\"headline\":\"Dr. Kabadi s&rsquo;oppose \u00e0 l&rsquo;\u00c9tat f\u00e9d\u00e9ral et ne comprend pas \u00ab\u00a0l&rsquo;agitation pour la division\u00a0\u00bb\",\"datePublished\":\"2022-08-14T17:50:29+00:00\",\"dateModified\":\"2022-08-14T18:25:39+00:00\",\"mainEntityOfPage\":{\"@id\":\"https:\/\/www.africa-press.net\/tchad\/parties\/dr-kabadi-soppose-a-letat-federal-et-ne-comprend-pas-lagitation-pour-la-division\"},\"wordCount\":154,\"commentCount\":0,\"image\":{\"@id\":\"https:\/\/www.africa-press.net\/tchad\/parties\/dr-kabadi-soppose-a-letat-federal-et-ne-comprend-pas-lagitation-pour-la-division#primaryimage\"},\"thumbnailUrl\":\"https:\/\/static.africa-press.net\/tchad\/sites\/41\/2022\/08\/postQueueImg_20-62f93e0f0b821.jpg\",\"keywords\":[\"Africa Press\",\"Africa Press-Tchad\",\"Tchad\"],\"articleSection\":[\"homepage-french\",\"Parties\",\"Toutes les actualit\u00e9s\"],\"inLanguage\":\"fr-FR\",\"potentialAction\":[{\"@type\":\"CommentAction\",\"name\":\"Comment\",\"target\":[\"https:\/\/www.africa-press.net\/tchad\/parties\/dr-kabadi-soppose-a-letat-federal-et-ne-comprend-pas-lagitation-pour-la-division#respond\"]}]},{\"@type\":\"WebPage\",\"@id\":\"https:\/\/www.africa-press.net\/tchad\/parties\/dr-kabadi-soppose-a-letat-federal-et-ne-comprend-pas-lagitation-pour-la-division\",\"url\":\"https:\/\/www.africa-press.net\/tchad\/parties\/dr-kabadi-soppose-a-letat-federal-et-ne-comprend-pas-lagitation-pour-la-division\",\"name\":\"Dr. Kabadi s'oppose \u00e0 l'\u00c9tat f\u00e9d\u00e9ral et ne comprend pas \\\"l'agitation pour la division\\\" - tchad\",\"isPartOf\":{\"@id\":\"https:\/\/www.africa-press.net\/tchad\/#website\"},\"primaryImageOfPage\":{\"@id\":\"https:\/\/www.africa-press.net\/tchad\/parties\/dr-kabadi-soppose-a-letat-federal-et-ne-comprend-pas-lagitation-pour-la-division#primaryimage\"},\"image\":{\"@id\":\"https:\/\/www.africa-press.net\/tchad\/parties\/dr-kabadi-soppose-a-letat-federal-et-ne-comprend-pas-lagitation-pour-la-division#primaryimage\"},\"thumbnailUrl\":\"https:\/\/static.africa-press.net\/tchad\/sites\/41\/2022\/08\/postQueueImg_20-62f93e0f0b821.jpg\",\"datePublished\":\"2022-08-14T17:50:29+00:00\",\"dateModified\":\"2022-08-14T18:25:39+00:00\",\"author\":{\"@id\":\"https:\/\/www.africa-press.net\/tchad\/#\/schema\/person\/2b1cf3cd81a31e3cd26889ca66d677f1\"},\"description\":\"Le n\u00b01 du MPS affirme \u00eatre contre l'\u00c9tat f\u00e9d\u00e9ral car le pays est encore fragile. Il ne voit pas \\\"pourquoi les autres son ...\",\"breadcrumb\":{\"@id\":\"https:\/\/www.africa-press.net\/tchad\/parties\/dr-kabadi-soppose-a-letat-federal-et-ne-comprend-pas-lagitation-pour-la-division#breadcrumb\"},\"inLanguage\":\"fr-FR\",\"potentialAction\":[{\"@type\":\"ReadAction\",\"target\":[\"https:\/\/www.africa-press.net\/tchad\/parties\/dr-kabadi-soppose-a-letat-federal-et-ne-comprend-pas-lagitation-pour-la-division\"]}]},{\"@type\":\"ImageObject\",\"inLanguage\":\"fr-FR\",\"@id\":\"https:\/\/www.africa-press.net\/tchad\/parties\/dr-kabadi-soppose-a-letat-federal-et-ne-comprend-pas-lagitation-pour-la-division#primaryimage\",\"url\":\"https:\/\/static.africa-press.net\/tchad\/sites\/41\/2022\/08\/postQueueImg_20-62f93e0f0b821.jpg\",\"contentUrl\":\"https:\/\/static.africa-press.net\/tchad\/sites\/41\/2022\/08\/postQueueImg_20-62f93e0f0b821.jpg\",\"width\":960,\"height\":692,\"caption\":\"Dr. Kabadi s'oppose \u00e0 l'\u00c9tat f\u00e9d\u00e9ral et ne comprend pas \\\"l'agitation pour la division\\\"\"},{\"@type\":\"BreadcrumbList\",\"@id\":\"https:\/\/www.africa-press.net\/tchad\/parties\/dr-kabadi-soppose-a-letat-federal-et-ne-comprend-pas-lagitation-pour-la-division#breadcrumb\",\"itemListElement\":[{\"@type\":\"ListItem\",\"position\":1,\"name\":\"Accueil\",\"item\":\"https:\/\/www.africa-press.net\/tchad\/\"},{\"@type\":\"ListItem\",\"position\":2,\"name\":\"Dr. Kabadi s&#8217;oppose \u00e0 l&#8217;\u00c9tat f\u00e9d\u00e9ral et ne comprend pas &#8220;l&#8217;agitation pour la division&#8221;\"}]},{\"@type\":\"WebSite\",\"@id\":\"https:\/\/www.africa-press.net\/tchad\/#website\",\"url\":\"https:\/\/www.africa-press.net\/tchad\/\",\"name\":\"tchad\",\"description\":\"Just another Africa News Agency Sites site\",\"potentialAction\":[{\"@type\":\"SearchAction\",\"target\":{\"@type\":\"EntryPoint\",\"urlTemplate\":\"https:\/\/www.africa-press.net\/tchad\/?s={search_term_string}\"},\"query-input\":{\"@type\":\"PropertyValueSpecification\",\"valueRequired\":true,\"valueName\":\"search_term_string\"}}],\"inLanguage\":\"fr-FR\"},{\"@type\":\"Person\",\"@id\":\"https:\/\/www.africa-press.net\/tchad\/#\/schema\/person\/2b1cf3cd81a31e3cd26889ca66d677f1\",\"name\":\"cfeditorfr\"}]}<\/script>\n<!-- \/ Yoast SEO Premium plugin. -->","yoast_head_json":{"title":"Dr. Kabadi s'oppose \u00e0 l'\u00c9tat f\u00e9d\u00e9ral et ne comprend pas \"l'agitation pour la division\" - tchad","description":"Le n\u00b01 du MPS affirme \u00eatre contre l'\u00c9tat f\u00e9d\u00e9ral car le pays est encore fragile. Il ne voit pas \"pourquoi les autres son ...","robots":{"index":"index","follow":"follow","max-snippet":"max-snippet:-1","max-image-preview":"max-image-preview:large","max-video-preview":"max-video-preview:-1"},"canonical":"https:\/\/www.africa-press.net\/tchad\/parties\/dr-kabadi-soppose-a-letat-federal-et-ne-comprend-pas-lagitation-pour-la-division","og_locale":"fr_FR","og_type":"article","og_title":"Dr. Kabadi s'oppose \u00e0 l'\u00c9tat f\u00e9d\u00e9ral et ne comprend pas \"l'agitation pour la division\"","og_description":"Le n\u00b01 du MPS affirme \u00eatre contre l'\u00c9tat f\u00e9d\u00e9ral car le pays est encore fragile. Il ne voit pas \"pourquoi les autres son ...","og_url":"https:\/\/www.africa-press.net\/tchad\/parties\/dr-kabadi-soppose-a-letat-federal-et-ne-comprend-pas-lagitation-pour-la-division","og_site_name":"tchad","article_published_time":"2022-08-14T17:50:29+00:00","article_modified_time":"2022-08-14T18:25:39+00:00","og_image":[{"width":960,"height":692,"url":"https:\/\/static.africa-press.net\/tchad\/sites\/41\/2022\/08\/postQueueImg_20-62f93e0f0b821.jpg","type":"image\/jpeg"}],"author":"cfeditorfr","twitter_card":"summary_large_image","twitter_misc":{"\u00c9crit par":"cfeditorfr","Dur\u00e9e de lecture estim\u00e9e":"1 minute"},"schema":{"@context":"https:\/\/schema.org","@graph":[{"@type":"Article","@id":"https:\/\/www.africa-press.net\/tchad\/parties\/dr-kabadi-soppose-a-letat-federal-et-ne-comprend-pas-lagitation-pour-la-division#article","isPartOf":{"@id":"https:\/\/www.africa-press.net\/tchad\/parties\/dr-kabadi-soppose-a-letat-federal-et-ne-comprend-pas-lagitation-pour-la-division"},"author":{"name":"cfeditorfr","@id":"https:\/\/www.africa-press.net\/tchad\/#\/schema\/person\/2b1cf3cd81a31e3cd26889ca66d677f1"},"headline":"Dr. Kabadi s&rsquo;oppose \u00e0 l&rsquo;\u00c9tat f\u00e9d\u00e9ral et ne comprend pas \u00ab\u00a0l&rsquo;agitation pour la division\u00a0\u00bb","datePublished":"2022-08-14T17:50:29+00:00","dateModified":"2022-08-14T18:25:39+00:00","mainEntityOfPage":{"@id":"https:\/\/www.africa-press.net\/tchad\/parties\/dr-kabadi-soppose-a-letat-federal-et-ne-comprend-pas-lagitation-pour-la-division"},"wordCount":154,"commentCount":0,"image":{"@id":"https:\/\/www.africa-press.net\/tchad\/parties\/dr-kabadi-soppose-a-letat-federal-et-ne-comprend-pas-lagitation-pour-la-division#primaryimage"},"thumbnailUrl":"https:\/\/static.africa-press.net\/tchad\/sites\/41\/2022\/08\/postQueueImg_20-62f93e0f0b821.jpg","keywords":["Africa Press","Africa Press-Tchad","Tchad"],"articleSection":["homepage-french","Parties","Toutes les actualit\u00e9s"],"inLanguage":"fr-FR","potentialAction":[{"@type":"CommentAction","name":"Comment","target":["https:\/\/www.africa-press.net\/tchad\/parties\/dr-kabadi-soppose-a-letat-federal-et-ne-comprend-pas-lagitation-pour-la-division#respond"]}]},{"@type":"WebPage","@id":"https:\/\/www.africa-press.net\/tchad\/parties\/dr-kabadi-soppose-a-letat-federal-et-ne-comprend-pas-lagitation-pour-la-division","url":"https:\/\/www.africa-press.net\/tchad\/parties\/dr-kabadi-soppose-a-letat-federal-et-ne-comprend-pas-lagitation-pour-la-division","name":"Dr. Kabadi s'oppose \u00e0 l'\u00c9tat f\u00e9d\u00e9ral et ne comprend pas \"l'agitation pour la division\" - tchad","isPartOf":{"@id":"https:\/\/www.africa-press.net\/tchad\/#website"},"primaryImageOfPage":{"@id":"https:\/\/www.africa-press.net\/tchad\/parties\/dr-kabadi-soppose-a-letat-federal-et-ne-comprend-pas-lagitation-pour-la-division#primaryimage"},"image":{"@id":"https:\/\/www.africa-press.net\/tchad\/parties\/dr-kabadi-soppose-a-letat-federal-et-ne-comprend-pas-lagitation-pour-la-division#primaryimage"},"thumbnailUrl":"https:\/\/static.africa-press.net\/tchad\/sites\/41\/2022\/08\/postQueueImg_20-62f93e0f0b821.jpg","datePublished":"2022-08-14T17:50:29+00:00","dateModified":"2022-08-14T18:25:39+00:00","author":{"@id":"https:\/\/www.africa-press.net\/tchad\/#\/schema\/person\/2b1cf3cd81a31e3cd26889ca66d677f1"},"description":"Le n\u00b01 du MPS affirme \u00eatre contre l'\u00c9tat f\u00e9d\u00e9ral car le pays est encore fragile. Il ne voit pas \"pourquoi les autres son ...","breadcrumb":{"@id":"https:\/\/www.africa-press.net\/tchad\/parties\/dr-kabadi-soppose-a-letat-federal-et-ne-comprend-pas-lagitation-pour-la-division#breadcrumb"},"inLanguage":"fr-FR","potentialAction":[{"@type":"ReadAction","target":["https:\/\/www.africa-press.net\/tchad\/parties\/dr-kabadi-soppose-a-letat-federal-et-ne-comprend-pas-lagitation-pour-la-division"]}]},{"@type":"ImageObject","inLanguage":"fr-FR","@id":"https:\/\/www.africa-press.net\/tchad\/parties\/dr-kabadi-soppose-a-letat-federal-et-ne-comprend-pas-lagitation-pour-la-division#primaryimage","url":"https:\/\/static.africa-press.net\/tchad\/sites\/41\/2022\/08\/postQueueImg_20-62f93e0f0b821.jpg","contentUrl":"https:\/\/static.africa-press.net\/tchad\/sites\/41\/2022\/08\/postQueueImg_20-62f93e0f0b821.jpg","width":960,"height":692,"caption":"Dr. Kabadi s'oppose \u00e0 l'\u00c9tat f\u00e9d\u00e9ral et ne comprend pas \"l'agitation pour la division\""},{"@type":"BreadcrumbList","@id":"https:\/\/www.africa-press.net\/tchad\/parties\/dr-kabadi-soppose-a-letat-federal-et-ne-comprend-pas-lagitation-pour-la-division#breadcrumb","itemListElement":[{"@type":"ListItem","position":1,"name":"Accueil","item":"https:\/\/www.africa-press.net\/tchad\/"},{"@type":"ListItem","position":2,"name":"Dr. Kabadi s&#8217;oppose \u00e0 l&#8217;\u00c9tat f\u00e9d\u00e9ral et ne comprend pas &#8220;l&#8217;agitation pour la division&#8221;"}]},{"@type":"WebSite","@id":"https:\/\/www.africa-press.net\/tchad\/#website","url":"https:\/\/www.africa-press.net\/tchad\/","name":"tchad","description":"Just another Africa News Agency Sites site","potentialAction":[{"@type":"SearchAction","target":{"@type":"EntryPoint","urlTemplate":"https:\/\/www.africa-press.net\/tchad\/?s={search_term_string}"},"query-input":{"@type":"PropertyValueSpecification","valueRequired":true,"valueName":"search_term_string"}}],"inLanguage":"fr-FR"},{"@type":"Person","@id":"https:\/\/www.africa-press.net\/tchad\/#\/schema\/person\/2b1cf3cd81a31e3cd26889ca66d677f1","name":"cfeditorfr"}]}},"_links":{"self":[{"href":"https:\/\/www.africa-press.net\/tchad\/wp-json\/wp\/v2\/posts\/30577","targetHints":{"allow":["GET"]}}],"collection":[{"href":"https:\/\/www.africa-press.net\/tchad\/wp-json\/wp\/v2\/posts"}],"about":[{"href":"https:\/\/www.africa-press.net\/tchad\/wp-json\/wp\/v2\/types\/post"}],"author":[{"embeddable":true,"href":"https:\/\/www.africa-press.net\/tchad\/wp-json\/wp\/v2\/users\/82"}],"replies":[{"embeddable":true,"href":"https:\/\/www.africa-press.net\/tchad\/wp-json\/wp\/v2\/comments?post=30577"}],"version-history":[{"count":0,"href":"https:\/\/www.africa-press.net\/tchad\/wp-json\/wp\/v2\/posts\/30577\/revisions"}],"wp:featuredmedia":[{"embeddable":true,"href":"https:\/\/www.africa-press.net\/tchad\/wp-json\/wp\/v2\/media\/30576"}],"wp:attachment":[{"href":"https:\/\/www.africa-press.net\/tchad\/wp-json\/wp\/v2\/media?parent=30577"}],"wp:term":[{"taxonomy":"category","embeddable":true,"href":"https:\/\/www.africa-press.net\/tchad\/wp-json\/wp\/v2\/categories?post=30577"},{"taxonomy":"post_tag","embeddable":true,"href":"https:\/\/www.africa-press.net\/tchad\/wp-json\/wp\/v2\/tags?post=30577"}],"curies":[{"name":"wp","href":"https:\/\/api.w.org\/{rel}","templated":true}]}}